{"id":21575,"date":"2016-05-13T17:07:22","date_gmt":"2016-05-13T17:07:22","guid":{"rendered":"http:\/\/copealcoi.es\/new\/?p=21575"},"modified":"2016-05-13T17:07:22","modified_gmt":"2016-05-13T17:07:22","slug":"apunto-la-xxi-festa-del-llibre-muro","status":"publish","type":"post","link":"https:\/\/www.copealcoy.es\/es\/apunto-la-xxi-festa-del-llibre-muro\/","title":{"rendered":"Todo apunto para la XXI Festa del Llibre de Muro"},"content":{"rendered":"<p style=\"text-align: justify;\">Muro present\u00f3 ayer jueves la edici\u00f3n n\u00famero XXI de su Festa del Llibre que se celebrar\u00e1 este a\u00f1o entre los d\u00edas 3 y 12 de junio con un amplio programa de actividades.<\/p>\n<p style=\"text-align: justify;\">La Festa del Llibre rendir\u00e1 homenaje a Ram\u00f3n Llull, Ovidi Monllor y el 400 aniversario del Quijote con diferentes propuestas entre las que destacan iniciativas para los escolares, representaciones teatrales, m\u00fasica o talleres de lectura. Adem\u00e1s uno de los platos fuertes volver\u00e1n a ser las conferencias que dar\u00e1n comienzo el lunes 6 de junio con la presencia de Luz Gab\u00e1s, autora del famoso best seller\u00a0<em>Palmeras en la nieve.\u00a0<\/em>A continuaci\u00f3n pasar\u00e1n por Muro el resto de los d\u00edas Bernardo Atxaga, Joan Jord\u00e0 i Sanch\u00eds, Julio Llamazares y el fil\u00f3logo V\u00edctor Labrado, que recibi\u00f3 el premio Enric Valor en el a\u00f1o 2015, y que se encargar\u00e1 de cerrar la Festa del Llibre.<\/p>\n<p style=\"text-align: justify;\">El edil de Cultura, Sergi Silvestre, recuerda que el certamen cuenta con un presupuesto cercano a los 10.000 euros e invita a todos a participar de todos los actos preparados &#8220;porque estamos ante un evento que nos permite disfrutar de la lectura y conocer las experiencias de los autores que pasen por Muro, algo que es \u00fanico en nuestro entorno&#8221;, concluye.<\/p>\n<p style=\"text-align: justify;\">Se\u00f1alar que la Festa del Llibre acabar\u00e1 el domingo 12 de junio con una ruta hist\u00f3rica y literaria as\u00ed como con una representaci\u00f3n teatral que se llevar\u00e1 a cabo en el Centre Cultural.<\/p>\n","protected":false},"excerpt":{"rendered":"<p>Muro present\u00f3 ayer jueves la edici\u00f3n n\u00famero XXI de su Festa del Llibre que se celebrar\u00e1 este a\u00f1o entre los&#8230;<\/p>\n","protected":false},"author":1,"featured_media":21576,"comment_status":"open","ping_status":"open","sticky":false,"template":"","format":"standard","meta":{"footnotes":""},"categories":[98,75],"tags":[237,414,1052,135,1919],"class_list":["post-21575","post","type-post","status-publish","format-standard","has-post-thumbnail","hentry","category-comarcas","category-noticias","tag-comtat","tag-cultura","tag-festa-del-llibre","tag-muro","tag-sergi-silvestre"],"yoast_head":"<!-- This site is optimized with the Yoast SEO plugin v27.3 - https:\/\/yoast.com\/product\/yoast-seo-wordpress\/ -->\n<title>Todo apunto para la XXI Festa del Llibre de Muro - COPE Alcoy<\/title>\n<meta name=\"robots\" content=\"index, follow, max-snippet:-1, max-image-preview:large, max-video-preview:-1\" \/>\n<link rel=\"canonical\" href=\"https:\/\/www.copealcoy.es\/es\/apunto-la-xxi-festa-del-llibre-muro\/\" \/>\n<meta property=\"og:locale\" content=\"es_ES\" \/>\n<meta property=\"og:type\" content=\"article\" \/>\n<meta property=\"og:title\" content=\"Todo apunto para la XXI Festa del Llibre de Muro - COPE Alcoy\" \/>\n<meta property=\"og:description\" content=\"Muro present\u00f3 ayer jueves la edici\u00f3n n\u00famero XXI de su Festa del Llibre que se celebrar\u00e1 este a\u00f1o entre los...\" \/>\n<meta property=\"og:url\" content=\"https:\/\/www.copealcoy.es\/es\/apunto-la-xxi-festa-del-llibre-muro\/\" \/>\n<meta property=\"og:site_name\" content=\"COPE Alcoy\" \/>\n<meta property=\"article:published_time\" content=\"2016-05-13T17:07:22+00:00\" \/>\n<meta property=\"og:image\" content=\"https:\/\/www.copealcoy.es\/wp-content\/uploads\/2016\/05\/Festa-Llibre-Muro-Foto-Ajuntament-Muro.jpg\" \/>\n\t<meta property=\"og:image:width\" content=\"897\" \/>\n\t<meta property=\"og:image:height\" content=\"560\" \/>\n\t<meta property=\"og:image:type\" content=\"image\/jpeg\" \/>\n<meta name=\"author\" content=\"Cope Alcoy\" \/>\n<meta name=\"twitter:label1\" content=\"Escrito por\" \/>\n\t<meta name=\"twitter:data1\" content=\"Cope Alcoy\" \/>\n\t<meta name=\"twitter:label2\" content=\"Tiempo de lectura\" \/>\n\t<meta name=\"twitter:data2\" content=\"1 minuto\" \/>\n<script type=\"application\/ld+json\" class=\"yoast-schema-graph\">{\"@context\":\"https:\\\/\\\/schema.org\",\"@graph\":[{\"@type\":\"Article\",\"@id\":\"https:\\\/\\\/www.copealcoy.es\\\/es\\\/apunto-la-xxi-festa-del-llibre-muro\\\/#article\",\"isPartOf\":{\"@id\":\"https:\\\/\\\/www.copealcoy.es\\\/es\\\/apunto-la-xxi-festa-del-llibre-muro\\\/\"},\"author\":{\"name\":\"Cope Alcoy\",\"@id\":\"https:\\\/\\\/www.copealcoy.es\\\/es\\\/#\\\/schema\\\/person\\\/e777c87fa024e57d40170af9df39882c\"},\"headline\":\"Todo apunto para la XXI Festa del Llibre de Muro\",\"datePublished\":\"2016-05-13T17:07:22+00:00\",\"mainEntityOfPage\":{\"@id\":\"https:\\\/\\\/www.copealcoy.es\\\/es\\\/apunto-la-xxi-festa-del-llibre-muro\\\/\"},\"wordCount\":261,\"commentCount\":0,\"image\":{\"@id\":\"https:\\\/\\\/www.copealcoy.es\\\/es\\\/apunto-la-xxi-festa-del-llibre-muro\\\/#primaryimage\"},\"thumbnailUrl\":\"https:\\\/\\\/www.copealcoy.es\\\/wp-content\\\/uploads\\\/2016\\\/05\\\/Festa-Llibre-Muro-Foto-Ajuntament-Muro.jpg\",\"keywords\":[\"Comtat\",\"Cultura\",\"Festa del Llibre\",\"Muro\",\"Sergi Silvestre\"],\"articleSection\":[\"Comarcas\",\"Noticias\"],\"inLanguage\":\"es\"},{\"@type\":\"WebPage\",\"@id\":\"https:\\\/\\\/www.copealcoy.es\\\/es\\\/apunto-la-xxi-festa-del-llibre-muro\\\/\",\"url\":\"https:\\\/\\\/www.copealcoy.es\\\/es\\\/apunto-la-xxi-festa-del-llibre-muro\\\/\",\"name\":\"Todo apunto para la XXI Festa del Llibre de Muro - COPE Alcoy\",\"isPartOf\":{\"@id\":\"https:\\\/\\\/www.copealcoy.es\\\/es\\\/#website\"},\"primaryImageOfPage\":{\"@id\":\"https:\\\/\\\/www.copealcoy.es\\\/es\\\/apunto-la-xxi-festa-del-llibre-muro\\\/#primaryimage\"},\"image\":{\"@id\":\"https:\\\/\\\/www.copealcoy.es\\\/es\\\/apunto-la-xxi-festa-del-llibre-muro\\\/#primaryimage\"},\"thumbnailUrl\":\"https:\\\/\\\/www.copealcoy.es\\\/wp-content\\\/uploads\\\/2016\\\/05\\\/Festa-Llibre-Muro-Foto-Ajuntament-Muro.jpg\",\"datePublished\":\"2016-05-13T17:07:22+00:00\",\"author\":{\"@id\":\"https:\\\/\\\/www.copealcoy.es\\\/es\\\/#\\\/schema\\\/person\\\/e777c87fa024e57d40170af9df39882c\"},\"breadcrumb\":{\"@id\":\"https:\\\/\\\/www.copealcoy.es\\\/es\\\/apunto-la-xxi-festa-del-llibre-muro\\\/#breadcrumb\"},\"inLanguage\":\"es\",\"potentialAction\":[{\"@type\":\"ReadAction\",\"target\":[\"https:\\\/\\\/www.copealcoy.es\\\/es\\\/apunto-la-xxi-festa-del-llibre-muro\\\/\"]}]},{\"@type\":\"ImageObject\",\"inLanguage\":\"es\",\"@id\":\"https:\\\/\\\/www.copealcoy.es\\\/es\\\/apunto-la-xxi-festa-del-llibre-muro\\\/#primaryimage\",\"url\":\"https:\\\/\\\/www.copealcoy.es\\\/wp-content\\\/uploads\\\/2016\\\/05\\\/Festa-Llibre-Muro-Foto-Ajuntament-Muro.jpg\",\"contentUrl\":\"https:\\\/\\\/www.copealcoy.es\\\/wp-content\\\/uploads\\\/2016\\\/05\\\/Festa-Llibre-Muro-Foto-Ajuntament-Muro.jpg\",\"width\":897,\"height\":560,\"caption\":\"La Festa del Llibre se present\u00f3 ayer jueves \\\/ Foto: Ajuntament de Muro\"},{\"@type\":\"BreadcrumbList\",\"@id\":\"https:\\\/\\\/www.copealcoy.es\\\/es\\\/apunto-la-xxi-festa-del-llibre-muro\\\/#breadcrumb\",\"itemListElement\":[{\"@type\":\"ListItem\",\"position\":1,\"name\":\"Portada\",\"item\":\"https:\\\/\\\/www.copealcoy.es\\\/es\\\/\"},{\"@type\":\"ListItem\",\"position\":2,\"name\":\"Todo apunto para la XXI Festa del Llibre de Muro\"}]},{\"@type\":\"WebSite\",\"@id\":\"https:\\\/\\\/www.copealcoy.es\\\/es\\\/#website\",\"url\":\"https:\\\/\\\/www.copealcoy.es\\\/es\\\/\",\"name\":\"COPE Alcoy\",\"description\":\"Emisora COPE de radio local con emisi\u00f3n online. Pont de Sant Jordi 8-10 03803 Alcoy\",\"potentialAction\":[{\"@type\":\"SearchAction\",\"target\":{\"@type\":\"EntryPoint\",\"urlTemplate\":\"https:\\\/\\\/www.copealcoy.es\\\/es\\\/?s={search_term_string}\"},\"query-input\":{\"@type\":\"PropertyValueSpecification\",\"valueRequired\":true,\"valueName\":\"search_term_string\"}}],\"inLanguage\":\"es\"},{\"@type\":\"Person\",\"@id\":\"https:\\\/\\\/www.copealcoy.es\\\/es\\\/#\\\/schema\\\/person\\\/e777c87fa024e57d40170af9df39882c\",\"name\":\"Cope Alcoy\",\"image\":{\"@type\":\"ImageObject\",\"inLanguage\":\"es\",\"@id\":\"https:\\\/\\\/secure.gravatar.com\\\/avatar\\\/bb65d0283347e303893ba14f0692005417c1e0e690a325a4c5d8bb2b3943ee14?s=96&d=mm&r=g\",\"url\":\"https:\\\/\\\/secure.gravatar.com\\\/avatar\\\/bb65d0283347e303893ba14f0692005417c1e0e690a325a4c5d8bb2b3943ee14?s=96&d=mm&r=g\",\"contentUrl\":\"https:\\\/\\\/secure.gravatar.com\\\/avatar\\\/bb65d0283347e303893ba14f0692005417c1e0e690a325a4c5d8bb2b3943ee14?s=96&d=mm&r=g\",\"caption\":\"Cope Alcoy\"}}]}<\/script>\n<!-- \/ Yoast SEO plugin. -->","yoast_head_json":{"title":"Todo apunto para la XXI Festa del Llibre de Muro - COPE Alcoy","robots":{"index":"index","follow":"follow","max-snippet":"max-snippet:-1","max-image-preview":"max-image-preview:large","max-video-preview":"max-video-preview:-1"},"canonical":"https:\/\/www.copealcoy.es\/es\/apunto-la-xxi-festa-del-llibre-muro\/","og_locale":"es_ES","og_type":"article","og_title":"Todo apunto para la XXI Festa del Llibre de Muro - COPE Alcoy","og_description":"Muro present\u00f3 ayer jueves la edici\u00f3n n\u00famero XXI de su Festa del Llibre que se celebrar\u00e1 este a\u00f1o entre los...","og_url":"https:\/\/www.copealcoy.es\/es\/apunto-la-xxi-festa-del-llibre-muro\/","og_site_name":"COPE Alcoy","article_published_time":"2016-05-13T17:07:22+00:00","og_image":[{"width":897,"height":560,"url":"https:\/\/www.copealcoy.es\/wp-content\/uploads\/2016\/05\/Festa-Llibre-Muro-Foto-Ajuntament-Muro.jpg","type":"image\/jpeg"}],"author":"Cope Alcoy","twitter_misc":{"Escrito por":"Cope Alcoy","Tiempo de lectura":"1 minuto"},"schema":{"@context":"https:\/\/schema.org","@graph":[{"@type":"Article","@id":"https:\/\/www.copealcoy.es\/es\/apunto-la-xxi-festa-del-llibre-muro\/#article","isPartOf":{"@id":"https:\/\/www.copealcoy.es\/es\/apunto-la-xxi-festa-del-llibre-muro\/"},"author":{"name":"Cope Alcoy","@id":"https:\/\/www.copealcoy.es\/es\/#\/schema\/person\/e777c87fa024e57d40170af9df39882c"},"headline":"Todo apunto para la XXI Festa del Llibre de Muro","datePublished":"2016-05-13T17:07:22+00:00","mainEntityOfPage":{"@id":"https:\/\/www.copealcoy.es\/es\/apunto-la-xxi-festa-del-llibre-muro\/"},"wordCount":261,"commentCount":0,"image":{"@id":"https:\/\/www.copealcoy.es\/es\/apunto-la-xxi-festa-del-llibre-muro\/#primaryimage"},"thumbnailUrl":"https:\/\/www.copealcoy.es\/wp-content\/uploads\/2016\/05\/Festa-Llibre-Muro-Foto-Ajuntament-Muro.jpg","keywords":["Comtat","Cultura","Festa del Llibre","Muro","Sergi Silvestre"],"articleSection":["Comarcas","Noticias"],"inLanguage":"es"},{"@type":"WebPage","@id":"https:\/\/www.copealcoy.es\/es\/apunto-la-xxi-festa-del-llibre-muro\/","url":"https:\/\/www.copealcoy.es\/es\/apunto-la-xxi-festa-del-llibre-muro\/","name":"Todo apunto para la XXI Festa del Llibre de Muro - COPE Alcoy","isPartOf":{"@id":"https:\/\/www.copealcoy.es\/es\/#website"},"primaryImageOfPage":{"@id":"https:\/\/www.copealcoy.es\/es\/apunto-la-xxi-festa-del-llibre-muro\/#primaryimage"},"image":{"@id":"https:\/\/www.copealcoy.es\/es\/apunto-la-xxi-festa-del-llibre-muro\/#primaryimage"},"thumbnailUrl":"https:\/\/www.copealcoy.es\/wp-content\/uploads\/2016\/05\/Festa-Llibre-Muro-Foto-Ajuntament-Muro.jpg","datePublished":"2016-05-13T17:07:22+00:00","author":{"@id":"https:\/\/www.copealcoy.es\/es\/#\/schema\/person\/e777c87fa024e57d40170af9df39882c"},"breadcrumb":{"@id":"https:\/\/www.copealcoy.es\/es\/apunto-la-xxi-festa-del-llibre-muro\/#breadcrumb"},"inLanguage":"es","potentialAction":[{"@type":"ReadAction","target":["https:\/\/www.copealcoy.es\/es\/apunto-la-xxi-festa-del-llibre-muro\/"]}]},{"@type":"ImageObject","inLanguage":"es","@id":"https:\/\/www.copealcoy.es\/es\/apunto-la-xxi-festa-del-llibre-muro\/#primaryimage","url":"https:\/\/www.copealcoy.es\/wp-content\/uploads\/2016\/05\/Festa-Llibre-Muro-Foto-Ajuntament-Muro.jpg","contentUrl":"https:\/\/www.copealcoy.es\/wp-content\/uploads\/2016\/05\/Festa-Llibre-Muro-Foto-Ajuntament-Muro.jpg","width":897,"height":560,"caption":"La Festa del Llibre se present\u00f3 ayer jueves \/ Foto: Ajuntament de Muro"},{"@type":"BreadcrumbList","@id":"https:\/\/www.copealcoy.es\/es\/apunto-la-xxi-festa-del-llibre-muro\/#breadcrumb","itemListElement":[{"@type":"ListItem","position":1,"name":"Portada","item":"https:\/\/www.copealcoy.es\/es\/"},{"@type":"ListItem","position":2,"name":"Todo apunto para la XXI Festa del Llibre de Muro"}]},{"@type":"WebSite","@id":"https:\/\/www.copealcoy.es\/es\/#website","url":"https:\/\/www.copealcoy.es\/es\/","name":"COPE Alcoy","description":"Emisora COPE de radio local con emisi\u00f3n online. Pont de Sant Jordi 8-10 03803 Alcoy","potentialAction":[{"@type":"SearchAction","target":{"@type":"EntryPoint","urlTemplate":"https:\/\/www.copealcoy.es\/es\/?s={search_term_string}"},"query-input":{"@type":"PropertyValueSpecification","valueRequired":true,"valueName":"search_term_string"}}],"inLanguage":"es"},{"@type":"Person","@id":"https:\/\/www.copealcoy.es\/es\/#\/schema\/person\/e777c87fa024e57d40170af9df39882c","name":"Cope Alcoy","image":{"@type":"ImageObject","inLanguage":"es","@id":"https:\/\/secure.gravatar.com\/avatar\/bb65d0283347e303893ba14f0692005417c1e0e690a325a4c5d8bb2b3943ee14?s=96&d=mm&r=g","url":"https:\/\/secure.gravatar.com\/avatar\/bb65d0283347e303893ba14f0692005417c1e0e690a325a4c5d8bb2b3943ee14?s=96&d=mm&r=g","contentUrl":"https:\/\/secure.gravatar.com\/avatar\/bb65d0283347e303893ba14f0692005417c1e0e690a325a4c5d8bb2b3943ee14?s=96&d=mm&r=g","caption":"Cope Alcoy"}}]}},"_links":{"self":[{"href":"https:\/\/www.copealcoy.es\/es\/wp-json\/wp\/v2\/posts\/21575","targetHints":{"allow":["GET"]}}],"collection":[{"href":"https:\/\/www.copealcoy.es\/es\/wp-json\/wp\/v2\/posts"}],"about":[{"href":"https:\/\/www.copealcoy.es\/es\/wp-json\/wp\/v2\/types\/post"}],"author":[{"embeddable":true,"href":"https:\/\/www.copealcoy.es\/es\/wp-json\/wp\/v2\/users\/1"}],"replies":[{"embeddable":true,"href":"https:\/\/www.copealcoy.es\/es\/wp-json\/wp\/v2\/comments?post=21575"}],"version-history":[{"count":0,"href":"https:\/\/www.copealcoy.es\/es\/wp-json\/wp\/v2\/posts\/21575\/revisions"}],"wp:featuredmedia":[{"embeddable":true,"href":"https:\/\/www.copealcoy.es\/es\/wp-json\/wp\/v2\/media\/21576"}],"wp:attachment":[{"href":"https:\/\/www.copealcoy.es\/es\/wp-json\/wp\/v2\/media?parent=21575"}],"wp:term":[{"taxonomy":"category","embeddable":true,"href":"https:\/\/www.copealcoy.es\/es\/wp-json\/wp\/v2\/categories?post=21575"},{"taxonomy":"post_tag","embeddable":true,"href":"https:\/\/www.copealcoy.es\/es\/wp-json\/wp\/v2\/tags?post=21575"}],"curies":[{"name":"wp","href":"https:\/\/api.w.org\/{rel}","templated":true}]}}