{"id":21571,"date":"2016-05-12T23:10:59","date_gmt":"2016-05-12T23:10:59","guid":{"rendered":"http:\/\/copealcoi.es\/new\/?p=21571"},"modified":"2016-05-12T23:10:59","modified_gmt":"2016-05-12T23:10:59","slug":"54-millones-la-rehabilitacion-viviendas-alcoy","status":"publish","type":"post","link":"https:\/\/www.copealcoy.es\/es\/54-millones-la-rehabilitacion-viviendas-alcoy\/","title":{"rendered":"5,4 millones para la rehabilitaci\u00f3n de viviendas en Alcoy"},"content":{"rendered":"<p style=\"text-align: justify;\">La Conseller\u00eda de Vivienda ha entregado al Ayuntamiento de Alcoy el convenio que permitir\u00e1 llevar adelante el Plan de Rehabilitaci\u00f3n de Viviendas en los barrios del Ensanche, el Centro y Santa Rosa. El proyecto consistir\u00e1 en\u00a0realizar intervenciones en 200 inmuebles de estas zonas de la ciudad y la financiaci\u00f3n del mismo correr\u00e1 a cargo del Ministerio de Fomento y de la Generalitat que aportar\u00e1n 1\u00b46 millones y 360.000 euros, respectivamente. Adem\u00e1s el resto del coste, hasta alcanzar los 5\u00b44 millones, lo aportar\u00e1n los particulares\u00a0que deseen llevar a cabo una intervenci\u00f3n en su inmueble seg\u00fan explic\u00f3 el pasado mes de <strong><span style=\"text-decoration: underline;\"><a href=\"https:\/\/www.copealcoy.es\/seis-millones-de-euros-para-rehabilitar-viviendas-y-espacios-comunes\/\">octubre<\/a><\/span><\/strong> el alcalde, Antonio Franc\u00e9s.<\/p>\n<p style=\"text-align: justify;\">\n<p style=\"text-align: justify;\">La directora general de Vivienda, Rebeca Torr\u00f3, mantuvo ayer una reuni\u00f3n con los representantes de las ciudades de\u00a0\u00a0Alcoy, Valencia, X\u00e0tiva, Ll\u00edria y Ontinyent,\u00a0que contar\u00e1n con este proyecto. Sobre ello destac\u00f3 que esta medida supondr\u00e1 &#8220;un importante generador de actividad econ\u00f3mica sin olvidar que contribuir\u00e1 a regenerar espacios comunes&#8221;, asegura.<\/p>\n<p style=\"text-align: justify;\">Se\u00f1alar que las actuaciones comenzar\u00e1n una vez el plan se apruebe en el pleno municipal y\u00a0seg\u00fan las estimaciones del Gobierno Local\u00a0supondr\u00e1 la creaci\u00f3n de hasta 150 puestos de trabajo en el sector de la construcci\u00f3n tal y como coment\u00f3 tambi\u00e9n en su d\u00eda el primer edil.<\/p>\n<p>&nbsp;<\/p>\n","protected":false},"excerpt":{"rendered":"<p>La Conseller\u00eda de Vivienda ha entregado al Ayuntamiento de Alcoy el convenio que permitir\u00e1 llevar adelante el Plan de Rehabilitaci\u00f3n&#8230;<\/p>\n","protected":false},"author":1,"featured_media":12151,"comment_status":"open","ping_status":"open","sticky":false,"template":"","format":"standard","meta":{"footnotes":""},"categories":[97,75,125],"tags":[1494,295,547,145,821,993],"class_list":["post-21571","post","type-post","status-publish","format-standard","has-post-thumbnail","hentry","category-alcoy","category-noticias","category-portada","tag-alcoy","tag-centro","tag-ensanche","tag-obras","tag-santa-rosa","tag-viviendas"],"yoast_head":"<!-- This site is optimized with the Yoast SEO plugin v27.3 - https:\/\/yoast.com\/product\/yoast-seo-wordpress\/ -->\n<title>5,4 millones para la rehabilitaci\u00f3n de viviendas en Alcoy - COPE Alcoy<\/title>\n<meta name=\"robots\" content=\"index, follow, max-snippet:-1, max-image-preview:large, max-video-preview:-1\" \/>\n<link rel=\"canonical\" href=\"https:\/\/www.copealcoy.es\/es\/54-millones-la-rehabilitacion-viviendas-alcoy\/\" \/>\n<meta property=\"og:locale\" content=\"es_ES\" \/>\n<meta property=\"og:type\" content=\"article\" \/>\n<meta property=\"og:title\" content=\"5,4 millones para la rehabilitaci\u00f3n de viviendas en Alcoy - COPE Alcoy\" \/>\n<meta property=\"og:description\" content=\"La Conseller\u00eda de Vivienda ha entregado al Ayuntamiento de Alcoy el convenio que permitir\u00e1 llevar adelante el Plan de Rehabilitaci\u00f3n...\" \/>\n<meta property=\"og:url\" content=\"https:\/\/www.copealcoy.es\/es\/54-millones-la-rehabilitacion-viviendas-alcoy\/\" \/>\n<meta property=\"og:site_name\" content=\"COPE Alcoy\" \/>\n<meta property=\"article:published_time\" content=\"2016-05-12T23:10:59+00:00\" \/>\n<meta property=\"og:image\" content=\"https:\/\/www.copealcoy.es\/wp-content\/uploads\/2015\/04\/image70-660x330.jpg\" \/>\n\t<meta property=\"og:image:width\" content=\"660\" \/>\n\t<meta property=\"og:image:height\" content=\"330\" \/>\n\t<meta property=\"og:image:type\" content=\"image\/jpeg\" \/>\n<meta name=\"author\" content=\"Cope Alcoy\" \/>\n<meta name=\"twitter:label1\" content=\"Escrito por\" \/>\n\t<meta name=\"twitter:data1\" content=\"Cope Alcoy\" \/>\n\t<meta name=\"twitter:label2\" content=\"Tiempo de lectura\" \/>\n\t<meta name=\"twitter:data2\" content=\"1 minuto\" \/>\n<script type=\"application\/ld+json\" class=\"yoast-schema-graph\">{\"@context\":\"https:\\\/\\\/schema.org\",\"@graph\":[{\"@type\":\"Article\",\"@id\":\"https:\\\/\\\/www.copealcoy.es\\\/es\\\/54-millones-la-rehabilitacion-viviendas-alcoy\\\/#article\",\"isPartOf\":{\"@id\":\"https:\\\/\\\/www.copealcoy.es\\\/es\\\/54-millones-la-rehabilitacion-viviendas-alcoy\\\/\"},\"author\":{\"name\":\"Cope Alcoy\",\"@id\":\"https:\\\/\\\/www.copealcoy.es\\\/es\\\/#\\\/schema\\\/person\\\/e777c87fa024e57d40170af9df39882c\"},\"headline\":\"5,4 millones para la rehabilitaci\u00f3n de viviendas en Alcoy\",\"datePublished\":\"2016-05-12T23:10:59+00:00\",\"mainEntityOfPage\":{\"@id\":\"https:\\\/\\\/www.copealcoy.es\\\/es\\\/54-millones-la-rehabilitacion-viviendas-alcoy\\\/\"},\"wordCount\":231,\"commentCount\":0,\"image\":{\"@id\":\"https:\\\/\\\/www.copealcoy.es\\\/es\\\/54-millones-la-rehabilitacion-viviendas-alcoy\\\/#primaryimage\"},\"thumbnailUrl\":\"https:\\\/\\\/www.copealcoy.es\\\/wp-content\\\/uploads\\\/2015\\\/04\\\/image70-660x330.jpg\",\"keywords\":[\"Alcoy\",\"Centro\",\"Ensanche\",\"Obras\",\"Santa Rosa\",\"Viviendas\"],\"articleSection\":[\"Alcoy\",\"Noticias\",\"Portada\"],\"inLanguage\":\"es\"},{\"@type\":\"WebPage\",\"@id\":\"https:\\\/\\\/www.copealcoy.es\\\/es\\\/54-millones-la-rehabilitacion-viviendas-alcoy\\\/\",\"url\":\"https:\\\/\\\/www.copealcoy.es\\\/es\\\/54-millones-la-rehabilitacion-viviendas-alcoy\\\/\",\"name\":\"5,4 millones para la rehabilitaci\u00f3n de viviendas en Alcoy - COPE Alcoy\",\"isPartOf\":{\"@id\":\"https:\\\/\\\/www.copealcoy.es\\\/es\\\/#website\"},\"primaryImageOfPage\":{\"@id\":\"https:\\\/\\\/www.copealcoy.es\\\/es\\\/54-millones-la-rehabilitacion-viviendas-alcoy\\\/#primaryimage\"},\"image\":{\"@id\":\"https:\\\/\\\/www.copealcoy.es\\\/es\\\/54-millones-la-rehabilitacion-viviendas-alcoy\\\/#primaryimage\"},\"thumbnailUrl\":\"https:\\\/\\\/www.copealcoy.es\\\/wp-content\\\/uploads\\\/2015\\\/04\\\/image70-660x330.jpg\",\"datePublished\":\"2016-05-12T23:10:59+00:00\",\"author\":{\"@id\":\"https:\\\/\\\/www.copealcoy.es\\\/es\\\/#\\\/schema\\\/person\\\/e777c87fa024e57d40170af9df39882c\"},\"breadcrumb\":{\"@id\":\"https:\\\/\\\/www.copealcoy.es\\\/es\\\/54-millones-la-rehabilitacion-viviendas-alcoy\\\/#breadcrumb\"},\"inLanguage\":\"es\",\"potentialAction\":[{\"@type\":\"ReadAction\",\"target\":[\"https:\\\/\\\/www.copealcoy.es\\\/es\\\/54-millones-la-rehabilitacion-viviendas-alcoy\\\/\"]}]},{\"@type\":\"ImageObject\",\"inLanguage\":\"es\",\"@id\":\"https:\\\/\\\/www.copealcoy.es\\\/es\\\/54-millones-la-rehabilitacion-viviendas-alcoy\\\/#primaryimage\",\"url\":\"https:\\\/\\\/www.copealcoy.es\\\/wp-content\\\/uploads\\\/2015\\\/04\\\/image70-660x330.jpg\",\"contentUrl\":\"https:\\\/\\\/www.copealcoy.es\\\/wp-content\\\/uploads\\\/2015\\\/04\\\/image70-660x330.jpg\",\"width\":660,\"height\":330,\"caption\":\"La calle Entenza es una de las arter\u00edas principales del barrio del Ensanche\"},{\"@type\":\"BreadcrumbList\",\"@id\":\"https:\\\/\\\/www.copealcoy.es\\\/es\\\/54-millones-la-rehabilitacion-viviendas-alcoy\\\/#breadcrumb\",\"itemListElement\":[{\"@type\":\"ListItem\",\"position\":1,\"name\":\"Portada\",\"item\":\"https:\\\/\\\/www.copealcoy.es\\\/es\\\/\"},{\"@type\":\"ListItem\",\"position\":2,\"name\":\"5,4 millones para la rehabilitaci\u00f3n de viviendas en Alcoy\"}]},{\"@type\":\"WebSite\",\"@id\":\"https:\\\/\\\/www.copealcoy.es\\\/es\\\/#website\",\"url\":\"https:\\\/\\\/www.copealcoy.es\\\/es\\\/\",\"name\":\"COPE Alcoy\",\"description\":\"Emisora COPE de radio local con emisi\u00f3n online. Pont de Sant Jordi 8-10 03803 Alcoy\",\"potentialAction\":[{\"@type\":\"SearchAction\",\"target\":{\"@type\":\"EntryPoint\",\"urlTemplate\":\"https:\\\/\\\/www.copealcoy.es\\\/es\\\/?s={search_term_string}\"},\"query-input\":{\"@type\":\"PropertyValueSpecification\",\"valueRequired\":true,\"valueName\":\"search_term_string\"}}],\"inLanguage\":\"es\"},{\"@type\":\"Person\",\"@id\":\"https:\\\/\\\/www.copealcoy.es\\\/es\\\/#\\\/schema\\\/person\\\/e777c87fa024e57d40170af9df39882c\",\"name\":\"Cope Alcoy\",\"image\":{\"@type\":\"ImageObject\",\"inLanguage\":\"es\",\"@id\":\"https:\\\/\\\/secure.gravatar.com\\\/avatar\\\/bb65d0283347e303893ba14f0692005417c1e0e690a325a4c5d8bb2b3943ee14?s=96&d=mm&r=g\",\"url\":\"https:\\\/\\\/secure.gravatar.com\\\/avatar\\\/bb65d0283347e303893ba14f0692005417c1e0e690a325a4c5d8bb2b3943ee14?s=96&d=mm&r=g\",\"contentUrl\":\"https:\\\/\\\/secure.gravatar.com\\\/avatar\\\/bb65d0283347e303893ba14f0692005417c1e0e690a325a4c5d8bb2b3943ee14?s=96&d=mm&r=g\",\"caption\":\"Cope Alcoy\"}}]}<\/script>\n<!-- \/ Yoast SEO plugin. -->","yoast_head_json":{"title":"5,4 millones para la rehabilitaci\u00f3n de viviendas en Alcoy - COPE Alcoy","robots":{"index":"index","follow":"follow","max-snippet":"max-snippet:-1","max-image-preview":"max-image-preview:large","max-video-preview":"max-video-preview:-1"},"canonical":"https:\/\/www.copealcoy.es\/es\/54-millones-la-rehabilitacion-viviendas-alcoy\/","og_locale":"es_ES","og_type":"article","og_title":"5,4 millones para la rehabilitaci\u00f3n de viviendas en Alcoy - COPE Alcoy","og_description":"La Conseller\u00eda de Vivienda ha entregado al Ayuntamiento de Alcoy el convenio que permitir\u00e1 llevar adelante el Plan de Rehabilitaci\u00f3n...","og_url":"https:\/\/www.copealcoy.es\/es\/54-millones-la-rehabilitacion-viviendas-alcoy\/","og_site_name":"COPE Alcoy","article_published_time":"2016-05-12T23:10:59+00:00","og_image":[{"width":660,"height":330,"url":"https:\/\/www.copealcoy.es\/wp-content\/uploads\/2015\/04\/image70-660x330.jpg","type":"image\/jpeg"}],"author":"Cope Alcoy","twitter_misc":{"Escrito por":"Cope Alcoy","Tiempo de lectura":"1 minuto"},"schema":{"@context":"https:\/\/schema.org","@graph":[{"@type":"Article","@id":"https:\/\/www.copealcoy.es\/es\/54-millones-la-rehabilitacion-viviendas-alcoy\/#article","isPartOf":{"@id":"https:\/\/www.copealcoy.es\/es\/54-millones-la-rehabilitacion-viviendas-alcoy\/"},"author":{"name":"Cope Alcoy","@id":"https:\/\/www.copealcoy.es\/es\/#\/schema\/person\/e777c87fa024e57d40170af9df39882c"},"headline":"5,4 millones para la rehabilitaci\u00f3n de viviendas en Alcoy","datePublished":"2016-05-12T23:10:59+00:00","mainEntityOfPage":{"@id":"https:\/\/www.copealcoy.es\/es\/54-millones-la-rehabilitacion-viviendas-alcoy\/"},"wordCount":231,"commentCount":0,"image":{"@id":"https:\/\/www.copealcoy.es\/es\/54-millones-la-rehabilitacion-viviendas-alcoy\/#primaryimage"},"thumbnailUrl":"https:\/\/www.copealcoy.es\/wp-content\/uploads\/2015\/04\/image70-660x330.jpg","keywords":["Alcoy","Centro","Ensanche","Obras","Santa Rosa","Viviendas"],"articleSection":["Alcoy","Noticias","Portada"],"inLanguage":"es"},{"@type":"WebPage","@id":"https:\/\/www.copealcoy.es\/es\/54-millones-la-rehabilitacion-viviendas-alcoy\/","url":"https:\/\/www.copealcoy.es\/es\/54-millones-la-rehabilitacion-viviendas-alcoy\/","name":"5,4 millones para la rehabilitaci\u00f3n de viviendas en Alcoy - COPE Alcoy","isPartOf":{"@id":"https:\/\/www.copealcoy.es\/es\/#website"},"primaryImageOfPage":{"@id":"https:\/\/www.copealcoy.es\/es\/54-millones-la-rehabilitacion-viviendas-alcoy\/#primaryimage"},"image":{"@id":"https:\/\/www.copealcoy.es\/es\/54-millones-la-rehabilitacion-viviendas-alcoy\/#primaryimage"},"thumbnailUrl":"https:\/\/www.copealcoy.es\/wp-content\/uploads\/2015\/04\/image70-660x330.jpg","datePublished":"2016-05-12T23:10:59+00:00","author":{"@id":"https:\/\/www.copealcoy.es\/es\/#\/schema\/person\/e777c87fa024e57d40170af9df39882c"},"breadcrumb":{"@id":"https:\/\/www.copealcoy.es\/es\/54-millones-la-rehabilitacion-viviendas-alcoy\/#breadcrumb"},"inLanguage":"es","potentialAction":[{"@type":"ReadAction","target":["https:\/\/www.copealcoy.es\/es\/54-millones-la-rehabilitacion-viviendas-alcoy\/"]}]},{"@type":"ImageObject","inLanguage":"es","@id":"https:\/\/www.copealcoy.es\/es\/54-millones-la-rehabilitacion-viviendas-alcoy\/#primaryimage","url":"https:\/\/www.copealcoy.es\/wp-content\/uploads\/2015\/04\/image70-660x330.jpg","contentUrl":"https:\/\/www.copealcoy.es\/wp-content\/uploads\/2015\/04\/image70-660x330.jpg","width":660,"height":330,"caption":"La calle Entenza es una de las arter\u00edas principales del barrio del Ensanche"},{"@type":"BreadcrumbList","@id":"https:\/\/www.copealcoy.es\/es\/54-millones-la-rehabilitacion-viviendas-alcoy\/#breadcrumb","itemListElement":[{"@type":"ListItem","position":1,"name":"Portada","item":"https:\/\/www.copealcoy.es\/es\/"},{"@type":"ListItem","position":2,"name":"5,4 millones para la rehabilitaci\u00f3n de viviendas en Alcoy"}]},{"@type":"WebSite","@id":"https:\/\/www.copealcoy.es\/es\/#website","url":"https:\/\/www.copealcoy.es\/es\/","name":"COPE Alcoy","description":"Emisora COPE de radio local con emisi\u00f3n online. Pont de Sant Jordi 8-10 03803 Alcoy","potentialAction":[{"@type":"SearchAction","target":{"@type":"EntryPoint","urlTemplate":"https:\/\/www.copealcoy.es\/es\/?s={search_term_string}"},"query-input":{"@type":"PropertyValueSpecification","valueRequired":true,"valueName":"search_term_string"}}],"inLanguage":"es"},{"@type":"Person","@id":"https:\/\/www.copealcoy.es\/es\/#\/schema\/person\/e777c87fa024e57d40170af9df39882c","name":"Cope Alcoy","image":{"@type":"ImageObject","inLanguage":"es","@id":"https:\/\/secure.gravatar.com\/avatar\/bb65d0283347e303893ba14f0692005417c1e0e690a325a4c5d8bb2b3943ee14?s=96&d=mm&r=g","url":"https:\/\/secure.gravatar.com\/avatar\/bb65d0283347e303893ba14f0692005417c1e0e690a325a4c5d8bb2b3943ee14?s=96&d=mm&r=g","contentUrl":"https:\/\/secure.gravatar.com\/avatar\/bb65d0283347e303893ba14f0692005417c1e0e690a325a4c5d8bb2b3943ee14?s=96&d=mm&r=g","caption":"Cope Alcoy"}}]}},"_links":{"self":[{"href":"https:\/\/www.copealcoy.es\/es\/wp-json\/wp\/v2\/posts\/21571","targetHints":{"allow":["GET"]}}],"collection":[{"href":"https:\/\/www.copealcoy.es\/es\/wp-json\/wp\/v2\/posts"}],"about":[{"href":"https:\/\/www.copealcoy.es\/es\/wp-json\/wp\/v2\/types\/post"}],"author":[{"embeddable":true,"href":"https:\/\/www.copealcoy.es\/es\/wp-json\/wp\/v2\/users\/1"}],"replies":[{"embeddable":true,"href":"https:\/\/www.copealcoy.es\/es\/wp-json\/wp\/v2\/comments?post=21571"}],"version-history":[{"count":0,"href":"https:\/\/www.copealcoy.es\/es\/wp-json\/wp\/v2\/posts\/21571\/revisions"}],"wp:featuredmedia":[{"embeddable":true,"href":"https:\/\/www.copealcoy.es\/es\/wp-json\/wp\/v2\/media\/12151"}],"wp:attachment":[{"href":"https:\/\/www.copealcoy.es\/es\/wp-json\/wp\/v2\/media?parent=21571"}],"wp:term":[{"taxonomy":"category","embeddable":true,"href":"https:\/\/www.copealcoy.es\/es\/wp-json\/wp\/v2\/categories?post=21571"},{"taxonomy":"post_tag","embeddable":true,"href":"https:\/\/www.copealcoy.es\/es\/wp-json\/wp\/v2\/tags?post=21571"}],"curies":[{"name":"wp","href":"https:\/\/api.w.org\/{rel}","templated":true}]}}