{"id":21503,"date":"2016-05-10T21:08:01","date_gmt":"2016-05-10T21:08:01","guid":{"rendered":"http:\/\/copealcoi.es\/new\/?p=21503"},"modified":"2016-05-10T21:30:55","modified_gmt":"2016-05-10T21:30:55","slug":"musica-per-als-pobles-beneficiara-18-localidades-lalcoia-i-comtat","status":"publish","type":"post","link":"https:\/\/www.copealcoy.es\/es\/musica-per-als-pobles-beneficiara-18-localidades-lalcoia-i-comtat\/","title":{"rendered":"&#8216;M\u00fasica als pobles&#8217; beneficiar\u00e1 a 18 localidades de l&#8217;Alcoi\u00e0 i el Comtat"},"content":{"rendered":"<p style=\"text-align: justify;\">El programa de la Diputaci\u00f3n de Alicante &#8216;M\u00fasica als pobles&#8217; beneficiar\u00e1 a\u00a0139 agrupaciones musicales de 106 municipios de toda la provincia. La suma de esta dotaci\u00f3n que asciende a 298.000 euros se repartir\u00e1, entre otros, a un total de 18\u00a0municipios de las comarcas de l&#8217;Alcoi\u00e0 y el Comtat.<\/p>\n<p style=\"text-align: justify;\">Concretamente ser\u00e1n\u00a0Agres, Alcoleja, Alfafara, Beniarr\u00e9s, Benilloba, Cocentaina, Gaianes, Gorga, L\u2019Orxa, Muro y Planes por el Comtat. En l&#8217;Alcoi\u00e0 ser\u00e1n\u00a0Alcoy, Banyeres, Castalla, Onil, Ibi, Pen\u00e1guila y Tibi quienes se acojan a este programa.<\/p>\n<p style=\"text-align: justify;\">En total ser\u00e1n 21 bandas las que puedan recibir estas ayudas para\u00a0incentivar los conciertos en sus propios municipios y en otros. As\u00ed se promocionar\u00e1\u00a0y difundir\u00e1 nuestra\u00a0cultura por todos los rincones del territorio, seg\u00fan ha explicado el Diputado de Cultura, C\u00e9sar Augusto Asencio.<\/p>\n<p>&nbsp;<\/p>\n<p>&nbsp;<\/p>\n<p>&nbsp;<\/p>\n","protected":false},"excerpt":{"rendered":"<p>El programa de la Diputaci\u00f3n de Alicante &#8216;M\u00fasica als pobles&#8217; beneficiar\u00e1 a\u00a0139 agrupaciones musicales de 106 municipios de toda la&#8230;<\/p>\n","protected":false},"author":1,"featured_media":20403,"comment_status":"open","ping_status":"open","sticky":false,"template":"","format":"standard","meta":{"footnotes":""},"categories":[98,75],"tags":[269,1495,414,234,377],"class_list":["post-21503","post","type-post","status-publish","format-standard","has-post-thumbnail","hentry","category-comarcas","category-noticias","tag-alicante","tag-comarcas","tag-cultura","tag-diputacion","tag-musica"],"yoast_head":"<!-- This site is optimized with the Yoast SEO plugin v27.3 - https:\/\/yoast.com\/product\/yoast-seo-wordpress\/ -->\n<title>&#039;M\u00fasica als pobles&#039; beneficiar\u00e1 a 18 localidades de l&#039;Alcoi\u00e0 i el Comtat - COPE Alcoy<\/title>\n<meta name=\"robots\" content=\"index, follow, max-snippet:-1, max-image-preview:large, max-video-preview:-1\" \/>\n<link rel=\"canonical\" href=\"https:\/\/www.copealcoy.es\/es\/musica-per-als-pobles-beneficiara-18-localidades-lalcoia-i-comtat\/\" \/>\n<meta property=\"og:locale\" content=\"es_ES\" \/>\n<meta property=\"og:type\" content=\"article\" \/>\n<meta property=\"og:title\" content=\"&#039;M\u00fasica als pobles&#039; beneficiar\u00e1 a 18 localidades de l&#039;Alcoi\u00e0 i el Comtat - COPE Alcoy\" \/>\n<meta property=\"og:description\" content=\"El programa de la Diputaci\u00f3n de Alicante &#8216;M\u00fasica als pobles&#8217; beneficiar\u00e1 a\u00a0139 agrupaciones musicales de 106 municipios de toda la...\" \/>\n<meta property=\"og:url\" content=\"https:\/\/www.copealcoy.es\/es\/musica-per-als-pobles-beneficiara-18-localidades-lalcoia-i-comtat\/\" \/>\n<meta property=\"og:site_name\" content=\"COPE Alcoy\" \/>\n<meta property=\"article:published_time\" content=\"2016-05-10T21:08:01+00:00\" \/>\n<meta property=\"article:modified_time\" content=\"2016-05-10T21:30:55+00:00\" \/>\n<meta property=\"og:image\" content=\"https:\/\/www.copealcoy.es\/wp-content\/uploads\/2016\/04\/12823275_977277139029334_2083717967658803705_o.jpg\" \/>\n\t<meta property=\"og:image:width\" content=\"2048\" \/>\n\t<meta property=\"og:image:height\" content=\"1365\" \/>\n\t<meta property=\"og:image:type\" content=\"image\/jpeg\" \/>\n<meta name=\"author\" content=\"Cope Alcoy\" \/>\n<meta name=\"twitter:label1\" content=\"Escrito por\" \/>\n\t<meta name=\"twitter:data1\" content=\"Cope Alcoy\" \/>\n\t<meta name=\"twitter:label2\" content=\"Tiempo de lectura\" \/>\n\t<meta name=\"twitter:data2\" content=\"1 minuto\" \/>\n<script type=\"application\/ld+json\" class=\"yoast-schema-graph\">{\"@context\":\"https:\\\/\\\/schema.org\",\"@graph\":[{\"@type\":\"Article\",\"@id\":\"https:\\\/\\\/www.copealcoy.es\\\/es\\\/musica-per-als-pobles-beneficiara-18-localidades-lalcoia-i-comtat\\\/#article\",\"isPartOf\":{\"@id\":\"https:\\\/\\\/www.copealcoy.es\\\/es\\\/musica-per-als-pobles-beneficiara-18-localidades-lalcoia-i-comtat\\\/\"},\"author\":{\"name\":\"Cope Alcoy\",\"@id\":\"https:\\\/\\\/www.copealcoy.es\\\/es\\\/#\\\/schema\\\/person\\\/e777c87fa024e57d40170af9df39882c\"},\"headline\":\"&#8216;M\u00fasica als pobles&#8217; beneficiar\u00e1 a 18 localidades de l&#8217;Alcoi\u00e0 i el Comtat\",\"datePublished\":\"2016-05-10T21:08:01+00:00\",\"dateModified\":\"2016-05-10T21:30:55+00:00\",\"mainEntityOfPage\":{\"@id\":\"https:\\\/\\\/www.copealcoy.es\\\/es\\\/musica-per-als-pobles-beneficiara-18-localidades-lalcoia-i-comtat\\\/\"},\"wordCount\":153,\"commentCount\":0,\"image\":{\"@id\":\"https:\\\/\\\/www.copealcoy.es\\\/es\\\/musica-per-als-pobles-beneficiara-18-localidades-lalcoia-i-comtat\\\/#primaryimage\"},\"thumbnailUrl\":\"https:\\\/\\\/www.copealcoy.es\\\/wp-content\\\/uploads\\\/2016\\\/04\\\/12823275_977277139029334_2083717967658803705_o.jpg\",\"keywords\":[\"Alicante\",\"Comarcas\",\"Cultura\",\"Diputaci\u00f3n\",\"M\u00fasica\"],\"articleSection\":[\"Comarcas\",\"Noticias\"],\"inLanguage\":\"es\"},{\"@type\":\"WebPage\",\"@id\":\"https:\\\/\\\/www.copealcoy.es\\\/es\\\/musica-per-als-pobles-beneficiara-18-localidades-lalcoia-i-comtat\\\/\",\"url\":\"https:\\\/\\\/www.copealcoy.es\\\/es\\\/musica-per-als-pobles-beneficiara-18-localidades-lalcoia-i-comtat\\\/\",\"name\":\"'M\u00fasica als pobles' beneficiar\u00e1 a 18 localidades de l'Alcoi\u00e0 i el Comtat - COPE Alcoy\",\"isPartOf\":{\"@id\":\"https:\\\/\\\/www.copealcoy.es\\\/es\\\/#website\"},\"primaryImageOfPage\":{\"@id\":\"https:\\\/\\\/www.copealcoy.es\\\/es\\\/musica-per-als-pobles-beneficiara-18-localidades-lalcoia-i-comtat\\\/#primaryimage\"},\"image\":{\"@id\":\"https:\\\/\\\/www.copealcoy.es\\\/es\\\/musica-per-als-pobles-beneficiara-18-localidades-lalcoia-i-comtat\\\/#primaryimage\"},\"thumbnailUrl\":\"https:\\\/\\\/www.copealcoy.es\\\/wp-content\\\/uploads\\\/2016\\\/04\\\/12823275_977277139029334_2083717967658803705_o.jpg\",\"datePublished\":\"2016-05-10T21:08:01+00:00\",\"dateModified\":\"2016-05-10T21:30:55+00:00\",\"author\":{\"@id\":\"https:\\\/\\\/www.copealcoy.es\\\/es\\\/#\\\/schema\\\/person\\\/e777c87fa024e57d40170af9df39882c\"},\"breadcrumb\":{\"@id\":\"https:\\\/\\\/www.copealcoy.es\\\/es\\\/musica-per-als-pobles-beneficiara-18-localidades-lalcoia-i-comtat\\\/#breadcrumb\"},\"inLanguage\":\"es\",\"potentialAction\":[{\"@type\":\"ReadAction\",\"target\":[\"https:\\\/\\\/www.copealcoy.es\\\/es\\\/musica-per-als-pobles-beneficiara-18-localidades-lalcoia-i-comtat\\\/\"]}]},{\"@type\":\"ImageObject\",\"inLanguage\":\"es\",\"@id\":\"https:\\\/\\\/www.copealcoy.es\\\/es\\\/musica-per-als-pobles-beneficiara-18-localidades-lalcoia-i-comtat\\\/#primaryimage\",\"url\":\"https:\\\/\\\/www.copealcoy.es\\\/wp-content\\\/uploads\\\/2016\\\/04\\\/12823275_977277139029334_2083717967658803705_o.jpg\",\"contentUrl\":\"https:\\\/\\\/www.copealcoy.es\\\/wp-content\\\/uploads\\\/2016\\\/04\\\/12823275_977277139029334_2083717967658803705_o.jpg\",\"width\":2048,\"height\":1365},{\"@type\":\"BreadcrumbList\",\"@id\":\"https:\\\/\\\/www.copealcoy.es\\\/es\\\/musica-per-als-pobles-beneficiara-18-localidades-lalcoia-i-comtat\\\/#breadcrumb\",\"itemListElement\":[{\"@type\":\"ListItem\",\"position\":1,\"name\":\"Portada\",\"item\":\"https:\\\/\\\/www.copealcoy.es\\\/es\\\/\"},{\"@type\":\"ListItem\",\"position\":2,\"name\":\"&#8216;M\u00fasica als pobles&#8217; beneficiar\u00e1 a 18 localidades de l&#8217;Alcoi\u00e0 i el Comtat\"}]},{\"@type\":\"WebSite\",\"@id\":\"https:\\\/\\\/www.copealcoy.es\\\/es\\\/#website\",\"url\":\"https:\\\/\\\/www.copealcoy.es\\\/es\\\/\",\"name\":\"COPE Alcoy\",\"description\":\"Emisora COPE de radio local con emisi\u00f3n online. Pont de Sant Jordi 8-10 03803 Alcoy\",\"potentialAction\":[{\"@type\":\"SearchAction\",\"target\":{\"@type\":\"EntryPoint\",\"urlTemplate\":\"https:\\\/\\\/www.copealcoy.es\\\/es\\\/?s={search_term_string}\"},\"query-input\":{\"@type\":\"PropertyValueSpecification\",\"valueRequired\":true,\"valueName\":\"search_term_string\"}}],\"inLanguage\":\"es\"},{\"@type\":\"Person\",\"@id\":\"https:\\\/\\\/www.copealcoy.es\\\/es\\\/#\\\/schema\\\/person\\\/e777c87fa024e57d40170af9df39882c\",\"name\":\"Cope Alcoy\",\"image\":{\"@type\":\"ImageObject\",\"inLanguage\":\"es\",\"@id\":\"https:\\\/\\\/secure.gravatar.com\\\/avatar\\\/bb65d0283347e303893ba14f0692005417c1e0e690a325a4c5d8bb2b3943ee14?s=96&d=mm&r=g\",\"url\":\"https:\\\/\\\/secure.gravatar.com\\\/avatar\\\/bb65d0283347e303893ba14f0692005417c1e0e690a325a4c5d8bb2b3943ee14?s=96&d=mm&r=g\",\"contentUrl\":\"https:\\\/\\\/secure.gravatar.com\\\/avatar\\\/bb65d0283347e303893ba14f0692005417c1e0e690a325a4c5d8bb2b3943ee14?s=96&d=mm&r=g\",\"caption\":\"Cope Alcoy\"}}]}<\/script>\n<!-- \/ Yoast SEO plugin. -->","yoast_head_json":{"title":"'M\u00fasica als pobles' beneficiar\u00e1 a 18 localidades de l'Alcoi\u00e0 i el Comtat - COPE Alcoy","robots":{"index":"index","follow":"follow","max-snippet":"max-snippet:-1","max-image-preview":"max-image-preview:large","max-video-preview":"max-video-preview:-1"},"canonical":"https:\/\/www.copealcoy.es\/es\/musica-per-als-pobles-beneficiara-18-localidades-lalcoia-i-comtat\/","og_locale":"es_ES","og_type":"article","og_title":"'M\u00fasica als pobles' beneficiar\u00e1 a 18 localidades de l'Alcoi\u00e0 i el Comtat - COPE Alcoy","og_description":"El programa de la Diputaci\u00f3n de Alicante &#8216;M\u00fasica als pobles&#8217; beneficiar\u00e1 a\u00a0139 agrupaciones musicales de 106 municipios de toda la...","og_url":"https:\/\/www.copealcoy.es\/es\/musica-per-als-pobles-beneficiara-18-localidades-lalcoia-i-comtat\/","og_site_name":"COPE Alcoy","article_published_time":"2016-05-10T21:08:01+00:00","article_modified_time":"2016-05-10T21:30:55+00:00","og_image":[{"width":2048,"height":1365,"url":"https:\/\/www.copealcoy.es\/wp-content\/uploads\/2016\/04\/12823275_977277139029334_2083717967658803705_o.jpg","type":"image\/jpeg"}],"author":"Cope Alcoy","twitter_misc":{"Escrito por":"Cope Alcoy","Tiempo de lectura":"1 minuto"},"schema":{"@context":"https:\/\/schema.org","@graph":[{"@type":"Article","@id":"https:\/\/www.copealcoy.es\/es\/musica-per-als-pobles-beneficiara-18-localidades-lalcoia-i-comtat\/#article","isPartOf":{"@id":"https:\/\/www.copealcoy.es\/es\/musica-per-als-pobles-beneficiara-18-localidades-lalcoia-i-comtat\/"},"author":{"name":"Cope Alcoy","@id":"https:\/\/www.copealcoy.es\/es\/#\/schema\/person\/e777c87fa024e57d40170af9df39882c"},"headline":"&#8216;M\u00fasica als pobles&#8217; beneficiar\u00e1 a 18 localidades de l&#8217;Alcoi\u00e0 i el Comtat","datePublished":"2016-05-10T21:08:01+00:00","dateModified":"2016-05-10T21:30:55+00:00","mainEntityOfPage":{"@id":"https:\/\/www.copealcoy.es\/es\/musica-per-als-pobles-beneficiara-18-localidades-lalcoia-i-comtat\/"},"wordCount":153,"commentCount":0,"image":{"@id":"https:\/\/www.copealcoy.es\/es\/musica-per-als-pobles-beneficiara-18-localidades-lalcoia-i-comtat\/#primaryimage"},"thumbnailUrl":"https:\/\/www.copealcoy.es\/wp-content\/uploads\/2016\/04\/12823275_977277139029334_2083717967658803705_o.jpg","keywords":["Alicante","Comarcas","Cultura","Diputaci\u00f3n","M\u00fasica"],"articleSection":["Comarcas","Noticias"],"inLanguage":"es"},{"@type":"WebPage","@id":"https:\/\/www.copealcoy.es\/es\/musica-per-als-pobles-beneficiara-18-localidades-lalcoia-i-comtat\/","url":"https:\/\/www.copealcoy.es\/es\/musica-per-als-pobles-beneficiara-18-localidades-lalcoia-i-comtat\/","name":"'M\u00fasica als pobles' beneficiar\u00e1 a 18 localidades de l'Alcoi\u00e0 i el Comtat - COPE Alcoy","isPartOf":{"@id":"https:\/\/www.copealcoy.es\/es\/#website"},"primaryImageOfPage":{"@id":"https:\/\/www.copealcoy.es\/es\/musica-per-als-pobles-beneficiara-18-localidades-lalcoia-i-comtat\/#primaryimage"},"image":{"@id":"https:\/\/www.copealcoy.es\/es\/musica-per-als-pobles-beneficiara-18-localidades-lalcoia-i-comtat\/#primaryimage"},"thumbnailUrl":"https:\/\/www.copealcoy.es\/wp-content\/uploads\/2016\/04\/12823275_977277139029334_2083717967658803705_o.jpg","datePublished":"2016-05-10T21:08:01+00:00","dateModified":"2016-05-10T21:30:55+00:00","author":{"@id":"https:\/\/www.copealcoy.es\/es\/#\/schema\/person\/e777c87fa024e57d40170af9df39882c"},"breadcrumb":{"@id":"https:\/\/www.copealcoy.es\/es\/musica-per-als-pobles-beneficiara-18-localidades-lalcoia-i-comtat\/#breadcrumb"},"inLanguage":"es","potentialAction":[{"@type":"ReadAction","target":["https:\/\/www.copealcoy.es\/es\/musica-per-als-pobles-beneficiara-18-localidades-lalcoia-i-comtat\/"]}]},{"@type":"ImageObject","inLanguage":"es","@id":"https:\/\/www.copealcoy.es\/es\/musica-per-als-pobles-beneficiara-18-localidades-lalcoia-i-comtat\/#primaryimage","url":"https:\/\/www.copealcoy.es\/wp-content\/uploads\/2016\/04\/12823275_977277139029334_2083717967658803705_o.jpg","contentUrl":"https:\/\/www.copealcoy.es\/wp-content\/uploads\/2016\/04\/12823275_977277139029334_2083717967658803705_o.jpg","width":2048,"height":1365},{"@type":"BreadcrumbList","@id":"https:\/\/www.copealcoy.es\/es\/musica-per-als-pobles-beneficiara-18-localidades-lalcoia-i-comtat\/#breadcrumb","itemListElement":[{"@type":"ListItem","position":1,"name":"Portada","item":"https:\/\/www.copealcoy.es\/es\/"},{"@type":"ListItem","position":2,"name":"&#8216;M\u00fasica als pobles&#8217; beneficiar\u00e1 a 18 localidades de l&#8217;Alcoi\u00e0 i el Comtat"}]},{"@type":"WebSite","@id":"https:\/\/www.copealcoy.es\/es\/#website","url":"https:\/\/www.copealcoy.es\/es\/","name":"COPE Alcoy","description":"Emisora COPE de radio local con emisi\u00f3n online. Pont de Sant Jordi 8-10 03803 Alcoy","potentialAction":[{"@type":"SearchAction","target":{"@type":"EntryPoint","urlTemplate":"https:\/\/www.copealcoy.es\/es\/?s={search_term_string}"},"query-input":{"@type":"PropertyValueSpecification","valueRequired":true,"valueName":"search_term_string"}}],"inLanguage":"es"},{"@type":"Person","@id":"https:\/\/www.copealcoy.es\/es\/#\/schema\/person\/e777c87fa024e57d40170af9df39882c","name":"Cope Alcoy","image":{"@type":"ImageObject","inLanguage":"es","@id":"https:\/\/secure.gravatar.com\/avatar\/bb65d0283347e303893ba14f0692005417c1e0e690a325a4c5d8bb2b3943ee14?s=96&d=mm&r=g","url":"https:\/\/secure.gravatar.com\/avatar\/bb65d0283347e303893ba14f0692005417c1e0e690a325a4c5d8bb2b3943ee14?s=96&d=mm&r=g","contentUrl":"https:\/\/secure.gravatar.com\/avatar\/bb65d0283347e303893ba14f0692005417c1e0e690a325a4c5d8bb2b3943ee14?s=96&d=mm&r=g","caption":"Cope Alcoy"}}]}},"_links":{"self":[{"href":"https:\/\/www.copealcoy.es\/es\/wp-json\/wp\/v2\/posts\/21503","targetHints":{"allow":["GET"]}}],"collection":[{"href":"https:\/\/www.copealcoy.es\/es\/wp-json\/wp\/v2\/posts"}],"about":[{"href":"https:\/\/www.copealcoy.es\/es\/wp-json\/wp\/v2\/types\/post"}],"author":[{"embeddable":true,"href":"https:\/\/www.copealcoy.es\/es\/wp-json\/wp\/v2\/users\/1"}],"replies":[{"embeddable":true,"href":"https:\/\/www.copealcoy.es\/es\/wp-json\/wp\/v2\/comments?post=21503"}],"version-history":[{"count":0,"href":"https:\/\/www.copealcoy.es\/es\/wp-json\/wp\/v2\/posts\/21503\/revisions"}],"wp:featuredmedia":[{"embeddable":true,"href":"https:\/\/www.copealcoy.es\/es\/wp-json\/wp\/v2\/media\/20403"}],"wp:attachment":[{"href":"https:\/\/www.copealcoy.es\/es\/wp-json\/wp\/v2\/media?parent=21503"}],"wp:term":[{"taxonomy":"category","embeddable":true,"href":"https:\/\/www.copealcoy.es\/es\/wp-json\/wp\/v2\/categories?post=21503"},{"taxonomy":"post_tag","embeddable":true,"href":"https:\/\/www.copealcoy.es\/es\/wp-json\/wp\/v2\/tags?post=21503"}],"curies":[{"name":"wp","href":"https:\/\/api.w.org\/{rel}","templated":true}]}}