{"id":21383,"date":"2016-05-06T08:00:18","date_gmt":"2016-05-06T08:00:18","guid":{"rendered":"http:\/\/copealcoi.es\/new\/?p=21383"},"modified":"2016-05-05T15:47:01","modified_gmt":"2016-05-05T15:47:01","slug":"presentado-sent-me-2016-cocentaina","status":"publish","type":"post","link":"https:\/\/www.copealcoy.es\/es\/presentado-sent-me-2016-cocentaina\/","title":{"rendered":"Presentado el SENT-ME 2016 de Cocentaina"},"content":{"rendered":"<p style=\"text-align: justify;\">Cocentaina present\u00f3 ayer las principales novedades del<em>\u00a0<\/em>Simposio Encuentro de Nuevas Tendencias en M\u00fasica y Educaci\u00f3n, SENT-ME, que se celebrar\u00e1 entre el 11 y el 16 de julio. El certamen, seg\u00fan explic\u00f3 su director art\u00edstico, Ignacio Garc\u00eda-Vidal, apuesta por ofrecer &#8220;un foro de formaci\u00f3n musical de alta calidad para alumnos de todos los niveles y procedencias, un lugar de di\u00e1logo y encuentro entre estudiantes y profesionales, y un foro de conciertos que inundar\u00e1n cada noche de m\u00fasica a Cocentaina&#8221;, indic\u00f3.<\/p>\n<p style=\"text-align: justify;\">El SENT-ME 2016 contempla una previsi\u00f3n de asistencia de un centenar de alumnos procedentes de 9 comunidades aut\u00f3nomas\u00a0mientras que 15 profesores ofrecer\u00e1n sus clases en diferentes materias como la direcci\u00f3n musical, instrumentos de cuerda, madera y metal; m\u00fasica de c\u00e1mara, orquesta, pedagog\u00eda musical y m\u00fasica y movimiento para los ni\u00f1os de 3 a 8 a\u00f1os. De igual forma se ha organizado un encuentro en el que se abordar\u00e1n las salidas profesionales para los m\u00fasicos.<\/p>\n<p style=\"text-align: justify;\">Otro de los aspectos importantes del SENT-ME son los conciertos que se llevar\u00e1n a cabo en Cocentaina cada noche. El primero de ellos, tras la sesi\u00f3n inaugural del lunes, correr\u00e1 a cargo de los alumnos y profesores que interpretar\u00e1n\u00a0\u201cEl sue\u00f1o de una noche de verano\u201d op 61 de Mendelssohn en el Patio del Palau Comtal a partir de las nueve de la noche. Al d\u00eda siguiente a las diez y media la\u00a0Orquesta Sinf\u00f3nica de la Regi\u00f3n de Murcia, junto a la cantaora flamenca Roc\u00edo Bazan y bajo la direcci\u00f3n de\u00a0Ignacio Garc\u00eda-Vidal ofrecer\u00e1\u00a0\u201cEl Amor Brujo\u201d de Manuel de Falla.El mi\u00e9rcoles ser\u00e1 el turno de la m\u00fasica para todos los p\u00fablicos, tambi\u00e9n en el Patio del Palau, y el jueves 14 de julio en la Torreta de la Avenida Jaume I habr\u00e1 otro concierto de los alumnos participantes en este foro al igual que el viernes en el escenario exterior del Centre Cultural El Teular. Por \u00faltimo el s\u00e1bado 16 se efectuar\u00e1 el acto de clausura seguido de un concierto de la Orquesta Sinf\u00f3nica del\u00a0SENT-ME.<\/p>\n<p style=\"text-align: justify;\">La edil de Cultura en el Ayuntamiento contestano, Marcela Richart, ha valorado positivamente esta iniciativa de la que destac\u00f3\u00a0su consolidaci\u00f3n tras tres ediciones mientras que la alcaldesa, Mireia Estepa, afirm\u00f3 que desde el Ayuntamiento &#8220;estamos muy satisfechos por sumarnos a esta idea que llena Cocentaina de m\u00fasica durante una semana&#8221;, concluy\u00f3.<\/p>\n<p>&nbsp;<\/p>\n<p>&nbsp;<\/p>\n","protected":false},"excerpt":{"rendered":"<p>Cocentaina present\u00f3 ayer las principales novedades del\u00a0Simposio Encuentro de Nuevas Tendencias en M\u00fasica y Educaci\u00f3n, SENT-ME, que se celebrar\u00e1 entre&#8230;<\/p>\n","protected":false},"author":1,"featured_media":21384,"comment_status":"open","ping_status":"open","sticky":false,"template":"","format":"standard","meta":{"footnotes":""},"categories":[98,75],"tags":[132,237,2222,377,2221],"class_list":["post-21383","post","type-post","status-publish","format-standard","has-post-thumbnail","hentry","category-comarcas","category-noticias","tag-cocentaina","tag-comtat","tag-ignacio-garcia-vidal","tag-musica","tag-sentme-2016"],"yoast_head":"<!-- This site is optimized with the Yoast SEO plugin v27.3 - https:\/\/yoast.com\/product\/yoast-seo-wordpress\/ -->\n<title>Presentado el SENT-ME 2016 de Cocentaina - COPE Alcoy<\/title>\n<meta name=\"robots\" content=\"index, follow, max-snippet:-1, max-image-preview:large, max-video-preview:-1\" \/>\n<link rel=\"canonical\" href=\"https:\/\/www.copealcoy.es\/es\/presentado-sent-me-2016-cocentaina\/\" \/>\n<meta property=\"og:locale\" content=\"es_ES\" \/>\n<meta property=\"og:type\" content=\"article\" \/>\n<meta property=\"og:title\" content=\"Presentado el SENT-ME 2016 de Cocentaina - COPE Alcoy\" \/>\n<meta property=\"og:description\" content=\"Cocentaina present\u00f3 ayer las principales novedades del\u00a0Simposio Encuentro de Nuevas Tendencias en M\u00fasica y Educaci\u00f3n, SENT-ME, que se celebrar\u00e1 entre...\" \/>\n<meta property=\"og:url\" content=\"https:\/\/www.copealcoy.es\/es\/presentado-sent-me-2016-cocentaina\/\" \/>\n<meta property=\"og:site_name\" content=\"COPE Alcoy\" \/>\n<meta property=\"article:published_time\" content=\"2016-05-06T08:00:18+00:00\" \/>\n<meta property=\"og:image\" content=\"https:\/\/www.copealcoy.es\/wp-content\/uploads\/2016\/05\/SENT-ME-2016-017-Large.jpg\" \/>\n\t<meta property=\"og:image:width\" content=\"1024\" \/>\n\t<meta property=\"og:image:height\" content=\"683\" \/>\n\t<meta property=\"og:image:type\" content=\"image\/jpeg\" \/>\n<meta name=\"author\" content=\"Cope Alcoy\" \/>\n<meta name=\"twitter:label1\" content=\"Escrito por\" \/>\n\t<meta name=\"twitter:data1\" content=\"Cope Alcoy\" \/>\n\t<meta name=\"twitter:label2\" content=\"Tiempo de lectura\" \/>\n\t<meta name=\"twitter:data2\" content=\"2 minutos\" \/>\n<script type=\"application\/ld+json\" class=\"yoast-schema-graph\">{\"@context\":\"https:\\\/\\\/schema.org\",\"@graph\":[{\"@type\":\"Article\",\"@id\":\"https:\\\/\\\/www.copealcoy.es\\\/es\\\/presentado-sent-me-2016-cocentaina\\\/#article\",\"isPartOf\":{\"@id\":\"https:\\\/\\\/www.copealcoy.es\\\/es\\\/presentado-sent-me-2016-cocentaina\\\/\"},\"author\":{\"name\":\"Cope Alcoy\",\"@id\":\"https:\\\/\\\/www.copealcoy.es\\\/es\\\/#\\\/schema\\\/person\\\/e777c87fa024e57d40170af9df39882c\"},\"headline\":\"Presentado el SENT-ME 2016 de Cocentaina\",\"datePublished\":\"2016-05-06T08:00:18+00:00\",\"mainEntityOfPage\":{\"@id\":\"https:\\\/\\\/www.copealcoy.es\\\/es\\\/presentado-sent-me-2016-cocentaina\\\/\"},\"wordCount\":422,\"commentCount\":0,\"image\":{\"@id\":\"https:\\\/\\\/www.copealcoy.es\\\/es\\\/presentado-sent-me-2016-cocentaina\\\/#primaryimage\"},\"thumbnailUrl\":\"https:\\\/\\\/www.copealcoy.es\\\/wp-content\\\/uploads\\\/2016\\\/05\\\/SENT-ME-2016-017-Large.jpg\",\"keywords\":[\"Cocentaina\",\"Comtat\",\"Ignacio Garc\u00eda Vidal\",\"M\u00fasica\",\"SentME 2016\"],\"articleSection\":[\"Comarcas\",\"Noticias\"],\"inLanguage\":\"es\"},{\"@type\":\"WebPage\",\"@id\":\"https:\\\/\\\/www.copealcoy.es\\\/es\\\/presentado-sent-me-2016-cocentaina\\\/\",\"url\":\"https:\\\/\\\/www.copealcoy.es\\\/es\\\/presentado-sent-me-2016-cocentaina\\\/\",\"name\":\"Presentado el SENT-ME 2016 de Cocentaina - COPE Alcoy\",\"isPartOf\":{\"@id\":\"https:\\\/\\\/www.copealcoy.es\\\/es\\\/#website\"},\"primaryImageOfPage\":{\"@id\":\"https:\\\/\\\/www.copealcoy.es\\\/es\\\/presentado-sent-me-2016-cocentaina\\\/#primaryimage\"},\"image\":{\"@id\":\"https:\\\/\\\/www.copealcoy.es\\\/es\\\/presentado-sent-me-2016-cocentaina\\\/#primaryimage\"},\"thumbnailUrl\":\"https:\\\/\\\/www.copealcoy.es\\\/wp-content\\\/uploads\\\/2016\\\/05\\\/SENT-ME-2016-017-Large.jpg\",\"datePublished\":\"2016-05-06T08:00:18+00:00\",\"author\":{\"@id\":\"https:\\\/\\\/www.copealcoy.es\\\/es\\\/#\\\/schema\\\/person\\\/e777c87fa024e57d40170af9df39882c\"},\"breadcrumb\":{\"@id\":\"https:\\\/\\\/www.copealcoy.es\\\/es\\\/presentado-sent-me-2016-cocentaina\\\/#breadcrumb\"},\"inLanguage\":\"es\",\"potentialAction\":[{\"@type\":\"ReadAction\",\"target\":[\"https:\\\/\\\/www.copealcoy.es\\\/es\\\/presentado-sent-me-2016-cocentaina\\\/\"]}]},{\"@type\":\"ImageObject\",\"inLanguage\":\"es\",\"@id\":\"https:\\\/\\\/www.copealcoy.es\\\/es\\\/presentado-sent-me-2016-cocentaina\\\/#primaryimage\",\"url\":\"https:\\\/\\\/www.copealcoy.es\\\/wp-content\\\/uploads\\\/2016\\\/05\\\/SENT-ME-2016-017-Large.jpg\",\"contentUrl\":\"https:\\\/\\\/www.copealcoy.es\\\/wp-content\\\/uploads\\\/2016\\\/05\\\/SENT-ME-2016-017-Large.jpg\",\"width\":1024,\"height\":683,\"caption\":\"Presentaci\u00f3n del SENT-ME 2016 el pasado mes de mayo en Cocentaina\"},{\"@type\":\"BreadcrumbList\",\"@id\":\"https:\\\/\\\/www.copealcoy.es\\\/es\\\/presentado-sent-me-2016-cocentaina\\\/#breadcrumb\",\"itemListElement\":[{\"@type\":\"ListItem\",\"position\":1,\"name\":\"Portada\",\"item\":\"https:\\\/\\\/www.copealcoy.es\\\/es\\\/\"},{\"@type\":\"ListItem\",\"position\":2,\"name\":\"Presentado el SENT-ME 2016 de Cocentaina\"}]},{\"@type\":\"WebSite\",\"@id\":\"https:\\\/\\\/www.copealcoy.es\\\/es\\\/#website\",\"url\":\"https:\\\/\\\/www.copealcoy.es\\\/es\\\/\",\"name\":\"COPE Alcoy\",\"description\":\"Emisora COPE de radio local con emisi\u00f3n online. Pont de Sant Jordi 8-10 03803 Alcoy\",\"potentialAction\":[{\"@type\":\"SearchAction\",\"target\":{\"@type\":\"EntryPoint\",\"urlTemplate\":\"https:\\\/\\\/www.copealcoy.es\\\/es\\\/?s={search_term_string}\"},\"query-input\":{\"@type\":\"PropertyValueSpecification\",\"valueRequired\":true,\"valueName\":\"search_term_string\"}}],\"inLanguage\":\"es\"},{\"@type\":\"Person\",\"@id\":\"https:\\\/\\\/www.copealcoy.es\\\/es\\\/#\\\/schema\\\/person\\\/e777c87fa024e57d40170af9df39882c\",\"name\":\"Cope Alcoy\",\"image\":{\"@type\":\"ImageObject\",\"inLanguage\":\"es\",\"@id\":\"https:\\\/\\\/secure.gravatar.com\\\/avatar\\\/bb65d0283347e303893ba14f0692005417c1e0e690a325a4c5d8bb2b3943ee14?s=96&d=mm&r=g\",\"url\":\"https:\\\/\\\/secure.gravatar.com\\\/avatar\\\/bb65d0283347e303893ba14f0692005417c1e0e690a325a4c5d8bb2b3943ee14?s=96&d=mm&r=g\",\"contentUrl\":\"https:\\\/\\\/secure.gravatar.com\\\/avatar\\\/bb65d0283347e303893ba14f0692005417c1e0e690a325a4c5d8bb2b3943ee14?s=96&d=mm&r=g\",\"caption\":\"Cope Alcoy\"}}]}<\/script>\n<!-- \/ Yoast SEO plugin. -->","yoast_head_json":{"title":"Presentado el SENT-ME 2016 de Cocentaina - COPE Alcoy","robots":{"index":"index","follow":"follow","max-snippet":"max-snippet:-1","max-image-preview":"max-image-preview:large","max-video-preview":"max-video-preview:-1"},"canonical":"https:\/\/www.copealcoy.es\/es\/presentado-sent-me-2016-cocentaina\/","og_locale":"es_ES","og_type":"article","og_title":"Presentado el SENT-ME 2016 de Cocentaina - COPE Alcoy","og_description":"Cocentaina present\u00f3 ayer las principales novedades del\u00a0Simposio Encuentro de Nuevas Tendencias en M\u00fasica y Educaci\u00f3n, SENT-ME, que se celebrar\u00e1 entre...","og_url":"https:\/\/www.copealcoy.es\/es\/presentado-sent-me-2016-cocentaina\/","og_site_name":"COPE Alcoy","article_published_time":"2016-05-06T08:00:18+00:00","og_image":[{"width":1024,"height":683,"url":"https:\/\/www.copealcoy.es\/wp-content\/uploads\/2016\/05\/SENT-ME-2016-017-Large.jpg","type":"image\/jpeg"}],"author":"Cope Alcoy","twitter_misc":{"Escrito por":"Cope Alcoy","Tiempo de lectura":"2 minutos"},"schema":{"@context":"https:\/\/schema.org","@graph":[{"@type":"Article","@id":"https:\/\/www.copealcoy.es\/es\/presentado-sent-me-2016-cocentaina\/#article","isPartOf":{"@id":"https:\/\/www.copealcoy.es\/es\/presentado-sent-me-2016-cocentaina\/"},"author":{"name":"Cope Alcoy","@id":"https:\/\/www.copealcoy.es\/es\/#\/schema\/person\/e777c87fa024e57d40170af9df39882c"},"headline":"Presentado el SENT-ME 2016 de Cocentaina","datePublished":"2016-05-06T08:00:18+00:00","mainEntityOfPage":{"@id":"https:\/\/www.copealcoy.es\/es\/presentado-sent-me-2016-cocentaina\/"},"wordCount":422,"commentCount":0,"image":{"@id":"https:\/\/www.copealcoy.es\/es\/presentado-sent-me-2016-cocentaina\/#primaryimage"},"thumbnailUrl":"https:\/\/www.copealcoy.es\/wp-content\/uploads\/2016\/05\/SENT-ME-2016-017-Large.jpg","keywords":["Cocentaina","Comtat","Ignacio Garc\u00eda Vidal","M\u00fasica","SentME 2016"],"articleSection":["Comarcas","Noticias"],"inLanguage":"es"},{"@type":"WebPage","@id":"https:\/\/www.copealcoy.es\/es\/presentado-sent-me-2016-cocentaina\/","url":"https:\/\/www.copealcoy.es\/es\/presentado-sent-me-2016-cocentaina\/","name":"Presentado el SENT-ME 2016 de Cocentaina - COPE Alcoy","isPartOf":{"@id":"https:\/\/www.copealcoy.es\/es\/#website"},"primaryImageOfPage":{"@id":"https:\/\/www.copealcoy.es\/es\/presentado-sent-me-2016-cocentaina\/#primaryimage"},"image":{"@id":"https:\/\/www.copealcoy.es\/es\/presentado-sent-me-2016-cocentaina\/#primaryimage"},"thumbnailUrl":"https:\/\/www.copealcoy.es\/wp-content\/uploads\/2016\/05\/SENT-ME-2016-017-Large.jpg","datePublished":"2016-05-06T08:00:18+00:00","author":{"@id":"https:\/\/www.copealcoy.es\/es\/#\/schema\/person\/e777c87fa024e57d40170af9df39882c"},"breadcrumb":{"@id":"https:\/\/www.copealcoy.es\/es\/presentado-sent-me-2016-cocentaina\/#breadcrumb"},"inLanguage":"es","potentialAction":[{"@type":"ReadAction","target":["https:\/\/www.copealcoy.es\/es\/presentado-sent-me-2016-cocentaina\/"]}]},{"@type":"ImageObject","inLanguage":"es","@id":"https:\/\/www.copealcoy.es\/es\/presentado-sent-me-2016-cocentaina\/#primaryimage","url":"https:\/\/www.copealcoy.es\/wp-content\/uploads\/2016\/05\/SENT-ME-2016-017-Large.jpg","contentUrl":"https:\/\/www.copealcoy.es\/wp-content\/uploads\/2016\/05\/SENT-ME-2016-017-Large.jpg","width":1024,"height":683,"caption":"Presentaci\u00f3n del SENT-ME 2016 el pasado mes de mayo en Cocentaina"},{"@type":"BreadcrumbList","@id":"https:\/\/www.copealcoy.es\/es\/presentado-sent-me-2016-cocentaina\/#breadcrumb","itemListElement":[{"@type":"ListItem","position":1,"name":"Portada","item":"https:\/\/www.copealcoy.es\/es\/"},{"@type":"ListItem","position":2,"name":"Presentado el SENT-ME 2016 de Cocentaina"}]},{"@type":"WebSite","@id":"https:\/\/www.copealcoy.es\/es\/#website","url":"https:\/\/www.copealcoy.es\/es\/","name":"COPE Alcoy","description":"Emisora COPE de radio local con emisi\u00f3n online. Pont de Sant Jordi 8-10 03803 Alcoy","potentialAction":[{"@type":"SearchAction","target":{"@type":"EntryPoint","urlTemplate":"https:\/\/www.copealcoy.es\/es\/?s={search_term_string}"},"query-input":{"@type":"PropertyValueSpecification","valueRequired":true,"valueName":"search_term_string"}}],"inLanguage":"es"},{"@type":"Person","@id":"https:\/\/www.copealcoy.es\/es\/#\/schema\/person\/e777c87fa024e57d40170af9df39882c","name":"Cope Alcoy","image":{"@type":"ImageObject","inLanguage":"es","@id":"https:\/\/secure.gravatar.com\/avatar\/bb65d0283347e303893ba14f0692005417c1e0e690a325a4c5d8bb2b3943ee14?s=96&d=mm&r=g","url":"https:\/\/secure.gravatar.com\/avatar\/bb65d0283347e303893ba14f0692005417c1e0e690a325a4c5d8bb2b3943ee14?s=96&d=mm&r=g","contentUrl":"https:\/\/secure.gravatar.com\/avatar\/bb65d0283347e303893ba14f0692005417c1e0e690a325a4c5d8bb2b3943ee14?s=96&d=mm&r=g","caption":"Cope Alcoy"}}]}},"_links":{"self":[{"href":"https:\/\/www.copealcoy.es\/es\/wp-json\/wp\/v2\/posts\/21383","targetHints":{"allow":["GET"]}}],"collection":[{"href":"https:\/\/www.copealcoy.es\/es\/wp-json\/wp\/v2\/posts"}],"about":[{"href":"https:\/\/www.copealcoy.es\/es\/wp-json\/wp\/v2\/types\/post"}],"author":[{"embeddable":true,"href":"https:\/\/www.copealcoy.es\/es\/wp-json\/wp\/v2\/users\/1"}],"replies":[{"embeddable":true,"href":"https:\/\/www.copealcoy.es\/es\/wp-json\/wp\/v2\/comments?post=21383"}],"version-history":[{"count":0,"href":"https:\/\/www.copealcoy.es\/es\/wp-json\/wp\/v2\/posts\/21383\/revisions"}],"wp:featuredmedia":[{"embeddable":true,"href":"https:\/\/www.copealcoy.es\/es\/wp-json\/wp\/v2\/media\/21384"}],"wp:attachment":[{"href":"https:\/\/www.copealcoy.es\/es\/wp-json\/wp\/v2\/media?parent=21383"}],"wp:term":[{"taxonomy":"category","embeddable":true,"href":"https:\/\/www.copealcoy.es\/es\/wp-json\/wp\/v2\/categories?post=21383"},{"taxonomy":"post_tag","embeddable":true,"href":"https:\/\/www.copealcoy.es\/es\/wp-json\/wp\/v2\/tags?post=21383"}],"curies":[{"name":"wp","href":"https:\/\/api.w.org\/{rel}","templated":true}]}}