{"id":21370,"date":"2016-05-05T17:51:11","date_gmt":"2016-05-05T17:51:11","guid":{"rendered":"http:\/\/copealcoi.es\/new\/?p=21370"},"modified":"2016-05-08T09:07:19","modified_gmt":"2016-05-08T09:07:19","slug":"alcoy-revive-la-prehistoria","status":"publish","type":"post","link":"https:\/\/www.copealcoy.es\/es\/alcoy-revive-la-prehistoria\/","title":{"rendered":"Alcoy revive la prehistoria"},"content":{"rendered":"<p style=\"text-align: justify;\">La Asociaci\u00f3n de Vecinos y el Instituto de Batoy van a poner en marcha \u00a0&#8216;Viu la prehist\u00f2ria!&#8217;. Adem\u00e1s esta iniciativa cuenta con el apoyo de la Universitat de Val\u00e8ncia.\u00a0Estos talleres para ni\u00f1os se realizar\u00e1n ma\u00f1ana a las 17:30 de la tarde en el Parque de la Via de Batoi.\u00a0La edici\u00f3n de este a\u00f1o\u00a0estar\u00e1 enfocado en las pinturas rupestres de La Sarga.<\/p>\n<p style=\"text-align: justify;\">Maria Baca, edil de Democracia Participativa, afirma al respecto: <em>&#8220;Es una actividad muy positiva porque, m\u00e1s all\u00e1 de dinamizar el barrio, se ofrece una oferta l\u00fadica y una oportunidad de aprender sobre nuestra historia muy favorecedora para el barrio y el resto de vecinos&#8221;<\/em>. Tambi\u00e9n lo ha hecho,\u00a0Cristina Valero, presidenta de la Asociacion de Vecinos de Batoi (AAVV), quien \u00a0afirma que este proyecto se inici\u00f3 en 2013 con\u00a0la Universitat de Val\u00e8ncia, en el 2014 se empezaron a hacer ya actividades sobre este tema. Seg\u00fan Valero &#8220;el a\u00f1o pasado ya nos\u00a0pusimos en contacto en el Instituto de Batoi y realizamos una conferencia sobre el yacimiento de El Salt&#8221;<\/p>\n<p style=\"text-align: justify;\">Ra\u00fcl Llopis, edil de cultura, ha comparado esta iniciativa con la <a href=\"https:\/\/www.copealcoy.es\/alcoy-busca-impulsar-patrimonio-la-humanidad-la-sarga\/\">visita que tuvo lugar hace unos d\u00edas<\/a> por parte del Secretario Auton\u00f3mico de Cultura, Albert Girona, a La Sarga. &#8220;<em>Es una oportunidad de potenciar el patrimonio hist\u00f3rico de Alcoy<\/em>&#8220;, concluye Llopis.\u00a0\u00a0Desde el centro\u00a0afirman que\u00a0el centro se participar\u00e1 a trav\u00e9s de dos ciclos: el de est\u00e9tica y el de animaci\u00f3n sociocultural. <em>&#8220;Una posibilidad muy positiva para el centro y al alumnado&#8221;<\/em>, seg\u00fan afirma\u00a0Jos\u00e9 Maria Guarinos, vicedirector del CIP FP Batoi.\u00a0El programa lo componen actividades dirigidas a la recreaci\u00f3n de la \u00e9poca neandertal. Entre las actividades que completan esta iniciativa est\u00e1n<em>&#8220;cuentos, juegos y un taller de maquillaje&#8221;<\/em>, seg\u00fan ha contado Mari Carmen Bot\u00ed, profesora de animaci\u00f3n sociocultural del instituto de Batoi.<\/p>\n<p><iframe loading=\"lazy\" title=\"RP Viu la Prehist\u00f2ria!\" width=\"1200\" height=\"675\" src=\"https:\/\/www.youtube.com\/embed\/0FEZC9dCXVQ?feature=oembed\" frameborder=\"0\" allow=\"accelerometer; autoplay; encrypted-media; gyroscope; picture-in-picture\" allowfullscreen><\/iframe><\/p>\n<p>&nbsp;<\/p>\n","protected":false},"excerpt":{"rendered":"<p>La Asociaci\u00f3n de Vecinos y el Instituto de Batoy van a poner en marcha \u00a0&#8216;Viu la prehist\u00f2ria!&#8217;. Adem\u00e1s esta iniciativa&#8230;<\/p>\n","protected":false},"author":1,"featured_media":21444,"comment_status":"open","ping_status":"open","sticky":false,"template":"","format":"standard","meta":{"footnotes":""},"categories":[97,900,75],"tags":[1494,2223,176,2220],"class_list":["post-21370","post","type-post","status-publish","format-standard","has-post-thumbnail","hentry","category-alcoy","category-educacion","category-noticias","tag-alcoy","tag-batoi","tag-patrimonio","tag-prehistoria"],"yoast_head":"<!-- This site is optimized with the Yoast SEO plugin v27.3 - https:\/\/yoast.com\/product\/yoast-seo-wordpress\/ -->\n<title>Alcoy revive la prehistoria - COPE Alcoy<\/title>\n<meta name=\"robots\" content=\"index, follow, max-snippet:-1, max-image-preview:large, max-video-preview:-1\" \/>\n<link rel=\"canonical\" href=\"https:\/\/www.copealcoy.es\/es\/alcoy-revive-la-prehistoria\/\" \/>\n<meta property=\"og:locale\" content=\"es_ES\" \/>\n<meta property=\"og:type\" content=\"article\" \/>\n<meta property=\"og:title\" content=\"Alcoy revive la prehistoria - COPE Alcoy\" \/>\n<meta property=\"og:description\" content=\"La Asociaci\u00f3n de Vecinos y el Instituto de Batoy van a poner en marcha \u00a0&#8216;Viu la prehist\u00f2ria!&#8217;. Adem\u00e1s esta iniciativa...\" \/>\n<meta property=\"og:url\" content=\"https:\/\/www.copealcoy.es\/es\/alcoy-revive-la-prehistoria\/\" \/>\n<meta property=\"og:site_name\" content=\"COPE Alcoy\" \/>\n<meta property=\"article:published_time\" content=\"2016-05-05T17:51:11+00:00\" \/>\n<meta property=\"article:modified_time\" content=\"2016-05-08T09:07:19+00:00\" \/>\n<meta property=\"og:image\" content=\"https:\/\/www.copealcoy.es\/wp-content\/uploads\/2016\/05\/Captura-de-pantalla-2016-05-08-a-las-11.04.23.jpg\" \/>\n\t<meta property=\"og:image:width\" content=\"631\" \/>\n\t<meta property=\"og:image:height\" content=\"410\" \/>\n\t<meta property=\"og:image:type\" content=\"image\/jpeg\" \/>\n<meta name=\"author\" content=\"Cope Alcoy\" \/>\n<meta name=\"twitter:label1\" content=\"Escrito por\" \/>\n\t<meta name=\"twitter:data1\" content=\"Cope Alcoy\" \/>\n\t<meta name=\"twitter:label2\" content=\"Tiempo de lectura\" \/>\n\t<meta name=\"twitter:data2\" content=\"2 minutos\" \/>\n<script type=\"application\/ld+json\" class=\"yoast-schema-graph\">{\"@context\":\"https:\\\/\\\/schema.org\",\"@graph\":[{\"@type\":\"Article\",\"@id\":\"https:\\\/\\\/www.copealcoy.es\\\/es\\\/alcoy-revive-la-prehistoria\\\/#article\",\"isPartOf\":{\"@id\":\"https:\\\/\\\/www.copealcoy.es\\\/es\\\/alcoy-revive-la-prehistoria\\\/\"},\"author\":{\"name\":\"Cope Alcoy\",\"@id\":\"https:\\\/\\\/www.copealcoy.es\\\/es\\\/#\\\/schema\\\/person\\\/e777c87fa024e57d40170af9df39882c\"},\"headline\":\"Alcoy revive la prehistoria\",\"datePublished\":\"2016-05-05T17:51:11+00:00\",\"dateModified\":\"2016-05-08T09:07:19+00:00\",\"mainEntityOfPage\":{\"@id\":\"https:\\\/\\\/www.copealcoy.es\\\/es\\\/alcoy-revive-la-prehistoria\\\/\"},\"wordCount\":339,\"commentCount\":0,\"image\":{\"@id\":\"https:\\\/\\\/www.copealcoy.es\\\/es\\\/alcoy-revive-la-prehistoria\\\/#primaryimage\"},\"thumbnailUrl\":\"https:\\\/\\\/www.copealcoy.es\\\/wp-content\\\/uploads\\\/2016\\\/05\\\/Captura-de-pantalla-2016-05-08-a-las-11.04.23.jpg\",\"keywords\":[\"Alcoy\",\"Batoi\",\"Patrimonio\",\"Prehistoria\"],\"articleSection\":[\"Alcoy\",\"Educaci\u00f3n\",\"Noticias\"],\"inLanguage\":\"es\"},{\"@type\":\"WebPage\",\"@id\":\"https:\\\/\\\/www.copealcoy.es\\\/es\\\/alcoy-revive-la-prehistoria\\\/\",\"url\":\"https:\\\/\\\/www.copealcoy.es\\\/es\\\/alcoy-revive-la-prehistoria\\\/\",\"name\":\"Alcoy revive la prehistoria - COPE Alcoy\",\"isPartOf\":{\"@id\":\"https:\\\/\\\/www.copealcoy.es\\\/es\\\/#website\"},\"primaryImageOfPage\":{\"@id\":\"https:\\\/\\\/www.copealcoy.es\\\/es\\\/alcoy-revive-la-prehistoria\\\/#primaryimage\"},\"image\":{\"@id\":\"https:\\\/\\\/www.copealcoy.es\\\/es\\\/alcoy-revive-la-prehistoria\\\/#primaryimage\"},\"thumbnailUrl\":\"https:\\\/\\\/www.copealcoy.es\\\/wp-content\\\/uploads\\\/2016\\\/05\\\/Captura-de-pantalla-2016-05-08-a-las-11.04.23.jpg\",\"datePublished\":\"2016-05-05T17:51:11+00:00\",\"dateModified\":\"2016-05-08T09:07:19+00:00\",\"author\":{\"@id\":\"https:\\\/\\\/www.copealcoy.es\\\/es\\\/#\\\/schema\\\/person\\\/e777c87fa024e57d40170af9df39882c\"},\"breadcrumb\":{\"@id\":\"https:\\\/\\\/www.copealcoy.es\\\/es\\\/alcoy-revive-la-prehistoria\\\/#breadcrumb\"},\"inLanguage\":\"es\",\"potentialAction\":[{\"@type\":\"ReadAction\",\"target\":[\"https:\\\/\\\/www.copealcoy.es\\\/es\\\/alcoy-revive-la-prehistoria\\\/\"]}]},{\"@type\":\"ImageObject\",\"inLanguage\":\"es\",\"@id\":\"https:\\\/\\\/www.copealcoy.es\\\/es\\\/alcoy-revive-la-prehistoria\\\/#primaryimage\",\"url\":\"https:\\\/\\\/www.copealcoy.es\\\/wp-content\\\/uploads\\\/2016\\\/05\\\/Captura-de-pantalla-2016-05-08-a-las-11.04.23.jpg\",\"contentUrl\":\"https:\\\/\\\/www.copealcoy.es\\\/wp-content\\\/uploads\\\/2016\\\/05\\\/Captura-de-pantalla-2016-05-08-a-las-11.04.23.jpg\",\"width\":631,\"height\":410,\"caption\":\"Un instante de la presentaci\u00f3n de Viu Prehist\u00f2ria\"},{\"@type\":\"BreadcrumbList\",\"@id\":\"https:\\\/\\\/www.copealcoy.es\\\/es\\\/alcoy-revive-la-prehistoria\\\/#breadcrumb\",\"itemListElement\":[{\"@type\":\"ListItem\",\"position\":1,\"name\":\"Portada\",\"item\":\"https:\\\/\\\/www.copealcoy.es\\\/es\\\/\"},{\"@type\":\"ListItem\",\"position\":2,\"name\":\"Alcoy revive la prehistoria\"}]},{\"@type\":\"WebSite\",\"@id\":\"https:\\\/\\\/www.copealcoy.es\\\/es\\\/#website\",\"url\":\"https:\\\/\\\/www.copealcoy.es\\\/es\\\/\",\"name\":\"COPE Alcoy\",\"description\":\"Emisora COPE de radio local con emisi\u00f3n online. Pont de Sant Jordi 8-10 03803 Alcoy\",\"potentialAction\":[{\"@type\":\"SearchAction\",\"target\":{\"@type\":\"EntryPoint\",\"urlTemplate\":\"https:\\\/\\\/www.copealcoy.es\\\/es\\\/?s={search_term_string}\"},\"query-input\":{\"@type\":\"PropertyValueSpecification\",\"valueRequired\":true,\"valueName\":\"search_term_string\"}}],\"inLanguage\":\"es\"},{\"@type\":\"Person\",\"@id\":\"https:\\\/\\\/www.copealcoy.es\\\/es\\\/#\\\/schema\\\/person\\\/e777c87fa024e57d40170af9df39882c\",\"name\":\"Cope Alcoy\",\"image\":{\"@type\":\"ImageObject\",\"inLanguage\":\"es\",\"@id\":\"https:\\\/\\\/secure.gravatar.com\\\/avatar\\\/bb65d0283347e303893ba14f0692005417c1e0e690a325a4c5d8bb2b3943ee14?s=96&d=mm&r=g\",\"url\":\"https:\\\/\\\/secure.gravatar.com\\\/avatar\\\/bb65d0283347e303893ba14f0692005417c1e0e690a325a4c5d8bb2b3943ee14?s=96&d=mm&r=g\",\"contentUrl\":\"https:\\\/\\\/secure.gravatar.com\\\/avatar\\\/bb65d0283347e303893ba14f0692005417c1e0e690a325a4c5d8bb2b3943ee14?s=96&d=mm&r=g\",\"caption\":\"Cope Alcoy\"}}]}<\/script>\n<!-- \/ Yoast SEO plugin. -->","yoast_head_json":{"title":"Alcoy revive la prehistoria - COPE Alcoy","robots":{"index":"index","follow":"follow","max-snippet":"max-snippet:-1","max-image-preview":"max-image-preview:large","max-video-preview":"max-video-preview:-1"},"canonical":"https:\/\/www.copealcoy.es\/es\/alcoy-revive-la-prehistoria\/","og_locale":"es_ES","og_type":"article","og_title":"Alcoy revive la prehistoria - COPE Alcoy","og_description":"La Asociaci\u00f3n de Vecinos y el Instituto de Batoy van a poner en marcha \u00a0&#8216;Viu la prehist\u00f2ria!&#8217;. Adem\u00e1s esta iniciativa...","og_url":"https:\/\/www.copealcoy.es\/es\/alcoy-revive-la-prehistoria\/","og_site_name":"COPE Alcoy","article_published_time":"2016-05-05T17:51:11+00:00","article_modified_time":"2016-05-08T09:07:19+00:00","og_image":[{"width":631,"height":410,"url":"https:\/\/www.copealcoy.es\/wp-content\/uploads\/2016\/05\/Captura-de-pantalla-2016-05-08-a-las-11.04.23.jpg","type":"image\/jpeg"}],"author":"Cope Alcoy","twitter_misc":{"Escrito por":"Cope Alcoy","Tiempo de lectura":"2 minutos"},"schema":{"@context":"https:\/\/schema.org","@graph":[{"@type":"Article","@id":"https:\/\/www.copealcoy.es\/es\/alcoy-revive-la-prehistoria\/#article","isPartOf":{"@id":"https:\/\/www.copealcoy.es\/es\/alcoy-revive-la-prehistoria\/"},"author":{"name":"Cope Alcoy","@id":"https:\/\/www.copealcoy.es\/es\/#\/schema\/person\/e777c87fa024e57d40170af9df39882c"},"headline":"Alcoy revive la prehistoria","datePublished":"2016-05-05T17:51:11+00:00","dateModified":"2016-05-08T09:07:19+00:00","mainEntityOfPage":{"@id":"https:\/\/www.copealcoy.es\/es\/alcoy-revive-la-prehistoria\/"},"wordCount":339,"commentCount":0,"image":{"@id":"https:\/\/www.copealcoy.es\/es\/alcoy-revive-la-prehistoria\/#primaryimage"},"thumbnailUrl":"https:\/\/www.copealcoy.es\/wp-content\/uploads\/2016\/05\/Captura-de-pantalla-2016-05-08-a-las-11.04.23.jpg","keywords":["Alcoy","Batoi","Patrimonio","Prehistoria"],"articleSection":["Alcoy","Educaci\u00f3n","Noticias"],"inLanguage":"es"},{"@type":"WebPage","@id":"https:\/\/www.copealcoy.es\/es\/alcoy-revive-la-prehistoria\/","url":"https:\/\/www.copealcoy.es\/es\/alcoy-revive-la-prehistoria\/","name":"Alcoy revive la prehistoria - COPE Alcoy","isPartOf":{"@id":"https:\/\/www.copealcoy.es\/es\/#website"},"primaryImageOfPage":{"@id":"https:\/\/www.copealcoy.es\/es\/alcoy-revive-la-prehistoria\/#primaryimage"},"image":{"@id":"https:\/\/www.copealcoy.es\/es\/alcoy-revive-la-prehistoria\/#primaryimage"},"thumbnailUrl":"https:\/\/www.copealcoy.es\/wp-content\/uploads\/2016\/05\/Captura-de-pantalla-2016-05-08-a-las-11.04.23.jpg","datePublished":"2016-05-05T17:51:11+00:00","dateModified":"2016-05-08T09:07:19+00:00","author":{"@id":"https:\/\/www.copealcoy.es\/es\/#\/schema\/person\/e777c87fa024e57d40170af9df39882c"},"breadcrumb":{"@id":"https:\/\/www.copealcoy.es\/es\/alcoy-revive-la-prehistoria\/#breadcrumb"},"inLanguage":"es","potentialAction":[{"@type":"ReadAction","target":["https:\/\/www.copealcoy.es\/es\/alcoy-revive-la-prehistoria\/"]}]},{"@type":"ImageObject","inLanguage":"es","@id":"https:\/\/www.copealcoy.es\/es\/alcoy-revive-la-prehistoria\/#primaryimage","url":"https:\/\/www.copealcoy.es\/wp-content\/uploads\/2016\/05\/Captura-de-pantalla-2016-05-08-a-las-11.04.23.jpg","contentUrl":"https:\/\/www.copealcoy.es\/wp-content\/uploads\/2016\/05\/Captura-de-pantalla-2016-05-08-a-las-11.04.23.jpg","width":631,"height":410,"caption":"Un instante de la presentaci\u00f3n de Viu Prehist\u00f2ria"},{"@type":"BreadcrumbList","@id":"https:\/\/www.copealcoy.es\/es\/alcoy-revive-la-prehistoria\/#breadcrumb","itemListElement":[{"@type":"ListItem","position":1,"name":"Portada","item":"https:\/\/www.copealcoy.es\/es\/"},{"@type":"ListItem","position":2,"name":"Alcoy revive la prehistoria"}]},{"@type":"WebSite","@id":"https:\/\/www.copealcoy.es\/es\/#website","url":"https:\/\/www.copealcoy.es\/es\/","name":"COPE Alcoy","description":"Emisora COPE de radio local con emisi\u00f3n online. Pont de Sant Jordi 8-10 03803 Alcoy","potentialAction":[{"@type":"SearchAction","target":{"@type":"EntryPoint","urlTemplate":"https:\/\/www.copealcoy.es\/es\/?s={search_term_string}"},"query-input":{"@type":"PropertyValueSpecification","valueRequired":true,"valueName":"search_term_string"}}],"inLanguage":"es"},{"@type":"Person","@id":"https:\/\/www.copealcoy.es\/es\/#\/schema\/person\/e777c87fa024e57d40170af9df39882c","name":"Cope Alcoy","image":{"@type":"ImageObject","inLanguage":"es","@id":"https:\/\/secure.gravatar.com\/avatar\/bb65d0283347e303893ba14f0692005417c1e0e690a325a4c5d8bb2b3943ee14?s=96&d=mm&r=g","url":"https:\/\/secure.gravatar.com\/avatar\/bb65d0283347e303893ba14f0692005417c1e0e690a325a4c5d8bb2b3943ee14?s=96&d=mm&r=g","contentUrl":"https:\/\/secure.gravatar.com\/avatar\/bb65d0283347e303893ba14f0692005417c1e0e690a325a4c5d8bb2b3943ee14?s=96&d=mm&r=g","caption":"Cope Alcoy"}}]}},"_links":{"self":[{"href":"https:\/\/www.copealcoy.es\/es\/wp-json\/wp\/v2\/posts\/21370","targetHints":{"allow":["GET"]}}],"collection":[{"href":"https:\/\/www.copealcoy.es\/es\/wp-json\/wp\/v2\/posts"}],"about":[{"href":"https:\/\/www.copealcoy.es\/es\/wp-json\/wp\/v2\/types\/post"}],"author":[{"embeddable":true,"href":"https:\/\/www.copealcoy.es\/es\/wp-json\/wp\/v2\/users\/1"}],"replies":[{"embeddable":true,"href":"https:\/\/www.copealcoy.es\/es\/wp-json\/wp\/v2\/comments?post=21370"}],"version-history":[{"count":0,"href":"https:\/\/www.copealcoy.es\/es\/wp-json\/wp\/v2\/posts\/21370\/revisions"}],"wp:featuredmedia":[{"embeddable":true,"href":"https:\/\/www.copealcoy.es\/es\/wp-json\/wp\/v2\/media\/21444"}],"wp:attachment":[{"href":"https:\/\/www.copealcoy.es\/es\/wp-json\/wp\/v2\/media?parent=21370"}],"wp:term":[{"taxonomy":"category","embeddable":true,"href":"https:\/\/www.copealcoy.es\/es\/wp-json\/wp\/v2\/categories?post=21370"},{"taxonomy":"post_tag","embeddable":true,"href":"https:\/\/www.copealcoy.es\/es\/wp-json\/wp\/v2\/tags?post=21370"}],"curies":[{"name":"wp","href":"https:\/\/api.w.org\/{rel}","templated":true}]}}