{"id":21326,"date":"2016-05-03T20:56:01","date_gmt":"2016-05-03T20:56:01","guid":{"rendered":"http:\/\/copealcoi.es\/new\/?p=21326"},"modified":"2016-05-03T20:57:29","modified_gmt":"2016-05-03T20:57:29","slug":"reunion-del-presidente-la-diputacion-la-alcaldesa-benilloba","status":"publish","type":"post","link":"https:\/\/www.copealcoy.es\/es\/reunion-del-presidente-la-diputacion-la-alcaldesa-benilloba\/","title":{"rendered":"Reuni\u00f3n del Presidente de la Diputaci\u00f3n con la alcaldesa de Benilloba"},"content":{"rendered":"<p style=\"text-align: justify;\">El Presidente de la Diputaci\u00f3n Provincial de Alicante, C\u00e9sar S\u00e1nchez, ha recibido este martes a la alcaldesa de Benilloba, Anna Delia Gisbert. El encuentro, que ha tenido lugar en el palacio provincial, ha servido para que la primera edil transmitiera las necesidades del municipio y de la comarca de El Comtat a la instituci\u00f3n alicantina.\u00a0En este sentido, se habl\u00f3 de\u00a0la importancia de solucionar los problemas de movilidad para facilitar que los habitantes de las localidades m\u00e1s peque\u00f1as se puedan trasladar a n\u00facleos de poblaci\u00f3n m\u00e1s grandes como Alcoy y Cocentaina, principalmente los estudiantes que cursan\u00a0los estudios de Secundaria.<\/p>\n<p style=\"text-align: justify;\">La primera edil de Benilloba, seg\u00fan han informado desde la Diputaci\u00f3n, se ha mostrado tambi\u00e9n interesada por las convocatorias de m\u00fasica y cultura que impulsa el Gobierno Provincial as\u00ed como por los cursos de nataci\u00f3n que se desarrollan desde el \u00e1rea de Deportes.<\/p>\n","protected":false},"excerpt":{"rendered":"<p>El Presidente de la Diputaci\u00f3n Provincial de Alicante, C\u00e9sar S\u00e1nchez, ha recibido este martes a la alcaldesa de Benilloba, Anna&#8230;<\/p>\n","protected":false},"author":1,"featured_media":21327,"comment_status":"open","ping_status":"open","sticky":false,"template":"","format":"standard","meta":{"footnotes":""},"categories":[98,75],"tags":[2207,661,1759,237,947],"class_list":["post-21326","post","type-post","status-publish","format-standard","has-post-thumbnail","hentry","category-comarcas","category-noticias","tag-anna-delia-gisbert","tag-benilloba","tag-cesar-sanchez","tag-comtat","tag-diputacion-de-alicante"],"yoast_head":"<!-- This site is optimized with the Yoast SEO plugin v27.3 - https:\/\/yoast.com\/product\/yoast-seo-wordpress\/ -->\n<title>Reuni\u00f3n del Presidente de la Diputaci\u00f3n con la alcaldesa de Benilloba - COPE Alcoy<\/title>\n<meta name=\"robots\" content=\"index, follow, max-snippet:-1, max-image-preview:large, max-video-preview:-1\" \/>\n<link rel=\"canonical\" href=\"https:\/\/www.copealcoy.es\/es\/reunion-del-presidente-la-diputacion-la-alcaldesa-benilloba\/\" \/>\n<meta property=\"og:locale\" content=\"es_ES\" \/>\n<meta property=\"og:type\" content=\"article\" \/>\n<meta property=\"og:title\" content=\"Reuni\u00f3n del Presidente de la Diputaci\u00f3n con la alcaldesa de Benilloba - COPE Alcoy\" \/>\n<meta property=\"og:description\" content=\"El Presidente de la Diputaci\u00f3n Provincial de Alicante, C\u00e9sar S\u00e1nchez, ha recibido este martes a la alcaldesa de Benilloba, Anna...\" \/>\n<meta property=\"og:url\" content=\"https:\/\/www.copealcoy.es\/es\/reunion-del-presidente-la-diputacion-la-alcaldesa-benilloba\/\" \/>\n<meta property=\"og:site_name\" content=\"COPE Alcoy\" \/>\n<meta property=\"article:published_time\" content=\"2016-05-03T20:56:01+00:00\" \/>\n<meta property=\"article:modified_time\" content=\"2016-05-03T20:57:29+00:00\" \/>\n<meta property=\"og:image\" content=\"https:\/\/www.copealcoy.es\/wp-content\/uploads\/2016\/05\/Visita-alcaldesa-Benilloba-e1462309036761.jpg\" \/>\n\t<meta property=\"og:image:width\" content=\"2126\" \/>\n\t<meta property=\"og:image:height\" content=\"1243\" \/>\n\t<meta property=\"og:image:type\" content=\"image\/jpeg\" \/>\n<meta name=\"author\" content=\"Cope Alcoy\" \/>\n<meta name=\"twitter:label1\" content=\"Escrito por\" \/>\n\t<meta name=\"twitter:data1\" content=\"Cope Alcoy\" \/>\n\t<meta name=\"twitter:label2\" content=\"Tiempo de lectura\" \/>\n\t<meta name=\"twitter:data2\" content=\"1 minuto\" \/>\n<script type=\"application\/ld+json\" class=\"yoast-schema-graph\">{\"@context\":\"https:\\\/\\\/schema.org\",\"@graph\":[{\"@type\":\"Article\",\"@id\":\"https:\\\/\\\/www.copealcoy.es\\\/es\\\/reunion-del-presidente-la-diputacion-la-alcaldesa-benilloba\\\/#article\",\"isPartOf\":{\"@id\":\"https:\\\/\\\/www.copealcoy.es\\\/es\\\/reunion-del-presidente-la-diputacion-la-alcaldesa-benilloba\\\/\"},\"author\":{\"name\":\"Cope Alcoy\",\"@id\":\"https:\\\/\\\/www.copealcoy.es\\\/es\\\/#\\\/schema\\\/person\\\/e777c87fa024e57d40170af9df39882c\"},\"headline\":\"Reuni\u00f3n del Presidente de la Diputaci\u00f3n con la alcaldesa de Benilloba\",\"datePublished\":\"2016-05-03T20:56:01+00:00\",\"dateModified\":\"2016-05-03T20:57:29+00:00\",\"mainEntityOfPage\":{\"@id\":\"https:\\\/\\\/www.copealcoy.es\\\/es\\\/reunion-del-presidente-la-diputacion-la-alcaldesa-benilloba\\\/\"},\"wordCount\":171,\"commentCount\":0,\"image\":{\"@id\":\"https:\\\/\\\/www.copealcoy.es\\\/es\\\/reunion-del-presidente-la-diputacion-la-alcaldesa-benilloba\\\/#primaryimage\"},\"thumbnailUrl\":\"https:\\\/\\\/www.copealcoy.es\\\/wp-content\\\/uploads\\\/2016\\\/05\\\/Visita-alcaldesa-Benilloba-e1462309036761.jpg\",\"keywords\":[\"Anna Delia Gisbert\",\"Benilloba\",\"C\u00e9sar S\u00e1nchez\",\"Comtat\",\"Diputaci\u00f3n de Alicante\"],\"articleSection\":[\"Comarcas\",\"Noticias\"],\"inLanguage\":\"es\"},{\"@type\":\"WebPage\",\"@id\":\"https:\\\/\\\/www.copealcoy.es\\\/es\\\/reunion-del-presidente-la-diputacion-la-alcaldesa-benilloba\\\/\",\"url\":\"https:\\\/\\\/www.copealcoy.es\\\/es\\\/reunion-del-presidente-la-diputacion-la-alcaldesa-benilloba\\\/\",\"name\":\"Reuni\u00f3n del Presidente de la Diputaci\u00f3n con la alcaldesa de Benilloba - COPE Alcoy\",\"isPartOf\":{\"@id\":\"https:\\\/\\\/www.copealcoy.es\\\/es\\\/#website\"},\"primaryImageOfPage\":{\"@id\":\"https:\\\/\\\/www.copealcoy.es\\\/es\\\/reunion-del-presidente-la-diputacion-la-alcaldesa-benilloba\\\/#primaryimage\"},\"image\":{\"@id\":\"https:\\\/\\\/www.copealcoy.es\\\/es\\\/reunion-del-presidente-la-diputacion-la-alcaldesa-benilloba\\\/#primaryimage\"},\"thumbnailUrl\":\"https:\\\/\\\/www.copealcoy.es\\\/wp-content\\\/uploads\\\/2016\\\/05\\\/Visita-alcaldesa-Benilloba-e1462309036761.jpg\",\"datePublished\":\"2016-05-03T20:56:01+00:00\",\"dateModified\":\"2016-05-03T20:57:29+00:00\",\"author\":{\"@id\":\"https:\\\/\\\/www.copealcoy.es\\\/es\\\/#\\\/schema\\\/person\\\/e777c87fa024e57d40170af9df39882c\"},\"breadcrumb\":{\"@id\":\"https:\\\/\\\/www.copealcoy.es\\\/es\\\/reunion-del-presidente-la-diputacion-la-alcaldesa-benilloba\\\/#breadcrumb\"},\"inLanguage\":\"es\",\"potentialAction\":[{\"@type\":\"ReadAction\",\"target\":[\"https:\\\/\\\/www.copealcoy.es\\\/es\\\/reunion-del-presidente-la-diputacion-la-alcaldesa-benilloba\\\/\"]}]},{\"@type\":\"ImageObject\",\"inLanguage\":\"es\",\"@id\":\"https:\\\/\\\/www.copealcoy.es\\\/es\\\/reunion-del-presidente-la-diputacion-la-alcaldesa-benilloba\\\/#primaryimage\",\"url\":\"https:\\\/\\\/www.copealcoy.es\\\/wp-content\\\/uploads\\\/2016\\\/05\\\/Visita-alcaldesa-Benilloba-e1462309036761.jpg\",\"contentUrl\":\"https:\\\/\\\/www.copealcoy.es\\\/wp-content\\\/uploads\\\/2016\\\/05\\\/Visita-alcaldesa-Benilloba-e1462309036761.jpg\",\"width\":2126,\"height\":1243,\"caption\":\"Reuni\u00f3n de la alcaldesa de Benilloba con el Presidente de la Diputaci\u00f3n\"},{\"@type\":\"BreadcrumbList\",\"@id\":\"https:\\\/\\\/www.copealcoy.es\\\/es\\\/reunion-del-presidente-la-diputacion-la-alcaldesa-benilloba\\\/#breadcrumb\",\"itemListElement\":[{\"@type\":\"ListItem\",\"position\":1,\"name\":\"Portada\",\"item\":\"https:\\\/\\\/www.copealcoy.es\\\/es\\\/\"},{\"@type\":\"ListItem\",\"position\":2,\"name\":\"Reuni\u00f3n del Presidente de la Diputaci\u00f3n con la alcaldesa de Benilloba\"}]},{\"@type\":\"WebSite\",\"@id\":\"https:\\\/\\\/www.copealcoy.es\\\/es\\\/#website\",\"url\":\"https:\\\/\\\/www.copealcoy.es\\\/es\\\/\",\"name\":\"COPE Alcoy\",\"description\":\"Emisora COPE de radio local con emisi\u00f3n online. Pont de Sant Jordi 8-10 03803 Alcoy\",\"potentialAction\":[{\"@type\":\"SearchAction\",\"target\":{\"@type\":\"EntryPoint\",\"urlTemplate\":\"https:\\\/\\\/www.copealcoy.es\\\/es\\\/?s={search_term_string}\"},\"query-input\":{\"@type\":\"PropertyValueSpecification\",\"valueRequired\":true,\"valueName\":\"search_term_string\"}}],\"inLanguage\":\"es\"},{\"@type\":\"Person\",\"@id\":\"https:\\\/\\\/www.copealcoy.es\\\/es\\\/#\\\/schema\\\/person\\\/e777c87fa024e57d40170af9df39882c\",\"name\":\"Cope Alcoy\",\"image\":{\"@type\":\"ImageObject\",\"inLanguage\":\"es\",\"@id\":\"https:\\\/\\\/secure.gravatar.com\\\/avatar\\\/bb65d0283347e303893ba14f0692005417c1e0e690a325a4c5d8bb2b3943ee14?s=96&d=mm&r=g\",\"url\":\"https:\\\/\\\/secure.gravatar.com\\\/avatar\\\/bb65d0283347e303893ba14f0692005417c1e0e690a325a4c5d8bb2b3943ee14?s=96&d=mm&r=g\",\"contentUrl\":\"https:\\\/\\\/secure.gravatar.com\\\/avatar\\\/bb65d0283347e303893ba14f0692005417c1e0e690a325a4c5d8bb2b3943ee14?s=96&d=mm&r=g\",\"caption\":\"Cope Alcoy\"}}]}<\/script>\n<!-- \/ Yoast SEO plugin. -->","yoast_head_json":{"title":"Reuni\u00f3n del Presidente de la Diputaci\u00f3n con la alcaldesa de Benilloba - COPE Alcoy","robots":{"index":"index","follow":"follow","max-snippet":"max-snippet:-1","max-image-preview":"max-image-preview:large","max-video-preview":"max-video-preview:-1"},"canonical":"https:\/\/www.copealcoy.es\/es\/reunion-del-presidente-la-diputacion-la-alcaldesa-benilloba\/","og_locale":"es_ES","og_type":"article","og_title":"Reuni\u00f3n del Presidente de la Diputaci\u00f3n con la alcaldesa de Benilloba - COPE Alcoy","og_description":"El Presidente de la Diputaci\u00f3n Provincial de Alicante, C\u00e9sar S\u00e1nchez, ha recibido este martes a la alcaldesa de Benilloba, Anna...","og_url":"https:\/\/www.copealcoy.es\/es\/reunion-del-presidente-la-diputacion-la-alcaldesa-benilloba\/","og_site_name":"COPE Alcoy","article_published_time":"2016-05-03T20:56:01+00:00","article_modified_time":"2016-05-03T20:57:29+00:00","og_image":[{"width":2126,"height":1243,"url":"https:\/\/www.copealcoy.es\/wp-content\/uploads\/2016\/05\/Visita-alcaldesa-Benilloba-e1462309036761.jpg","type":"image\/jpeg"}],"author":"Cope Alcoy","twitter_misc":{"Escrito por":"Cope Alcoy","Tiempo de lectura":"1 minuto"},"schema":{"@context":"https:\/\/schema.org","@graph":[{"@type":"Article","@id":"https:\/\/www.copealcoy.es\/es\/reunion-del-presidente-la-diputacion-la-alcaldesa-benilloba\/#article","isPartOf":{"@id":"https:\/\/www.copealcoy.es\/es\/reunion-del-presidente-la-diputacion-la-alcaldesa-benilloba\/"},"author":{"name":"Cope Alcoy","@id":"https:\/\/www.copealcoy.es\/es\/#\/schema\/person\/e777c87fa024e57d40170af9df39882c"},"headline":"Reuni\u00f3n del Presidente de la Diputaci\u00f3n con la alcaldesa de Benilloba","datePublished":"2016-05-03T20:56:01+00:00","dateModified":"2016-05-03T20:57:29+00:00","mainEntityOfPage":{"@id":"https:\/\/www.copealcoy.es\/es\/reunion-del-presidente-la-diputacion-la-alcaldesa-benilloba\/"},"wordCount":171,"commentCount":0,"image":{"@id":"https:\/\/www.copealcoy.es\/es\/reunion-del-presidente-la-diputacion-la-alcaldesa-benilloba\/#primaryimage"},"thumbnailUrl":"https:\/\/www.copealcoy.es\/wp-content\/uploads\/2016\/05\/Visita-alcaldesa-Benilloba-e1462309036761.jpg","keywords":["Anna Delia Gisbert","Benilloba","C\u00e9sar S\u00e1nchez","Comtat","Diputaci\u00f3n de Alicante"],"articleSection":["Comarcas","Noticias"],"inLanguage":"es"},{"@type":"WebPage","@id":"https:\/\/www.copealcoy.es\/es\/reunion-del-presidente-la-diputacion-la-alcaldesa-benilloba\/","url":"https:\/\/www.copealcoy.es\/es\/reunion-del-presidente-la-diputacion-la-alcaldesa-benilloba\/","name":"Reuni\u00f3n del Presidente de la Diputaci\u00f3n con la alcaldesa de Benilloba - COPE Alcoy","isPartOf":{"@id":"https:\/\/www.copealcoy.es\/es\/#website"},"primaryImageOfPage":{"@id":"https:\/\/www.copealcoy.es\/es\/reunion-del-presidente-la-diputacion-la-alcaldesa-benilloba\/#primaryimage"},"image":{"@id":"https:\/\/www.copealcoy.es\/es\/reunion-del-presidente-la-diputacion-la-alcaldesa-benilloba\/#primaryimage"},"thumbnailUrl":"https:\/\/www.copealcoy.es\/wp-content\/uploads\/2016\/05\/Visita-alcaldesa-Benilloba-e1462309036761.jpg","datePublished":"2016-05-03T20:56:01+00:00","dateModified":"2016-05-03T20:57:29+00:00","author":{"@id":"https:\/\/www.copealcoy.es\/es\/#\/schema\/person\/e777c87fa024e57d40170af9df39882c"},"breadcrumb":{"@id":"https:\/\/www.copealcoy.es\/es\/reunion-del-presidente-la-diputacion-la-alcaldesa-benilloba\/#breadcrumb"},"inLanguage":"es","potentialAction":[{"@type":"ReadAction","target":["https:\/\/www.copealcoy.es\/es\/reunion-del-presidente-la-diputacion-la-alcaldesa-benilloba\/"]}]},{"@type":"ImageObject","inLanguage":"es","@id":"https:\/\/www.copealcoy.es\/es\/reunion-del-presidente-la-diputacion-la-alcaldesa-benilloba\/#primaryimage","url":"https:\/\/www.copealcoy.es\/wp-content\/uploads\/2016\/05\/Visita-alcaldesa-Benilloba-e1462309036761.jpg","contentUrl":"https:\/\/www.copealcoy.es\/wp-content\/uploads\/2016\/05\/Visita-alcaldesa-Benilloba-e1462309036761.jpg","width":2126,"height":1243,"caption":"Reuni\u00f3n de la alcaldesa de Benilloba con el Presidente de la Diputaci\u00f3n"},{"@type":"BreadcrumbList","@id":"https:\/\/www.copealcoy.es\/es\/reunion-del-presidente-la-diputacion-la-alcaldesa-benilloba\/#breadcrumb","itemListElement":[{"@type":"ListItem","position":1,"name":"Portada","item":"https:\/\/www.copealcoy.es\/es\/"},{"@type":"ListItem","position":2,"name":"Reuni\u00f3n del Presidente de la Diputaci\u00f3n con la alcaldesa de Benilloba"}]},{"@type":"WebSite","@id":"https:\/\/www.copealcoy.es\/es\/#website","url":"https:\/\/www.copealcoy.es\/es\/","name":"COPE Alcoy","description":"Emisora COPE de radio local con emisi\u00f3n online. Pont de Sant Jordi 8-10 03803 Alcoy","potentialAction":[{"@type":"SearchAction","target":{"@type":"EntryPoint","urlTemplate":"https:\/\/www.copealcoy.es\/es\/?s={search_term_string}"},"query-input":{"@type":"PropertyValueSpecification","valueRequired":true,"valueName":"search_term_string"}}],"inLanguage":"es"},{"@type":"Person","@id":"https:\/\/www.copealcoy.es\/es\/#\/schema\/person\/e777c87fa024e57d40170af9df39882c","name":"Cope Alcoy","image":{"@type":"ImageObject","inLanguage":"es","@id":"https:\/\/secure.gravatar.com\/avatar\/bb65d0283347e303893ba14f0692005417c1e0e690a325a4c5d8bb2b3943ee14?s=96&d=mm&r=g","url":"https:\/\/secure.gravatar.com\/avatar\/bb65d0283347e303893ba14f0692005417c1e0e690a325a4c5d8bb2b3943ee14?s=96&d=mm&r=g","contentUrl":"https:\/\/secure.gravatar.com\/avatar\/bb65d0283347e303893ba14f0692005417c1e0e690a325a4c5d8bb2b3943ee14?s=96&d=mm&r=g","caption":"Cope Alcoy"}}]}},"_links":{"self":[{"href":"https:\/\/www.copealcoy.es\/es\/wp-json\/wp\/v2\/posts\/21326","targetHints":{"allow":["GET"]}}],"collection":[{"href":"https:\/\/www.copealcoy.es\/es\/wp-json\/wp\/v2\/posts"}],"about":[{"href":"https:\/\/www.copealcoy.es\/es\/wp-json\/wp\/v2\/types\/post"}],"author":[{"embeddable":true,"href":"https:\/\/www.copealcoy.es\/es\/wp-json\/wp\/v2\/users\/1"}],"replies":[{"embeddable":true,"href":"https:\/\/www.copealcoy.es\/es\/wp-json\/wp\/v2\/comments?post=21326"}],"version-history":[{"count":0,"href":"https:\/\/www.copealcoy.es\/es\/wp-json\/wp\/v2\/posts\/21326\/revisions"}],"wp:featuredmedia":[{"embeddable":true,"href":"https:\/\/www.copealcoy.es\/es\/wp-json\/wp\/v2\/media\/21327"}],"wp:attachment":[{"href":"https:\/\/www.copealcoy.es\/es\/wp-json\/wp\/v2\/media?parent=21326"}],"wp:term":[{"taxonomy":"category","embeddable":true,"href":"https:\/\/www.copealcoy.es\/es\/wp-json\/wp\/v2\/categories?post=21326"},{"taxonomy":"post_tag","embeddable":true,"href":"https:\/\/www.copealcoy.es\/es\/wp-json\/wp\/v2\/tags?post=21326"}],"curies":[{"name":"wp","href":"https:\/\/api.w.org\/{rel}","templated":true}]}}