{"id":21314,"date":"2016-05-03T14:18:44","date_gmt":"2016-05-03T14:18:44","guid":{"rendered":"http:\/\/copealcoi.es\/new\/?p=21314"},"modified":"2016-05-03T14:20:25","modified_gmt":"2016-05-03T14:20:25","slug":"la-entraeta-oficial-abrio-la-cuenta-atras-hacia-las-fiestas-muro","status":"publish","type":"post","link":"https:\/\/www.copealcoy.es\/es\/la-entraeta-oficial-abrio-la-cuenta-atras-hacia-las-fiestas-muro\/","title":{"rendered":"La Entraeta Oficial abri\u00f3 la cuenta atr\u00e1s hacia las fiestas de Muro"},"content":{"rendered":"<p style=\"text-align: justify;\">Muro inici\u00f3 el pasado s\u00e1bado la cuenta atr\u00e1s hacia sus fiestas de moros y cristianos en honor a la Virgen de los Desamparados que se vivir\u00e1n con intensidad a partir de este mismo viernes.<\/p>\n<p style=\"text-align: justify;\">La jornada cont\u00f3 con el tradicional concierto de m\u00fasica festera que ofreci\u00f3 la Uni\u00f3n Musical de Muro en colaboraci\u00f3n con la Xafig\u00e0 y que se llev\u00f3 a cabo a partir de las ocho de la tarde en el Centro Cultural Polivalente bajo la direcci\u00f3n de Rafa Garc\u00eda Vidal. La cita, que este a\u00f1o ha cumplido su cuarenta aniversario, cont\u00f3 con un repertorio dividido en dos partes y en el que la banda interpret\u00f3 piezas de autores locales as\u00ed como for\u00e1neos.<\/p>\n<p style=\"text-align: justify;\">En la primera los m\u00fasicos hicieron sonar el pasodoble <em>Fontanares<\/em> de Rafael Alcaraz Ramis, la marcha cristiana\u00a0<em>Ap\u00f3stol Poeta<\/em> de Jos\u00e9 Mar\u00eda Ferrero y la marcha mora\u00a0<em>El Moro del Sinc\u00a0<\/em>de Rafael Giner Estruch. En la recta final se estren\u00f3 la marcha cristiana\u00a0<em>Suketere,\u00a0<\/em>del compositor contestano Francisco Valor y que acompa\u00f1ar\u00e1 al capit\u00e1n cristiano de la Fil\u00e0 Pirates, as\u00ed como la marcha mora <em>Zomara<\/em>\u00a0del mismo autor y que emplear\u00e1 el capit\u00e1n moro de la Fil\u00e0 Marroks para desfilar el domingo por las calles de esta localidad del Comtat. Ya en la segunda parte se pudo escuchar el pasodoble\u00a0<em>Sara <\/em>y la marcha mora<em> Cavall de Foc\u00a0<\/em>del murero Jos\u00e9 Rafael Pascual Vilaplana, la marcha cristiana\u00a0<em>Batallers\u00a0<\/em>de Ram\u00f3n Garc\u00eda i Soler, la cl\u00e1sica <em>Tarde de Abril\u00a0<\/em>del recordado compositor alcoyano Amando Blanquer y\u00a0el estreno tambi\u00e9n de la marcha cristiana\u00a0<em>Maradrag\u00a0<\/em>de Jerem\u00edes Sanchis.<\/p>\n<p style=\"text-align: justify;\">Tras el concierto la fiesta se traslad\u00f3 a las sedes de las diferentes filaes y pasadas las once y media de la noche comenz\u00f3 la\u00a0<em>Entraeta Oficial,\u00a0<\/em>en la intersecci\u00f3n de las calles Sants de la Pedra y Sant Josep, hasta concluir en la Plaza de la Iglesia.<\/p>\n","protected":false},"excerpt":{"rendered":"<p>Muro inici\u00f3 el pasado s\u00e1bado la cuenta atr\u00e1s hacia sus fiestas de moros y cristianos en honor a la Virgen&#8230;<\/p>\n","protected":false},"author":1,"featured_media":21315,"comment_status":"open","ping_status":"open","sticky":false,"template":"","format":"standard","meta":{"footnotes":""},"categories":[98,75],"tags":[237,701,2205,856,135,1552],"class_list":["post-21314","post","type-post","status-publish","format-standard","has-post-thumbnail","hentry","category-comarcas","category-noticias","tag-comtat","tag-concierto","tag-entraeta-oficial","tag-moros-i-cristians","tag-muro","tag-union-musical"],"yoast_head":"<!-- This site is optimized with the Yoast SEO plugin v27.3 - https:\/\/yoast.com\/product\/yoast-seo-wordpress\/ -->\n<title>La Entraeta Oficial abri\u00f3 la cuenta atr\u00e1s hacia las fiestas de Muro - COPE Alcoy<\/title>\n<meta name=\"robots\" content=\"index, follow, max-snippet:-1, max-image-preview:large, max-video-preview:-1\" \/>\n<link rel=\"canonical\" href=\"https:\/\/www.copealcoy.es\/es\/la-entraeta-oficial-abrio-la-cuenta-atras-hacia-las-fiestas-muro\/\" \/>\n<meta property=\"og:locale\" content=\"es_ES\" \/>\n<meta property=\"og:type\" content=\"article\" \/>\n<meta property=\"og:title\" content=\"La Entraeta Oficial abri\u00f3 la cuenta atr\u00e1s hacia las fiestas de Muro - COPE Alcoy\" \/>\n<meta property=\"og:description\" content=\"Muro inici\u00f3 el pasado s\u00e1bado la cuenta atr\u00e1s hacia sus fiestas de moros y cristianos en honor a la Virgen...\" \/>\n<meta property=\"og:url\" content=\"https:\/\/www.copealcoy.es\/es\/la-entraeta-oficial-abrio-la-cuenta-atras-hacia-las-fiestas-muro\/\" \/>\n<meta property=\"og:site_name\" content=\"COPE Alcoy\" \/>\n<meta property=\"article:published_time\" content=\"2016-05-03T14:18:44+00:00\" \/>\n<meta property=\"article:modified_time\" content=\"2016-05-03T14:20:25+00:00\" \/>\n<meta property=\"og:image\" content=\"https:\/\/www.copealcoy.es\/wp-content\/uploads\/2016\/05\/20160501-033.jpg\" \/>\n\t<meta property=\"og:image:width\" content=\"1500\" \/>\n\t<meta property=\"og:image:height\" content=\"1000\" \/>\n\t<meta property=\"og:image:type\" content=\"image\/jpeg\" \/>\n<meta name=\"author\" content=\"Cope Alcoy\" \/>\n<meta name=\"twitter:label1\" content=\"Escrito por\" \/>\n\t<meta name=\"twitter:data1\" content=\"Cope Alcoy\" \/>\n\t<meta name=\"twitter:label2\" content=\"Tiempo de lectura\" \/>\n\t<meta name=\"twitter:data2\" content=\"2 minutos\" \/>\n<script type=\"application\/ld+json\" class=\"yoast-schema-graph\">{\"@context\":\"https:\\\/\\\/schema.org\",\"@graph\":[{\"@type\":\"Article\",\"@id\":\"https:\\\/\\\/www.copealcoy.es\\\/es\\\/la-entraeta-oficial-abrio-la-cuenta-atras-hacia-las-fiestas-muro\\\/#article\",\"isPartOf\":{\"@id\":\"https:\\\/\\\/www.copealcoy.es\\\/es\\\/la-entraeta-oficial-abrio-la-cuenta-atras-hacia-las-fiestas-muro\\\/\"},\"author\":{\"name\":\"Cope Alcoy\",\"@id\":\"https:\\\/\\\/www.copealcoy.es\\\/es\\\/#\\\/schema\\\/person\\\/e777c87fa024e57d40170af9df39882c\"},\"headline\":\"La Entraeta Oficial abri\u00f3 la cuenta atr\u00e1s hacia las fiestas de Muro\",\"datePublished\":\"2016-05-03T14:18:44+00:00\",\"dateModified\":\"2016-05-03T14:20:25+00:00\",\"mainEntityOfPage\":{\"@id\":\"https:\\\/\\\/www.copealcoy.es\\\/es\\\/la-entraeta-oficial-abrio-la-cuenta-atras-hacia-las-fiestas-muro\\\/\"},\"wordCount\":344,\"commentCount\":0,\"image\":{\"@id\":\"https:\\\/\\\/www.copealcoy.es\\\/es\\\/la-entraeta-oficial-abrio-la-cuenta-atras-hacia-las-fiestas-muro\\\/#primaryimage\"},\"thumbnailUrl\":\"https:\\\/\\\/www.copealcoy.es\\\/wp-content\\\/uploads\\\/2016\\\/05\\\/20160501-033.jpg\",\"keywords\":[\"Comtat\",\"Concierto\",\"Entraeta Oficial\",\"Moros i Cristians\",\"Muro\",\"Uni\u00f3n Musical\"],\"articleSection\":[\"Comarcas\",\"Noticias\"],\"inLanguage\":\"es\"},{\"@type\":\"WebPage\",\"@id\":\"https:\\\/\\\/www.copealcoy.es\\\/es\\\/la-entraeta-oficial-abrio-la-cuenta-atras-hacia-las-fiestas-muro\\\/\",\"url\":\"https:\\\/\\\/www.copealcoy.es\\\/es\\\/la-entraeta-oficial-abrio-la-cuenta-atras-hacia-las-fiestas-muro\\\/\",\"name\":\"La Entraeta Oficial abri\u00f3 la cuenta atr\u00e1s hacia las fiestas de Muro - COPE Alcoy\",\"isPartOf\":{\"@id\":\"https:\\\/\\\/www.copealcoy.es\\\/es\\\/#website\"},\"primaryImageOfPage\":{\"@id\":\"https:\\\/\\\/www.copealcoy.es\\\/es\\\/la-entraeta-oficial-abrio-la-cuenta-atras-hacia-las-fiestas-muro\\\/#primaryimage\"},\"image\":{\"@id\":\"https:\\\/\\\/www.copealcoy.es\\\/es\\\/la-entraeta-oficial-abrio-la-cuenta-atras-hacia-las-fiestas-muro\\\/#primaryimage\"},\"thumbnailUrl\":\"https:\\\/\\\/www.copealcoy.es\\\/wp-content\\\/uploads\\\/2016\\\/05\\\/20160501-033.jpg\",\"datePublished\":\"2016-05-03T14:18:44+00:00\",\"dateModified\":\"2016-05-03T14:20:25+00:00\",\"author\":{\"@id\":\"https:\\\/\\\/www.copealcoy.es\\\/es\\\/#\\\/schema\\\/person\\\/e777c87fa024e57d40170af9df39882c\"},\"breadcrumb\":{\"@id\":\"https:\\\/\\\/www.copealcoy.es\\\/es\\\/la-entraeta-oficial-abrio-la-cuenta-atras-hacia-las-fiestas-muro\\\/#breadcrumb\"},\"inLanguage\":\"es\",\"potentialAction\":[{\"@type\":\"ReadAction\",\"target\":[\"https:\\\/\\\/www.copealcoy.es\\\/es\\\/la-entraeta-oficial-abrio-la-cuenta-atras-hacia-las-fiestas-muro\\\/\"]}]},{\"@type\":\"ImageObject\",\"inLanguage\":\"es\",\"@id\":\"https:\\\/\\\/www.copealcoy.es\\\/es\\\/la-entraeta-oficial-abrio-la-cuenta-atras-hacia-las-fiestas-muro\\\/#primaryimage\",\"url\":\"https:\\\/\\\/www.copealcoy.es\\\/wp-content\\\/uploads\\\/2016\\\/05\\\/20160501-033.jpg\",\"contentUrl\":\"https:\\\/\\\/www.copealcoy.es\\\/wp-content\\\/uploads\\\/2016\\\/05\\\/20160501-033.jpg\",\"width\":1500,\"height\":1000,\"caption\":\"Los festeros desfilaron por las calles de Muro en la Entraeta Oficial \\\/ Foto: Rai Mart\u00ednez\"},{\"@type\":\"BreadcrumbList\",\"@id\":\"https:\\\/\\\/www.copealcoy.es\\\/es\\\/la-entraeta-oficial-abrio-la-cuenta-atras-hacia-las-fiestas-muro\\\/#breadcrumb\",\"itemListElement\":[{\"@type\":\"ListItem\",\"position\":1,\"name\":\"Portada\",\"item\":\"https:\\\/\\\/www.copealcoy.es\\\/es\\\/\"},{\"@type\":\"ListItem\",\"position\":2,\"name\":\"La Entraeta Oficial abri\u00f3 la cuenta atr\u00e1s hacia las fiestas de Muro\"}]},{\"@type\":\"WebSite\",\"@id\":\"https:\\\/\\\/www.copealcoy.es\\\/es\\\/#website\",\"url\":\"https:\\\/\\\/www.copealcoy.es\\\/es\\\/\",\"name\":\"COPE Alcoy\",\"description\":\"Emisora COPE de radio local con emisi\u00f3n online. Pont de Sant Jordi 8-10 03803 Alcoy\",\"potentialAction\":[{\"@type\":\"SearchAction\",\"target\":{\"@type\":\"EntryPoint\",\"urlTemplate\":\"https:\\\/\\\/www.copealcoy.es\\\/es\\\/?s={search_term_string}\"},\"query-input\":{\"@type\":\"PropertyValueSpecification\",\"valueRequired\":true,\"valueName\":\"search_term_string\"}}],\"inLanguage\":\"es\"},{\"@type\":\"Person\",\"@id\":\"https:\\\/\\\/www.copealcoy.es\\\/es\\\/#\\\/schema\\\/person\\\/e777c87fa024e57d40170af9df39882c\",\"name\":\"Cope Alcoy\",\"image\":{\"@type\":\"ImageObject\",\"inLanguage\":\"es\",\"@id\":\"https:\\\/\\\/secure.gravatar.com\\\/avatar\\\/bb65d0283347e303893ba14f0692005417c1e0e690a325a4c5d8bb2b3943ee14?s=96&d=mm&r=g\",\"url\":\"https:\\\/\\\/secure.gravatar.com\\\/avatar\\\/bb65d0283347e303893ba14f0692005417c1e0e690a325a4c5d8bb2b3943ee14?s=96&d=mm&r=g\",\"contentUrl\":\"https:\\\/\\\/secure.gravatar.com\\\/avatar\\\/bb65d0283347e303893ba14f0692005417c1e0e690a325a4c5d8bb2b3943ee14?s=96&d=mm&r=g\",\"caption\":\"Cope Alcoy\"}}]}<\/script>\n<!-- \/ Yoast SEO plugin. -->","yoast_head_json":{"title":"La Entraeta Oficial abri\u00f3 la cuenta atr\u00e1s hacia las fiestas de Muro - COPE Alcoy","robots":{"index":"index","follow":"follow","max-snippet":"max-snippet:-1","max-image-preview":"max-image-preview:large","max-video-preview":"max-video-preview:-1"},"canonical":"https:\/\/www.copealcoy.es\/es\/la-entraeta-oficial-abrio-la-cuenta-atras-hacia-las-fiestas-muro\/","og_locale":"es_ES","og_type":"article","og_title":"La Entraeta Oficial abri\u00f3 la cuenta atr\u00e1s hacia las fiestas de Muro - COPE Alcoy","og_description":"Muro inici\u00f3 el pasado s\u00e1bado la cuenta atr\u00e1s hacia sus fiestas de moros y cristianos en honor a la Virgen...","og_url":"https:\/\/www.copealcoy.es\/es\/la-entraeta-oficial-abrio-la-cuenta-atras-hacia-las-fiestas-muro\/","og_site_name":"COPE Alcoy","article_published_time":"2016-05-03T14:18:44+00:00","article_modified_time":"2016-05-03T14:20:25+00:00","og_image":[{"width":1500,"height":1000,"url":"https:\/\/www.copealcoy.es\/wp-content\/uploads\/2016\/05\/20160501-033.jpg","type":"image\/jpeg"}],"author":"Cope Alcoy","twitter_misc":{"Escrito por":"Cope Alcoy","Tiempo de lectura":"2 minutos"},"schema":{"@context":"https:\/\/schema.org","@graph":[{"@type":"Article","@id":"https:\/\/www.copealcoy.es\/es\/la-entraeta-oficial-abrio-la-cuenta-atras-hacia-las-fiestas-muro\/#article","isPartOf":{"@id":"https:\/\/www.copealcoy.es\/es\/la-entraeta-oficial-abrio-la-cuenta-atras-hacia-las-fiestas-muro\/"},"author":{"name":"Cope Alcoy","@id":"https:\/\/www.copealcoy.es\/es\/#\/schema\/person\/e777c87fa024e57d40170af9df39882c"},"headline":"La Entraeta Oficial abri\u00f3 la cuenta atr\u00e1s hacia las fiestas de Muro","datePublished":"2016-05-03T14:18:44+00:00","dateModified":"2016-05-03T14:20:25+00:00","mainEntityOfPage":{"@id":"https:\/\/www.copealcoy.es\/es\/la-entraeta-oficial-abrio-la-cuenta-atras-hacia-las-fiestas-muro\/"},"wordCount":344,"commentCount":0,"image":{"@id":"https:\/\/www.copealcoy.es\/es\/la-entraeta-oficial-abrio-la-cuenta-atras-hacia-las-fiestas-muro\/#primaryimage"},"thumbnailUrl":"https:\/\/www.copealcoy.es\/wp-content\/uploads\/2016\/05\/20160501-033.jpg","keywords":["Comtat","Concierto","Entraeta Oficial","Moros i Cristians","Muro","Uni\u00f3n Musical"],"articleSection":["Comarcas","Noticias"],"inLanguage":"es"},{"@type":"WebPage","@id":"https:\/\/www.copealcoy.es\/es\/la-entraeta-oficial-abrio-la-cuenta-atras-hacia-las-fiestas-muro\/","url":"https:\/\/www.copealcoy.es\/es\/la-entraeta-oficial-abrio-la-cuenta-atras-hacia-las-fiestas-muro\/","name":"La Entraeta Oficial abri\u00f3 la cuenta atr\u00e1s hacia las fiestas de Muro - COPE Alcoy","isPartOf":{"@id":"https:\/\/www.copealcoy.es\/es\/#website"},"primaryImageOfPage":{"@id":"https:\/\/www.copealcoy.es\/es\/la-entraeta-oficial-abrio-la-cuenta-atras-hacia-las-fiestas-muro\/#primaryimage"},"image":{"@id":"https:\/\/www.copealcoy.es\/es\/la-entraeta-oficial-abrio-la-cuenta-atras-hacia-las-fiestas-muro\/#primaryimage"},"thumbnailUrl":"https:\/\/www.copealcoy.es\/wp-content\/uploads\/2016\/05\/20160501-033.jpg","datePublished":"2016-05-03T14:18:44+00:00","dateModified":"2016-05-03T14:20:25+00:00","author":{"@id":"https:\/\/www.copealcoy.es\/es\/#\/schema\/person\/e777c87fa024e57d40170af9df39882c"},"breadcrumb":{"@id":"https:\/\/www.copealcoy.es\/es\/la-entraeta-oficial-abrio-la-cuenta-atras-hacia-las-fiestas-muro\/#breadcrumb"},"inLanguage":"es","potentialAction":[{"@type":"ReadAction","target":["https:\/\/www.copealcoy.es\/es\/la-entraeta-oficial-abrio-la-cuenta-atras-hacia-las-fiestas-muro\/"]}]},{"@type":"ImageObject","inLanguage":"es","@id":"https:\/\/www.copealcoy.es\/es\/la-entraeta-oficial-abrio-la-cuenta-atras-hacia-las-fiestas-muro\/#primaryimage","url":"https:\/\/www.copealcoy.es\/wp-content\/uploads\/2016\/05\/20160501-033.jpg","contentUrl":"https:\/\/www.copealcoy.es\/wp-content\/uploads\/2016\/05\/20160501-033.jpg","width":1500,"height":1000,"caption":"Los festeros desfilaron por las calles de Muro en la Entraeta Oficial \/ Foto: Rai Mart\u00ednez"},{"@type":"BreadcrumbList","@id":"https:\/\/www.copealcoy.es\/es\/la-entraeta-oficial-abrio-la-cuenta-atras-hacia-las-fiestas-muro\/#breadcrumb","itemListElement":[{"@type":"ListItem","position":1,"name":"Portada","item":"https:\/\/www.copealcoy.es\/es\/"},{"@type":"ListItem","position":2,"name":"La Entraeta Oficial abri\u00f3 la cuenta atr\u00e1s hacia las fiestas de Muro"}]},{"@type":"WebSite","@id":"https:\/\/www.copealcoy.es\/es\/#website","url":"https:\/\/www.copealcoy.es\/es\/","name":"COPE Alcoy","description":"Emisora COPE de radio local con emisi\u00f3n online. Pont de Sant Jordi 8-10 03803 Alcoy","potentialAction":[{"@type":"SearchAction","target":{"@type":"EntryPoint","urlTemplate":"https:\/\/www.copealcoy.es\/es\/?s={search_term_string}"},"query-input":{"@type":"PropertyValueSpecification","valueRequired":true,"valueName":"search_term_string"}}],"inLanguage":"es"},{"@type":"Person","@id":"https:\/\/www.copealcoy.es\/es\/#\/schema\/person\/e777c87fa024e57d40170af9df39882c","name":"Cope Alcoy","image":{"@type":"ImageObject","inLanguage":"es","@id":"https:\/\/secure.gravatar.com\/avatar\/bb65d0283347e303893ba14f0692005417c1e0e690a325a4c5d8bb2b3943ee14?s=96&d=mm&r=g","url":"https:\/\/secure.gravatar.com\/avatar\/bb65d0283347e303893ba14f0692005417c1e0e690a325a4c5d8bb2b3943ee14?s=96&d=mm&r=g","contentUrl":"https:\/\/secure.gravatar.com\/avatar\/bb65d0283347e303893ba14f0692005417c1e0e690a325a4c5d8bb2b3943ee14?s=96&d=mm&r=g","caption":"Cope Alcoy"}}]}},"_links":{"self":[{"href":"https:\/\/www.copealcoy.es\/es\/wp-json\/wp\/v2\/posts\/21314","targetHints":{"allow":["GET"]}}],"collection":[{"href":"https:\/\/www.copealcoy.es\/es\/wp-json\/wp\/v2\/posts"}],"about":[{"href":"https:\/\/www.copealcoy.es\/es\/wp-json\/wp\/v2\/types\/post"}],"author":[{"embeddable":true,"href":"https:\/\/www.copealcoy.es\/es\/wp-json\/wp\/v2\/users\/1"}],"replies":[{"embeddable":true,"href":"https:\/\/www.copealcoy.es\/es\/wp-json\/wp\/v2\/comments?post=21314"}],"version-history":[{"count":0,"href":"https:\/\/www.copealcoy.es\/es\/wp-json\/wp\/v2\/posts\/21314\/revisions"}],"wp:featuredmedia":[{"embeddable":true,"href":"https:\/\/www.copealcoy.es\/es\/wp-json\/wp\/v2\/media\/21315"}],"wp:attachment":[{"href":"https:\/\/www.copealcoy.es\/es\/wp-json\/wp\/v2\/media?parent=21314"}],"wp:term":[{"taxonomy":"category","embeddable":true,"href":"https:\/\/www.copealcoy.es\/es\/wp-json\/wp\/v2\/categories?post=21314"},{"taxonomy":"post_tag","embeddable":true,"href":"https:\/\/www.copealcoy.es\/es\/wp-json\/wp\/v2\/tags?post=21314"}],"curies":[{"name":"wp","href":"https:\/\/api.w.org\/{rel}","templated":true}]}}