{"id":21308,"date":"2016-05-03T06:00:09","date_gmt":"2016-05-03T06:00:09","guid":{"rendered":"http:\/\/copealcoi.es\/new\/?p=21308"},"modified":"2016-05-02T20:56:16","modified_gmt":"2016-05-02T20:56:16","slug":"mas-seguridad-la-campana-la-cereza","status":"publish","type":"post","link":"https:\/\/www.copealcoy.es\/es\/mas-seguridad-la-campana-la-cereza\/","title":{"rendered":"M\u00e1s seguridad para la campa\u00f1a de la cereza"},"content":{"rendered":"<p style=\"text-align: justify;\">La Guardia Civil present\u00f3 ayer lunes en el Ayuntamiento de Planes la campa\u00f1a de seguridad que se llevar\u00e1 \u00a0a cabo durante las pr\u00f3ximas semanas con motivo del inicio de la campa\u00f1a de recolecci\u00f3n de la cereza. El operativo estar\u00e1 integrado por cerca de 150 agentes y se repartir\u00e1 en un total de 17 poblaciones entre las comarcas del Comtat, Alcoi\u00e0 y la Marina Alta.<\/p>\n<p style=\"text-align: justify;\">El dispositivo, seg\u00fan explic\u00f3 el Subdelegado del Gobierno Juan Antonio G\u00f3mez junto al coronel Manuel Mu\u00f1oz, pretende evitar robos en los diferentes campos mientras se efect\u00faa la recogida de la cereza al mismo tiempo que busca solucionar cualquier tipo de conflicto que pueda surgir &#8220;durante el pasado a\u00f1o se dieron un total de tres delitos que fueron denunciados y de los cuales dos quedaron despu\u00e9s esclarecidos&#8221;, signific\u00f3 G\u00f3mez.<\/p>\n<p style=\"text-align: justify;\">Se\u00f1alar que el despliegue comenzar\u00e1 de forma inmediata y los agentes que lo integrar\u00e1n tambi\u00e9n contar\u00e1n con el refuerzo de las comandancias de la Guardia Civil de las diferentes poblaciones en las que se recoja cereza.<\/p>\n","protected":false},"excerpt":{"rendered":"<p>La Guardia Civil present\u00f3 ayer lunes en el Ayuntamiento de Planes la campa\u00f1a de seguridad que se llevar\u00e1 \u00a0a cabo&#8230;<\/p>\n","protected":false},"author":1,"featured_media":14021,"comment_status":"open","ping_status":"open","sticky":false,"template":"","format":"standard","meta":{"footnotes":""},"categories":[75,125],"tags":[2202,237,2187,367],"class_list":["post-21308","post","type-post","status-publish","format-standard","has-post-thumbnail","hentry","category-noticias","category-portada","tag-cerezas","tag-comtat","tag-guardia-civil","tag-seguridad"],"yoast_head":"<!-- This site is optimized with the Yoast SEO plugin v27.3 - https:\/\/yoast.com\/product\/yoast-seo-wordpress\/ -->\n<title>M\u00e1s seguridad para la campa\u00f1a de la cereza - COPE Alcoy<\/title>\n<meta name=\"robots\" content=\"index, follow, max-snippet:-1, max-image-preview:large, max-video-preview:-1\" \/>\n<link rel=\"canonical\" href=\"https:\/\/www.copealcoy.es\/es\/mas-seguridad-la-campana-la-cereza\/\" \/>\n<meta property=\"og:locale\" content=\"es_ES\" \/>\n<meta property=\"og:type\" content=\"article\" \/>\n<meta property=\"og:title\" content=\"M\u00e1s seguridad para la campa\u00f1a de la cereza - COPE Alcoy\" \/>\n<meta property=\"og:description\" content=\"La Guardia Civil present\u00f3 ayer lunes en el Ayuntamiento de Planes la campa\u00f1a de seguridad que se llevar\u00e1 \u00a0a cabo...\" \/>\n<meta property=\"og:url\" content=\"https:\/\/www.copealcoy.es\/es\/mas-seguridad-la-campana-la-cereza\/\" \/>\n<meta property=\"og:site_name\" content=\"COPE Alcoy\" \/>\n<meta property=\"article:published_time\" content=\"2016-05-03T06:00:09+00:00\" \/>\n<meta property=\"og:image\" content=\"https:\/\/www.copealcoy.es\/wp-content\/uploads\/2015\/06\/2010-04-09_IMG_2010-04-02_02.06.29__V0301ALCOY.jpg.jpg\" \/>\n\t<meta property=\"og:image:width\" content=\"646\" \/>\n\t<meta property=\"og:image:height\" content=\"409\" \/>\n\t<meta property=\"og:image:type\" content=\"image\/jpeg\" \/>\n<meta name=\"author\" content=\"Cope Alcoy\" \/>\n<meta name=\"twitter:label1\" content=\"Escrito por\" \/>\n\t<meta name=\"twitter:data1\" content=\"Cope Alcoy\" \/>\n\t<meta name=\"twitter:label2\" content=\"Tiempo de lectura\" \/>\n\t<meta name=\"twitter:data2\" content=\"1 minuto\" \/>\n<script type=\"application\/ld+json\" class=\"yoast-schema-graph\">{\"@context\":\"https:\\\/\\\/schema.org\",\"@graph\":[{\"@type\":\"Article\",\"@id\":\"https:\\\/\\\/www.copealcoy.es\\\/es\\\/mas-seguridad-la-campana-la-cereza\\\/#article\",\"isPartOf\":{\"@id\":\"https:\\\/\\\/www.copealcoy.es\\\/es\\\/mas-seguridad-la-campana-la-cereza\\\/\"},\"author\":{\"name\":\"Cope Alcoy\",\"@id\":\"https:\\\/\\\/www.copealcoy.es\\\/es\\\/#\\\/schema\\\/person\\\/e777c87fa024e57d40170af9df39882c\"},\"headline\":\"M\u00e1s seguridad para la campa\u00f1a de la cereza\",\"datePublished\":\"2016-05-03T06:00:09+00:00\",\"mainEntityOfPage\":{\"@id\":\"https:\\\/\\\/www.copealcoy.es\\\/es\\\/mas-seguridad-la-campana-la-cereza\\\/\"},\"wordCount\":191,\"commentCount\":0,\"image\":{\"@id\":\"https:\\\/\\\/www.copealcoy.es\\\/es\\\/mas-seguridad-la-campana-la-cereza\\\/#primaryimage\"},\"thumbnailUrl\":\"https:\\\/\\\/www.copealcoy.es\\\/wp-content\\\/uploads\\\/2015\\\/06\\\/2010-04-09_IMG_2010-04-02_02.06.29__V0301ALCOY.jpg.jpg\",\"keywords\":[\"Cerezas\",\"Comtat\",\"Guardia Civil\",\"Seguridad\"],\"articleSection\":[\"Noticias\",\"Portada\"],\"inLanguage\":\"es\"},{\"@type\":\"WebPage\",\"@id\":\"https:\\\/\\\/www.copealcoy.es\\\/es\\\/mas-seguridad-la-campana-la-cereza\\\/\",\"url\":\"https:\\\/\\\/www.copealcoy.es\\\/es\\\/mas-seguridad-la-campana-la-cereza\\\/\",\"name\":\"M\u00e1s seguridad para la campa\u00f1a de la cereza - COPE Alcoy\",\"isPartOf\":{\"@id\":\"https:\\\/\\\/www.copealcoy.es\\\/es\\\/#website\"},\"primaryImageOfPage\":{\"@id\":\"https:\\\/\\\/www.copealcoy.es\\\/es\\\/mas-seguridad-la-campana-la-cereza\\\/#primaryimage\"},\"image\":{\"@id\":\"https:\\\/\\\/www.copealcoy.es\\\/es\\\/mas-seguridad-la-campana-la-cereza\\\/#primaryimage\"},\"thumbnailUrl\":\"https:\\\/\\\/www.copealcoy.es\\\/wp-content\\\/uploads\\\/2015\\\/06\\\/2010-04-09_IMG_2010-04-02_02.06.29__V0301ALCOY.jpg.jpg\",\"datePublished\":\"2016-05-03T06:00:09+00:00\",\"author\":{\"@id\":\"https:\\\/\\\/www.copealcoy.es\\\/es\\\/#\\\/schema\\\/person\\\/e777c87fa024e57d40170af9df39882c\"},\"breadcrumb\":{\"@id\":\"https:\\\/\\\/www.copealcoy.es\\\/es\\\/mas-seguridad-la-campana-la-cereza\\\/#breadcrumb\"},\"inLanguage\":\"es\",\"potentialAction\":[{\"@type\":\"ReadAction\",\"target\":[\"https:\\\/\\\/www.copealcoy.es\\\/es\\\/mas-seguridad-la-campana-la-cereza\\\/\"]}]},{\"@type\":\"ImageObject\",\"inLanguage\":\"es\",\"@id\":\"https:\\\/\\\/www.copealcoy.es\\\/es\\\/mas-seguridad-la-campana-la-cereza\\\/#primaryimage\",\"url\":\"https:\\\/\\\/www.copealcoy.es\\\/wp-content\\\/uploads\\\/2015\\\/06\\\/2010-04-09_IMG_2010-04-02_02.06.29__V0301ALCOY.jpg.jpg\",\"contentUrl\":\"https:\\\/\\\/www.copealcoy.es\\\/wp-content\\\/uploads\\\/2015\\\/06\\\/2010-04-09_IMG_2010-04-02_02.06.29__V0301ALCOY.jpg.jpg\",\"width\":646,\"height\":409,\"caption\":\"La cosecha se ha reducido hasta el 70% \\\/ Foto: Juani Ruiz\"},{\"@type\":\"BreadcrumbList\",\"@id\":\"https:\\\/\\\/www.copealcoy.es\\\/es\\\/mas-seguridad-la-campana-la-cereza\\\/#breadcrumb\",\"itemListElement\":[{\"@type\":\"ListItem\",\"position\":1,\"name\":\"Portada\",\"item\":\"https:\\\/\\\/www.copealcoy.es\\\/es\\\/\"},{\"@type\":\"ListItem\",\"position\":2,\"name\":\"M\u00e1s seguridad para la campa\u00f1a de la cereza\"}]},{\"@type\":\"WebSite\",\"@id\":\"https:\\\/\\\/www.copealcoy.es\\\/es\\\/#website\",\"url\":\"https:\\\/\\\/www.copealcoy.es\\\/es\\\/\",\"name\":\"COPE Alcoy\",\"description\":\"Emisora COPE de radio local con emisi\u00f3n online. Pont de Sant Jordi 8-10 03803 Alcoy\",\"potentialAction\":[{\"@type\":\"SearchAction\",\"target\":{\"@type\":\"EntryPoint\",\"urlTemplate\":\"https:\\\/\\\/www.copealcoy.es\\\/es\\\/?s={search_term_string}\"},\"query-input\":{\"@type\":\"PropertyValueSpecification\",\"valueRequired\":true,\"valueName\":\"search_term_string\"}}],\"inLanguage\":\"es\"},{\"@type\":\"Person\",\"@id\":\"https:\\\/\\\/www.copealcoy.es\\\/es\\\/#\\\/schema\\\/person\\\/e777c87fa024e57d40170af9df39882c\",\"name\":\"Cope Alcoy\",\"image\":{\"@type\":\"ImageObject\",\"inLanguage\":\"es\",\"@id\":\"https:\\\/\\\/secure.gravatar.com\\\/avatar\\\/bb65d0283347e303893ba14f0692005417c1e0e690a325a4c5d8bb2b3943ee14?s=96&d=mm&r=g\",\"url\":\"https:\\\/\\\/secure.gravatar.com\\\/avatar\\\/bb65d0283347e303893ba14f0692005417c1e0e690a325a4c5d8bb2b3943ee14?s=96&d=mm&r=g\",\"contentUrl\":\"https:\\\/\\\/secure.gravatar.com\\\/avatar\\\/bb65d0283347e303893ba14f0692005417c1e0e690a325a4c5d8bb2b3943ee14?s=96&d=mm&r=g\",\"caption\":\"Cope Alcoy\"}}]}<\/script>\n<!-- \/ Yoast SEO plugin. -->","yoast_head_json":{"title":"M\u00e1s seguridad para la campa\u00f1a de la cereza - COPE Alcoy","robots":{"index":"index","follow":"follow","max-snippet":"max-snippet:-1","max-image-preview":"max-image-preview:large","max-video-preview":"max-video-preview:-1"},"canonical":"https:\/\/www.copealcoy.es\/es\/mas-seguridad-la-campana-la-cereza\/","og_locale":"es_ES","og_type":"article","og_title":"M\u00e1s seguridad para la campa\u00f1a de la cereza - COPE Alcoy","og_description":"La Guardia Civil present\u00f3 ayer lunes en el Ayuntamiento de Planes la campa\u00f1a de seguridad que se llevar\u00e1 \u00a0a cabo...","og_url":"https:\/\/www.copealcoy.es\/es\/mas-seguridad-la-campana-la-cereza\/","og_site_name":"COPE Alcoy","article_published_time":"2016-05-03T06:00:09+00:00","og_image":[{"width":646,"height":409,"url":"https:\/\/www.copealcoy.es\/wp-content\/uploads\/2015\/06\/2010-04-09_IMG_2010-04-02_02.06.29__V0301ALCOY.jpg.jpg","type":"image\/jpeg"}],"author":"Cope Alcoy","twitter_misc":{"Escrito por":"Cope Alcoy","Tiempo de lectura":"1 minuto"},"schema":{"@context":"https:\/\/schema.org","@graph":[{"@type":"Article","@id":"https:\/\/www.copealcoy.es\/es\/mas-seguridad-la-campana-la-cereza\/#article","isPartOf":{"@id":"https:\/\/www.copealcoy.es\/es\/mas-seguridad-la-campana-la-cereza\/"},"author":{"name":"Cope Alcoy","@id":"https:\/\/www.copealcoy.es\/es\/#\/schema\/person\/e777c87fa024e57d40170af9df39882c"},"headline":"M\u00e1s seguridad para la campa\u00f1a de la cereza","datePublished":"2016-05-03T06:00:09+00:00","mainEntityOfPage":{"@id":"https:\/\/www.copealcoy.es\/es\/mas-seguridad-la-campana-la-cereza\/"},"wordCount":191,"commentCount":0,"image":{"@id":"https:\/\/www.copealcoy.es\/es\/mas-seguridad-la-campana-la-cereza\/#primaryimage"},"thumbnailUrl":"https:\/\/www.copealcoy.es\/wp-content\/uploads\/2015\/06\/2010-04-09_IMG_2010-04-02_02.06.29__V0301ALCOY.jpg.jpg","keywords":["Cerezas","Comtat","Guardia Civil","Seguridad"],"articleSection":["Noticias","Portada"],"inLanguage":"es"},{"@type":"WebPage","@id":"https:\/\/www.copealcoy.es\/es\/mas-seguridad-la-campana-la-cereza\/","url":"https:\/\/www.copealcoy.es\/es\/mas-seguridad-la-campana-la-cereza\/","name":"M\u00e1s seguridad para la campa\u00f1a de la cereza - COPE Alcoy","isPartOf":{"@id":"https:\/\/www.copealcoy.es\/es\/#website"},"primaryImageOfPage":{"@id":"https:\/\/www.copealcoy.es\/es\/mas-seguridad-la-campana-la-cereza\/#primaryimage"},"image":{"@id":"https:\/\/www.copealcoy.es\/es\/mas-seguridad-la-campana-la-cereza\/#primaryimage"},"thumbnailUrl":"https:\/\/www.copealcoy.es\/wp-content\/uploads\/2015\/06\/2010-04-09_IMG_2010-04-02_02.06.29__V0301ALCOY.jpg.jpg","datePublished":"2016-05-03T06:00:09+00:00","author":{"@id":"https:\/\/www.copealcoy.es\/es\/#\/schema\/person\/e777c87fa024e57d40170af9df39882c"},"breadcrumb":{"@id":"https:\/\/www.copealcoy.es\/es\/mas-seguridad-la-campana-la-cereza\/#breadcrumb"},"inLanguage":"es","potentialAction":[{"@type":"ReadAction","target":["https:\/\/www.copealcoy.es\/es\/mas-seguridad-la-campana-la-cereza\/"]}]},{"@type":"ImageObject","inLanguage":"es","@id":"https:\/\/www.copealcoy.es\/es\/mas-seguridad-la-campana-la-cereza\/#primaryimage","url":"https:\/\/www.copealcoy.es\/wp-content\/uploads\/2015\/06\/2010-04-09_IMG_2010-04-02_02.06.29__V0301ALCOY.jpg.jpg","contentUrl":"https:\/\/www.copealcoy.es\/wp-content\/uploads\/2015\/06\/2010-04-09_IMG_2010-04-02_02.06.29__V0301ALCOY.jpg.jpg","width":646,"height":409,"caption":"La cosecha se ha reducido hasta el 70% \/ Foto: Juani Ruiz"},{"@type":"BreadcrumbList","@id":"https:\/\/www.copealcoy.es\/es\/mas-seguridad-la-campana-la-cereza\/#breadcrumb","itemListElement":[{"@type":"ListItem","position":1,"name":"Portada","item":"https:\/\/www.copealcoy.es\/es\/"},{"@type":"ListItem","position":2,"name":"M\u00e1s seguridad para la campa\u00f1a de la cereza"}]},{"@type":"WebSite","@id":"https:\/\/www.copealcoy.es\/es\/#website","url":"https:\/\/www.copealcoy.es\/es\/","name":"COPE Alcoy","description":"Emisora COPE de radio local con emisi\u00f3n online. Pont de Sant Jordi 8-10 03803 Alcoy","potentialAction":[{"@type":"SearchAction","target":{"@type":"EntryPoint","urlTemplate":"https:\/\/www.copealcoy.es\/es\/?s={search_term_string}"},"query-input":{"@type":"PropertyValueSpecification","valueRequired":true,"valueName":"search_term_string"}}],"inLanguage":"es"},{"@type":"Person","@id":"https:\/\/www.copealcoy.es\/es\/#\/schema\/person\/e777c87fa024e57d40170af9df39882c","name":"Cope Alcoy","image":{"@type":"ImageObject","inLanguage":"es","@id":"https:\/\/secure.gravatar.com\/avatar\/bb65d0283347e303893ba14f0692005417c1e0e690a325a4c5d8bb2b3943ee14?s=96&d=mm&r=g","url":"https:\/\/secure.gravatar.com\/avatar\/bb65d0283347e303893ba14f0692005417c1e0e690a325a4c5d8bb2b3943ee14?s=96&d=mm&r=g","contentUrl":"https:\/\/secure.gravatar.com\/avatar\/bb65d0283347e303893ba14f0692005417c1e0e690a325a4c5d8bb2b3943ee14?s=96&d=mm&r=g","caption":"Cope Alcoy"}}]}},"_links":{"self":[{"href":"https:\/\/www.copealcoy.es\/es\/wp-json\/wp\/v2\/posts\/21308","targetHints":{"allow":["GET"]}}],"collection":[{"href":"https:\/\/www.copealcoy.es\/es\/wp-json\/wp\/v2\/posts"}],"about":[{"href":"https:\/\/www.copealcoy.es\/es\/wp-json\/wp\/v2\/types\/post"}],"author":[{"embeddable":true,"href":"https:\/\/www.copealcoy.es\/es\/wp-json\/wp\/v2\/users\/1"}],"replies":[{"embeddable":true,"href":"https:\/\/www.copealcoy.es\/es\/wp-json\/wp\/v2\/comments?post=21308"}],"version-history":[{"count":0,"href":"https:\/\/www.copealcoy.es\/es\/wp-json\/wp\/v2\/posts\/21308\/revisions"}],"wp:featuredmedia":[{"embeddable":true,"href":"https:\/\/www.copealcoy.es\/es\/wp-json\/wp\/v2\/media\/14021"}],"wp:attachment":[{"href":"https:\/\/www.copealcoy.es\/es\/wp-json\/wp\/v2\/media?parent=21308"}],"wp:term":[{"taxonomy":"category","embeddable":true,"href":"https:\/\/www.copealcoy.es\/es\/wp-json\/wp\/v2\/categories?post=21308"},{"taxonomy":"post_tag","embeddable":true,"href":"https:\/\/www.copealcoy.es\/es\/wp-json\/wp\/v2\/tags?post=21308"}],"curies":[{"name":"wp","href":"https:\/\/api.w.org\/{rel}","templated":true}]}}