{"id":21275,"date":"2016-05-02T06:00:25","date_gmt":"2016-05-02T06:00:25","guid":{"rendered":"http:\/\/copealcoi.es\/new\/?p=21275"},"modified":"2016-05-01T21:28:28","modified_gmt":"2016-05-01T21:28:28","slug":"tapa-i-festa-reunio-a-10-000-visitantes-en-la-glorieta","status":"publish","type":"post","link":"https:\/\/www.copealcoy.es\/es\/tapa-i-festa-reunio-a-10-000-visitantes-en-la-glorieta\/","title":{"rendered":"Tapa i Festa reuni\u00f3 a 10.000 visitantes en La Glorieta"},"content":{"rendered":"<p style=\"text-align: justify;\">M\u00e1s de 10.000 personas pasaron durante las pasadas fiestas de moros y cristianos de Alcoy por el Parque de La Glorieta en la primera edici\u00f3n de la Feria Gastron\u00f3mica Tapa i Festa. As\u00ed se desprende de las cifras aportadas por el \u00e1rea de Consumo del Ayuntamiento y en las que tambi\u00e9n se destaca que de las firmas un total de\u00a013 ofrec\u00edan productos alimenticios mientras que 10 estaban destinadas a la venta de art\u00edculos aut\u00f3ctonos.<\/p>\n<p style=\"text-align: justify;\">La edil Mar\u00eda Baca ha apuntado que esta iniciativa ha dado respuesta a una hist\u00f3rica reivindicaci\u00f3n tanto de sectores de la ciudad como de visitantes a los festejos en honor a Sant Jordi &#8220;la Glorieta es un lugar emblem\u00e1tico y hemos podido comprobar que el \u00e9xito ha sido rotundo ya que el recinto estaba abarrotado de gente sobre todo en las horas de las comidas y cenas&#8221;, se\u00f1ala.<\/p>\n<p>Finalmente la concejala confirma que la Feria tendr\u00e1 continuidad el pr\u00f3ximo a\u00f1o 2017 &#8220;ante la buena respuesta que ha tenido vamos a trabajar en la pr\u00f3xima edici\u00f3n para mejorarla y a\u00f1adir novedades&#8221;, concluye.<\/p>\n<p>&nbsp;<\/p>\n","protected":false},"excerpt":{"rendered":"<p>M\u00e1s de 10.000 personas pasaron durante las pasadas fiestas de moros y cristianos de Alcoy por el Parque de La&#8230;<\/p>\n","protected":false},"author":1,"featured_media":21276,"comment_status":"open","ping_status":"open","sticky":false,"template":"","format":"standard","meta":{"footnotes":""},"categories":[97,78,75],"tags":[1494,716,1962,856,2197],"class_list":["post-21275","post","type-post","status-publish","format-standard","has-post-thumbnail","hentry","category-alcoy","category-fiestaycultura","category-noticias","tag-alcoy","tag-gastronomia","tag-glorieta","tag-moros-i-cristians","tag-tapa-i-festa"],"yoast_head":"<!-- This site is optimized with the Yoast SEO plugin v27.3 - https:\/\/yoast.com\/product\/yoast-seo-wordpress\/ -->\n<title>Tapa i Festa reuni\u00f3 a 10.000 visitantes en La Glorieta - COPE Alcoy<\/title>\n<meta name=\"robots\" content=\"index, follow, max-snippet:-1, max-image-preview:large, max-video-preview:-1\" \/>\n<link rel=\"canonical\" href=\"https:\/\/www.copealcoy.es\/es\/tapa-i-festa-reunio-a-10-000-visitantes-en-la-glorieta\/\" \/>\n<meta property=\"og:locale\" content=\"es_ES\" \/>\n<meta property=\"og:type\" content=\"article\" \/>\n<meta property=\"og:title\" content=\"Tapa i Festa reuni\u00f3 a 10.000 visitantes en La Glorieta - COPE Alcoy\" \/>\n<meta property=\"og:description\" content=\"M\u00e1s de 10.000 personas pasaron durante las pasadas fiestas de moros y cristianos de Alcoy por el Parque de La...\" \/>\n<meta property=\"og:url\" content=\"https:\/\/www.copealcoy.es\/es\/tapa-i-festa-reunio-a-10-000-visitantes-en-la-glorieta\/\" \/>\n<meta property=\"og:site_name\" content=\"COPE Alcoy\" \/>\n<meta property=\"article:published_time\" content=\"2016-05-02T06:00:25+00:00\" \/>\n<meta property=\"og:image\" content=\"https:\/\/www.copealcoy.es\/wp-content\/uploads\/2016\/05\/13120698_10209230044688855_1701119660_o.jpg\" \/>\n\t<meta property=\"og:image:width\" content=\"1334\" \/>\n\t<meta property=\"og:image:height\" content=\"750\" \/>\n\t<meta property=\"og:image:type\" content=\"image\/jpeg\" \/>\n<meta name=\"author\" content=\"Cope Alcoy\" \/>\n<meta name=\"twitter:label1\" content=\"Escrito por\" \/>\n\t<meta name=\"twitter:data1\" content=\"Cope Alcoy\" \/>\n\t<meta name=\"twitter:label2\" content=\"Tiempo de lectura\" \/>\n\t<meta name=\"twitter:data2\" content=\"1 minuto\" \/>\n<script type=\"application\/ld+json\" class=\"yoast-schema-graph\">{\"@context\":\"https:\\\/\\\/schema.org\",\"@graph\":[{\"@type\":\"Article\",\"@id\":\"https:\\\/\\\/www.copealcoy.es\\\/es\\\/tapa-i-festa-reunio-a-10-000-visitantes-en-la-glorieta\\\/#article\",\"isPartOf\":{\"@id\":\"https:\\\/\\\/www.copealcoy.es\\\/es\\\/tapa-i-festa-reunio-a-10-000-visitantes-en-la-glorieta\\\/\"},\"author\":{\"name\":\"Cope Alcoy\",\"@id\":\"https:\\\/\\\/www.copealcoy.es\\\/es\\\/#\\\/schema\\\/person\\\/e777c87fa024e57d40170af9df39882c\"},\"headline\":\"Tapa i Festa reuni\u00f3 a 10.000 visitantes en La Glorieta\",\"datePublished\":\"2016-05-02T06:00:25+00:00\",\"mainEntityOfPage\":{\"@id\":\"https:\\\/\\\/www.copealcoy.es\\\/es\\\/tapa-i-festa-reunio-a-10-000-visitantes-en-la-glorieta\\\/\"},\"wordCount\":199,\"commentCount\":0,\"image\":{\"@id\":\"https:\\\/\\\/www.copealcoy.es\\\/es\\\/tapa-i-festa-reunio-a-10-000-visitantes-en-la-glorieta\\\/#primaryimage\"},\"thumbnailUrl\":\"https:\\\/\\\/www.copealcoy.es\\\/wp-content\\\/uploads\\\/2016\\\/05\\\/13120698_10209230044688855_1701119660_o.jpg\",\"keywords\":[\"Alcoy\",\"Gastronom\u00eda\",\"Glorieta\",\"Moros i Cristians\",\"Tapa i Festa\"],\"articleSection\":[\"Alcoy\",\"Fiesta y Cultura\",\"Noticias\"],\"inLanguage\":\"es\"},{\"@type\":\"WebPage\",\"@id\":\"https:\\\/\\\/www.copealcoy.es\\\/es\\\/tapa-i-festa-reunio-a-10-000-visitantes-en-la-glorieta\\\/\",\"url\":\"https:\\\/\\\/www.copealcoy.es\\\/es\\\/tapa-i-festa-reunio-a-10-000-visitantes-en-la-glorieta\\\/\",\"name\":\"Tapa i Festa reuni\u00f3 a 10.000 visitantes en La Glorieta - COPE Alcoy\",\"isPartOf\":{\"@id\":\"https:\\\/\\\/www.copealcoy.es\\\/es\\\/#website\"},\"primaryImageOfPage\":{\"@id\":\"https:\\\/\\\/www.copealcoy.es\\\/es\\\/tapa-i-festa-reunio-a-10-000-visitantes-en-la-glorieta\\\/#primaryimage\"},\"image\":{\"@id\":\"https:\\\/\\\/www.copealcoy.es\\\/es\\\/tapa-i-festa-reunio-a-10-000-visitantes-en-la-glorieta\\\/#primaryimage\"},\"thumbnailUrl\":\"https:\\\/\\\/www.copealcoy.es\\\/wp-content\\\/uploads\\\/2016\\\/05\\\/13120698_10209230044688855_1701119660_o.jpg\",\"datePublished\":\"2016-05-02T06:00:25+00:00\",\"author\":{\"@id\":\"https:\\\/\\\/www.copealcoy.es\\\/es\\\/#\\\/schema\\\/person\\\/e777c87fa024e57d40170af9df39882c\"},\"breadcrumb\":{\"@id\":\"https:\\\/\\\/www.copealcoy.es\\\/es\\\/tapa-i-festa-reunio-a-10-000-visitantes-en-la-glorieta\\\/#breadcrumb\"},\"inLanguage\":\"es\",\"potentialAction\":[{\"@type\":\"ReadAction\",\"target\":[\"https:\\\/\\\/www.copealcoy.es\\\/es\\\/tapa-i-festa-reunio-a-10-000-visitantes-en-la-glorieta\\\/\"]}]},{\"@type\":\"ImageObject\",\"inLanguage\":\"es\",\"@id\":\"https:\\\/\\\/www.copealcoy.es\\\/es\\\/tapa-i-festa-reunio-a-10-000-visitantes-en-la-glorieta\\\/#primaryimage\",\"url\":\"https:\\\/\\\/www.copealcoy.es\\\/wp-content\\\/uploads\\\/2016\\\/05\\\/13120698_10209230044688855_1701119660_o.jpg\",\"contentUrl\":\"https:\\\/\\\/www.copealcoy.es\\\/wp-content\\\/uploads\\\/2016\\\/05\\\/13120698_10209230044688855_1701119660_o.jpg\",\"width\":1334,\"height\":750,\"caption\":\"La Glorieta acogi\u00f3 el espacio Tapa i Festa\"},{\"@type\":\"BreadcrumbList\",\"@id\":\"https:\\\/\\\/www.copealcoy.es\\\/es\\\/tapa-i-festa-reunio-a-10-000-visitantes-en-la-glorieta\\\/#breadcrumb\",\"itemListElement\":[{\"@type\":\"ListItem\",\"position\":1,\"name\":\"Portada\",\"item\":\"https:\\\/\\\/www.copealcoy.es\\\/es\\\/\"},{\"@type\":\"ListItem\",\"position\":2,\"name\":\"Tapa i Festa reuni\u00f3 a 10.000 visitantes en La Glorieta\"}]},{\"@type\":\"WebSite\",\"@id\":\"https:\\\/\\\/www.copealcoy.es\\\/es\\\/#website\",\"url\":\"https:\\\/\\\/www.copealcoy.es\\\/es\\\/\",\"name\":\"COPE Alcoy\",\"description\":\"Emisora COPE de radio local con emisi\u00f3n online. Pont de Sant Jordi 8-10 03803 Alcoy\",\"potentialAction\":[{\"@type\":\"SearchAction\",\"target\":{\"@type\":\"EntryPoint\",\"urlTemplate\":\"https:\\\/\\\/www.copealcoy.es\\\/es\\\/?s={search_term_string}\"},\"query-input\":{\"@type\":\"PropertyValueSpecification\",\"valueRequired\":true,\"valueName\":\"search_term_string\"}}],\"inLanguage\":\"es\"},{\"@type\":\"Person\",\"@id\":\"https:\\\/\\\/www.copealcoy.es\\\/es\\\/#\\\/schema\\\/person\\\/e777c87fa024e57d40170af9df39882c\",\"name\":\"Cope Alcoy\",\"image\":{\"@type\":\"ImageObject\",\"inLanguage\":\"es\",\"@id\":\"https:\\\/\\\/secure.gravatar.com\\\/avatar\\\/bb65d0283347e303893ba14f0692005417c1e0e690a325a4c5d8bb2b3943ee14?s=96&d=mm&r=g\",\"url\":\"https:\\\/\\\/secure.gravatar.com\\\/avatar\\\/bb65d0283347e303893ba14f0692005417c1e0e690a325a4c5d8bb2b3943ee14?s=96&d=mm&r=g\",\"contentUrl\":\"https:\\\/\\\/secure.gravatar.com\\\/avatar\\\/bb65d0283347e303893ba14f0692005417c1e0e690a325a4c5d8bb2b3943ee14?s=96&d=mm&r=g\",\"caption\":\"Cope Alcoy\"}}]}<\/script>\n<!-- \/ Yoast SEO plugin. -->","yoast_head_json":{"title":"Tapa i Festa reuni\u00f3 a 10.000 visitantes en La Glorieta - COPE Alcoy","robots":{"index":"index","follow":"follow","max-snippet":"max-snippet:-1","max-image-preview":"max-image-preview:large","max-video-preview":"max-video-preview:-1"},"canonical":"https:\/\/www.copealcoy.es\/es\/tapa-i-festa-reunio-a-10-000-visitantes-en-la-glorieta\/","og_locale":"es_ES","og_type":"article","og_title":"Tapa i Festa reuni\u00f3 a 10.000 visitantes en La Glorieta - COPE Alcoy","og_description":"M\u00e1s de 10.000 personas pasaron durante las pasadas fiestas de moros y cristianos de Alcoy por el Parque de La...","og_url":"https:\/\/www.copealcoy.es\/es\/tapa-i-festa-reunio-a-10-000-visitantes-en-la-glorieta\/","og_site_name":"COPE Alcoy","article_published_time":"2016-05-02T06:00:25+00:00","og_image":[{"width":1334,"height":750,"url":"https:\/\/www.copealcoy.es\/wp-content\/uploads\/2016\/05\/13120698_10209230044688855_1701119660_o.jpg","type":"image\/jpeg"}],"author":"Cope Alcoy","twitter_misc":{"Escrito por":"Cope Alcoy","Tiempo de lectura":"1 minuto"},"schema":{"@context":"https:\/\/schema.org","@graph":[{"@type":"Article","@id":"https:\/\/www.copealcoy.es\/es\/tapa-i-festa-reunio-a-10-000-visitantes-en-la-glorieta\/#article","isPartOf":{"@id":"https:\/\/www.copealcoy.es\/es\/tapa-i-festa-reunio-a-10-000-visitantes-en-la-glorieta\/"},"author":{"name":"Cope Alcoy","@id":"https:\/\/www.copealcoy.es\/es\/#\/schema\/person\/e777c87fa024e57d40170af9df39882c"},"headline":"Tapa i Festa reuni\u00f3 a 10.000 visitantes en La Glorieta","datePublished":"2016-05-02T06:00:25+00:00","mainEntityOfPage":{"@id":"https:\/\/www.copealcoy.es\/es\/tapa-i-festa-reunio-a-10-000-visitantes-en-la-glorieta\/"},"wordCount":199,"commentCount":0,"image":{"@id":"https:\/\/www.copealcoy.es\/es\/tapa-i-festa-reunio-a-10-000-visitantes-en-la-glorieta\/#primaryimage"},"thumbnailUrl":"https:\/\/www.copealcoy.es\/wp-content\/uploads\/2016\/05\/13120698_10209230044688855_1701119660_o.jpg","keywords":["Alcoy","Gastronom\u00eda","Glorieta","Moros i Cristians","Tapa i Festa"],"articleSection":["Alcoy","Fiesta y Cultura","Noticias"],"inLanguage":"es"},{"@type":"WebPage","@id":"https:\/\/www.copealcoy.es\/es\/tapa-i-festa-reunio-a-10-000-visitantes-en-la-glorieta\/","url":"https:\/\/www.copealcoy.es\/es\/tapa-i-festa-reunio-a-10-000-visitantes-en-la-glorieta\/","name":"Tapa i Festa reuni\u00f3 a 10.000 visitantes en La Glorieta - COPE Alcoy","isPartOf":{"@id":"https:\/\/www.copealcoy.es\/es\/#website"},"primaryImageOfPage":{"@id":"https:\/\/www.copealcoy.es\/es\/tapa-i-festa-reunio-a-10-000-visitantes-en-la-glorieta\/#primaryimage"},"image":{"@id":"https:\/\/www.copealcoy.es\/es\/tapa-i-festa-reunio-a-10-000-visitantes-en-la-glorieta\/#primaryimage"},"thumbnailUrl":"https:\/\/www.copealcoy.es\/wp-content\/uploads\/2016\/05\/13120698_10209230044688855_1701119660_o.jpg","datePublished":"2016-05-02T06:00:25+00:00","author":{"@id":"https:\/\/www.copealcoy.es\/es\/#\/schema\/person\/e777c87fa024e57d40170af9df39882c"},"breadcrumb":{"@id":"https:\/\/www.copealcoy.es\/es\/tapa-i-festa-reunio-a-10-000-visitantes-en-la-glorieta\/#breadcrumb"},"inLanguage":"es","potentialAction":[{"@type":"ReadAction","target":["https:\/\/www.copealcoy.es\/es\/tapa-i-festa-reunio-a-10-000-visitantes-en-la-glorieta\/"]}]},{"@type":"ImageObject","inLanguage":"es","@id":"https:\/\/www.copealcoy.es\/es\/tapa-i-festa-reunio-a-10-000-visitantes-en-la-glorieta\/#primaryimage","url":"https:\/\/www.copealcoy.es\/wp-content\/uploads\/2016\/05\/13120698_10209230044688855_1701119660_o.jpg","contentUrl":"https:\/\/www.copealcoy.es\/wp-content\/uploads\/2016\/05\/13120698_10209230044688855_1701119660_o.jpg","width":1334,"height":750,"caption":"La Glorieta acogi\u00f3 el espacio Tapa i Festa"},{"@type":"BreadcrumbList","@id":"https:\/\/www.copealcoy.es\/es\/tapa-i-festa-reunio-a-10-000-visitantes-en-la-glorieta\/#breadcrumb","itemListElement":[{"@type":"ListItem","position":1,"name":"Portada","item":"https:\/\/www.copealcoy.es\/es\/"},{"@type":"ListItem","position":2,"name":"Tapa i Festa reuni\u00f3 a 10.000 visitantes en La Glorieta"}]},{"@type":"WebSite","@id":"https:\/\/www.copealcoy.es\/es\/#website","url":"https:\/\/www.copealcoy.es\/es\/","name":"COPE Alcoy","description":"Emisora COPE de radio local con emisi\u00f3n online. Pont de Sant Jordi 8-10 03803 Alcoy","potentialAction":[{"@type":"SearchAction","target":{"@type":"EntryPoint","urlTemplate":"https:\/\/www.copealcoy.es\/es\/?s={search_term_string}"},"query-input":{"@type":"PropertyValueSpecification","valueRequired":true,"valueName":"search_term_string"}}],"inLanguage":"es"},{"@type":"Person","@id":"https:\/\/www.copealcoy.es\/es\/#\/schema\/person\/e777c87fa024e57d40170af9df39882c","name":"Cope Alcoy","image":{"@type":"ImageObject","inLanguage":"es","@id":"https:\/\/secure.gravatar.com\/avatar\/bb65d0283347e303893ba14f0692005417c1e0e690a325a4c5d8bb2b3943ee14?s=96&d=mm&r=g","url":"https:\/\/secure.gravatar.com\/avatar\/bb65d0283347e303893ba14f0692005417c1e0e690a325a4c5d8bb2b3943ee14?s=96&d=mm&r=g","contentUrl":"https:\/\/secure.gravatar.com\/avatar\/bb65d0283347e303893ba14f0692005417c1e0e690a325a4c5d8bb2b3943ee14?s=96&d=mm&r=g","caption":"Cope Alcoy"}}]}},"_links":{"self":[{"href":"https:\/\/www.copealcoy.es\/es\/wp-json\/wp\/v2\/posts\/21275","targetHints":{"allow":["GET"]}}],"collection":[{"href":"https:\/\/www.copealcoy.es\/es\/wp-json\/wp\/v2\/posts"}],"about":[{"href":"https:\/\/www.copealcoy.es\/es\/wp-json\/wp\/v2\/types\/post"}],"author":[{"embeddable":true,"href":"https:\/\/www.copealcoy.es\/es\/wp-json\/wp\/v2\/users\/1"}],"replies":[{"embeddable":true,"href":"https:\/\/www.copealcoy.es\/es\/wp-json\/wp\/v2\/comments?post=21275"}],"version-history":[{"count":0,"href":"https:\/\/www.copealcoy.es\/es\/wp-json\/wp\/v2\/posts\/21275\/revisions"}],"wp:featuredmedia":[{"embeddable":true,"href":"https:\/\/www.copealcoy.es\/es\/wp-json\/wp\/v2\/media\/21276"}],"wp:attachment":[{"href":"https:\/\/www.copealcoy.es\/es\/wp-json\/wp\/v2\/media?parent=21275"}],"wp:term":[{"taxonomy":"category","embeddable":true,"href":"https:\/\/www.copealcoy.es\/es\/wp-json\/wp\/v2\/categories?post=21275"},{"taxonomy":"post_tag","embeddable":true,"href":"https:\/\/www.copealcoy.es\/es\/wp-json\/wp\/v2\/tags?post=21275"}],"curies":[{"name":"wp","href":"https:\/\/api.w.org\/{rel}","templated":true}]}}