{"id":21202,"date":"2016-04-28T14:37:52","date_gmt":"2016-04-28T14:37:52","guid":{"rendered":"http:\/\/copealcoi.es\/new\/?p=21202"},"modified":"2016-04-28T14:37:52","modified_gmt":"2016-04-28T14:37:52","slug":"las-fiestas-del-2017-podrian-celebrarse-a-finales-de-abril","status":"publish","type":"post","link":"https:\/\/www.copealcoy.es\/es\/las-fiestas-del-2017-podrian-celebrarse-a-finales-de-abril\/","title":{"rendered":"Las fiestas de 2017 podr\u00edan celebrarse a finales de abril"},"content":{"rendered":"<p style=\"text-align: justify;\">Las fiestas de moros y cristianos de Alcoy del 2017 se podr\u00edan celebrar a finales del mes de abril debido a la cercan\u00eda de la Semana Santa con las jornadas habituales en las que transcurren los festejos en honor a San Jorge. El calendario del pr\u00f3ximo a\u00f1o contempla que el 16 de abril ser\u00e1 el Domingo de Resurrecci\u00f3n por lo tanto la Gloria se celebrar\u00e1 justo una semana antes del d\u00eda de San Jorge,\u00a0lo cual obligar\u00e1 a reducir considerablemente el calendario de Entraetes y a concentrar los actos previos de la trilog\u00eda.<\/p>\n<p style=\"text-align: justify;\">El edil de Fiestas, Ra\u00fcl Llopis, ha asegurado al respecto este jueves que si las fiestas se celebran los d\u00edas tradicionales, es decir 22-23 y 24 de abril, &#8220;tendr\u00edamos que condensar mucho el programa de actos previos para celebrar la Gloria Infantil el Lunes de Pascua que ser\u00e1 laborable y nos ver\u00edamos obligados a tener que empezar les Entraetes el 1 de abril para dar cabida a todas las filaes&#8221;, se\u00f1ala. La posibilidad que hay sobre la mesa pasa por arrancar\u00a0las fiestas el 27 de abril con el d\u00eda Els M\u00fasics para dar paso a las Entradas el 28, la festividad del patr\u00f3n el 29 y el d\u00eda del Alardo el d\u00eda 30. De esta forma el 1 de mayo, D\u00eda Internacional del Trabajo, ser\u00eda la jornada de descanso que contar\u00eda paralelamente con los actos reivindicativos habituales de este d\u00eda.<\/p>\n<p style=\"text-align: justify;\">El concejal indica que se van a mantener contactos con la Asociaci\u00f3n de San Jorge y tambi\u00e9n con el Consejo Econ\u00f3mico y Social (CES) antes de aprobar los festivos locales en sesi\u00f3n plenaria\u00a0y pactar un calendario para lo que queda de legislatura. En este sentido Llopis a\u00f1ade que antes hay que esperar a &#8220;a la aprobaci\u00f3n de los nuevos estatutos de la Asociaci\u00f3n de San Jorge y a los cambios que vayan a producirse en el Casal despu\u00e9s de este tr\u00e1mite&#8221;.<\/p>\n<p style=\"text-align: justify;\">Se\u00f1alar que todos los agentes implicados quieren resolver cuanto antes la cuesti\u00f3n para facilitar a les filaes formalizar sus contratos as\u00ed como a los touroperadores planificar con antelaci\u00f3n las diferentes actividades.<\/p>\n","protected":false},"excerpt":{"rendered":"<p>Las fiestas de moros y cristianos de Alcoy del 2017 se podr\u00edan celebrar a finales del mes de abril debido&#8230;<\/p>\n","protected":false},"author":1,"featured_media":21066,"comment_status":"open","ping_status":"open","sticky":false,"template":"","format":"standard","meta":{"footnotes":""},"categories":[97,75,125],"tags":[1494,1771,920,856,2188,1856,745],"class_list":["post-21202","post","type-post","status-publish","format-standard","has-post-thumbnail","hentry","category-alcoy","category-noticias","category-portada","tag-alcoy","tag-asociacion-de-san-jorge","tag-gloria","tag-moros-i-cristians","tag-pascua","tag-raul-llopis","tag-semana-santa"],"yoast_head":"<!-- This site is optimized with the Yoast SEO plugin v27.3 - https:\/\/yoast.com\/product\/yoast-seo-wordpress\/ -->\n<title>Las fiestas de 2017 podr\u00edan celebrarse a finales de abril - COPE Alcoy<\/title>\n<meta name=\"robots\" content=\"index, follow, max-snippet:-1, max-image-preview:large, max-video-preview:-1\" \/>\n<link rel=\"canonical\" href=\"https:\/\/www.copealcoy.es\/es\/las-fiestas-del-2017-podrian-celebrarse-a-finales-de-abril\/\" \/>\n<meta property=\"og:locale\" content=\"es_ES\" \/>\n<meta property=\"og:type\" content=\"article\" \/>\n<meta property=\"og:title\" content=\"Las fiestas de 2017 podr\u00edan celebrarse a finales de abril - COPE Alcoy\" \/>\n<meta property=\"og:description\" content=\"Las fiestas de moros y cristianos de Alcoy del 2017 se podr\u00edan celebrar a finales del mes de abril debido...\" \/>\n<meta property=\"og:url\" content=\"https:\/\/www.copealcoy.es\/es\/las-fiestas-del-2017-podrian-celebrarse-a-finales-de-abril\/\" \/>\n<meta property=\"og:site_name\" content=\"COPE Alcoy\" \/>\n<meta property=\"article:published_time\" content=\"2016-04-28T14:37:52+00:00\" \/>\n<meta property=\"og:image\" content=\"https:\/\/www.copealcoy.es\/wp-content\/uploads\/2016\/04\/12963734_828347490642071_1225370531926574965_n.jpg\" \/>\n\t<meta property=\"og:image:width\" content=\"960\" \/>\n\t<meta property=\"og:image:height\" content=\"639\" \/>\n\t<meta property=\"og:image:type\" content=\"image\/jpeg\" \/>\n<meta name=\"author\" content=\"Cope Alcoy\" \/>\n<meta name=\"twitter:label1\" content=\"Escrito por\" \/>\n\t<meta name=\"twitter:data1\" content=\"Cope Alcoy\" \/>\n\t<meta name=\"twitter:label2\" content=\"Tiempo de lectura\" \/>\n\t<meta name=\"twitter:data2\" content=\"2 minutos\" \/>\n<script type=\"application\/ld+json\" class=\"yoast-schema-graph\">{\"@context\":\"https:\\\/\\\/schema.org\",\"@graph\":[{\"@type\":\"Article\",\"@id\":\"https:\\\/\\\/www.copealcoy.es\\\/es\\\/las-fiestas-del-2017-podrian-celebrarse-a-finales-de-abril\\\/#article\",\"isPartOf\":{\"@id\":\"https:\\\/\\\/www.copealcoy.es\\\/es\\\/las-fiestas-del-2017-podrian-celebrarse-a-finales-de-abril\\\/\"},\"author\":{\"name\":\"Cope Alcoy\",\"@id\":\"https:\\\/\\\/www.copealcoy.es\\\/es\\\/#\\\/schema\\\/person\\\/e777c87fa024e57d40170af9df39882c\"},\"headline\":\"Las fiestas de 2017 podr\u00edan celebrarse a finales de abril\",\"datePublished\":\"2016-04-28T14:37:52+00:00\",\"mainEntityOfPage\":{\"@id\":\"https:\\\/\\\/www.copealcoy.es\\\/es\\\/las-fiestas-del-2017-podrian-celebrarse-a-finales-de-abril\\\/\"},\"wordCount\":381,\"commentCount\":0,\"image\":{\"@id\":\"https:\\\/\\\/www.copealcoy.es\\\/es\\\/las-fiestas-del-2017-podrian-celebrarse-a-finales-de-abril\\\/#primaryimage\"},\"thumbnailUrl\":\"https:\\\/\\\/www.copealcoy.es\\\/wp-content\\\/uploads\\\/2016\\\/04\\\/12963734_828347490642071_1225370531926574965_n.jpg\",\"keywords\":[\"Alcoy\",\"Asociaci\u00f3n de San Jorge\",\"Gloria\",\"Moros i Cristians\",\"Pascua\",\"Ra\u00fcl Llopis\",\"Semana Santa\"],\"articleSection\":[\"Alcoy\",\"Noticias\",\"Portada\"],\"inLanguage\":\"es\"},{\"@type\":\"WebPage\",\"@id\":\"https:\\\/\\\/www.copealcoy.es\\\/es\\\/las-fiestas-del-2017-podrian-celebrarse-a-finales-de-abril\\\/\",\"url\":\"https:\\\/\\\/www.copealcoy.es\\\/es\\\/las-fiestas-del-2017-podrian-celebrarse-a-finales-de-abril\\\/\",\"name\":\"Las fiestas de 2017 podr\u00edan celebrarse a finales de abril - COPE Alcoy\",\"isPartOf\":{\"@id\":\"https:\\\/\\\/www.copealcoy.es\\\/es\\\/#website\"},\"primaryImageOfPage\":{\"@id\":\"https:\\\/\\\/www.copealcoy.es\\\/es\\\/las-fiestas-del-2017-podrian-celebrarse-a-finales-de-abril\\\/#primaryimage\"},\"image\":{\"@id\":\"https:\\\/\\\/www.copealcoy.es\\\/es\\\/las-fiestas-del-2017-podrian-celebrarse-a-finales-de-abril\\\/#primaryimage\"},\"thumbnailUrl\":\"https:\\\/\\\/www.copealcoy.es\\\/wp-content\\\/uploads\\\/2016\\\/04\\\/12963734_828347490642071_1225370531926574965_n.jpg\",\"datePublished\":\"2016-04-28T14:37:52+00:00\",\"author\":{\"@id\":\"https:\\\/\\\/www.copealcoy.es\\\/es\\\/#\\\/schema\\\/person\\\/e777c87fa024e57d40170af9df39882c\"},\"breadcrumb\":{\"@id\":\"https:\\\/\\\/www.copealcoy.es\\\/es\\\/las-fiestas-del-2017-podrian-celebrarse-a-finales-de-abril\\\/#breadcrumb\"},\"inLanguage\":\"es\",\"potentialAction\":[{\"@type\":\"ReadAction\",\"target\":[\"https:\\\/\\\/www.copealcoy.es\\\/es\\\/las-fiestas-del-2017-podrian-celebrarse-a-finales-de-abril\\\/\"]}]},{\"@type\":\"ImageObject\",\"inLanguage\":\"es\",\"@id\":\"https:\\\/\\\/www.copealcoy.es\\\/es\\\/las-fiestas-del-2017-podrian-celebrarse-a-finales-de-abril\\\/#primaryimage\",\"url\":\"https:\\\/\\\/www.copealcoy.es\\\/wp-content\\\/uploads\\\/2016\\\/04\\\/12963734_828347490642071_1225370531926574965_n.jpg\",\"contentUrl\":\"https:\\\/\\\/www.copealcoy.es\\\/wp-content\\\/uploads\\\/2016\\\/04\\\/12963734_828347490642071_1225370531926574965_n.jpg\",\"width\":960,\"height\":639,\"caption\":\"Una innovadora escuadra de negros ha cerrado la alferec\u00eda de la Llaganya \\\/ Foto: Estudio Fotogr\u00e1fico Mauro\u00b4s\"},{\"@type\":\"BreadcrumbList\",\"@id\":\"https:\\\/\\\/www.copealcoy.es\\\/es\\\/las-fiestas-del-2017-podrian-celebrarse-a-finales-de-abril\\\/#breadcrumb\",\"itemListElement\":[{\"@type\":\"ListItem\",\"position\":1,\"name\":\"Portada\",\"item\":\"https:\\\/\\\/www.copealcoy.es\\\/es\\\/\"},{\"@type\":\"ListItem\",\"position\":2,\"name\":\"Las fiestas de 2017 podr\u00edan celebrarse a finales de abril\"}]},{\"@type\":\"WebSite\",\"@id\":\"https:\\\/\\\/www.copealcoy.es\\\/es\\\/#website\",\"url\":\"https:\\\/\\\/www.copealcoy.es\\\/es\\\/\",\"name\":\"COPE Alcoy\",\"description\":\"Emisora COPE de radio local con emisi\u00f3n online. Pont de Sant Jordi 8-10 03803 Alcoy\",\"potentialAction\":[{\"@type\":\"SearchAction\",\"target\":{\"@type\":\"EntryPoint\",\"urlTemplate\":\"https:\\\/\\\/www.copealcoy.es\\\/es\\\/?s={search_term_string}\"},\"query-input\":{\"@type\":\"PropertyValueSpecification\",\"valueRequired\":true,\"valueName\":\"search_term_string\"}}],\"inLanguage\":\"es\"},{\"@type\":\"Person\",\"@id\":\"https:\\\/\\\/www.copealcoy.es\\\/es\\\/#\\\/schema\\\/person\\\/e777c87fa024e57d40170af9df39882c\",\"name\":\"Cope Alcoy\",\"image\":{\"@type\":\"ImageObject\",\"inLanguage\":\"es\",\"@id\":\"https:\\\/\\\/secure.gravatar.com\\\/avatar\\\/bb65d0283347e303893ba14f0692005417c1e0e690a325a4c5d8bb2b3943ee14?s=96&d=mm&r=g\",\"url\":\"https:\\\/\\\/secure.gravatar.com\\\/avatar\\\/bb65d0283347e303893ba14f0692005417c1e0e690a325a4c5d8bb2b3943ee14?s=96&d=mm&r=g\",\"contentUrl\":\"https:\\\/\\\/secure.gravatar.com\\\/avatar\\\/bb65d0283347e303893ba14f0692005417c1e0e690a325a4c5d8bb2b3943ee14?s=96&d=mm&r=g\",\"caption\":\"Cope Alcoy\"}}]}<\/script>\n<!-- \/ Yoast SEO plugin. -->","yoast_head_json":{"title":"Las fiestas de 2017 podr\u00edan celebrarse a finales de abril - COPE Alcoy","robots":{"index":"index","follow":"follow","max-snippet":"max-snippet:-1","max-image-preview":"max-image-preview:large","max-video-preview":"max-video-preview:-1"},"canonical":"https:\/\/www.copealcoy.es\/es\/las-fiestas-del-2017-podrian-celebrarse-a-finales-de-abril\/","og_locale":"es_ES","og_type":"article","og_title":"Las fiestas de 2017 podr\u00edan celebrarse a finales de abril - COPE Alcoy","og_description":"Las fiestas de moros y cristianos de Alcoy del 2017 se podr\u00edan celebrar a finales del mes de abril debido...","og_url":"https:\/\/www.copealcoy.es\/es\/las-fiestas-del-2017-podrian-celebrarse-a-finales-de-abril\/","og_site_name":"COPE Alcoy","article_published_time":"2016-04-28T14:37:52+00:00","og_image":[{"width":960,"height":639,"url":"https:\/\/www.copealcoy.es\/wp-content\/uploads\/2016\/04\/12963734_828347490642071_1225370531926574965_n.jpg","type":"image\/jpeg"}],"author":"Cope Alcoy","twitter_misc":{"Escrito por":"Cope Alcoy","Tiempo de lectura":"2 minutos"},"schema":{"@context":"https:\/\/schema.org","@graph":[{"@type":"Article","@id":"https:\/\/www.copealcoy.es\/es\/las-fiestas-del-2017-podrian-celebrarse-a-finales-de-abril\/#article","isPartOf":{"@id":"https:\/\/www.copealcoy.es\/es\/las-fiestas-del-2017-podrian-celebrarse-a-finales-de-abril\/"},"author":{"name":"Cope Alcoy","@id":"https:\/\/www.copealcoy.es\/es\/#\/schema\/person\/e777c87fa024e57d40170af9df39882c"},"headline":"Las fiestas de 2017 podr\u00edan celebrarse a finales de abril","datePublished":"2016-04-28T14:37:52+00:00","mainEntityOfPage":{"@id":"https:\/\/www.copealcoy.es\/es\/las-fiestas-del-2017-podrian-celebrarse-a-finales-de-abril\/"},"wordCount":381,"commentCount":0,"image":{"@id":"https:\/\/www.copealcoy.es\/es\/las-fiestas-del-2017-podrian-celebrarse-a-finales-de-abril\/#primaryimage"},"thumbnailUrl":"https:\/\/www.copealcoy.es\/wp-content\/uploads\/2016\/04\/12963734_828347490642071_1225370531926574965_n.jpg","keywords":["Alcoy","Asociaci\u00f3n de San Jorge","Gloria","Moros i Cristians","Pascua","Ra\u00fcl Llopis","Semana Santa"],"articleSection":["Alcoy","Noticias","Portada"],"inLanguage":"es"},{"@type":"WebPage","@id":"https:\/\/www.copealcoy.es\/es\/las-fiestas-del-2017-podrian-celebrarse-a-finales-de-abril\/","url":"https:\/\/www.copealcoy.es\/es\/las-fiestas-del-2017-podrian-celebrarse-a-finales-de-abril\/","name":"Las fiestas de 2017 podr\u00edan celebrarse a finales de abril - COPE Alcoy","isPartOf":{"@id":"https:\/\/www.copealcoy.es\/es\/#website"},"primaryImageOfPage":{"@id":"https:\/\/www.copealcoy.es\/es\/las-fiestas-del-2017-podrian-celebrarse-a-finales-de-abril\/#primaryimage"},"image":{"@id":"https:\/\/www.copealcoy.es\/es\/las-fiestas-del-2017-podrian-celebrarse-a-finales-de-abril\/#primaryimage"},"thumbnailUrl":"https:\/\/www.copealcoy.es\/wp-content\/uploads\/2016\/04\/12963734_828347490642071_1225370531926574965_n.jpg","datePublished":"2016-04-28T14:37:52+00:00","author":{"@id":"https:\/\/www.copealcoy.es\/es\/#\/schema\/person\/e777c87fa024e57d40170af9df39882c"},"breadcrumb":{"@id":"https:\/\/www.copealcoy.es\/es\/las-fiestas-del-2017-podrian-celebrarse-a-finales-de-abril\/#breadcrumb"},"inLanguage":"es","potentialAction":[{"@type":"ReadAction","target":["https:\/\/www.copealcoy.es\/es\/las-fiestas-del-2017-podrian-celebrarse-a-finales-de-abril\/"]}]},{"@type":"ImageObject","inLanguage":"es","@id":"https:\/\/www.copealcoy.es\/es\/las-fiestas-del-2017-podrian-celebrarse-a-finales-de-abril\/#primaryimage","url":"https:\/\/www.copealcoy.es\/wp-content\/uploads\/2016\/04\/12963734_828347490642071_1225370531926574965_n.jpg","contentUrl":"https:\/\/www.copealcoy.es\/wp-content\/uploads\/2016\/04\/12963734_828347490642071_1225370531926574965_n.jpg","width":960,"height":639,"caption":"Una innovadora escuadra de negros ha cerrado la alferec\u00eda de la Llaganya \/ Foto: Estudio Fotogr\u00e1fico Mauro\u00b4s"},{"@type":"BreadcrumbList","@id":"https:\/\/www.copealcoy.es\/es\/las-fiestas-del-2017-podrian-celebrarse-a-finales-de-abril\/#breadcrumb","itemListElement":[{"@type":"ListItem","position":1,"name":"Portada","item":"https:\/\/www.copealcoy.es\/es\/"},{"@type":"ListItem","position":2,"name":"Las fiestas de 2017 podr\u00edan celebrarse a finales de abril"}]},{"@type":"WebSite","@id":"https:\/\/www.copealcoy.es\/es\/#website","url":"https:\/\/www.copealcoy.es\/es\/","name":"COPE Alcoy","description":"Emisora COPE de radio local con emisi\u00f3n online. Pont de Sant Jordi 8-10 03803 Alcoy","potentialAction":[{"@type":"SearchAction","target":{"@type":"EntryPoint","urlTemplate":"https:\/\/www.copealcoy.es\/es\/?s={search_term_string}"},"query-input":{"@type":"PropertyValueSpecification","valueRequired":true,"valueName":"search_term_string"}}],"inLanguage":"es"},{"@type":"Person","@id":"https:\/\/www.copealcoy.es\/es\/#\/schema\/person\/e777c87fa024e57d40170af9df39882c","name":"Cope Alcoy","image":{"@type":"ImageObject","inLanguage":"es","@id":"https:\/\/secure.gravatar.com\/avatar\/bb65d0283347e303893ba14f0692005417c1e0e690a325a4c5d8bb2b3943ee14?s=96&d=mm&r=g","url":"https:\/\/secure.gravatar.com\/avatar\/bb65d0283347e303893ba14f0692005417c1e0e690a325a4c5d8bb2b3943ee14?s=96&d=mm&r=g","contentUrl":"https:\/\/secure.gravatar.com\/avatar\/bb65d0283347e303893ba14f0692005417c1e0e690a325a4c5d8bb2b3943ee14?s=96&d=mm&r=g","caption":"Cope Alcoy"}}]}},"_links":{"self":[{"href":"https:\/\/www.copealcoy.es\/es\/wp-json\/wp\/v2\/posts\/21202","targetHints":{"allow":["GET"]}}],"collection":[{"href":"https:\/\/www.copealcoy.es\/es\/wp-json\/wp\/v2\/posts"}],"about":[{"href":"https:\/\/www.copealcoy.es\/es\/wp-json\/wp\/v2\/types\/post"}],"author":[{"embeddable":true,"href":"https:\/\/www.copealcoy.es\/es\/wp-json\/wp\/v2\/users\/1"}],"replies":[{"embeddable":true,"href":"https:\/\/www.copealcoy.es\/es\/wp-json\/wp\/v2\/comments?post=21202"}],"version-history":[{"count":0,"href":"https:\/\/www.copealcoy.es\/es\/wp-json\/wp\/v2\/posts\/21202\/revisions"}],"wp:featuredmedia":[{"embeddable":true,"href":"https:\/\/www.copealcoy.es\/es\/wp-json\/wp\/v2\/media\/21066"}],"wp:attachment":[{"href":"https:\/\/www.copealcoy.es\/es\/wp-json\/wp\/v2\/media?parent=21202"}],"wp:term":[{"taxonomy":"category","embeddable":true,"href":"https:\/\/www.copealcoy.es\/es\/wp-json\/wp\/v2\/categories?post=21202"},{"taxonomy":"post_tag","embeddable":true,"href":"https:\/\/www.copealcoy.es\/es\/wp-json\/wp\/v2\/tags?post=21202"}],"curies":[{"name":"wp","href":"https:\/\/api.w.org\/{rel}","templated":true}]}}