{"id":21178,"date":"2016-04-27T21:43:26","date_gmt":"2016-04-27T21:43:26","guid":{"rendered":"http:\/\/copealcoi.es\/new\/?p=21178"},"modified":"2016-04-27T21:46:10","modified_gmt":"2016-04-27T21:46:10","slug":"musica-y-espectaculos-infantiles-en-la-programacion-del-principal","status":"publish","type":"post","link":"https:\/\/www.copealcoy.es\/es\/musica-y-espectaculos-infantiles-en-la-programacion-del-principal\/","title":{"rendered":"M\u00fasica y espect\u00e1culos infantiles en la programaci\u00f3n del Principal"},"content":{"rendered":"<p style=\"text-align: justify;\">El Teatro Principal de Alcoy arranca el s\u00e1bado la programaci\u00f3n cultural para este segundo trimestre del a\u00f1o que llega repleta de m\u00fasica, espect\u00e1culos infantiles y tambi\u00e9n actividades para los m\u00e1s peque\u00f1os en las que no faltar\u00e1 la magia.<\/p>\n<p style=\"text-align: justify;\">La primera de las iniciativas ser\u00e1 este 30 de abril y correr\u00e1 a cargo de\u00a0El Far Projectes Teatrals y la compa\u00f1\u00eda Teatre Micalet a partir de las 20 horas. Bajo el singular t\u00edtulo\u00a0\u00abCinc actrius lligen Rodoreda\u00bb \u00a0Pilar Almer\u00eda, Empar Canet, Pepa Juan, Rosanna Espin\u00f3s y Amparo Vay\u00e1 har\u00e1n un recorrido por textos de la escritora Merc\u00e8 Rodoreda.\u00a0Por su parte el 15 de mayo podremos disfrutar de\u00a0la gala internacional de magia, escapismo y misterio \u00abCreer\u00e1s en la magia. Impacto 3.0\u00bb y el \u00a0d\u00eda 22 los m\u00e1s peque\u00f1os tendr\u00e1n a su alcance la actuaci\u00f3n\u00a0\u00abMarcel el marci\u00e0. Balla, balla\u00bb.<\/p>\n<div class=\"adm-intext\" style=\"text-align: justify;\">\n<div id=\"vjs_video_1701\" class=\"video-js vjs-default-skin vjs_video_1701-dimensions vjs-controls-enabled vjs-has-started vjs-waiting vjs-paused vjs-user-inactive\">\n<div class=\"vjs-loading-spinner\">En cuanto a la m\u00fasica hay que significar que la Asociaci\u00f3n Amigos de la M\u00fasica de Alcoy celebrar\u00e1 la cuarta semana del piano el viernes 10 de junio con la presencia de\u00a0la agrupaci\u00f3n Camerata \u00abUniversal music\u00bb y el pianista Isaac Istv\u00e1n Sz\u00e9kely. Tambi\u00e9n la Societat Musical Nova efectuar\u00e1 el 24 de junio su audici\u00f3n de final de curso con los alumnos de la banda dirigidos por Jes\u00fas Fuertes Garc\u00eda. Al d\u00eda siguiente el colegio Esclavas Fundaci\u00f3n Educativa ACI representar\u00e1 el musical \u00abUna Cenicienta moderna\u00bb. Finalmente los alumnos de la\u00a0Escola de Teatre del Principal de entre 8 y 12 a\u00f1os ofrecer\u00e1n bajo la direcci\u00f3n de Rosa Fraj el espect\u00e1culo\u00a0 \u00abEl Flautista d&#8217;Hamel\u00edn\u00bb mientras que \u00a0los de 5 y 7 a\u00f1os representar\u00e1n \u00abCaputxeta Vermella\u00bb. Por \u00faltimo el 30 de junio se desarrollar\u00e1\u00a0la gala de fin de curso de la academia de danza Maite Ponsoda.<\/div>\n<\/div>\n<\/div>\n","protected":false},"excerpt":{"rendered":"<p>El Teatro Principal de Alcoy arranca el s\u00e1bado la programaci\u00f3n cultural para este segundo trimestre del a\u00f1o que llega repleta&#8230;<\/p>\n","protected":false},"author":1,"featured_media":17045,"comment_status":"open","ping_status":"open","sticky":false,"template":"","format":"standard","meta":{"footnotes":""},"categories":[97,78,75],"tags":[1494,414,747,1772],"class_list":["post-21178","post","type-post","status-publish","format-standard","has-post-thumbnail","hentry","category-alcoy","category-fiestaycultura","category-noticias","tag-alcoy","tag-cultura","tag-programacion","tag-teatro-principal"],"yoast_head":"<!-- This site is optimized with the Yoast SEO plugin v27.3 - https:\/\/yoast.com\/product\/yoast-seo-wordpress\/ -->\n<title>M\u00fasica y espect\u00e1culos infantiles en la programaci\u00f3n del Principal - COPE Alcoy<\/title>\n<meta name=\"robots\" content=\"index, follow, max-snippet:-1, max-image-preview:large, max-video-preview:-1\" \/>\n<link rel=\"canonical\" href=\"https:\/\/www.copealcoy.es\/es\/musica-y-espectaculos-infantiles-en-la-programacion-del-principal\/\" \/>\n<meta property=\"og:locale\" content=\"es_ES\" \/>\n<meta property=\"og:type\" content=\"article\" \/>\n<meta property=\"og:title\" content=\"M\u00fasica y espect\u00e1culos infantiles en la programaci\u00f3n del Principal - COPE Alcoy\" \/>\n<meta property=\"og:description\" content=\"El Teatro Principal de Alcoy arranca el s\u00e1bado la programaci\u00f3n cultural para este segundo trimestre del a\u00f1o que llega repleta...\" \/>\n<meta property=\"og:url\" content=\"https:\/\/www.copealcoy.es\/es\/musica-y-espectaculos-infantiles-en-la-programacion-del-principal\/\" \/>\n<meta property=\"og:site_name\" content=\"COPE Alcoy\" \/>\n<meta property=\"article:published_time\" content=\"2016-04-27T21:43:26+00:00\" \/>\n<meta property=\"article:modified_time\" content=\"2016-04-27T21:46:10+00:00\" \/>\n<meta property=\"og:image\" content=\"https:\/\/www.copealcoy.es\/wp-content\/uploads\/2015\/11\/A1849.jpg\" \/>\n\t<meta property=\"og:image:width\" content=\"725\" \/>\n\t<meta property=\"og:image:height\" content=\"450\" \/>\n\t<meta property=\"og:image:type\" content=\"image\/jpeg\" \/>\n<meta name=\"author\" content=\"Cope Alcoy\" \/>\n<meta name=\"twitter:label1\" content=\"Escrito por\" \/>\n\t<meta name=\"twitter:data1\" content=\"Cope Alcoy\" \/>\n\t<meta name=\"twitter:label2\" content=\"Tiempo de lectura\" \/>\n\t<meta name=\"twitter:data2\" content=\"2 minutos\" \/>\n<script type=\"application\/ld+json\" class=\"yoast-schema-graph\">{\"@context\":\"https:\\\/\\\/schema.org\",\"@graph\":[{\"@type\":\"Article\",\"@id\":\"https:\\\/\\\/www.copealcoy.es\\\/es\\\/musica-y-espectaculos-infantiles-en-la-programacion-del-principal\\\/#article\",\"isPartOf\":{\"@id\":\"https:\\\/\\\/www.copealcoy.es\\\/es\\\/musica-y-espectaculos-infantiles-en-la-programacion-del-principal\\\/\"},\"author\":{\"name\":\"Cope Alcoy\",\"@id\":\"https:\\\/\\\/www.copealcoy.es\\\/es\\\/#\\\/schema\\\/person\\\/e777c87fa024e57d40170af9df39882c\"},\"headline\":\"M\u00fasica y espect\u00e1culos infantiles en la programaci\u00f3n del Principal\",\"datePublished\":\"2016-04-27T21:43:26+00:00\",\"dateModified\":\"2016-04-27T21:46:10+00:00\",\"mainEntityOfPage\":{\"@id\":\"https:\\\/\\\/www.copealcoy.es\\\/es\\\/musica-y-espectaculos-infantiles-en-la-programacion-del-principal\\\/\"},\"wordCount\":323,\"commentCount\":0,\"image\":{\"@id\":\"https:\\\/\\\/www.copealcoy.es\\\/es\\\/musica-y-espectaculos-infantiles-en-la-programacion-del-principal\\\/#primaryimage\"},\"thumbnailUrl\":\"https:\\\/\\\/www.copealcoy.es\\\/wp-content\\\/uploads\\\/2015\\\/11\\\/A1849.jpg\",\"keywords\":[\"Alcoy\",\"Cultura\",\"Programaci\u00f3n\",\"Teatro Principal\"],\"articleSection\":[\"Alcoy\",\"Fiesta y Cultura\",\"Noticias\"],\"inLanguage\":\"es\"},{\"@type\":\"WebPage\",\"@id\":\"https:\\\/\\\/www.copealcoy.es\\\/es\\\/musica-y-espectaculos-infantiles-en-la-programacion-del-principal\\\/\",\"url\":\"https:\\\/\\\/www.copealcoy.es\\\/es\\\/musica-y-espectaculos-infantiles-en-la-programacion-del-principal\\\/\",\"name\":\"M\u00fasica y espect\u00e1culos infantiles en la programaci\u00f3n del Principal - COPE Alcoy\",\"isPartOf\":{\"@id\":\"https:\\\/\\\/www.copealcoy.es\\\/es\\\/#website\"},\"primaryImageOfPage\":{\"@id\":\"https:\\\/\\\/www.copealcoy.es\\\/es\\\/musica-y-espectaculos-infantiles-en-la-programacion-del-principal\\\/#primaryimage\"},\"image\":{\"@id\":\"https:\\\/\\\/www.copealcoy.es\\\/es\\\/musica-y-espectaculos-infantiles-en-la-programacion-del-principal\\\/#primaryimage\"},\"thumbnailUrl\":\"https:\\\/\\\/www.copealcoy.es\\\/wp-content\\\/uploads\\\/2015\\\/11\\\/A1849.jpg\",\"datePublished\":\"2016-04-27T21:43:26+00:00\",\"dateModified\":\"2016-04-27T21:46:10+00:00\",\"author\":{\"@id\":\"https:\\\/\\\/www.copealcoy.es\\\/es\\\/#\\\/schema\\\/person\\\/e777c87fa024e57d40170af9df39882c\"},\"breadcrumb\":{\"@id\":\"https:\\\/\\\/www.copealcoy.es\\\/es\\\/musica-y-espectaculos-infantiles-en-la-programacion-del-principal\\\/#breadcrumb\"},\"inLanguage\":\"es\",\"potentialAction\":[{\"@type\":\"ReadAction\",\"target\":[\"https:\\\/\\\/www.copealcoy.es\\\/es\\\/musica-y-espectaculos-infantiles-en-la-programacion-del-principal\\\/\"]}]},{\"@type\":\"ImageObject\",\"inLanguage\":\"es\",\"@id\":\"https:\\\/\\\/www.copealcoy.es\\\/es\\\/musica-y-espectaculos-infantiles-en-la-programacion-del-principal\\\/#primaryimage\",\"url\":\"https:\\\/\\\/www.copealcoy.es\\\/wp-content\\\/uploads\\\/2015\\\/11\\\/A1849.jpg\",\"contentUrl\":\"https:\\\/\\\/www.copealcoy.es\\\/wp-content\\\/uploads\\\/2015\\\/11\\\/A1849.jpg\",\"width\":725,\"height\":450,\"caption\":\"Teatro Principal de Alcoy\"},{\"@type\":\"BreadcrumbList\",\"@id\":\"https:\\\/\\\/www.copealcoy.es\\\/es\\\/musica-y-espectaculos-infantiles-en-la-programacion-del-principal\\\/#breadcrumb\",\"itemListElement\":[{\"@type\":\"ListItem\",\"position\":1,\"name\":\"Portada\",\"item\":\"https:\\\/\\\/www.copealcoy.es\\\/es\\\/\"},{\"@type\":\"ListItem\",\"position\":2,\"name\":\"M\u00fasica y espect\u00e1culos infantiles en la programaci\u00f3n del Principal\"}]},{\"@type\":\"WebSite\",\"@id\":\"https:\\\/\\\/www.copealcoy.es\\\/es\\\/#website\",\"url\":\"https:\\\/\\\/www.copealcoy.es\\\/es\\\/\",\"name\":\"COPE Alcoy\",\"description\":\"Emisora COPE de radio local con emisi\u00f3n online. Pont de Sant Jordi 8-10 03803 Alcoy\",\"potentialAction\":[{\"@type\":\"SearchAction\",\"target\":{\"@type\":\"EntryPoint\",\"urlTemplate\":\"https:\\\/\\\/www.copealcoy.es\\\/es\\\/?s={search_term_string}\"},\"query-input\":{\"@type\":\"PropertyValueSpecification\",\"valueRequired\":true,\"valueName\":\"search_term_string\"}}],\"inLanguage\":\"es\"},{\"@type\":\"Person\",\"@id\":\"https:\\\/\\\/www.copealcoy.es\\\/es\\\/#\\\/schema\\\/person\\\/e777c87fa024e57d40170af9df39882c\",\"name\":\"Cope Alcoy\",\"image\":{\"@type\":\"ImageObject\",\"inLanguage\":\"es\",\"@id\":\"https:\\\/\\\/secure.gravatar.com\\\/avatar\\\/bb65d0283347e303893ba14f0692005417c1e0e690a325a4c5d8bb2b3943ee14?s=96&d=mm&r=g\",\"url\":\"https:\\\/\\\/secure.gravatar.com\\\/avatar\\\/bb65d0283347e303893ba14f0692005417c1e0e690a325a4c5d8bb2b3943ee14?s=96&d=mm&r=g\",\"contentUrl\":\"https:\\\/\\\/secure.gravatar.com\\\/avatar\\\/bb65d0283347e303893ba14f0692005417c1e0e690a325a4c5d8bb2b3943ee14?s=96&d=mm&r=g\",\"caption\":\"Cope Alcoy\"}}]}<\/script>\n<!-- \/ Yoast SEO plugin. -->","yoast_head_json":{"title":"M\u00fasica y espect\u00e1culos infantiles en la programaci\u00f3n del Principal - COPE Alcoy","robots":{"index":"index","follow":"follow","max-snippet":"max-snippet:-1","max-image-preview":"max-image-preview:large","max-video-preview":"max-video-preview:-1"},"canonical":"https:\/\/www.copealcoy.es\/es\/musica-y-espectaculos-infantiles-en-la-programacion-del-principal\/","og_locale":"es_ES","og_type":"article","og_title":"M\u00fasica y espect\u00e1culos infantiles en la programaci\u00f3n del Principal - COPE Alcoy","og_description":"El Teatro Principal de Alcoy arranca el s\u00e1bado la programaci\u00f3n cultural para este segundo trimestre del a\u00f1o que llega repleta...","og_url":"https:\/\/www.copealcoy.es\/es\/musica-y-espectaculos-infantiles-en-la-programacion-del-principal\/","og_site_name":"COPE Alcoy","article_published_time":"2016-04-27T21:43:26+00:00","article_modified_time":"2016-04-27T21:46:10+00:00","og_image":[{"width":725,"height":450,"url":"https:\/\/www.copealcoy.es\/wp-content\/uploads\/2015\/11\/A1849.jpg","type":"image\/jpeg"}],"author":"Cope Alcoy","twitter_misc":{"Escrito por":"Cope Alcoy","Tiempo de lectura":"2 minutos"},"schema":{"@context":"https:\/\/schema.org","@graph":[{"@type":"Article","@id":"https:\/\/www.copealcoy.es\/es\/musica-y-espectaculos-infantiles-en-la-programacion-del-principal\/#article","isPartOf":{"@id":"https:\/\/www.copealcoy.es\/es\/musica-y-espectaculos-infantiles-en-la-programacion-del-principal\/"},"author":{"name":"Cope Alcoy","@id":"https:\/\/www.copealcoy.es\/es\/#\/schema\/person\/e777c87fa024e57d40170af9df39882c"},"headline":"M\u00fasica y espect\u00e1culos infantiles en la programaci\u00f3n del Principal","datePublished":"2016-04-27T21:43:26+00:00","dateModified":"2016-04-27T21:46:10+00:00","mainEntityOfPage":{"@id":"https:\/\/www.copealcoy.es\/es\/musica-y-espectaculos-infantiles-en-la-programacion-del-principal\/"},"wordCount":323,"commentCount":0,"image":{"@id":"https:\/\/www.copealcoy.es\/es\/musica-y-espectaculos-infantiles-en-la-programacion-del-principal\/#primaryimage"},"thumbnailUrl":"https:\/\/www.copealcoy.es\/wp-content\/uploads\/2015\/11\/A1849.jpg","keywords":["Alcoy","Cultura","Programaci\u00f3n","Teatro Principal"],"articleSection":["Alcoy","Fiesta y Cultura","Noticias"],"inLanguage":"es"},{"@type":"WebPage","@id":"https:\/\/www.copealcoy.es\/es\/musica-y-espectaculos-infantiles-en-la-programacion-del-principal\/","url":"https:\/\/www.copealcoy.es\/es\/musica-y-espectaculos-infantiles-en-la-programacion-del-principal\/","name":"M\u00fasica y espect\u00e1culos infantiles en la programaci\u00f3n del Principal - COPE Alcoy","isPartOf":{"@id":"https:\/\/www.copealcoy.es\/es\/#website"},"primaryImageOfPage":{"@id":"https:\/\/www.copealcoy.es\/es\/musica-y-espectaculos-infantiles-en-la-programacion-del-principal\/#primaryimage"},"image":{"@id":"https:\/\/www.copealcoy.es\/es\/musica-y-espectaculos-infantiles-en-la-programacion-del-principal\/#primaryimage"},"thumbnailUrl":"https:\/\/www.copealcoy.es\/wp-content\/uploads\/2015\/11\/A1849.jpg","datePublished":"2016-04-27T21:43:26+00:00","dateModified":"2016-04-27T21:46:10+00:00","author":{"@id":"https:\/\/www.copealcoy.es\/es\/#\/schema\/person\/e777c87fa024e57d40170af9df39882c"},"breadcrumb":{"@id":"https:\/\/www.copealcoy.es\/es\/musica-y-espectaculos-infantiles-en-la-programacion-del-principal\/#breadcrumb"},"inLanguage":"es","potentialAction":[{"@type":"ReadAction","target":["https:\/\/www.copealcoy.es\/es\/musica-y-espectaculos-infantiles-en-la-programacion-del-principal\/"]}]},{"@type":"ImageObject","inLanguage":"es","@id":"https:\/\/www.copealcoy.es\/es\/musica-y-espectaculos-infantiles-en-la-programacion-del-principal\/#primaryimage","url":"https:\/\/www.copealcoy.es\/wp-content\/uploads\/2015\/11\/A1849.jpg","contentUrl":"https:\/\/www.copealcoy.es\/wp-content\/uploads\/2015\/11\/A1849.jpg","width":725,"height":450,"caption":"Teatro Principal de Alcoy"},{"@type":"BreadcrumbList","@id":"https:\/\/www.copealcoy.es\/es\/musica-y-espectaculos-infantiles-en-la-programacion-del-principal\/#breadcrumb","itemListElement":[{"@type":"ListItem","position":1,"name":"Portada","item":"https:\/\/www.copealcoy.es\/es\/"},{"@type":"ListItem","position":2,"name":"M\u00fasica y espect\u00e1culos infantiles en la programaci\u00f3n del Principal"}]},{"@type":"WebSite","@id":"https:\/\/www.copealcoy.es\/es\/#website","url":"https:\/\/www.copealcoy.es\/es\/","name":"COPE Alcoy","description":"Emisora COPE de radio local con emisi\u00f3n online. Pont de Sant Jordi 8-10 03803 Alcoy","potentialAction":[{"@type":"SearchAction","target":{"@type":"EntryPoint","urlTemplate":"https:\/\/www.copealcoy.es\/es\/?s={search_term_string}"},"query-input":{"@type":"PropertyValueSpecification","valueRequired":true,"valueName":"search_term_string"}}],"inLanguage":"es"},{"@type":"Person","@id":"https:\/\/www.copealcoy.es\/es\/#\/schema\/person\/e777c87fa024e57d40170af9df39882c","name":"Cope Alcoy","image":{"@type":"ImageObject","inLanguage":"es","@id":"https:\/\/secure.gravatar.com\/avatar\/bb65d0283347e303893ba14f0692005417c1e0e690a325a4c5d8bb2b3943ee14?s=96&d=mm&r=g","url":"https:\/\/secure.gravatar.com\/avatar\/bb65d0283347e303893ba14f0692005417c1e0e690a325a4c5d8bb2b3943ee14?s=96&d=mm&r=g","contentUrl":"https:\/\/secure.gravatar.com\/avatar\/bb65d0283347e303893ba14f0692005417c1e0e690a325a4c5d8bb2b3943ee14?s=96&d=mm&r=g","caption":"Cope Alcoy"}}]}},"_links":{"self":[{"href":"https:\/\/www.copealcoy.es\/es\/wp-json\/wp\/v2\/posts\/21178","targetHints":{"allow":["GET"]}}],"collection":[{"href":"https:\/\/www.copealcoy.es\/es\/wp-json\/wp\/v2\/posts"}],"about":[{"href":"https:\/\/www.copealcoy.es\/es\/wp-json\/wp\/v2\/types\/post"}],"author":[{"embeddable":true,"href":"https:\/\/www.copealcoy.es\/es\/wp-json\/wp\/v2\/users\/1"}],"replies":[{"embeddable":true,"href":"https:\/\/www.copealcoy.es\/es\/wp-json\/wp\/v2\/comments?post=21178"}],"version-history":[{"count":0,"href":"https:\/\/www.copealcoy.es\/es\/wp-json\/wp\/v2\/posts\/21178\/revisions"}],"wp:featuredmedia":[{"embeddable":true,"href":"https:\/\/www.copealcoy.es\/es\/wp-json\/wp\/v2\/media\/17045"}],"wp:attachment":[{"href":"https:\/\/www.copealcoy.es\/es\/wp-json\/wp\/v2\/media?parent=21178"}],"wp:term":[{"taxonomy":"category","embeddable":true,"href":"https:\/\/www.copealcoy.es\/es\/wp-json\/wp\/v2\/categories?post=21178"},{"taxonomy":"post_tag","embeddable":true,"href":"https:\/\/www.copealcoy.es\/es\/wp-json\/wp\/v2\/tags?post=21178"}],"curies":[{"name":"wp","href":"https:\/\/api.w.org\/{rel}","templated":true}]}}