{"id":21009,"date":"2016-04-23T08:00:05","date_gmt":"2016-04-23T08:00:05","guid":{"rendered":"http:\/\/copealcoi.es\/new\/?p=21009"},"modified":"2016-04-23T13:44:01","modified_gmt":"2016-04-23T13:44:01","slug":"la-segunda-diana-evidencia-el-futuro-de-la-festa","status":"publish","type":"post","link":"https:\/\/www.copealcoy.es\/es\/la-segunda-diana-evidencia-el-futuro-de-la-festa\/","title":{"rendered":"La Segunda Diana evidencia el futuro de la Festa"},"content":{"rendered":"<p style=\"text-align: justify;\">Alcoy ha iniciado este segundo d\u00eda de la trilog\u00eda festera con la Segunda Diana que ha dado comienzo a las 9 de la ma\u00f1ana con un sol radiante y primaveral como testigo. El acto ha transcurrido por dos itinerarios, la calle San Nicol\u00e1s y la Avinguda del Pa\u00eds Valenci\u00e0, y en el mismo los m\u00e1s peque\u00f1os han sido los protagonistas tomando parte en las escuadras y poniendo de manifiesto una vez m\u00e1s que el futuro de la festa alcoyana est\u00e1 m\u00e1s que asegurado. Los sargentos infantiles han acompa\u00f1ado a las filaes de cargo y el p\u00fablico ha lanzado numerosas ovaciones a lo largo de todo el trayecto.<\/p>\n<p style=\"text-align: justify;\">Recordar que en este 23 de abril la ciudad rinde homenaje a su patr\u00f3n con diferentes actos religiosos. A las 11 de la ma\u00f1ana se celebra la procesi\u00f3n de la Reliquia y despu\u00e9s la misa mayor que presidir\u00e1 el Cardenal Arzobispo de Valencia Don Antonio Ca\u00f1izares. Por \u00faltimo se disparar\u00e1 una masclet\u00e0 que pondr\u00e1 fin a los actos matinales.<\/p>\n","protected":false},"excerpt":{"rendered":"<p>Alcoy ha iniciado este segundo d\u00eda de la trilog\u00eda festera con la Segunda Diana que ha dado comienzo a las&#8230;<\/p>\n","protected":false},"author":1,"featured_media":21010,"comment_status":"open","ping_status":"open","sticky":false,"template":"","format":"standard","meta":{"footnotes":""},"categories":[97,78,75],"tags":[1494,856,876,2161],"class_list":["post-21009","post","type-post","status-publish","format-standard","has-post-thumbnail","hentry","category-alcoy","category-fiestaycultura","category-noticias","tag-alcoy","tag-moros-i-cristians","tag-san-jorge","tag-segunda-diana"],"yoast_head":"<!-- This site is optimized with the Yoast SEO plugin v27.3 - https:\/\/yoast.com\/product\/yoast-seo-wordpress\/ -->\n<title>La Segunda Diana evidencia el futuro de la Festa - COPE Alcoy<\/title>\n<meta name=\"robots\" content=\"index, follow, max-snippet:-1, max-image-preview:large, max-video-preview:-1\" \/>\n<link rel=\"canonical\" href=\"https:\/\/www.copealcoy.es\/es\/la-segunda-diana-evidencia-el-futuro-de-la-festa\/\" \/>\n<meta property=\"og:locale\" content=\"es_ES\" \/>\n<meta property=\"og:type\" content=\"article\" \/>\n<meta property=\"og:title\" content=\"La Segunda Diana evidencia el futuro de la Festa - COPE Alcoy\" \/>\n<meta property=\"og:description\" content=\"Alcoy ha iniciado este segundo d\u00eda de la trilog\u00eda festera con la Segunda Diana que ha dado comienzo a las...\" \/>\n<meta property=\"og:url\" content=\"https:\/\/www.copealcoy.es\/es\/la-segunda-diana-evidencia-el-futuro-de-la-festa\/\" \/>\n<meta property=\"og:site_name\" content=\"COPE Alcoy\" \/>\n<meta property=\"article:published_time\" content=\"2016-04-23T08:00:05+00:00\" \/>\n<meta property=\"article:modified_time\" content=\"2016-04-23T13:44:01+00:00\" \/>\n<meta property=\"og:image\" content=\"https:\/\/www.copealcoy.es\/wp-content\/uploads\/2016\/04\/13090477_10209167808252983_1877178026_n-e1461418925581.jpg\" \/>\n\t<meta property=\"og:image:width\" content=\"718\" \/>\n\t<meta property=\"og:image:height\" content=\"440\" \/>\n\t<meta property=\"og:image:type\" content=\"image\/jpeg\" \/>\n<meta name=\"author\" content=\"Cope Alcoy\" \/>\n<meta name=\"twitter:label1\" content=\"Escrito por\" \/>\n\t<meta name=\"twitter:data1\" content=\"Cope Alcoy\" \/>\n\t<meta name=\"twitter:label2\" content=\"Tiempo de lectura\" \/>\n\t<meta name=\"twitter:data2\" content=\"1 minuto\" \/>\n<script type=\"application\/ld+json\" class=\"yoast-schema-graph\">{\"@context\":\"https:\\\/\\\/schema.org\",\"@graph\":[{\"@type\":\"Article\",\"@id\":\"https:\\\/\\\/www.copealcoy.es\\\/es\\\/la-segunda-diana-evidencia-el-futuro-de-la-festa\\\/#article\",\"isPartOf\":{\"@id\":\"https:\\\/\\\/www.copealcoy.es\\\/es\\\/la-segunda-diana-evidencia-el-futuro-de-la-festa\\\/\"},\"author\":{\"name\":\"Cope Alcoy\",\"@id\":\"https:\\\/\\\/www.copealcoy.es\\\/es\\\/#\\\/schema\\\/person\\\/e777c87fa024e57d40170af9df39882c\"},\"headline\":\"La Segunda Diana evidencia el futuro de la Festa\",\"datePublished\":\"2016-04-23T08:00:05+00:00\",\"dateModified\":\"2016-04-23T13:44:01+00:00\",\"mainEntityOfPage\":{\"@id\":\"https:\\\/\\\/www.copealcoy.es\\\/es\\\/la-segunda-diana-evidencia-el-futuro-de-la-festa\\\/\"},\"wordCount\":188,\"commentCount\":0,\"image\":{\"@id\":\"https:\\\/\\\/www.copealcoy.es\\\/es\\\/la-segunda-diana-evidencia-el-futuro-de-la-festa\\\/#primaryimage\"},\"thumbnailUrl\":\"https:\\\/\\\/www.copealcoy.es\\\/wp-content\\\/uploads\\\/2016\\\/04\\\/13090477_10209167808252983_1877178026_n-e1461418925581.jpg\",\"keywords\":[\"Alcoy\",\"Moros i Cristians\",\"San Jorge\",\"Segunda Diana\"],\"articleSection\":[\"Alcoy\",\"Fiesta y Cultura\",\"Noticias\"],\"inLanguage\":\"es\"},{\"@type\":\"WebPage\",\"@id\":\"https:\\\/\\\/www.copealcoy.es\\\/es\\\/la-segunda-diana-evidencia-el-futuro-de-la-festa\\\/\",\"url\":\"https:\\\/\\\/www.copealcoy.es\\\/es\\\/la-segunda-diana-evidencia-el-futuro-de-la-festa\\\/\",\"name\":\"La Segunda Diana evidencia el futuro de la Festa - COPE Alcoy\",\"isPartOf\":{\"@id\":\"https:\\\/\\\/www.copealcoy.es\\\/es\\\/#website\"},\"primaryImageOfPage\":{\"@id\":\"https:\\\/\\\/www.copealcoy.es\\\/es\\\/la-segunda-diana-evidencia-el-futuro-de-la-festa\\\/#primaryimage\"},\"image\":{\"@id\":\"https:\\\/\\\/www.copealcoy.es\\\/es\\\/la-segunda-diana-evidencia-el-futuro-de-la-festa\\\/#primaryimage\"},\"thumbnailUrl\":\"https:\\\/\\\/www.copealcoy.es\\\/wp-content\\\/uploads\\\/2016\\\/04\\\/13090477_10209167808252983_1877178026_n-e1461418925581.jpg\",\"datePublished\":\"2016-04-23T08:00:05+00:00\",\"dateModified\":\"2016-04-23T13:44:01+00:00\",\"author\":{\"@id\":\"https:\\\/\\\/www.copealcoy.es\\\/es\\\/#\\\/schema\\\/person\\\/e777c87fa024e57d40170af9df39882c\"},\"breadcrumb\":{\"@id\":\"https:\\\/\\\/www.copealcoy.es\\\/es\\\/la-segunda-diana-evidencia-el-futuro-de-la-festa\\\/#breadcrumb\"},\"inLanguage\":\"es\",\"potentialAction\":[{\"@type\":\"ReadAction\",\"target\":[\"https:\\\/\\\/www.copealcoy.es\\\/es\\\/la-segunda-diana-evidencia-el-futuro-de-la-festa\\\/\"]}]},{\"@type\":\"ImageObject\",\"inLanguage\":\"es\",\"@id\":\"https:\\\/\\\/www.copealcoy.es\\\/es\\\/la-segunda-diana-evidencia-el-futuro-de-la-festa\\\/#primaryimage\",\"url\":\"https:\\\/\\\/www.copealcoy.es\\\/wp-content\\\/uploads\\\/2016\\\/04\\\/13090477_10209167808252983_1877178026_n-e1461418925581.jpg\",\"contentUrl\":\"https:\\\/\\\/www.copealcoy.es\\\/wp-content\\\/uploads\\\/2016\\\/04\\\/13090477_10209167808252983_1877178026_n-e1461418925581.jpg\",\"width\":718,\"height\":440,\"caption\":\"Los m\u00e1s peque\u00f1os han sido los protagonistas en la Segunda Diana \\\/ Foto: Fil\u00e0 Vascos\"},{\"@type\":\"BreadcrumbList\",\"@id\":\"https:\\\/\\\/www.copealcoy.es\\\/es\\\/la-segunda-diana-evidencia-el-futuro-de-la-festa\\\/#breadcrumb\",\"itemListElement\":[{\"@type\":\"ListItem\",\"position\":1,\"name\":\"Portada\",\"item\":\"https:\\\/\\\/www.copealcoy.es\\\/es\\\/\"},{\"@type\":\"ListItem\",\"position\":2,\"name\":\"La Segunda Diana evidencia el futuro de la Festa\"}]},{\"@type\":\"WebSite\",\"@id\":\"https:\\\/\\\/www.copealcoy.es\\\/es\\\/#website\",\"url\":\"https:\\\/\\\/www.copealcoy.es\\\/es\\\/\",\"name\":\"COPE Alcoy\",\"description\":\"Emisora COPE de radio local con emisi\u00f3n online. Pont de Sant Jordi 8-10 03803 Alcoy\",\"potentialAction\":[{\"@type\":\"SearchAction\",\"target\":{\"@type\":\"EntryPoint\",\"urlTemplate\":\"https:\\\/\\\/www.copealcoy.es\\\/es\\\/?s={search_term_string}\"},\"query-input\":{\"@type\":\"PropertyValueSpecification\",\"valueRequired\":true,\"valueName\":\"search_term_string\"}}],\"inLanguage\":\"es\"},{\"@type\":\"Person\",\"@id\":\"https:\\\/\\\/www.copealcoy.es\\\/es\\\/#\\\/schema\\\/person\\\/e777c87fa024e57d40170af9df39882c\",\"name\":\"Cope Alcoy\",\"image\":{\"@type\":\"ImageObject\",\"inLanguage\":\"es\",\"@id\":\"https:\\\/\\\/secure.gravatar.com\\\/avatar\\\/bb65d0283347e303893ba14f0692005417c1e0e690a325a4c5d8bb2b3943ee14?s=96&d=mm&r=g\",\"url\":\"https:\\\/\\\/secure.gravatar.com\\\/avatar\\\/bb65d0283347e303893ba14f0692005417c1e0e690a325a4c5d8bb2b3943ee14?s=96&d=mm&r=g\",\"contentUrl\":\"https:\\\/\\\/secure.gravatar.com\\\/avatar\\\/bb65d0283347e303893ba14f0692005417c1e0e690a325a4c5d8bb2b3943ee14?s=96&d=mm&r=g\",\"caption\":\"Cope Alcoy\"}}]}<\/script>\n<!-- \/ Yoast SEO plugin. -->","yoast_head_json":{"title":"La Segunda Diana evidencia el futuro de la Festa - COPE Alcoy","robots":{"index":"index","follow":"follow","max-snippet":"max-snippet:-1","max-image-preview":"max-image-preview:large","max-video-preview":"max-video-preview:-1"},"canonical":"https:\/\/www.copealcoy.es\/es\/la-segunda-diana-evidencia-el-futuro-de-la-festa\/","og_locale":"es_ES","og_type":"article","og_title":"La Segunda Diana evidencia el futuro de la Festa - COPE Alcoy","og_description":"Alcoy ha iniciado este segundo d\u00eda de la trilog\u00eda festera con la Segunda Diana que ha dado comienzo a las...","og_url":"https:\/\/www.copealcoy.es\/es\/la-segunda-diana-evidencia-el-futuro-de-la-festa\/","og_site_name":"COPE Alcoy","article_published_time":"2016-04-23T08:00:05+00:00","article_modified_time":"2016-04-23T13:44:01+00:00","og_image":[{"width":718,"height":440,"url":"https:\/\/www.copealcoy.es\/wp-content\/uploads\/2016\/04\/13090477_10209167808252983_1877178026_n-e1461418925581.jpg","type":"image\/jpeg"}],"author":"Cope Alcoy","twitter_misc":{"Escrito por":"Cope Alcoy","Tiempo de lectura":"1 minuto"},"schema":{"@context":"https:\/\/schema.org","@graph":[{"@type":"Article","@id":"https:\/\/www.copealcoy.es\/es\/la-segunda-diana-evidencia-el-futuro-de-la-festa\/#article","isPartOf":{"@id":"https:\/\/www.copealcoy.es\/es\/la-segunda-diana-evidencia-el-futuro-de-la-festa\/"},"author":{"name":"Cope Alcoy","@id":"https:\/\/www.copealcoy.es\/es\/#\/schema\/person\/e777c87fa024e57d40170af9df39882c"},"headline":"La Segunda Diana evidencia el futuro de la Festa","datePublished":"2016-04-23T08:00:05+00:00","dateModified":"2016-04-23T13:44:01+00:00","mainEntityOfPage":{"@id":"https:\/\/www.copealcoy.es\/es\/la-segunda-diana-evidencia-el-futuro-de-la-festa\/"},"wordCount":188,"commentCount":0,"image":{"@id":"https:\/\/www.copealcoy.es\/es\/la-segunda-diana-evidencia-el-futuro-de-la-festa\/#primaryimage"},"thumbnailUrl":"https:\/\/www.copealcoy.es\/wp-content\/uploads\/2016\/04\/13090477_10209167808252983_1877178026_n-e1461418925581.jpg","keywords":["Alcoy","Moros i Cristians","San Jorge","Segunda Diana"],"articleSection":["Alcoy","Fiesta y Cultura","Noticias"],"inLanguage":"es"},{"@type":"WebPage","@id":"https:\/\/www.copealcoy.es\/es\/la-segunda-diana-evidencia-el-futuro-de-la-festa\/","url":"https:\/\/www.copealcoy.es\/es\/la-segunda-diana-evidencia-el-futuro-de-la-festa\/","name":"La Segunda Diana evidencia el futuro de la Festa - COPE Alcoy","isPartOf":{"@id":"https:\/\/www.copealcoy.es\/es\/#website"},"primaryImageOfPage":{"@id":"https:\/\/www.copealcoy.es\/es\/la-segunda-diana-evidencia-el-futuro-de-la-festa\/#primaryimage"},"image":{"@id":"https:\/\/www.copealcoy.es\/es\/la-segunda-diana-evidencia-el-futuro-de-la-festa\/#primaryimage"},"thumbnailUrl":"https:\/\/www.copealcoy.es\/wp-content\/uploads\/2016\/04\/13090477_10209167808252983_1877178026_n-e1461418925581.jpg","datePublished":"2016-04-23T08:00:05+00:00","dateModified":"2016-04-23T13:44:01+00:00","author":{"@id":"https:\/\/www.copealcoy.es\/es\/#\/schema\/person\/e777c87fa024e57d40170af9df39882c"},"breadcrumb":{"@id":"https:\/\/www.copealcoy.es\/es\/la-segunda-diana-evidencia-el-futuro-de-la-festa\/#breadcrumb"},"inLanguage":"es","potentialAction":[{"@type":"ReadAction","target":["https:\/\/www.copealcoy.es\/es\/la-segunda-diana-evidencia-el-futuro-de-la-festa\/"]}]},{"@type":"ImageObject","inLanguage":"es","@id":"https:\/\/www.copealcoy.es\/es\/la-segunda-diana-evidencia-el-futuro-de-la-festa\/#primaryimage","url":"https:\/\/www.copealcoy.es\/wp-content\/uploads\/2016\/04\/13090477_10209167808252983_1877178026_n-e1461418925581.jpg","contentUrl":"https:\/\/www.copealcoy.es\/wp-content\/uploads\/2016\/04\/13090477_10209167808252983_1877178026_n-e1461418925581.jpg","width":718,"height":440,"caption":"Los m\u00e1s peque\u00f1os han sido los protagonistas en la Segunda Diana \/ Foto: Fil\u00e0 Vascos"},{"@type":"BreadcrumbList","@id":"https:\/\/www.copealcoy.es\/es\/la-segunda-diana-evidencia-el-futuro-de-la-festa\/#breadcrumb","itemListElement":[{"@type":"ListItem","position":1,"name":"Portada","item":"https:\/\/www.copealcoy.es\/es\/"},{"@type":"ListItem","position":2,"name":"La Segunda Diana evidencia el futuro de la Festa"}]},{"@type":"WebSite","@id":"https:\/\/www.copealcoy.es\/es\/#website","url":"https:\/\/www.copealcoy.es\/es\/","name":"COPE Alcoy","description":"Emisora COPE de radio local con emisi\u00f3n online. Pont de Sant Jordi 8-10 03803 Alcoy","potentialAction":[{"@type":"SearchAction","target":{"@type":"EntryPoint","urlTemplate":"https:\/\/www.copealcoy.es\/es\/?s={search_term_string}"},"query-input":{"@type":"PropertyValueSpecification","valueRequired":true,"valueName":"search_term_string"}}],"inLanguage":"es"},{"@type":"Person","@id":"https:\/\/www.copealcoy.es\/es\/#\/schema\/person\/e777c87fa024e57d40170af9df39882c","name":"Cope Alcoy","image":{"@type":"ImageObject","inLanguage":"es","@id":"https:\/\/secure.gravatar.com\/avatar\/bb65d0283347e303893ba14f0692005417c1e0e690a325a4c5d8bb2b3943ee14?s=96&d=mm&r=g","url":"https:\/\/secure.gravatar.com\/avatar\/bb65d0283347e303893ba14f0692005417c1e0e690a325a4c5d8bb2b3943ee14?s=96&d=mm&r=g","contentUrl":"https:\/\/secure.gravatar.com\/avatar\/bb65d0283347e303893ba14f0692005417c1e0e690a325a4c5d8bb2b3943ee14?s=96&d=mm&r=g","caption":"Cope Alcoy"}}]}},"_links":{"self":[{"href":"https:\/\/www.copealcoy.es\/es\/wp-json\/wp\/v2\/posts\/21009","targetHints":{"allow":["GET"]}}],"collection":[{"href":"https:\/\/www.copealcoy.es\/es\/wp-json\/wp\/v2\/posts"}],"about":[{"href":"https:\/\/www.copealcoy.es\/es\/wp-json\/wp\/v2\/types\/post"}],"author":[{"embeddable":true,"href":"https:\/\/www.copealcoy.es\/es\/wp-json\/wp\/v2\/users\/1"}],"replies":[{"embeddable":true,"href":"https:\/\/www.copealcoy.es\/es\/wp-json\/wp\/v2\/comments?post=21009"}],"version-history":[{"count":0,"href":"https:\/\/www.copealcoy.es\/es\/wp-json\/wp\/v2\/posts\/21009\/revisions"}],"wp:featuredmedia":[{"embeddable":true,"href":"https:\/\/www.copealcoy.es\/es\/wp-json\/wp\/v2\/media\/21010"}],"wp:attachment":[{"href":"https:\/\/www.copealcoy.es\/es\/wp-json\/wp\/v2\/media?parent=21009"}],"wp:term":[{"taxonomy":"category","embeddable":true,"href":"https:\/\/www.copealcoy.es\/es\/wp-json\/wp\/v2\/categories?post=21009"},{"taxonomy":"post_tag","embeddable":true,"href":"https:\/\/www.copealcoy.es\/es\/wp-json\/wp\/v2\/tags?post=21009"}],"curies":[{"name":"wp","href":"https:\/\/api.w.org\/{rel}","templated":true}]}}