{"id":20948,"date":"2016-04-21T20:46:56","date_gmt":"2016-04-21T20:46:56","guid":{"rendered":"http:\/\/copealcoi.es\/new\/?p=20948"},"modified":"2016-04-25T19:20:11","modified_gmt":"2016-04-25T19:20:11","slug":"multitudinaria-llamada-a-la-festa","status":"publish","type":"post","link":"https:\/\/www.copealcoy.es\/es\/multitudinaria-llamada-a-la-festa\/","title":{"rendered":"Multitudinaria llamada a la Festa"},"content":{"rendered":"<p style=\"text-align: justify;\">Alcoy ha dado la bienvenida esta tarde a los moros y cristianos del 2016 en una multitudinaria interpretaci\u00f3n del Himno de Fiestas en la Plaza de Espa\u00f1a. La m\u00fasica festera, despu\u00e9s del espect\u00e1culo de los abanderados de Arezzo y el desfile de \u00a0 los grupos de dol\u00e7aines i tabals, empez\u00f3 a sonar a partir de las siete y media de la tarde en la tradicional Fiesta del Pasodoble que dio comienzo desde El Parterre y que sirvi\u00f3 de pre\u00e1mbulo para dar el pistoletazo de salida a la trilog\u00eda festera. En el acto han participado un total de 22\u00a0bandas de m\u00fasica y uno de los momentos m\u00e1s esperados se ha vivido en la tribuna de autoridades donde ya anocheciendo el Sant Jordiet, Juan Anduix, ha entregado la batuta al director del Himno, Hiroshi Fujii, acompa\u00f1ado del alcalde y del Presidente de la Diputaci\u00f3n de Alicante, C\u00e9sar S\u00e1nchez.<\/p>\n<p style=\"text-align: justify;\">Seguidamente Hiroshi Fujii se ha encaminado al centro de la plaza para iniciar la direcci\u00f3n de los primeros acordes del Himno de Fiestas recibidos con fuertes aplausos por parte de los miles de alcoyanos que aguardaban este m\u00e1gico momento en La Bandeja. El Nostra Festa ha sido coreado con fuerza y en su segunda interpretaci\u00f3n han comenzado a sonar las campanas de la iglesia de Santa Mar\u00eda anunciando a toda la ciudad que Alcoy ya est\u00e1 inmersa en sus fiestas. Las \u00faltimas notas del Himno han dado paso a un castillo de fuegos artificiales y al encendido de la enramada festera.<\/p>\n<p style=\"text-align: justify;\">El propio Hiroshi Fujii destacaba a los micr\u00f3fonos de Cope Alcoy, nada m\u00e1s acabar de dirigir el Himno, que hab\u00eda hecho realidad un sue\u00f1o \u201cla plaza esta llena de gente y me he sentido muy arropado. Es una sensaci\u00f3n que ahora mismo no puedo explicar en palabras. Tan solo quiero dar las gracias a todo Alcoy\u201d, manifestaba visiblemente emocionado.<\/p>\n<figure id=\"attachment_20953\" aria-describedby=\"caption-attachment-20953\" style=\"width: 944px\" class=\"wp-caption alignnone\"><a href=\"https:\/\/www.copealcoy.es\/wp-content\/uploads\/2016\/04\/unnamed-1.jpg\"><img loading=\"lazy\" decoding=\"async\" class=\"wp-image-20953 size-full\" src=\"https:\/\/www.copealcoy.es\/wp-content\/uploads\/2016\/04\/unnamed-1.jpg\" alt=\"Un estruendoso castillo de fuegos artificiales ha cerrado el acto \/ Foto: Hiroshii Fujii\" width=\"944\" height=\"629\" srcset=\"https:\/\/www.copealcoy.es\/wp-content\/uploads\/2016\/04\/unnamed-1.jpg 944w, https:\/\/www.copealcoy.es\/wp-content\/uploads\/2016\/04\/unnamed-1-300x200.jpg 300w\" sizes=\"auto, (max-width: 944px) 100vw, 944px\" \/><\/a><figcaption id=\"caption-attachment-20953\" class=\"wp-caption-text\">Un estruendoso castillo de fuegos artificiales ha cerrado el acto<\/figcaption><\/figure>\n<p style=\"text-align: justify;\">Tras la interpretaci\u00f3n del Himno los festeros acuden\u00a0a sus filaes para degustar la t\u00edpica olleta alcoyana y a continuaci\u00f3n las \u00faltimas Entraetes del ciclo festero tomar\u00e1n las calles del Centro hasta bien entrada la madrugada. Recordar que ma\u00f1ana la actividad comenzar\u00e1 temprano con la Diana que arrancar\u00e1 a las puertas del Ayuntamiento a las 5:45 horas. Posteriormente, a las 10:30, comenzar\u00e1 la entrada cristiana en lo alto de El Partidor y a partir de las 17:00h ser\u00e1 el turno de la mora. De nuevo Cope Alcoy estar\u00e1 en directo para acercar toda la actualidad de la jornada en una retransmisi\u00f3n especial de m\u00e1s de siete horas de duraci\u00f3n que contar\u00e1 con los comentarios\u00a0de Gabriel Pascual, Cristian Reche, Carlos Tal\u00e9ns y Juan Carlos Rico.<\/p>\n<p><iframe loading=\"lazy\" title=\"Himno de Fiestas de Alcoy 2016\" width=\"1200\" height=\"675\" src=\"https:\/\/www.youtube.com\/embed\/NyvFfQe4BlY?feature=oembed\" frameborder=\"0\" allow=\"accelerometer; autoplay; encrypted-media; gyroscope; picture-in-picture\" allowfullscreen><\/iframe><\/p>\n<p>&nbsp;<\/p>\n","protected":false},"excerpt":{"rendered":"<p>Alcoy ha dado la bienvenida esta tarde a los moros y cristianos del 2016 en una multitudinaria interpretaci\u00f3n del Himno&#8230;<\/p>\n","protected":false},"author":1,"featured_media":20949,"comment_status":"open","ping_status":"open","sticky":false,"template":"","format":"standard","meta":{"footnotes":""},"categories":[97,78,75,125],"tags":[1494,2154,2065,856],"class_list":["post-20948","post","type-post","status-publish","format-standard","has-post-thumbnail","hentry","category-alcoy","category-fiestaycultura","category-noticias","category-portada","tag-alcoy","tag-himno","tag-hiroshi-fujii","tag-moros-i-cristians"],"yoast_head":"<!-- This site is optimized with the Yoast SEO plugin v27.3 - https:\/\/yoast.com\/product\/yoast-seo-wordpress\/ -->\n<title>Multitudinaria llamada a la Festa - COPE Alcoy<\/title>\n<meta name=\"robots\" content=\"index, follow, max-snippet:-1, max-image-preview:large, max-video-preview:-1\" \/>\n<link rel=\"canonical\" href=\"https:\/\/www.copealcoy.es\/es\/multitudinaria-llamada-a-la-festa\/\" \/>\n<meta property=\"og:locale\" content=\"es_ES\" \/>\n<meta property=\"og:type\" content=\"article\" \/>\n<meta property=\"og:title\" content=\"Multitudinaria llamada a la Festa - COPE Alcoy\" \/>\n<meta property=\"og:description\" content=\"Alcoy ha dado la bienvenida esta tarde a los moros y cristianos del 2016 en una multitudinaria interpretaci\u00f3n del Himno...\" \/>\n<meta property=\"og:url\" content=\"https:\/\/www.copealcoy.es\/es\/multitudinaria-llamada-a-la-festa\/\" \/>\n<meta property=\"og:site_name\" content=\"COPE Alcoy\" \/>\n<meta property=\"article:published_time\" content=\"2016-04-21T20:46:56+00:00\" \/>\n<meta property=\"article:modified_time\" content=\"2016-04-25T19:20:11+00:00\" \/>\n<meta property=\"og:image\" content=\"https:\/\/www.copealcoy.es\/wp-content\/uploads\/2016\/04\/unnamed-2.jpg\" \/>\n\t<meta property=\"og:image:width\" content=\"944\" \/>\n\t<meta property=\"og:image:height\" content=\"629\" \/>\n\t<meta property=\"og:image:type\" content=\"image\/jpeg\" \/>\n<meta name=\"author\" content=\"Cope Alcoy\" \/>\n<meta name=\"twitter:label1\" content=\"Escrito por\" \/>\n\t<meta name=\"twitter:data1\" content=\"Cope Alcoy\" \/>\n\t<meta name=\"twitter:label2\" content=\"Tiempo de lectura\" \/>\n\t<meta name=\"twitter:data2\" content=\"2 minutos\" \/>\n<script type=\"application\/ld+json\" class=\"yoast-schema-graph\">{\"@context\":\"https:\\\/\\\/schema.org\",\"@graph\":[{\"@type\":\"Article\",\"@id\":\"https:\\\/\\\/www.copealcoy.es\\\/es\\\/multitudinaria-llamada-a-la-festa\\\/#article\",\"isPartOf\":{\"@id\":\"https:\\\/\\\/www.copealcoy.es\\\/es\\\/multitudinaria-llamada-a-la-festa\\\/\"},\"author\":{\"name\":\"Cope Alcoy\",\"@id\":\"https:\\\/\\\/www.copealcoy.es\\\/es\\\/#\\\/schema\\\/person\\\/e777c87fa024e57d40170af9df39882c\"},\"headline\":\"Multitudinaria llamada a la Festa\",\"datePublished\":\"2016-04-21T20:46:56+00:00\",\"dateModified\":\"2016-04-25T19:20:11+00:00\",\"mainEntityOfPage\":{\"@id\":\"https:\\\/\\\/www.copealcoy.es\\\/es\\\/multitudinaria-llamada-a-la-festa\\\/\"},\"wordCount\":490,\"commentCount\":0,\"image\":{\"@id\":\"https:\\\/\\\/www.copealcoy.es\\\/es\\\/multitudinaria-llamada-a-la-festa\\\/#primaryimage\"},\"thumbnailUrl\":\"https:\\\/\\\/www.copealcoy.es\\\/wp-content\\\/uploads\\\/2016\\\/04\\\/unnamed-2.jpg\",\"keywords\":[\"Alcoy\",\"Himno\",\"Hiroshi Fujii\",\"Moros i Cristians\"],\"articleSection\":[\"Alcoy\",\"Fiesta y Cultura\",\"Noticias\",\"Portada\"],\"inLanguage\":\"es\"},{\"@type\":\"WebPage\",\"@id\":\"https:\\\/\\\/www.copealcoy.es\\\/es\\\/multitudinaria-llamada-a-la-festa\\\/\",\"url\":\"https:\\\/\\\/www.copealcoy.es\\\/es\\\/multitudinaria-llamada-a-la-festa\\\/\",\"name\":\"Multitudinaria llamada a la Festa - COPE Alcoy\",\"isPartOf\":{\"@id\":\"https:\\\/\\\/www.copealcoy.es\\\/es\\\/#website\"},\"primaryImageOfPage\":{\"@id\":\"https:\\\/\\\/www.copealcoy.es\\\/es\\\/multitudinaria-llamada-a-la-festa\\\/#primaryimage\"},\"image\":{\"@id\":\"https:\\\/\\\/www.copealcoy.es\\\/es\\\/multitudinaria-llamada-a-la-festa\\\/#primaryimage\"},\"thumbnailUrl\":\"https:\\\/\\\/www.copealcoy.es\\\/wp-content\\\/uploads\\\/2016\\\/04\\\/unnamed-2.jpg\",\"datePublished\":\"2016-04-21T20:46:56+00:00\",\"dateModified\":\"2016-04-25T19:20:11+00:00\",\"author\":{\"@id\":\"https:\\\/\\\/www.copealcoy.es\\\/es\\\/#\\\/schema\\\/person\\\/e777c87fa024e57d40170af9df39882c\"},\"breadcrumb\":{\"@id\":\"https:\\\/\\\/www.copealcoy.es\\\/es\\\/multitudinaria-llamada-a-la-festa\\\/#breadcrumb\"},\"inLanguage\":\"es\",\"potentialAction\":[{\"@type\":\"ReadAction\",\"target\":[\"https:\\\/\\\/www.copealcoy.es\\\/es\\\/multitudinaria-llamada-a-la-festa\\\/\"]}]},{\"@type\":\"ImageObject\",\"inLanguage\":\"es\",\"@id\":\"https:\\\/\\\/www.copealcoy.es\\\/es\\\/multitudinaria-llamada-a-la-festa\\\/#primaryimage\",\"url\":\"https:\\\/\\\/www.copealcoy.es\\\/wp-content\\\/uploads\\\/2016\\\/04\\\/unnamed-2.jpg\",\"contentUrl\":\"https:\\\/\\\/www.copealcoy.es\\\/wp-content\\\/uploads\\\/2016\\\/04\\\/unnamed-2.jpg\",\"width\":944,\"height\":629,\"caption\":\"Hiroshi Fujii tras recibir la batuta para dirigir el Himno de Fiesta \\\/ Foto: Estudio Fotogr\u00e1fico Mauro\u00b4s\"},{\"@type\":\"BreadcrumbList\",\"@id\":\"https:\\\/\\\/www.copealcoy.es\\\/es\\\/multitudinaria-llamada-a-la-festa\\\/#breadcrumb\",\"itemListElement\":[{\"@type\":\"ListItem\",\"position\":1,\"name\":\"Portada\",\"item\":\"https:\\\/\\\/www.copealcoy.es\\\/es\\\/\"},{\"@type\":\"ListItem\",\"position\":2,\"name\":\"Multitudinaria llamada a la Festa\"}]},{\"@type\":\"WebSite\",\"@id\":\"https:\\\/\\\/www.copealcoy.es\\\/es\\\/#website\",\"url\":\"https:\\\/\\\/www.copealcoy.es\\\/es\\\/\",\"name\":\"COPE Alcoy\",\"description\":\"Emisora COPE de radio local con emisi\u00f3n online. Pont de Sant Jordi 8-10 03803 Alcoy\",\"potentialAction\":[{\"@type\":\"SearchAction\",\"target\":{\"@type\":\"EntryPoint\",\"urlTemplate\":\"https:\\\/\\\/www.copealcoy.es\\\/es\\\/?s={search_term_string}\"},\"query-input\":{\"@type\":\"PropertyValueSpecification\",\"valueRequired\":true,\"valueName\":\"search_term_string\"}}],\"inLanguage\":\"es\"},{\"@type\":\"Person\",\"@id\":\"https:\\\/\\\/www.copealcoy.es\\\/es\\\/#\\\/schema\\\/person\\\/e777c87fa024e57d40170af9df39882c\",\"name\":\"Cope Alcoy\",\"image\":{\"@type\":\"ImageObject\",\"inLanguage\":\"es\",\"@id\":\"https:\\\/\\\/secure.gravatar.com\\\/avatar\\\/bb65d0283347e303893ba14f0692005417c1e0e690a325a4c5d8bb2b3943ee14?s=96&d=mm&r=g\",\"url\":\"https:\\\/\\\/secure.gravatar.com\\\/avatar\\\/bb65d0283347e303893ba14f0692005417c1e0e690a325a4c5d8bb2b3943ee14?s=96&d=mm&r=g\",\"contentUrl\":\"https:\\\/\\\/secure.gravatar.com\\\/avatar\\\/bb65d0283347e303893ba14f0692005417c1e0e690a325a4c5d8bb2b3943ee14?s=96&d=mm&r=g\",\"caption\":\"Cope Alcoy\"}}]}<\/script>\n<!-- \/ Yoast SEO plugin. -->","yoast_head_json":{"title":"Multitudinaria llamada a la Festa - COPE Alcoy","robots":{"index":"index","follow":"follow","max-snippet":"max-snippet:-1","max-image-preview":"max-image-preview:large","max-video-preview":"max-video-preview:-1"},"canonical":"https:\/\/www.copealcoy.es\/es\/multitudinaria-llamada-a-la-festa\/","og_locale":"es_ES","og_type":"article","og_title":"Multitudinaria llamada a la Festa - COPE Alcoy","og_description":"Alcoy ha dado la bienvenida esta tarde a los moros y cristianos del 2016 en una multitudinaria interpretaci\u00f3n del Himno...","og_url":"https:\/\/www.copealcoy.es\/es\/multitudinaria-llamada-a-la-festa\/","og_site_name":"COPE Alcoy","article_published_time":"2016-04-21T20:46:56+00:00","article_modified_time":"2016-04-25T19:20:11+00:00","og_image":[{"width":944,"height":629,"url":"https:\/\/www.copealcoy.es\/wp-content\/uploads\/2016\/04\/unnamed-2.jpg","type":"image\/jpeg"}],"author":"Cope Alcoy","twitter_misc":{"Escrito por":"Cope Alcoy","Tiempo de lectura":"2 minutos"},"schema":{"@context":"https:\/\/schema.org","@graph":[{"@type":"Article","@id":"https:\/\/www.copealcoy.es\/es\/multitudinaria-llamada-a-la-festa\/#article","isPartOf":{"@id":"https:\/\/www.copealcoy.es\/es\/multitudinaria-llamada-a-la-festa\/"},"author":{"name":"Cope Alcoy","@id":"https:\/\/www.copealcoy.es\/es\/#\/schema\/person\/e777c87fa024e57d40170af9df39882c"},"headline":"Multitudinaria llamada a la Festa","datePublished":"2016-04-21T20:46:56+00:00","dateModified":"2016-04-25T19:20:11+00:00","mainEntityOfPage":{"@id":"https:\/\/www.copealcoy.es\/es\/multitudinaria-llamada-a-la-festa\/"},"wordCount":490,"commentCount":0,"image":{"@id":"https:\/\/www.copealcoy.es\/es\/multitudinaria-llamada-a-la-festa\/#primaryimage"},"thumbnailUrl":"https:\/\/www.copealcoy.es\/wp-content\/uploads\/2016\/04\/unnamed-2.jpg","keywords":["Alcoy","Himno","Hiroshi Fujii","Moros i Cristians"],"articleSection":["Alcoy","Fiesta y Cultura","Noticias","Portada"],"inLanguage":"es"},{"@type":"WebPage","@id":"https:\/\/www.copealcoy.es\/es\/multitudinaria-llamada-a-la-festa\/","url":"https:\/\/www.copealcoy.es\/es\/multitudinaria-llamada-a-la-festa\/","name":"Multitudinaria llamada a la Festa - COPE Alcoy","isPartOf":{"@id":"https:\/\/www.copealcoy.es\/es\/#website"},"primaryImageOfPage":{"@id":"https:\/\/www.copealcoy.es\/es\/multitudinaria-llamada-a-la-festa\/#primaryimage"},"image":{"@id":"https:\/\/www.copealcoy.es\/es\/multitudinaria-llamada-a-la-festa\/#primaryimage"},"thumbnailUrl":"https:\/\/www.copealcoy.es\/wp-content\/uploads\/2016\/04\/unnamed-2.jpg","datePublished":"2016-04-21T20:46:56+00:00","dateModified":"2016-04-25T19:20:11+00:00","author":{"@id":"https:\/\/www.copealcoy.es\/es\/#\/schema\/person\/e777c87fa024e57d40170af9df39882c"},"breadcrumb":{"@id":"https:\/\/www.copealcoy.es\/es\/multitudinaria-llamada-a-la-festa\/#breadcrumb"},"inLanguage":"es","potentialAction":[{"@type":"ReadAction","target":["https:\/\/www.copealcoy.es\/es\/multitudinaria-llamada-a-la-festa\/"]}]},{"@type":"ImageObject","inLanguage":"es","@id":"https:\/\/www.copealcoy.es\/es\/multitudinaria-llamada-a-la-festa\/#primaryimage","url":"https:\/\/www.copealcoy.es\/wp-content\/uploads\/2016\/04\/unnamed-2.jpg","contentUrl":"https:\/\/www.copealcoy.es\/wp-content\/uploads\/2016\/04\/unnamed-2.jpg","width":944,"height":629,"caption":"Hiroshi Fujii tras recibir la batuta para dirigir el Himno de Fiesta \/ Foto: Estudio Fotogr\u00e1fico Mauro\u00b4s"},{"@type":"BreadcrumbList","@id":"https:\/\/www.copealcoy.es\/es\/multitudinaria-llamada-a-la-festa\/#breadcrumb","itemListElement":[{"@type":"ListItem","position":1,"name":"Portada","item":"https:\/\/www.copealcoy.es\/es\/"},{"@type":"ListItem","position":2,"name":"Multitudinaria llamada a la Festa"}]},{"@type":"WebSite","@id":"https:\/\/www.copealcoy.es\/es\/#website","url":"https:\/\/www.copealcoy.es\/es\/","name":"COPE Alcoy","description":"Emisora COPE de radio local con emisi\u00f3n online. Pont de Sant Jordi 8-10 03803 Alcoy","potentialAction":[{"@type":"SearchAction","target":{"@type":"EntryPoint","urlTemplate":"https:\/\/www.copealcoy.es\/es\/?s={search_term_string}"},"query-input":{"@type":"PropertyValueSpecification","valueRequired":true,"valueName":"search_term_string"}}],"inLanguage":"es"},{"@type":"Person","@id":"https:\/\/www.copealcoy.es\/es\/#\/schema\/person\/e777c87fa024e57d40170af9df39882c","name":"Cope Alcoy","image":{"@type":"ImageObject","inLanguage":"es","@id":"https:\/\/secure.gravatar.com\/avatar\/bb65d0283347e303893ba14f0692005417c1e0e690a325a4c5d8bb2b3943ee14?s=96&d=mm&r=g","url":"https:\/\/secure.gravatar.com\/avatar\/bb65d0283347e303893ba14f0692005417c1e0e690a325a4c5d8bb2b3943ee14?s=96&d=mm&r=g","contentUrl":"https:\/\/secure.gravatar.com\/avatar\/bb65d0283347e303893ba14f0692005417c1e0e690a325a4c5d8bb2b3943ee14?s=96&d=mm&r=g","caption":"Cope Alcoy"}}]}},"_links":{"self":[{"href":"https:\/\/www.copealcoy.es\/es\/wp-json\/wp\/v2\/posts\/20948","targetHints":{"allow":["GET"]}}],"collection":[{"href":"https:\/\/www.copealcoy.es\/es\/wp-json\/wp\/v2\/posts"}],"about":[{"href":"https:\/\/www.copealcoy.es\/es\/wp-json\/wp\/v2\/types\/post"}],"author":[{"embeddable":true,"href":"https:\/\/www.copealcoy.es\/es\/wp-json\/wp\/v2\/users\/1"}],"replies":[{"embeddable":true,"href":"https:\/\/www.copealcoy.es\/es\/wp-json\/wp\/v2\/comments?post=20948"}],"version-history":[{"count":0,"href":"https:\/\/www.copealcoy.es\/es\/wp-json\/wp\/v2\/posts\/20948\/revisions"}],"wp:featuredmedia":[{"embeddable":true,"href":"https:\/\/www.copealcoy.es\/es\/wp-json\/wp\/v2\/media\/20949"}],"wp:attachment":[{"href":"https:\/\/www.copealcoy.es\/es\/wp-json\/wp\/v2\/media?parent=20948"}],"wp:term":[{"taxonomy":"category","embeddable":true,"href":"https:\/\/www.copealcoy.es\/es\/wp-json\/wp\/v2\/categories?post=20948"},{"taxonomy":"post_tag","embeddable":true,"href":"https:\/\/www.copealcoy.es\/es\/wp-json\/wp\/v2\/tags?post=20948"}],"curies":[{"name":"wp","href":"https:\/\/api.w.org\/{rel}","templated":true}]}}