{"id":20940,"date":"2016-04-22T08:00:12","date_gmt":"2016-04-22T08:00:12","guid":{"rendered":"http:\/\/copealcoi.es\/new\/?p=20940"},"modified":"2016-04-22T13:54:16","modified_gmt":"2016-04-22T13:54:16","slug":"mas-de-4-000-personas-participan-en-la-entrada-de-banyeres","status":"publish","type":"post","link":"https:\/\/www.copealcoy.es\/es\/mas-de-4-000-personas-participan-en-la-entrada-de-banyeres\/","title":{"rendered":"M\u00e1s de 4.000 personas participan en la entrada de Banyeres"},"content":{"rendered":"<p style=\"text-align: justify;\">Banyeres ya\u00a0esta lista para sus fiestas de Moros y Cristianos de este a\u00f1o. Aproximadamente\u00a04.000 personas participar\u00e1n en la Entrada. Esta est\u00e1 prevista a\u00a0partir de las 17 horas en su recorrido habitual que parte desde la Fuente Buena a la Plaza.<br \/>\nSeg\u00fan la informaci\u00f3n ofrecida por el Ayuntamiento participar\u00e1n 2800 festeros, 30 carrozas, 54 bandas de m\u00fasica y 4 batidors. Con esta participaci\u00f3n, la Entrada vuelve a convertirse en el acto m\u00e1s multitudinario por excelencia de la fiestas de la localidad.\u00a0&#8220;Para esta edici\u00f3n hemos incrementado el n\u00famero de tribunas para que m\u00e1s gente pueda disfrutar de este d\u00eda&#8221;, asegura el alcalde Josep Sempere.<\/p>\n<p style=\"text-align: justify;\">Hay que recordar que el \u00faltimo d\u00eda se dar\u00e1n a conocer\u00a0<span class=\"s1\">por la tarde\u00a0los capitanes para La Reliquia, que tienen lugar en la primera semana de septiembre. De esta forma Banyeres de Mariola es la \u00fanica localidad que celebra las Fiestas de Moros y Cristianos.\u00a0<\/span><\/p>\n","protected":false},"excerpt":{"rendered":"<p>Banyeres ya\u00a0esta lista para sus fiestas de Moros y Cristianos de este a\u00f1o. Aproximadamente\u00a04.000 personas participar\u00e1n en la Entrada. Esta&#8230;<\/p>\n","protected":false},"author":1,"featured_media":12468,"comment_status":"open","ping_status":"open","sticky":false,"template":"","format":"standard","meta":{"footnotes":""},"categories":[98,75],"tags":[2155,1987,2001,876],"class_list":["post-20940","post","type-post","status-publish","format-standard","has-post-thumbnail","hentry","category-comarcas","category-noticias","tag-banyeres-de-mariola","tag-entrada","tag-fiestas-de-moros-y-cristianos","tag-san-jorge"],"yoast_head":"<!-- This site is optimized with the Yoast SEO plugin v27.3 - https:\/\/yoast.com\/product\/yoast-seo-wordpress\/ -->\n<title>M\u00e1s de 4.000 personas participan en la entrada de Banyeres - COPE Alcoy<\/title>\n<meta name=\"robots\" content=\"index, follow, max-snippet:-1, max-image-preview:large, max-video-preview:-1\" \/>\n<link rel=\"canonical\" href=\"https:\/\/www.copealcoy.es\/es\/mas-de-4-000-personas-participan-en-la-entrada-de-banyeres\/\" \/>\n<meta property=\"og:locale\" content=\"es_ES\" \/>\n<meta property=\"og:type\" content=\"article\" \/>\n<meta property=\"og:title\" content=\"M\u00e1s de 4.000 personas participan en la entrada de Banyeres - COPE Alcoy\" \/>\n<meta property=\"og:description\" content=\"Banyeres ya\u00a0esta lista para sus fiestas de Moros y Cristianos de este a\u00f1o. Aproximadamente\u00a04.000 personas participar\u00e1n en la Entrada. Esta...\" \/>\n<meta property=\"og:url\" content=\"https:\/\/www.copealcoy.es\/es\/mas-de-4-000-personas-participan-en-la-entrada-de-banyeres\/\" \/>\n<meta property=\"og:site_name\" content=\"COPE Alcoy\" \/>\n<meta property=\"article:published_time\" content=\"2016-04-22T08:00:12+00:00\" \/>\n<meta property=\"article:modified_time\" content=\"2016-04-22T13:54:16+00:00\" \/>\n<meta property=\"og:image\" content=\"https:\/\/www.copealcoy.es\/wp-content\/uploads\/2015\/04\/IMG_1733.jpg\" \/>\n\t<meta property=\"og:image:width\" content=\"1024\" \/>\n\t<meta property=\"og:image:height\" content=\"768\" \/>\n\t<meta property=\"og:image:type\" content=\"image\/jpeg\" \/>\n<meta name=\"author\" content=\"Cope Alcoy\" \/>\n<meta name=\"twitter:label1\" content=\"Escrito por\" \/>\n\t<meta name=\"twitter:data1\" content=\"Cope Alcoy\" \/>\n\t<meta name=\"twitter:label2\" content=\"Tiempo de lectura\" \/>\n\t<meta name=\"twitter:data2\" content=\"1 minuto\" \/>\n<script type=\"application\/ld+json\" class=\"yoast-schema-graph\">{\"@context\":\"https:\\\/\\\/schema.org\",\"@graph\":[{\"@type\":\"Article\",\"@id\":\"https:\\\/\\\/www.copealcoy.es\\\/es\\\/mas-de-4-000-personas-participan-en-la-entrada-de-banyeres\\\/#article\",\"isPartOf\":{\"@id\":\"https:\\\/\\\/www.copealcoy.es\\\/es\\\/mas-de-4-000-personas-participan-en-la-entrada-de-banyeres\\\/\"},\"author\":{\"name\":\"Cope Alcoy\",\"@id\":\"https:\\\/\\\/www.copealcoy.es\\\/es\\\/#\\\/schema\\\/person\\\/e777c87fa024e57d40170af9df39882c\"},\"headline\":\"M\u00e1s de 4.000 personas participan en la entrada de Banyeres\",\"datePublished\":\"2016-04-22T08:00:12+00:00\",\"dateModified\":\"2016-04-22T13:54:16+00:00\",\"mainEntityOfPage\":{\"@id\":\"https:\\\/\\\/www.copealcoy.es\\\/es\\\/mas-de-4-000-personas-participan-en-la-entrada-de-banyeres\\\/\"},\"wordCount\":170,\"commentCount\":0,\"image\":{\"@id\":\"https:\\\/\\\/www.copealcoy.es\\\/es\\\/mas-de-4-000-personas-participan-en-la-entrada-de-banyeres\\\/#primaryimage\"},\"thumbnailUrl\":\"https:\\\/\\\/www.copealcoy.es\\\/wp-content\\\/uploads\\\/2015\\\/04\\\/IMG_1733.jpg\",\"keywords\":[\"Banyeres de Mariola\",\"Entrada\",\"Fiestas de Moros y Cristianos\",\"San Jorge\"],\"articleSection\":[\"Comarcas\",\"Noticias\"],\"inLanguage\":\"es\"},{\"@type\":\"WebPage\",\"@id\":\"https:\\\/\\\/www.copealcoy.es\\\/es\\\/mas-de-4-000-personas-participan-en-la-entrada-de-banyeres\\\/\",\"url\":\"https:\\\/\\\/www.copealcoy.es\\\/es\\\/mas-de-4-000-personas-participan-en-la-entrada-de-banyeres\\\/\",\"name\":\"M\u00e1s de 4.000 personas participan en la entrada de Banyeres - COPE Alcoy\",\"isPartOf\":{\"@id\":\"https:\\\/\\\/www.copealcoy.es\\\/es\\\/#website\"},\"primaryImageOfPage\":{\"@id\":\"https:\\\/\\\/www.copealcoy.es\\\/es\\\/mas-de-4-000-personas-participan-en-la-entrada-de-banyeres\\\/#primaryimage\"},\"image\":{\"@id\":\"https:\\\/\\\/www.copealcoy.es\\\/es\\\/mas-de-4-000-personas-participan-en-la-entrada-de-banyeres\\\/#primaryimage\"},\"thumbnailUrl\":\"https:\\\/\\\/www.copealcoy.es\\\/wp-content\\\/uploads\\\/2015\\\/04\\\/IMG_1733.jpg\",\"datePublished\":\"2016-04-22T08:00:12+00:00\",\"dateModified\":\"2016-04-22T13:54:16+00:00\",\"author\":{\"@id\":\"https:\\\/\\\/www.copealcoy.es\\\/es\\\/#\\\/schema\\\/person\\\/e777c87fa024e57d40170af9df39882c\"},\"breadcrumb\":{\"@id\":\"https:\\\/\\\/www.copealcoy.es\\\/es\\\/mas-de-4-000-personas-participan-en-la-entrada-de-banyeres\\\/#breadcrumb\"},\"inLanguage\":\"es\",\"potentialAction\":[{\"@type\":\"ReadAction\",\"target\":[\"https:\\\/\\\/www.copealcoy.es\\\/es\\\/mas-de-4-000-personas-participan-en-la-entrada-de-banyeres\\\/\"]}]},{\"@type\":\"ImageObject\",\"inLanguage\":\"es\",\"@id\":\"https:\\\/\\\/www.copealcoy.es\\\/es\\\/mas-de-4-000-personas-participan-en-la-entrada-de-banyeres\\\/#primaryimage\",\"url\":\"https:\\\/\\\/www.copealcoy.es\\\/wp-content\\\/uploads\\\/2015\\\/04\\\/IMG_1733.jpg\",\"contentUrl\":\"https:\\\/\\\/www.copealcoy.es\\\/wp-content\\\/uploads\\\/2015\\\/04\\\/IMG_1733.jpg\",\"width\":1024,\"height\":768,\"caption\":\"La entrada volvi\u00f3 a ser el acto m\u00e1s participativo. Foto: Infofesta\"},{\"@type\":\"BreadcrumbList\",\"@id\":\"https:\\\/\\\/www.copealcoy.es\\\/es\\\/mas-de-4-000-personas-participan-en-la-entrada-de-banyeres\\\/#breadcrumb\",\"itemListElement\":[{\"@type\":\"ListItem\",\"position\":1,\"name\":\"Portada\",\"item\":\"https:\\\/\\\/www.copealcoy.es\\\/es\\\/\"},{\"@type\":\"ListItem\",\"position\":2,\"name\":\"M\u00e1s de 4.000 personas participan en la entrada de Banyeres\"}]},{\"@type\":\"WebSite\",\"@id\":\"https:\\\/\\\/www.copealcoy.es\\\/es\\\/#website\",\"url\":\"https:\\\/\\\/www.copealcoy.es\\\/es\\\/\",\"name\":\"COPE Alcoy\",\"description\":\"Emisora COPE de radio local con emisi\u00f3n online. Pont de Sant Jordi 8-10 03803 Alcoy\",\"potentialAction\":[{\"@type\":\"SearchAction\",\"target\":{\"@type\":\"EntryPoint\",\"urlTemplate\":\"https:\\\/\\\/www.copealcoy.es\\\/es\\\/?s={search_term_string}\"},\"query-input\":{\"@type\":\"PropertyValueSpecification\",\"valueRequired\":true,\"valueName\":\"search_term_string\"}}],\"inLanguage\":\"es\"},{\"@type\":\"Person\",\"@id\":\"https:\\\/\\\/www.copealcoy.es\\\/es\\\/#\\\/schema\\\/person\\\/e777c87fa024e57d40170af9df39882c\",\"name\":\"Cope Alcoy\",\"image\":{\"@type\":\"ImageObject\",\"inLanguage\":\"es\",\"@id\":\"https:\\\/\\\/secure.gravatar.com\\\/avatar\\\/bb65d0283347e303893ba14f0692005417c1e0e690a325a4c5d8bb2b3943ee14?s=96&d=mm&r=g\",\"url\":\"https:\\\/\\\/secure.gravatar.com\\\/avatar\\\/bb65d0283347e303893ba14f0692005417c1e0e690a325a4c5d8bb2b3943ee14?s=96&d=mm&r=g\",\"contentUrl\":\"https:\\\/\\\/secure.gravatar.com\\\/avatar\\\/bb65d0283347e303893ba14f0692005417c1e0e690a325a4c5d8bb2b3943ee14?s=96&d=mm&r=g\",\"caption\":\"Cope Alcoy\"}}]}<\/script>\n<!-- \/ Yoast SEO plugin. -->","yoast_head_json":{"title":"M\u00e1s de 4.000 personas participan en la entrada de Banyeres - COPE Alcoy","robots":{"index":"index","follow":"follow","max-snippet":"max-snippet:-1","max-image-preview":"max-image-preview:large","max-video-preview":"max-video-preview:-1"},"canonical":"https:\/\/www.copealcoy.es\/es\/mas-de-4-000-personas-participan-en-la-entrada-de-banyeres\/","og_locale":"es_ES","og_type":"article","og_title":"M\u00e1s de 4.000 personas participan en la entrada de Banyeres - COPE Alcoy","og_description":"Banyeres ya\u00a0esta lista para sus fiestas de Moros y Cristianos de este a\u00f1o. Aproximadamente\u00a04.000 personas participar\u00e1n en la Entrada. Esta...","og_url":"https:\/\/www.copealcoy.es\/es\/mas-de-4-000-personas-participan-en-la-entrada-de-banyeres\/","og_site_name":"COPE Alcoy","article_published_time":"2016-04-22T08:00:12+00:00","article_modified_time":"2016-04-22T13:54:16+00:00","og_image":[{"width":1024,"height":768,"url":"https:\/\/www.copealcoy.es\/wp-content\/uploads\/2015\/04\/IMG_1733.jpg","type":"image\/jpeg"}],"author":"Cope Alcoy","twitter_misc":{"Escrito por":"Cope Alcoy","Tiempo de lectura":"1 minuto"},"schema":{"@context":"https:\/\/schema.org","@graph":[{"@type":"Article","@id":"https:\/\/www.copealcoy.es\/es\/mas-de-4-000-personas-participan-en-la-entrada-de-banyeres\/#article","isPartOf":{"@id":"https:\/\/www.copealcoy.es\/es\/mas-de-4-000-personas-participan-en-la-entrada-de-banyeres\/"},"author":{"name":"Cope Alcoy","@id":"https:\/\/www.copealcoy.es\/es\/#\/schema\/person\/e777c87fa024e57d40170af9df39882c"},"headline":"M\u00e1s de 4.000 personas participan en la entrada de Banyeres","datePublished":"2016-04-22T08:00:12+00:00","dateModified":"2016-04-22T13:54:16+00:00","mainEntityOfPage":{"@id":"https:\/\/www.copealcoy.es\/es\/mas-de-4-000-personas-participan-en-la-entrada-de-banyeres\/"},"wordCount":170,"commentCount":0,"image":{"@id":"https:\/\/www.copealcoy.es\/es\/mas-de-4-000-personas-participan-en-la-entrada-de-banyeres\/#primaryimage"},"thumbnailUrl":"https:\/\/www.copealcoy.es\/wp-content\/uploads\/2015\/04\/IMG_1733.jpg","keywords":["Banyeres de Mariola","Entrada","Fiestas de Moros y Cristianos","San Jorge"],"articleSection":["Comarcas","Noticias"],"inLanguage":"es"},{"@type":"WebPage","@id":"https:\/\/www.copealcoy.es\/es\/mas-de-4-000-personas-participan-en-la-entrada-de-banyeres\/","url":"https:\/\/www.copealcoy.es\/es\/mas-de-4-000-personas-participan-en-la-entrada-de-banyeres\/","name":"M\u00e1s de 4.000 personas participan en la entrada de Banyeres - COPE Alcoy","isPartOf":{"@id":"https:\/\/www.copealcoy.es\/es\/#website"},"primaryImageOfPage":{"@id":"https:\/\/www.copealcoy.es\/es\/mas-de-4-000-personas-participan-en-la-entrada-de-banyeres\/#primaryimage"},"image":{"@id":"https:\/\/www.copealcoy.es\/es\/mas-de-4-000-personas-participan-en-la-entrada-de-banyeres\/#primaryimage"},"thumbnailUrl":"https:\/\/www.copealcoy.es\/wp-content\/uploads\/2015\/04\/IMG_1733.jpg","datePublished":"2016-04-22T08:00:12+00:00","dateModified":"2016-04-22T13:54:16+00:00","author":{"@id":"https:\/\/www.copealcoy.es\/es\/#\/schema\/person\/e777c87fa024e57d40170af9df39882c"},"breadcrumb":{"@id":"https:\/\/www.copealcoy.es\/es\/mas-de-4-000-personas-participan-en-la-entrada-de-banyeres\/#breadcrumb"},"inLanguage":"es","potentialAction":[{"@type":"ReadAction","target":["https:\/\/www.copealcoy.es\/es\/mas-de-4-000-personas-participan-en-la-entrada-de-banyeres\/"]}]},{"@type":"ImageObject","inLanguage":"es","@id":"https:\/\/www.copealcoy.es\/es\/mas-de-4-000-personas-participan-en-la-entrada-de-banyeres\/#primaryimage","url":"https:\/\/www.copealcoy.es\/wp-content\/uploads\/2015\/04\/IMG_1733.jpg","contentUrl":"https:\/\/www.copealcoy.es\/wp-content\/uploads\/2015\/04\/IMG_1733.jpg","width":1024,"height":768,"caption":"La entrada volvi\u00f3 a ser el acto m\u00e1s participativo. Foto: Infofesta"},{"@type":"BreadcrumbList","@id":"https:\/\/www.copealcoy.es\/es\/mas-de-4-000-personas-participan-en-la-entrada-de-banyeres\/#breadcrumb","itemListElement":[{"@type":"ListItem","position":1,"name":"Portada","item":"https:\/\/www.copealcoy.es\/es\/"},{"@type":"ListItem","position":2,"name":"M\u00e1s de 4.000 personas participan en la entrada de Banyeres"}]},{"@type":"WebSite","@id":"https:\/\/www.copealcoy.es\/es\/#website","url":"https:\/\/www.copealcoy.es\/es\/","name":"COPE Alcoy","description":"Emisora COPE de radio local con emisi\u00f3n online. Pont de Sant Jordi 8-10 03803 Alcoy","potentialAction":[{"@type":"SearchAction","target":{"@type":"EntryPoint","urlTemplate":"https:\/\/www.copealcoy.es\/es\/?s={search_term_string}"},"query-input":{"@type":"PropertyValueSpecification","valueRequired":true,"valueName":"search_term_string"}}],"inLanguage":"es"},{"@type":"Person","@id":"https:\/\/www.copealcoy.es\/es\/#\/schema\/person\/e777c87fa024e57d40170af9df39882c","name":"Cope Alcoy","image":{"@type":"ImageObject","inLanguage":"es","@id":"https:\/\/secure.gravatar.com\/avatar\/bb65d0283347e303893ba14f0692005417c1e0e690a325a4c5d8bb2b3943ee14?s=96&d=mm&r=g","url":"https:\/\/secure.gravatar.com\/avatar\/bb65d0283347e303893ba14f0692005417c1e0e690a325a4c5d8bb2b3943ee14?s=96&d=mm&r=g","contentUrl":"https:\/\/secure.gravatar.com\/avatar\/bb65d0283347e303893ba14f0692005417c1e0e690a325a4c5d8bb2b3943ee14?s=96&d=mm&r=g","caption":"Cope Alcoy"}}]}},"_links":{"self":[{"href":"https:\/\/www.copealcoy.es\/es\/wp-json\/wp\/v2\/posts\/20940","targetHints":{"allow":["GET"]}}],"collection":[{"href":"https:\/\/www.copealcoy.es\/es\/wp-json\/wp\/v2\/posts"}],"about":[{"href":"https:\/\/www.copealcoy.es\/es\/wp-json\/wp\/v2\/types\/post"}],"author":[{"embeddable":true,"href":"https:\/\/www.copealcoy.es\/es\/wp-json\/wp\/v2\/users\/1"}],"replies":[{"embeddable":true,"href":"https:\/\/www.copealcoy.es\/es\/wp-json\/wp\/v2\/comments?post=20940"}],"version-history":[{"count":0,"href":"https:\/\/www.copealcoy.es\/es\/wp-json\/wp\/v2\/posts\/20940\/revisions"}],"wp:featuredmedia":[{"embeddable":true,"href":"https:\/\/www.copealcoy.es\/es\/wp-json\/wp\/v2\/media\/12468"}],"wp:attachment":[{"href":"https:\/\/www.copealcoy.es\/es\/wp-json\/wp\/v2\/media?parent=20940"}],"wp:term":[{"taxonomy":"category","embeddable":true,"href":"https:\/\/www.copealcoy.es\/es\/wp-json\/wp\/v2\/categories?post=20940"},{"taxonomy":"post_tag","embeddable":true,"href":"https:\/\/www.copealcoy.es\/es\/wp-json\/wp\/v2\/tags?post=20940"}],"curies":[{"name":"wp","href":"https:\/\/api.w.org\/{rel}","templated":true}]}}