{"id":20934,"date":"2016-04-21T06:00:00","date_gmt":"2016-04-21T06:00:00","guid":{"rendered":"http:\/\/copealcoi.es\/new\/?p=20934"},"modified":"2016-04-21T07:46:27","modified_gmt":"2016-04-21T07:46:27","slug":"hiroshi-fujii-hago-realidad-un-sueno-dirigiendo-el-himno","status":"publish","type":"post","link":"https:\/\/www.copealcoy.es\/es\/hiroshi-fujii-hago-realidad-un-sueno-dirigiendo-el-himno\/","title":{"rendered":"Hiroshi Fujii: &#8220;hago realidad un sue\u00f1o dirigiendo el himno&#8221;"},"content":{"rendered":"<p style=\"text-align: justify;\">Alcoy arranca esta tarde las fiestas de moros y cristianos del 2016 con la interpretaci\u00f3n del Himno de Fiestas que este a\u00f1o dirige Hiroshi Fujii. La actividad festera comenzar\u00e1 a partir de las siete y media \u00a0con la Fiesta del Pasodoble aunque ya antes los cuatro Grupos de Dol\u00e7ainers i Tabaleters de la ciudad har\u00e1n su propio desfile mientras que los Abanderados de la regi\u00f3n italiana de Arezzo efectuar\u00e1n un recorrido hasta la Plaza de Espa\u00f1a para realizar una exhibici\u00f3n.<\/p>\n<p style=\"text-align: justify;\">Uno de los momentos m\u00e1s destacados se producir\u00e1 cuando el Sant Jordiet de este a\u00f1o, Juan Anduix, entregue la batuta a Hiroshi Fujii para dirigir a las bandas y dar por iniciada la trilog\u00eda en honor a Sant Jordi a los compases del Nostra Festa. El propio Hiroshi Fujii destacaba la pasada semana en La Ma\u00f1ana de Cope Comunidad Valenciana que la direcci\u00f3n del Himno de Fiestas supon\u00eda para \u00e9l &#8220;hacer realidad un sue\u00f1o&#8221;. Adem\u00e1s recordaba emocionado los diferentes ensayos previos que ha hecho &#8220;el concierto en el Calder\u00f3n en el que estren\u00e9 el Himno en guitarra fue magn\u00edfico. La gente se puso en pie y creo que fue un peque\u00f1o aperitivo para lo que vivir\u00e9 esa tarde en la Plaza de Espa\u00f1a&#8221;, afirma.<\/p>\n<p style=\"text-align: justify;\">Apuntar que una vez concluya la interpretaci\u00f3n del Himno empezar\u00e1 la Nit de l\u00b4Olla en la que cada festero en sus respectivas filaes degustar\u00e1 la t\u00edpica olleta de m\u00fasica. De igual forma dar\u00e1 inicio las \u00faltimas entraetes de este ciclo festero antes de que comience la propia trilog\u00eda festera con el acto de la Diana.<\/p>\n<p style=\"text-align: justify;\">\n","protected":false},"excerpt":{"rendered":"<p>Alcoy arranca esta tarde las fiestas de moros y cristianos del 2016 con la interpretaci\u00f3n del Himno de Fiestas que&#8230;<\/p>\n","protected":false},"author":1,"featured_media":12506,"comment_status":"open","ping_status":"open","sticky":false,"template":"","format":"standard","meta":{"footnotes":""},"categories":[97,75,125],"tags":[1494,2154,2065,856],"class_list":["post-20934","post","type-post","status-publish","format-standard","has-post-thumbnail","hentry","category-alcoy","category-noticias","category-portada","tag-alcoy","tag-himno","tag-hiroshi-fujii","tag-moros-i-cristians"],"yoast_head":"<!-- This site is optimized with the Yoast SEO plugin v27.3 - https:\/\/yoast.com\/product\/yoast-seo-wordpress\/ -->\n<title>Hiroshi Fujii: &quot;hago realidad un sue\u00f1o dirigiendo el himno&quot; - COPE Alcoy<\/title>\n<meta name=\"robots\" content=\"index, follow, max-snippet:-1, max-image-preview:large, max-video-preview:-1\" \/>\n<link rel=\"canonical\" href=\"https:\/\/www.copealcoy.es\/es\/hiroshi-fujii-hago-realidad-un-sueno-dirigiendo-el-himno\/\" \/>\n<meta property=\"og:locale\" content=\"es_ES\" \/>\n<meta property=\"og:type\" content=\"article\" \/>\n<meta property=\"og:title\" content=\"Hiroshi Fujii: &quot;hago realidad un sue\u00f1o dirigiendo el himno&quot; - COPE Alcoy\" \/>\n<meta property=\"og:description\" content=\"Alcoy arranca esta tarde las fiestas de moros y cristianos del 2016 con la interpretaci\u00f3n del Himno de Fiestas que...\" \/>\n<meta property=\"og:url\" content=\"https:\/\/www.copealcoy.es\/es\/hiroshi-fujii-hago-realidad-un-sueno-dirigiendo-el-himno\/\" \/>\n<meta property=\"og:site_name\" content=\"COPE Alcoy\" \/>\n<meta property=\"article:published_time\" content=\"2016-04-21T06:00:00+00:00\" \/>\n<meta property=\"article:modified_time\" content=\"2016-04-21T07:46:27+00:00\" \/>\n<meta property=\"og:image\" content=\"https:\/\/www.copealcoy.es\/wp-content\/uploads\/2015\/04\/radio-alcoy_20140502101146.jpg\" \/>\n\t<meta property=\"og:image:width\" content=\"800\" \/>\n\t<meta property=\"og:image:height\" content=\"533\" \/>\n\t<meta property=\"og:image:type\" content=\"image\/jpeg\" \/>\n<meta name=\"author\" content=\"Cope Alcoy\" \/>\n<meta name=\"twitter:label1\" content=\"Escrito por\" \/>\n\t<meta name=\"twitter:data1\" content=\"Cope Alcoy\" \/>\n\t<meta name=\"twitter:label2\" content=\"Tiempo de lectura\" \/>\n\t<meta name=\"twitter:data2\" content=\"1 minuto\" \/>\n<script type=\"application\/ld+json\" class=\"yoast-schema-graph\">{\"@context\":\"https:\\\/\\\/schema.org\",\"@graph\":[{\"@type\":\"Article\",\"@id\":\"https:\\\/\\\/www.copealcoy.es\\\/es\\\/hiroshi-fujii-hago-realidad-un-sueno-dirigiendo-el-himno\\\/#article\",\"isPartOf\":{\"@id\":\"https:\\\/\\\/www.copealcoy.es\\\/es\\\/hiroshi-fujii-hago-realidad-un-sueno-dirigiendo-el-himno\\\/\"},\"author\":{\"name\":\"Cope Alcoy\",\"@id\":\"https:\\\/\\\/www.copealcoy.es\\\/es\\\/#\\\/schema\\\/person\\\/e777c87fa024e57d40170af9df39882c\"},\"headline\":\"Hiroshi Fujii: &#8220;hago realidad un sue\u00f1o dirigiendo el himno&#8221;\",\"datePublished\":\"2016-04-21T06:00:00+00:00\",\"dateModified\":\"2016-04-21T07:46:27+00:00\",\"mainEntityOfPage\":{\"@id\":\"https:\\\/\\\/www.copealcoy.es\\\/es\\\/hiroshi-fujii-hago-realidad-un-sueno-dirigiendo-el-himno\\\/\"},\"wordCount\":293,\"commentCount\":0,\"image\":{\"@id\":\"https:\\\/\\\/www.copealcoy.es\\\/es\\\/hiroshi-fujii-hago-realidad-un-sueno-dirigiendo-el-himno\\\/#primaryimage\"},\"thumbnailUrl\":\"https:\\\/\\\/www.copealcoy.es\\\/wp-content\\\/uploads\\\/2015\\\/04\\\/radio-alcoy_20140502101146.jpg\",\"keywords\":[\"Alcoy\",\"Himno\",\"Hiroshi Fujii\",\"Moros i Cristians\"],\"articleSection\":[\"Alcoy\",\"Noticias\",\"Portada\"],\"inLanguage\":\"es\"},{\"@type\":\"WebPage\",\"@id\":\"https:\\\/\\\/www.copealcoy.es\\\/es\\\/hiroshi-fujii-hago-realidad-un-sueno-dirigiendo-el-himno\\\/\",\"url\":\"https:\\\/\\\/www.copealcoy.es\\\/es\\\/hiroshi-fujii-hago-realidad-un-sueno-dirigiendo-el-himno\\\/\",\"name\":\"Hiroshi Fujii: \\\"hago realidad un sue\u00f1o dirigiendo el himno\\\" - COPE Alcoy\",\"isPartOf\":{\"@id\":\"https:\\\/\\\/www.copealcoy.es\\\/es\\\/#website\"},\"primaryImageOfPage\":{\"@id\":\"https:\\\/\\\/www.copealcoy.es\\\/es\\\/hiroshi-fujii-hago-realidad-un-sueno-dirigiendo-el-himno\\\/#primaryimage\"},\"image\":{\"@id\":\"https:\\\/\\\/www.copealcoy.es\\\/es\\\/hiroshi-fujii-hago-realidad-un-sueno-dirigiendo-el-himno\\\/#primaryimage\"},\"thumbnailUrl\":\"https:\\\/\\\/www.copealcoy.es\\\/wp-content\\\/uploads\\\/2015\\\/04\\\/radio-alcoy_20140502101146.jpg\",\"datePublished\":\"2016-04-21T06:00:00+00:00\",\"dateModified\":\"2016-04-21T07:46:27+00:00\",\"author\":{\"@id\":\"https:\\\/\\\/www.copealcoy.es\\\/es\\\/#\\\/schema\\\/person\\\/e777c87fa024e57d40170af9df39882c\"},\"breadcrumb\":{\"@id\":\"https:\\\/\\\/www.copealcoy.es\\\/es\\\/hiroshi-fujii-hago-realidad-un-sueno-dirigiendo-el-himno\\\/#breadcrumb\"},\"inLanguage\":\"es\",\"potentialAction\":[{\"@type\":\"ReadAction\",\"target\":[\"https:\\\/\\\/www.copealcoy.es\\\/es\\\/hiroshi-fujii-hago-realidad-un-sueno-dirigiendo-el-himno\\\/\"]}]},{\"@type\":\"ImageObject\",\"inLanguage\":\"es\",\"@id\":\"https:\\\/\\\/www.copealcoy.es\\\/es\\\/hiroshi-fujii-hago-realidad-un-sueno-dirigiendo-el-himno\\\/#primaryimage\",\"url\":\"https:\\\/\\\/www.copealcoy.es\\\/wp-content\\\/uploads\\\/2015\\\/04\\\/radio-alcoy_20140502101146.jpg\",\"contentUrl\":\"https:\\\/\\\/www.copealcoy.es\\\/wp-content\\\/uploads\\\/2015\\\/04\\\/radio-alcoy_20140502101146.jpg\",\"width\":800,\"height\":533,\"caption\":\"En 2014 el himno volvi\u00f3 a llenar por completo la Plaza de Espa\u00f1a Foto: Dani Grau\"},{\"@type\":\"BreadcrumbList\",\"@id\":\"https:\\\/\\\/www.copealcoy.es\\\/es\\\/hiroshi-fujii-hago-realidad-un-sueno-dirigiendo-el-himno\\\/#breadcrumb\",\"itemListElement\":[{\"@type\":\"ListItem\",\"position\":1,\"name\":\"Portada\",\"item\":\"https:\\\/\\\/www.copealcoy.es\\\/es\\\/\"},{\"@type\":\"ListItem\",\"position\":2,\"name\":\"Hiroshi Fujii: &#8220;hago realidad un sue\u00f1o dirigiendo el himno&#8221;\"}]},{\"@type\":\"WebSite\",\"@id\":\"https:\\\/\\\/www.copealcoy.es\\\/es\\\/#website\",\"url\":\"https:\\\/\\\/www.copealcoy.es\\\/es\\\/\",\"name\":\"COPE Alcoy\",\"description\":\"Emisora COPE de radio local con emisi\u00f3n online. Pont de Sant Jordi 8-10 03803 Alcoy\",\"potentialAction\":[{\"@type\":\"SearchAction\",\"target\":{\"@type\":\"EntryPoint\",\"urlTemplate\":\"https:\\\/\\\/www.copealcoy.es\\\/es\\\/?s={search_term_string}\"},\"query-input\":{\"@type\":\"PropertyValueSpecification\",\"valueRequired\":true,\"valueName\":\"search_term_string\"}}],\"inLanguage\":\"es\"},{\"@type\":\"Person\",\"@id\":\"https:\\\/\\\/www.copealcoy.es\\\/es\\\/#\\\/schema\\\/person\\\/e777c87fa024e57d40170af9df39882c\",\"name\":\"Cope Alcoy\",\"image\":{\"@type\":\"ImageObject\",\"inLanguage\":\"es\",\"@id\":\"https:\\\/\\\/secure.gravatar.com\\\/avatar\\\/bb65d0283347e303893ba14f0692005417c1e0e690a325a4c5d8bb2b3943ee14?s=96&d=mm&r=g\",\"url\":\"https:\\\/\\\/secure.gravatar.com\\\/avatar\\\/bb65d0283347e303893ba14f0692005417c1e0e690a325a4c5d8bb2b3943ee14?s=96&d=mm&r=g\",\"contentUrl\":\"https:\\\/\\\/secure.gravatar.com\\\/avatar\\\/bb65d0283347e303893ba14f0692005417c1e0e690a325a4c5d8bb2b3943ee14?s=96&d=mm&r=g\",\"caption\":\"Cope Alcoy\"}}]}<\/script>\n<!-- \/ Yoast SEO plugin. -->","yoast_head_json":{"title":"Hiroshi Fujii: \"hago realidad un sue\u00f1o dirigiendo el himno\" - COPE Alcoy","robots":{"index":"index","follow":"follow","max-snippet":"max-snippet:-1","max-image-preview":"max-image-preview:large","max-video-preview":"max-video-preview:-1"},"canonical":"https:\/\/www.copealcoy.es\/es\/hiroshi-fujii-hago-realidad-un-sueno-dirigiendo-el-himno\/","og_locale":"es_ES","og_type":"article","og_title":"Hiroshi Fujii: \"hago realidad un sue\u00f1o dirigiendo el himno\" - COPE Alcoy","og_description":"Alcoy arranca esta tarde las fiestas de moros y cristianos del 2016 con la interpretaci\u00f3n del Himno de Fiestas que...","og_url":"https:\/\/www.copealcoy.es\/es\/hiroshi-fujii-hago-realidad-un-sueno-dirigiendo-el-himno\/","og_site_name":"COPE Alcoy","article_published_time":"2016-04-21T06:00:00+00:00","article_modified_time":"2016-04-21T07:46:27+00:00","og_image":[{"width":800,"height":533,"url":"https:\/\/www.copealcoy.es\/wp-content\/uploads\/2015\/04\/radio-alcoy_20140502101146.jpg","type":"image\/jpeg"}],"author":"Cope Alcoy","twitter_misc":{"Escrito por":"Cope Alcoy","Tiempo de lectura":"1 minuto"},"schema":{"@context":"https:\/\/schema.org","@graph":[{"@type":"Article","@id":"https:\/\/www.copealcoy.es\/es\/hiroshi-fujii-hago-realidad-un-sueno-dirigiendo-el-himno\/#article","isPartOf":{"@id":"https:\/\/www.copealcoy.es\/es\/hiroshi-fujii-hago-realidad-un-sueno-dirigiendo-el-himno\/"},"author":{"name":"Cope Alcoy","@id":"https:\/\/www.copealcoy.es\/es\/#\/schema\/person\/e777c87fa024e57d40170af9df39882c"},"headline":"Hiroshi Fujii: &#8220;hago realidad un sue\u00f1o dirigiendo el himno&#8221;","datePublished":"2016-04-21T06:00:00+00:00","dateModified":"2016-04-21T07:46:27+00:00","mainEntityOfPage":{"@id":"https:\/\/www.copealcoy.es\/es\/hiroshi-fujii-hago-realidad-un-sueno-dirigiendo-el-himno\/"},"wordCount":293,"commentCount":0,"image":{"@id":"https:\/\/www.copealcoy.es\/es\/hiroshi-fujii-hago-realidad-un-sueno-dirigiendo-el-himno\/#primaryimage"},"thumbnailUrl":"https:\/\/www.copealcoy.es\/wp-content\/uploads\/2015\/04\/radio-alcoy_20140502101146.jpg","keywords":["Alcoy","Himno","Hiroshi Fujii","Moros i Cristians"],"articleSection":["Alcoy","Noticias","Portada"],"inLanguage":"es"},{"@type":"WebPage","@id":"https:\/\/www.copealcoy.es\/es\/hiroshi-fujii-hago-realidad-un-sueno-dirigiendo-el-himno\/","url":"https:\/\/www.copealcoy.es\/es\/hiroshi-fujii-hago-realidad-un-sueno-dirigiendo-el-himno\/","name":"Hiroshi Fujii: \"hago realidad un sue\u00f1o dirigiendo el himno\" - COPE Alcoy","isPartOf":{"@id":"https:\/\/www.copealcoy.es\/es\/#website"},"primaryImageOfPage":{"@id":"https:\/\/www.copealcoy.es\/es\/hiroshi-fujii-hago-realidad-un-sueno-dirigiendo-el-himno\/#primaryimage"},"image":{"@id":"https:\/\/www.copealcoy.es\/es\/hiroshi-fujii-hago-realidad-un-sueno-dirigiendo-el-himno\/#primaryimage"},"thumbnailUrl":"https:\/\/www.copealcoy.es\/wp-content\/uploads\/2015\/04\/radio-alcoy_20140502101146.jpg","datePublished":"2016-04-21T06:00:00+00:00","dateModified":"2016-04-21T07:46:27+00:00","author":{"@id":"https:\/\/www.copealcoy.es\/es\/#\/schema\/person\/e777c87fa024e57d40170af9df39882c"},"breadcrumb":{"@id":"https:\/\/www.copealcoy.es\/es\/hiroshi-fujii-hago-realidad-un-sueno-dirigiendo-el-himno\/#breadcrumb"},"inLanguage":"es","potentialAction":[{"@type":"ReadAction","target":["https:\/\/www.copealcoy.es\/es\/hiroshi-fujii-hago-realidad-un-sueno-dirigiendo-el-himno\/"]}]},{"@type":"ImageObject","inLanguage":"es","@id":"https:\/\/www.copealcoy.es\/es\/hiroshi-fujii-hago-realidad-un-sueno-dirigiendo-el-himno\/#primaryimage","url":"https:\/\/www.copealcoy.es\/wp-content\/uploads\/2015\/04\/radio-alcoy_20140502101146.jpg","contentUrl":"https:\/\/www.copealcoy.es\/wp-content\/uploads\/2015\/04\/radio-alcoy_20140502101146.jpg","width":800,"height":533,"caption":"En 2014 el himno volvi\u00f3 a llenar por completo la Plaza de Espa\u00f1a Foto: Dani Grau"},{"@type":"BreadcrumbList","@id":"https:\/\/www.copealcoy.es\/es\/hiroshi-fujii-hago-realidad-un-sueno-dirigiendo-el-himno\/#breadcrumb","itemListElement":[{"@type":"ListItem","position":1,"name":"Portada","item":"https:\/\/www.copealcoy.es\/es\/"},{"@type":"ListItem","position":2,"name":"Hiroshi Fujii: &#8220;hago realidad un sue\u00f1o dirigiendo el himno&#8221;"}]},{"@type":"WebSite","@id":"https:\/\/www.copealcoy.es\/es\/#website","url":"https:\/\/www.copealcoy.es\/es\/","name":"COPE Alcoy","description":"Emisora COPE de radio local con emisi\u00f3n online. Pont de Sant Jordi 8-10 03803 Alcoy","potentialAction":[{"@type":"SearchAction","target":{"@type":"EntryPoint","urlTemplate":"https:\/\/www.copealcoy.es\/es\/?s={search_term_string}"},"query-input":{"@type":"PropertyValueSpecification","valueRequired":true,"valueName":"search_term_string"}}],"inLanguage":"es"},{"@type":"Person","@id":"https:\/\/www.copealcoy.es\/es\/#\/schema\/person\/e777c87fa024e57d40170af9df39882c","name":"Cope Alcoy","image":{"@type":"ImageObject","inLanguage":"es","@id":"https:\/\/secure.gravatar.com\/avatar\/bb65d0283347e303893ba14f0692005417c1e0e690a325a4c5d8bb2b3943ee14?s=96&d=mm&r=g","url":"https:\/\/secure.gravatar.com\/avatar\/bb65d0283347e303893ba14f0692005417c1e0e690a325a4c5d8bb2b3943ee14?s=96&d=mm&r=g","contentUrl":"https:\/\/secure.gravatar.com\/avatar\/bb65d0283347e303893ba14f0692005417c1e0e690a325a4c5d8bb2b3943ee14?s=96&d=mm&r=g","caption":"Cope Alcoy"}}]}},"_links":{"self":[{"href":"https:\/\/www.copealcoy.es\/es\/wp-json\/wp\/v2\/posts\/20934","targetHints":{"allow":["GET"]}}],"collection":[{"href":"https:\/\/www.copealcoy.es\/es\/wp-json\/wp\/v2\/posts"}],"about":[{"href":"https:\/\/www.copealcoy.es\/es\/wp-json\/wp\/v2\/types\/post"}],"author":[{"embeddable":true,"href":"https:\/\/www.copealcoy.es\/es\/wp-json\/wp\/v2\/users\/1"}],"replies":[{"embeddable":true,"href":"https:\/\/www.copealcoy.es\/es\/wp-json\/wp\/v2\/comments?post=20934"}],"version-history":[{"count":0,"href":"https:\/\/www.copealcoy.es\/es\/wp-json\/wp\/v2\/posts\/20934\/revisions"}],"wp:featuredmedia":[{"embeddable":true,"href":"https:\/\/www.copealcoy.es\/es\/wp-json\/wp\/v2\/media\/12506"}],"wp:attachment":[{"href":"https:\/\/www.copealcoy.es\/es\/wp-json\/wp\/v2\/media?parent=20934"}],"wp:term":[{"taxonomy":"category","embeddable":true,"href":"https:\/\/www.copealcoy.es\/es\/wp-json\/wp\/v2\/categories?post=20934"},{"taxonomy":"post_tag","embeddable":true,"href":"https:\/\/www.copealcoy.es\/es\/wp-json\/wp\/v2\/tags?post=20934"}],"curies":[{"name":"wp","href":"https:\/\/api.w.org\/{rel}","templated":true}]}}