{"id":20859,"date":"2016-04-19T16:35:46","date_gmt":"2016-04-19T16:35:46","guid":{"rendered":"http:\/\/copealcoi.es\/new\/?p=20859"},"modified":"2016-04-20T19:13:44","modified_gmt":"2016-04-20T19:13:44","slug":"la-deuda-de-la-generalitat-y-el-ayuntamiento-se-reduce-en-un-42","status":"publish","type":"post","link":"https:\/\/www.copealcoy.es\/es\/la-deuda-de-la-generalitat-y-el-ayuntamiento-se-reduce-en-un-42\/","title":{"rendered":"La deuda de la Generalitat con el Ayuntamiento se cifra en menos de 200.000 euros"},"content":{"rendered":"<p style=\"text-align: justify;\">La Generalitat Valenciana mantiene una deuda con el Ayuntamiento de Alcoy de\u00a0197.373,47 euros. Este compromiso es el resultante teniendo en cuenta las subvenciones aprobadas, concedidas y no pagadas.<\/p>\n<p style=\"text-align: justify;\">Los pagos pendientes versan sobre asuntos diferentes asuntos. El Teatro Calder\u00f3n con 100.000 euros, \u00a0uno de los m\u00e1s\u00a0importantes;\u00a0la rehabilitaci\u00f3n de viviendas 36.000 con euros; la Font Roja con 13.000 \u00a0o los programas para la tercera edad con 11.000.\u00a0La edil de Hacienda en el consistorio, Vanessa Molto, afirma que este descenso se produce gracias a \u201cla buena gesti\u00f3n de\u00a0los socialistas ha supuesto reducir el endeudamiento de Alcoi a cifras hist\u00f3ricas&#8221;, algo que permite que &#8220;el nivel de endeudamiento de los habitantes es lo m\u00e1s bajo en los \u00faltimos 20 a\u00f1os&#8221;.<\/p>\n<p style=\"text-align: justify;\">Desde el Ayuntamiento recuerdan que Alcoy es una de las diez ciudades de toda Espa\u00f1a que m\u00e1s ha reducido su deuda en los \u00faltimos a\u00f1os.\u00a0Precisamente en 2011, el nivel de endeudamiento era de m\u00e1s del 100% y ahora las cifras giran en torno al\u00a050%. Molt\u00f3 afirma \u00a0que ahora &#8220;el Gobierno podr\u00e1 invertir en 2016, m\u00e1s de 6 millones de euros en mejoras para la ciudad&#8221;, concluye.<\/p>\n","protected":false},"excerpt":{"rendered":"<p>La Generalitat Valenciana mantiene una deuda con el Ayuntamiento de Alcoy de\u00a0197.373,47 euros. Este compromiso es el resultante teniendo en&#8230;<\/p>\n","protected":false},"author":1,"featured_media":14497,"comment_status":"open","ping_status":"open","sticky":false,"template":"","format":"standard","meta":{"footnotes":""},"categories":[97,75,79],"tags":[229,2058,515],"class_list":["post-20859","post","type-post","status-publish","format-standard","has-post-thumbnail","hentry","category-alcoy","category-noticias","category-politicayeconomia","tag-ayuntamiento","tag-ayuntamiento-de-alcoy","tag-deuda"],"yoast_head":"<!-- This site is optimized with the Yoast SEO plugin v27.3 - https:\/\/yoast.com\/product\/yoast-seo-wordpress\/ -->\n<title>La deuda de la Generalitat con el Ayuntamiento se cifra en menos de 200.000 euros - COPE Alcoy<\/title>\n<meta name=\"robots\" content=\"index, follow, max-snippet:-1, max-image-preview:large, max-video-preview:-1\" \/>\n<link rel=\"canonical\" href=\"https:\/\/www.copealcoy.es\/es\/la-deuda-de-la-generalitat-y-el-ayuntamiento-se-reduce-en-un-42\/\" \/>\n<meta property=\"og:locale\" content=\"es_ES\" \/>\n<meta property=\"og:type\" content=\"article\" \/>\n<meta property=\"og:title\" content=\"La deuda de la Generalitat con el Ayuntamiento se cifra en menos de 200.000 euros - COPE Alcoy\" \/>\n<meta property=\"og:description\" content=\"La Generalitat Valenciana mantiene una deuda con el Ayuntamiento de Alcoy de\u00a0197.373,47 euros. Este compromiso es el resultante teniendo en...\" \/>\n<meta property=\"og:url\" content=\"https:\/\/www.copealcoy.es\/es\/la-deuda-de-la-generalitat-y-el-ayuntamiento-se-reduce-en-un-42\/\" \/>\n<meta property=\"og:site_name\" content=\"COPE Alcoy\" \/>\n<meta property=\"article:published_time\" content=\"2016-04-19T16:35:46+00:00\" \/>\n<meta property=\"article:modified_time\" content=\"2016-04-20T19:13:44+00:00\" \/>\n<meta property=\"og:image\" content=\"https:\/\/www.copealcoy.es\/wp-content\/uploads\/2015\/07\/vanesa-molto.jpeg\" \/>\n\t<meta property=\"og:image:width\" content=\"646\" \/>\n\t<meta property=\"og:image:height\" content=\"354\" \/>\n\t<meta property=\"og:image:type\" content=\"image\/jpeg\" \/>\n<meta name=\"author\" content=\"Cope Alcoy\" \/>\n<meta name=\"twitter:label1\" content=\"Escrito por\" \/>\n\t<meta name=\"twitter:data1\" content=\"Cope Alcoy\" \/>\n\t<meta name=\"twitter:label2\" content=\"Tiempo de lectura\" \/>\n\t<meta name=\"twitter:data2\" content=\"1 minuto\" \/>\n<script type=\"application\/ld+json\" class=\"yoast-schema-graph\">{\"@context\":\"https:\\\/\\\/schema.org\",\"@graph\":[{\"@type\":\"Article\",\"@id\":\"https:\\\/\\\/www.copealcoy.es\\\/es\\\/la-deuda-de-la-generalitat-y-el-ayuntamiento-se-reduce-en-un-42\\\/#article\",\"isPartOf\":{\"@id\":\"https:\\\/\\\/www.copealcoy.es\\\/es\\\/la-deuda-de-la-generalitat-y-el-ayuntamiento-se-reduce-en-un-42\\\/\"},\"author\":{\"name\":\"Cope Alcoy\",\"@id\":\"https:\\\/\\\/www.copealcoy.es\\\/es\\\/#\\\/schema\\\/person\\\/e777c87fa024e57d40170af9df39882c\"},\"headline\":\"La deuda de la Generalitat con el Ayuntamiento se cifra en menos de 200.000 euros\",\"datePublished\":\"2016-04-19T16:35:46+00:00\",\"dateModified\":\"2016-04-20T19:13:44+00:00\",\"mainEntityOfPage\":{\"@id\":\"https:\\\/\\\/www.copealcoy.es\\\/es\\\/la-deuda-de-la-generalitat-y-el-ayuntamiento-se-reduce-en-un-42\\\/\"},\"wordCount\":205,\"commentCount\":0,\"image\":{\"@id\":\"https:\\\/\\\/www.copealcoy.es\\\/es\\\/la-deuda-de-la-generalitat-y-el-ayuntamiento-se-reduce-en-un-42\\\/#primaryimage\"},\"thumbnailUrl\":\"https:\\\/\\\/www.copealcoy.es\\\/wp-content\\\/uploads\\\/2015\\\/07\\\/vanesa-molto.jpeg\",\"keywords\":[\"Ayuntamiento\",\"Ayuntamiento de Alcoy\",\"Deuda\"],\"articleSection\":[\"Alcoy\",\"Noticias\",\"Pol\u00edtica y Econom\u00eda\"],\"inLanguage\":\"es\"},{\"@type\":\"WebPage\",\"@id\":\"https:\\\/\\\/www.copealcoy.es\\\/es\\\/la-deuda-de-la-generalitat-y-el-ayuntamiento-se-reduce-en-un-42\\\/\",\"url\":\"https:\\\/\\\/www.copealcoy.es\\\/es\\\/la-deuda-de-la-generalitat-y-el-ayuntamiento-se-reduce-en-un-42\\\/\",\"name\":\"La deuda de la Generalitat con el Ayuntamiento se cifra en menos de 200.000 euros - COPE Alcoy\",\"isPartOf\":{\"@id\":\"https:\\\/\\\/www.copealcoy.es\\\/es\\\/#website\"},\"primaryImageOfPage\":{\"@id\":\"https:\\\/\\\/www.copealcoy.es\\\/es\\\/la-deuda-de-la-generalitat-y-el-ayuntamiento-se-reduce-en-un-42\\\/#primaryimage\"},\"image\":{\"@id\":\"https:\\\/\\\/www.copealcoy.es\\\/es\\\/la-deuda-de-la-generalitat-y-el-ayuntamiento-se-reduce-en-un-42\\\/#primaryimage\"},\"thumbnailUrl\":\"https:\\\/\\\/www.copealcoy.es\\\/wp-content\\\/uploads\\\/2015\\\/07\\\/vanesa-molto.jpeg\",\"datePublished\":\"2016-04-19T16:35:46+00:00\",\"dateModified\":\"2016-04-20T19:13:44+00:00\",\"author\":{\"@id\":\"https:\\\/\\\/www.copealcoy.es\\\/es\\\/#\\\/schema\\\/person\\\/e777c87fa024e57d40170af9df39882c\"},\"breadcrumb\":{\"@id\":\"https:\\\/\\\/www.copealcoy.es\\\/es\\\/la-deuda-de-la-generalitat-y-el-ayuntamiento-se-reduce-en-un-42\\\/#breadcrumb\"},\"inLanguage\":\"es\",\"potentialAction\":[{\"@type\":\"ReadAction\",\"target\":[\"https:\\\/\\\/www.copealcoy.es\\\/es\\\/la-deuda-de-la-generalitat-y-el-ayuntamiento-se-reduce-en-un-42\\\/\"]}]},{\"@type\":\"ImageObject\",\"inLanguage\":\"es\",\"@id\":\"https:\\\/\\\/www.copealcoy.es\\\/es\\\/la-deuda-de-la-generalitat-y-el-ayuntamiento-se-reduce-en-un-42\\\/#primaryimage\",\"url\":\"https:\\\/\\\/www.copealcoy.es\\\/wp-content\\\/uploads\\\/2015\\\/07\\\/vanesa-molto.jpeg\",\"contentUrl\":\"https:\\\/\\\/www.copealcoy.es\\\/wp-content\\\/uploads\\\/2015\\\/07\\\/vanesa-molto.jpeg\",\"width\":646,\"height\":354},{\"@type\":\"BreadcrumbList\",\"@id\":\"https:\\\/\\\/www.copealcoy.es\\\/es\\\/la-deuda-de-la-generalitat-y-el-ayuntamiento-se-reduce-en-un-42\\\/#breadcrumb\",\"itemListElement\":[{\"@type\":\"ListItem\",\"position\":1,\"name\":\"Portada\",\"item\":\"https:\\\/\\\/www.copealcoy.es\\\/es\\\/\"},{\"@type\":\"ListItem\",\"position\":2,\"name\":\"La deuda de la Generalitat con el Ayuntamiento se cifra en menos de 200.000 euros\"}]},{\"@type\":\"WebSite\",\"@id\":\"https:\\\/\\\/www.copealcoy.es\\\/es\\\/#website\",\"url\":\"https:\\\/\\\/www.copealcoy.es\\\/es\\\/\",\"name\":\"COPE Alcoy\",\"description\":\"Emisora COPE de radio local con emisi\u00f3n online. Pont de Sant Jordi 8-10 03803 Alcoy\",\"potentialAction\":[{\"@type\":\"SearchAction\",\"target\":{\"@type\":\"EntryPoint\",\"urlTemplate\":\"https:\\\/\\\/www.copealcoy.es\\\/es\\\/?s={search_term_string}\"},\"query-input\":{\"@type\":\"PropertyValueSpecification\",\"valueRequired\":true,\"valueName\":\"search_term_string\"}}],\"inLanguage\":\"es\"},{\"@type\":\"Person\",\"@id\":\"https:\\\/\\\/www.copealcoy.es\\\/es\\\/#\\\/schema\\\/person\\\/e777c87fa024e57d40170af9df39882c\",\"name\":\"Cope Alcoy\",\"image\":{\"@type\":\"ImageObject\",\"inLanguage\":\"es\",\"@id\":\"https:\\\/\\\/secure.gravatar.com\\\/avatar\\\/bb65d0283347e303893ba14f0692005417c1e0e690a325a4c5d8bb2b3943ee14?s=96&d=mm&r=g\",\"url\":\"https:\\\/\\\/secure.gravatar.com\\\/avatar\\\/bb65d0283347e303893ba14f0692005417c1e0e690a325a4c5d8bb2b3943ee14?s=96&d=mm&r=g\",\"contentUrl\":\"https:\\\/\\\/secure.gravatar.com\\\/avatar\\\/bb65d0283347e303893ba14f0692005417c1e0e690a325a4c5d8bb2b3943ee14?s=96&d=mm&r=g\",\"caption\":\"Cope Alcoy\"}}]}<\/script>\n<!-- \/ Yoast SEO plugin. -->","yoast_head_json":{"title":"La deuda de la Generalitat con el Ayuntamiento se cifra en menos de 200.000 euros - COPE Alcoy","robots":{"index":"index","follow":"follow","max-snippet":"max-snippet:-1","max-image-preview":"max-image-preview:large","max-video-preview":"max-video-preview:-1"},"canonical":"https:\/\/www.copealcoy.es\/es\/la-deuda-de-la-generalitat-y-el-ayuntamiento-se-reduce-en-un-42\/","og_locale":"es_ES","og_type":"article","og_title":"La deuda de la Generalitat con el Ayuntamiento se cifra en menos de 200.000 euros - COPE Alcoy","og_description":"La Generalitat Valenciana mantiene una deuda con el Ayuntamiento de Alcoy de\u00a0197.373,47 euros. Este compromiso es el resultante teniendo en...","og_url":"https:\/\/www.copealcoy.es\/es\/la-deuda-de-la-generalitat-y-el-ayuntamiento-se-reduce-en-un-42\/","og_site_name":"COPE Alcoy","article_published_time":"2016-04-19T16:35:46+00:00","article_modified_time":"2016-04-20T19:13:44+00:00","og_image":[{"width":646,"height":354,"url":"https:\/\/www.copealcoy.es\/wp-content\/uploads\/2015\/07\/vanesa-molto.jpeg","type":"image\/jpeg"}],"author":"Cope Alcoy","twitter_misc":{"Escrito por":"Cope Alcoy","Tiempo de lectura":"1 minuto"},"schema":{"@context":"https:\/\/schema.org","@graph":[{"@type":"Article","@id":"https:\/\/www.copealcoy.es\/es\/la-deuda-de-la-generalitat-y-el-ayuntamiento-se-reduce-en-un-42\/#article","isPartOf":{"@id":"https:\/\/www.copealcoy.es\/es\/la-deuda-de-la-generalitat-y-el-ayuntamiento-se-reduce-en-un-42\/"},"author":{"name":"Cope Alcoy","@id":"https:\/\/www.copealcoy.es\/es\/#\/schema\/person\/e777c87fa024e57d40170af9df39882c"},"headline":"La deuda de la Generalitat con el Ayuntamiento se cifra en menos de 200.000 euros","datePublished":"2016-04-19T16:35:46+00:00","dateModified":"2016-04-20T19:13:44+00:00","mainEntityOfPage":{"@id":"https:\/\/www.copealcoy.es\/es\/la-deuda-de-la-generalitat-y-el-ayuntamiento-se-reduce-en-un-42\/"},"wordCount":205,"commentCount":0,"image":{"@id":"https:\/\/www.copealcoy.es\/es\/la-deuda-de-la-generalitat-y-el-ayuntamiento-se-reduce-en-un-42\/#primaryimage"},"thumbnailUrl":"https:\/\/www.copealcoy.es\/wp-content\/uploads\/2015\/07\/vanesa-molto.jpeg","keywords":["Ayuntamiento","Ayuntamiento de Alcoy","Deuda"],"articleSection":["Alcoy","Noticias","Pol\u00edtica y Econom\u00eda"],"inLanguage":"es"},{"@type":"WebPage","@id":"https:\/\/www.copealcoy.es\/es\/la-deuda-de-la-generalitat-y-el-ayuntamiento-se-reduce-en-un-42\/","url":"https:\/\/www.copealcoy.es\/es\/la-deuda-de-la-generalitat-y-el-ayuntamiento-se-reduce-en-un-42\/","name":"La deuda de la Generalitat con el Ayuntamiento se cifra en menos de 200.000 euros - COPE Alcoy","isPartOf":{"@id":"https:\/\/www.copealcoy.es\/es\/#website"},"primaryImageOfPage":{"@id":"https:\/\/www.copealcoy.es\/es\/la-deuda-de-la-generalitat-y-el-ayuntamiento-se-reduce-en-un-42\/#primaryimage"},"image":{"@id":"https:\/\/www.copealcoy.es\/es\/la-deuda-de-la-generalitat-y-el-ayuntamiento-se-reduce-en-un-42\/#primaryimage"},"thumbnailUrl":"https:\/\/www.copealcoy.es\/wp-content\/uploads\/2015\/07\/vanesa-molto.jpeg","datePublished":"2016-04-19T16:35:46+00:00","dateModified":"2016-04-20T19:13:44+00:00","author":{"@id":"https:\/\/www.copealcoy.es\/es\/#\/schema\/person\/e777c87fa024e57d40170af9df39882c"},"breadcrumb":{"@id":"https:\/\/www.copealcoy.es\/es\/la-deuda-de-la-generalitat-y-el-ayuntamiento-se-reduce-en-un-42\/#breadcrumb"},"inLanguage":"es","potentialAction":[{"@type":"ReadAction","target":["https:\/\/www.copealcoy.es\/es\/la-deuda-de-la-generalitat-y-el-ayuntamiento-se-reduce-en-un-42\/"]}]},{"@type":"ImageObject","inLanguage":"es","@id":"https:\/\/www.copealcoy.es\/es\/la-deuda-de-la-generalitat-y-el-ayuntamiento-se-reduce-en-un-42\/#primaryimage","url":"https:\/\/www.copealcoy.es\/wp-content\/uploads\/2015\/07\/vanesa-molto.jpeg","contentUrl":"https:\/\/www.copealcoy.es\/wp-content\/uploads\/2015\/07\/vanesa-molto.jpeg","width":646,"height":354},{"@type":"BreadcrumbList","@id":"https:\/\/www.copealcoy.es\/es\/la-deuda-de-la-generalitat-y-el-ayuntamiento-se-reduce-en-un-42\/#breadcrumb","itemListElement":[{"@type":"ListItem","position":1,"name":"Portada","item":"https:\/\/www.copealcoy.es\/es\/"},{"@type":"ListItem","position":2,"name":"La deuda de la Generalitat con el Ayuntamiento se cifra en menos de 200.000 euros"}]},{"@type":"WebSite","@id":"https:\/\/www.copealcoy.es\/es\/#website","url":"https:\/\/www.copealcoy.es\/es\/","name":"COPE Alcoy","description":"Emisora COPE de radio local con emisi\u00f3n online. Pont de Sant Jordi 8-10 03803 Alcoy","potentialAction":[{"@type":"SearchAction","target":{"@type":"EntryPoint","urlTemplate":"https:\/\/www.copealcoy.es\/es\/?s={search_term_string}"},"query-input":{"@type":"PropertyValueSpecification","valueRequired":true,"valueName":"search_term_string"}}],"inLanguage":"es"},{"@type":"Person","@id":"https:\/\/www.copealcoy.es\/es\/#\/schema\/person\/e777c87fa024e57d40170af9df39882c","name":"Cope Alcoy","image":{"@type":"ImageObject","inLanguage":"es","@id":"https:\/\/secure.gravatar.com\/avatar\/bb65d0283347e303893ba14f0692005417c1e0e690a325a4c5d8bb2b3943ee14?s=96&d=mm&r=g","url":"https:\/\/secure.gravatar.com\/avatar\/bb65d0283347e303893ba14f0692005417c1e0e690a325a4c5d8bb2b3943ee14?s=96&d=mm&r=g","contentUrl":"https:\/\/secure.gravatar.com\/avatar\/bb65d0283347e303893ba14f0692005417c1e0e690a325a4c5d8bb2b3943ee14?s=96&d=mm&r=g","caption":"Cope Alcoy"}}]}},"_links":{"self":[{"href":"https:\/\/www.copealcoy.es\/es\/wp-json\/wp\/v2\/posts\/20859","targetHints":{"allow":["GET"]}}],"collection":[{"href":"https:\/\/www.copealcoy.es\/es\/wp-json\/wp\/v2\/posts"}],"about":[{"href":"https:\/\/www.copealcoy.es\/es\/wp-json\/wp\/v2\/types\/post"}],"author":[{"embeddable":true,"href":"https:\/\/www.copealcoy.es\/es\/wp-json\/wp\/v2\/users\/1"}],"replies":[{"embeddable":true,"href":"https:\/\/www.copealcoy.es\/es\/wp-json\/wp\/v2\/comments?post=20859"}],"version-history":[{"count":0,"href":"https:\/\/www.copealcoy.es\/es\/wp-json\/wp\/v2\/posts\/20859\/revisions"}],"wp:featuredmedia":[{"embeddable":true,"href":"https:\/\/www.copealcoy.es\/es\/wp-json\/wp\/v2\/media\/14497"}],"wp:attachment":[{"href":"https:\/\/www.copealcoy.es\/es\/wp-json\/wp\/v2\/media?parent=20859"}],"wp:term":[{"taxonomy":"category","embeddable":true,"href":"https:\/\/www.copealcoy.es\/es\/wp-json\/wp\/v2\/categories?post=20859"},{"taxonomy":"post_tag","embeddable":true,"href":"https:\/\/www.copealcoy.es\/es\/wp-json\/wp\/v2\/tags?post=20859"}],"curies":[{"name":"wp","href":"https:\/\/api.w.org\/{rel}","templated":true}]}}