{"id":20723,"date":"2016-04-14T14:09:36","date_gmt":"2016-04-14T14:09:36","guid":{"rendered":"http:\/\/copealcoi.es\/new\/?p=20723"},"modified":"2016-04-14T14:10:25","modified_gmt":"2016-04-14T14:10:25","slug":"el-ayuntamiento-de-muro-discrepa-de-la-regularizacion-del-catastro-impulsada-por-hacienda","status":"publish","type":"post","link":"https:\/\/www.copealcoy.es\/es\/el-ayuntamiento-de-muro-discrepa-de-la-regularizacion-del-catastro-impulsada-por-hacienda\/","title":{"rendered":"El Ayuntamiento de Muro discrepa de la regularizaci\u00f3n del catastro impulsada por Hacienda"},"content":{"rendered":"<p style=\"text-align: justify;\">El Ayuntamiento de Muro se ha mostrado cr\u00edtico con la regularizaci\u00f3n del catastro que impulsa el Ministerio de Hacienda y ha asegurado en comunicado que no est\u00e1n de acuerdo con la medida ni en como se est\u00e1 tramitando desde el Gobierno Central. Desde el Consistorio destacan que desde el pasado a\u00f1o se ha efectuado una regulaci\u00f3n catastral de los bienes inmuebles del n\u00facleo antiguo y de los diseminados que ha llevado a los vecinos a tener que abonar \u00a0la diferencia del IBI de los \u00faltimos cuatro a\u00f1os. A esto hay que a\u00f1adir tambi\u00e9n sesenta euros por desarrollar el expediente.<\/p>\n<p style=\"text-align: justify;\">Desde el \u00e1rea de Hacienda del Ayuntamiento de Muro explican que no se pueden negar a ejecutar esta regularizaci\u00f3n catastral y a\u00f1aden que van a poner a disposici\u00f3n de todos los vecinos un servicio de asesoramiento por parte del personal y los t\u00e9cnicos municipales con el fin de que se puedan presentar las correspondientes alegaciones.<\/p>\n<p style=\"text-align: justify;\">Finalmente indicar que desde Hacienda han salido al paso de las afirmaciones del Ayuntamiento murero para destacar que no se est\u00e1 regularizando el catastro sino que se ha puesto en marcha un proceso para que los vecinos que hayan hecho alguna obra en sus inmuebles sin comunicarlo regularicen su situaci\u00f3n.<\/p>\n<div class=\"redes_pie\" style=\"text-align: justify;\"><\/div>\n<p>&nbsp;<\/p>\n","protected":false},"excerpt":{"rendered":"<p>El Ayuntamiento de Muro se ha mostrado cr\u00edtico con la regularizaci\u00f3n del catastro que impulsa el Ministerio de Hacienda y&#8230;<\/p>\n","protected":false},"author":1,"featured_media":0,"comment_status":"open","ping_status":"open","sticky":false,"template":"","format":"standard","meta":{"footnotes":""},"categories":[98,75],"tags":[229,2126,521,135],"class_list":["post-20723","post","type-post","status-publish","format-standard","hentry","category-comarcas","category-noticias","tag-ayuntamiento","tag-catastro","tag-hacienda","tag-muro"],"yoast_head":"<!-- This site is optimized with the Yoast SEO plugin v27.3 - https:\/\/yoast.com\/product\/yoast-seo-wordpress\/ -->\n<title>El Ayuntamiento de Muro discrepa de la regularizaci\u00f3n del catastro impulsada por Hacienda - COPE Alcoy<\/title>\n<meta name=\"robots\" content=\"index, follow, max-snippet:-1, max-image-preview:large, max-video-preview:-1\" \/>\n<link rel=\"canonical\" href=\"https:\/\/www.copealcoy.es\/es\/el-ayuntamiento-de-muro-discrepa-de-la-regularizacion-del-catastro-impulsada-por-hacienda\/\" \/>\n<meta property=\"og:locale\" content=\"es_ES\" \/>\n<meta property=\"og:type\" content=\"article\" \/>\n<meta property=\"og:title\" content=\"El Ayuntamiento de Muro discrepa de la regularizaci\u00f3n del catastro impulsada por Hacienda - COPE Alcoy\" \/>\n<meta property=\"og:description\" content=\"El Ayuntamiento de Muro se ha mostrado cr\u00edtico con la regularizaci\u00f3n del catastro que impulsa el Ministerio de Hacienda y...\" \/>\n<meta property=\"og:url\" content=\"https:\/\/www.copealcoy.es\/es\/el-ayuntamiento-de-muro-discrepa-de-la-regularizacion-del-catastro-impulsada-por-hacienda\/\" \/>\n<meta property=\"og:site_name\" content=\"COPE Alcoy\" \/>\n<meta property=\"article:published_time\" content=\"2016-04-14T14:09:36+00:00\" \/>\n<meta property=\"article:modified_time\" content=\"2016-04-14T14:10:25+00:00\" \/>\n<meta property=\"og:image\" content=\"https:\/\/www.copealcoy.es\/wp-content\/uploads\/2014\/12\/image13.jpg\" \/>\n\t<meta property=\"og:image:width\" content=\"2209\" \/>\n\t<meta property=\"og:image:height\" content=\"1317\" \/>\n\t<meta property=\"og:image:type\" content=\"image\/jpeg\" \/>\n<meta name=\"author\" content=\"Cope Alcoy\" \/>\n<meta name=\"twitter:label1\" content=\"Escrito por\" \/>\n\t<meta name=\"twitter:data1\" content=\"Cope Alcoy\" \/>\n\t<meta name=\"twitter:label2\" content=\"Tiempo de lectura\" \/>\n\t<meta name=\"twitter:data2\" content=\"1 minuto\" \/>\n<script type=\"application\/ld+json\" class=\"yoast-schema-graph\">{\"@context\":\"https:\\\/\\\/schema.org\",\"@graph\":[{\"@type\":\"Article\",\"@id\":\"https:\\\/\\\/www.copealcoy.es\\\/es\\\/el-ayuntamiento-de-muro-discrepa-de-la-regularizacion-del-catastro-impulsada-por-hacienda\\\/#article\",\"isPartOf\":{\"@id\":\"https:\\\/\\\/www.copealcoy.es\\\/es\\\/el-ayuntamiento-de-muro-discrepa-de-la-regularizacion-del-catastro-impulsada-por-hacienda\\\/\"},\"author\":{\"name\":\"Cope Alcoy\",\"@id\":\"https:\\\/\\\/www.copealcoy.es\\\/es\\\/#\\\/schema\\\/person\\\/e777c87fa024e57d40170af9df39882c\"},\"headline\":\"El Ayuntamiento de Muro discrepa de la regularizaci\u00f3n del catastro impulsada por Hacienda\",\"datePublished\":\"2016-04-14T14:09:36+00:00\",\"dateModified\":\"2016-04-14T14:10:25+00:00\",\"mainEntityOfPage\":{\"@id\":\"https:\\\/\\\/www.copealcoy.es\\\/es\\\/el-ayuntamiento-de-muro-discrepa-de-la-regularizacion-del-catastro-impulsada-por-hacienda\\\/\"},\"wordCount\":233,\"commentCount\":0,\"keywords\":[\"Ayuntamiento\",\"Catastro\",\"Hacienda\",\"Muro\"],\"articleSection\":[\"Comarcas\",\"Noticias\"],\"inLanguage\":\"es\"},{\"@type\":\"WebPage\",\"@id\":\"https:\\\/\\\/www.copealcoy.es\\\/es\\\/el-ayuntamiento-de-muro-discrepa-de-la-regularizacion-del-catastro-impulsada-por-hacienda\\\/\",\"url\":\"https:\\\/\\\/www.copealcoy.es\\\/es\\\/el-ayuntamiento-de-muro-discrepa-de-la-regularizacion-del-catastro-impulsada-por-hacienda\\\/\",\"name\":\"El Ayuntamiento de Muro discrepa de la regularizaci\u00f3n del catastro impulsada por Hacienda - COPE Alcoy\",\"isPartOf\":{\"@id\":\"https:\\\/\\\/www.copealcoy.es\\\/es\\\/#website\"},\"datePublished\":\"2016-04-14T14:09:36+00:00\",\"dateModified\":\"2016-04-14T14:10:25+00:00\",\"author\":{\"@id\":\"https:\\\/\\\/www.copealcoy.es\\\/es\\\/#\\\/schema\\\/person\\\/e777c87fa024e57d40170af9df39882c\"},\"breadcrumb\":{\"@id\":\"https:\\\/\\\/www.copealcoy.es\\\/es\\\/el-ayuntamiento-de-muro-discrepa-de-la-regularizacion-del-catastro-impulsada-por-hacienda\\\/#breadcrumb\"},\"inLanguage\":\"es\",\"potentialAction\":[{\"@type\":\"ReadAction\",\"target\":[\"https:\\\/\\\/www.copealcoy.es\\\/es\\\/el-ayuntamiento-de-muro-discrepa-de-la-regularizacion-del-catastro-impulsada-por-hacienda\\\/\"]}]},{\"@type\":\"BreadcrumbList\",\"@id\":\"https:\\\/\\\/www.copealcoy.es\\\/es\\\/el-ayuntamiento-de-muro-discrepa-de-la-regularizacion-del-catastro-impulsada-por-hacienda\\\/#breadcrumb\",\"itemListElement\":[{\"@type\":\"ListItem\",\"position\":1,\"name\":\"Portada\",\"item\":\"https:\\\/\\\/www.copealcoy.es\\\/es\\\/\"},{\"@type\":\"ListItem\",\"position\":2,\"name\":\"El Ayuntamiento de Muro discrepa de la regularizaci\u00f3n del catastro impulsada por Hacienda\"}]},{\"@type\":\"WebSite\",\"@id\":\"https:\\\/\\\/www.copealcoy.es\\\/es\\\/#website\",\"url\":\"https:\\\/\\\/www.copealcoy.es\\\/es\\\/\",\"name\":\"COPE Alcoy\",\"description\":\"Emisora COPE de radio local con emisi\u00f3n online. Pont de Sant Jordi 8-10 03803 Alcoy\",\"potentialAction\":[{\"@type\":\"SearchAction\",\"target\":{\"@type\":\"EntryPoint\",\"urlTemplate\":\"https:\\\/\\\/www.copealcoy.es\\\/es\\\/?s={search_term_string}\"},\"query-input\":{\"@type\":\"PropertyValueSpecification\",\"valueRequired\":true,\"valueName\":\"search_term_string\"}}],\"inLanguage\":\"es\"},{\"@type\":\"Person\",\"@id\":\"https:\\\/\\\/www.copealcoy.es\\\/es\\\/#\\\/schema\\\/person\\\/e777c87fa024e57d40170af9df39882c\",\"name\":\"Cope Alcoy\",\"image\":{\"@type\":\"ImageObject\",\"inLanguage\":\"es\",\"@id\":\"https:\\\/\\\/secure.gravatar.com\\\/avatar\\\/bb65d0283347e303893ba14f0692005417c1e0e690a325a4c5d8bb2b3943ee14?s=96&d=mm&r=g\",\"url\":\"https:\\\/\\\/secure.gravatar.com\\\/avatar\\\/bb65d0283347e303893ba14f0692005417c1e0e690a325a4c5d8bb2b3943ee14?s=96&d=mm&r=g\",\"contentUrl\":\"https:\\\/\\\/secure.gravatar.com\\\/avatar\\\/bb65d0283347e303893ba14f0692005417c1e0e690a325a4c5d8bb2b3943ee14?s=96&d=mm&r=g\",\"caption\":\"Cope Alcoy\"}}]}<\/script>\n<!-- \/ Yoast SEO plugin. -->","yoast_head_json":{"title":"El Ayuntamiento de Muro discrepa de la regularizaci\u00f3n del catastro impulsada por Hacienda - COPE Alcoy","robots":{"index":"index","follow":"follow","max-snippet":"max-snippet:-1","max-image-preview":"max-image-preview:large","max-video-preview":"max-video-preview:-1"},"canonical":"https:\/\/www.copealcoy.es\/es\/el-ayuntamiento-de-muro-discrepa-de-la-regularizacion-del-catastro-impulsada-por-hacienda\/","og_locale":"es_ES","og_type":"article","og_title":"El Ayuntamiento de Muro discrepa de la regularizaci\u00f3n del catastro impulsada por Hacienda - COPE Alcoy","og_description":"El Ayuntamiento de Muro se ha mostrado cr\u00edtico con la regularizaci\u00f3n del catastro que impulsa el Ministerio de Hacienda y...","og_url":"https:\/\/www.copealcoy.es\/es\/el-ayuntamiento-de-muro-discrepa-de-la-regularizacion-del-catastro-impulsada-por-hacienda\/","og_site_name":"COPE Alcoy","article_published_time":"2016-04-14T14:09:36+00:00","article_modified_time":"2016-04-14T14:10:25+00:00","og_image":[{"width":2209,"height":1317,"url":"https:\/\/www.copealcoy.es\/wp-content\/uploads\/2014\/12\/image13.jpg","type":"image\/jpeg"}],"author":"Cope Alcoy","twitter_misc":{"Escrito por":"Cope Alcoy","Tiempo de lectura":"1 minuto"},"schema":{"@context":"https:\/\/schema.org","@graph":[{"@type":"Article","@id":"https:\/\/www.copealcoy.es\/es\/el-ayuntamiento-de-muro-discrepa-de-la-regularizacion-del-catastro-impulsada-por-hacienda\/#article","isPartOf":{"@id":"https:\/\/www.copealcoy.es\/es\/el-ayuntamiento-de-muro-discrepa-de-la-regularizacion-del-catastro-impulsada-por-hacienda\/"},"author":{"name":"Cope Alcoy","@id":"https:\/\/www.copealcoy.es\/es\/#\/schema\/person\/e777c87fa024e57d40170af9df39882c"},"headline":"El Ayuntamiento de Muro discrepa de la regularizaci\u00f3n del catastro impulsada por Hacienda","datePublished":"2016-04-14T14:09:36+00:00","dateModified":"2016-04-14T14:10:25+00:00","mainEntityOfPage":{"@id":"https:\/\/www.copealcoy.es\/es\/el-ayuntamiento-de-muro-discrepa-de-la-regularizacion-del-catastro-impulsada-por-hacienda\/"},"wordCount":233,"commentCount":0,"keywords":["Ayuntamiento","Catastro","Hacienda","Muro"],"articleSection":["Comarcas","Noticias"],"inLanguage":"es"},{"@type":"WebPage","@id":"https:\/\/www.copealcoy.es\/es\/el-ayuntamiento-de-muro-discrepa-de-la-regularizacion-del-catastro-impulsada-por-hacienda\/","url":"https:\/\/www.copealcoy.es\/es\/el-ayuntamiento-de-muro-discrepa-de-la-regularizacion-del-catastro-impulsada-por-hacienda\/","name":"El Ayuntamiento de Muro discrepa de la regularizaci\u00f3n del catastro impulsada por Hacienda - COPE Alcoy","isPartOf":{"@id":"https:\/\/www.copealcoy.es\/es\/#website"},"datePublished":"2016-04-14T14:09:36+00:00","dateModified":"2016-04-14T14:10:25+00:00","author":{"@id":"https:\/\/www.copealcoy.es\/es\/#\/schema\/person\/e777c87fa024e57d40170af9df39882c"},"breadcrumb":{"@id":"https:\/\/www.copealcoy.es\/es\/el-ayuntamiento-de-muro-discrepa-de-la-regularizacion-del-catastro-impulsada-por-hacienda\/#breadcrumb"},"inLanguage":"es","potentialAction":[{"@type":"ReadAction","target":["https:\/\/www.copealcoy.es\/es\/el-ayuntamiento-de-muro-discrepa-de-la-regularizacion-del-catastro-impulsada-por-hacienda\/"]}]},{"@type":"BreadcrumbList","@id":"https:\/\/www.copealcoy.es\/es\/el-ayuntamiento-de-muro-discrepa-de-la-regularizacion-del-catastro-impulsada-por-hacienda\/#breadcrumb","itemListElement":[{"@type":"ListItem","position":1,"name":"Portada","item":"https:\/\/www.copealcoy.es\/es\/"},{"@type":"ListItem","position":2,"name":"El Ayuntamiento de Muro discrepa de la regularizaci\u00f3n del catastro impulsada por Hacienda"}]},{"@type":"WebSite","@id":"https:\/\/www.copealcoy.es\/es\/#website","url":"https:\/\/www.copealcoy.es\/es\/","name":"COPE Alcoy","description":"Emisora COPE de radio local con emisi\u00f3n online. Pont de Sant Jordi 8-10 03803 Alcoy","potentialAction":[{"@type":"SearchAction","target":{"@type":"EntryPoint","urlTemplate":"https:\/\/www.copealcoy.es\/es\/?s={search_term_string}"},"query-input":{"@type":"PropertyValueSpecification","valueRequired":true,"valueName":"search_term_string"}}],"inLanguage":"es"},{"@type":"Person","@id":"https:\/\/www.copealcoy.es\/es\/#\/schema\/person\/e777c87fa024e57d40170af9df39882c","name":"Cope Alcoy","image":{"@type":"ImageObject","inLanguage":"es","@id":"https:\/\/secure.gravatar.com\/avatar\/bb65d0283347e303893ba14f0692005417c1e0e690a325a4c5d8bb2b3943ee14?s=96&d=mm&r=g","url":"https:\/\/secure.gravatar.com\/avatar\/bb65d0283347e303893ba14f0692005417c1e0e690a325a4c5d8bb2b3943ee14?s=96&d=mm&r=g","contentUrl":"https:\/\/secure.gravatar.com\/avatar\/bb65d0283347e303893ba14f0692005417c1e0e690a325a4c5d8bb2b3943ee14?s=96&d=mm&r=g","caption":"Cope Alcoy"}}]}},"_links":{"self":[{"href":"https:\/\/www.copealcoy.es\/es\/wp-json\/wp\/v2\/posts\/20723","targetHints":{"allow":["GET"]}}],"collection":[{"href":"https:\/\/www.copealcoy.es\/es\/wp-json\/wp\/v2\/posts"}],"about":[{"href":"https:\/\/www.copealcoy.es\/es\/wp-json\/wp\/v2\/types\/post"}],"author":[{"embeddable":true,"href":"https:\/\/www.copealcoy.es\/es\/wp-json\/wp\/v2\/users\/1"}],"replies":[{"embeddable":true,"href":"https:\/\/www.copealcoy.es\/es\/wp-json\/wp\/v2\/comments?post=20723"}],"version-history":[{"count":0,"href":"https:\/\/www.copealcoy.es\/es\/wp-json\/wp\/v2\/posts\/20723\/revisions"}],"wp:attachment":[{"href":"https:\/\/www.copealcoy.es\/es\/wp-json\/wp\/v2\/media?parent=20723"}],"wp:term":[{"taxonomy":"category","embeddable":true,"href":"https:\/\/www.copealcoy.es\/es\/wp-json\/wp\/v2\/categories?post=20723"},{"taxonomy":"post_tag","embeddable":true,"href":"https:\/\/www.copealcoy.es\/es\/wp-json\/wp\/v2\/tags?post=20723"}],"curies":[{"name":"wp","href":"https:\/\/api.w.org\/{rel}","templated":true}]}}