{"id":20635,"date":"2016-04-11T16:32:07","date_gmt":"2016-04-11T16:32:07","guid":{"rendered":"http:\/\/copealcoi.es\/new\/?p=20635"},"modified":"2016-04-12T17:19:38","modified_gmt":"2016-04-12T17:19:38","slug":"la-asociacion-de-san-jorge-presenta-la-propuesta-de-reforma-de-los-estatutos","status":"publish","type":"post","link":"https:\/\/www.copealcoy.es\/es\/la-asociacion-de-san-jorge-presenta-la-propuesta-de-reforma-de-los-estatutos\/","title":{"rendered":"La Asociaci\u00f3n de San Jorge presenta la propuesta de reforma de los Estatutos"},"content":{"rendered":"<p style=\"text-align: justify;\">Asociaci\u00f3n de San Jorge presenta ha abierto el periodo de exposici\u00f3n p\u00fablica de sus estatutos que se someter\u00e1n a votaci\u00f3n el pr\u00f3ximo 14 de mayo.<\/p>\n<p style=\"text-align: justify;\">El documento cuenta con 57 p\u00e1ginas y entre otros aspectos plantea cambios en las fechas de celebraci\u00f3n de las fiestas contempl\u00e1ndose la posibilidad de celebrarlas en fin de semana cuando los d\u00edas tradicionales coincidan en jornadas laborables. Adem\u00e1s se modifica la composici\u00f3n del Cuadro de Honor, que estar\u00eda formado por asociados y festers honorarios, y de los cuales surgir\u00eda el Consell del que podr\u00e1n formar parte los expresidentes que no hayan dimitido. De igual forma se incorpora la figura del asesor jur\u00eddico, la posibilidad de retirar del cargo a un miembro de la Junta Directiva o del Cuadro de Honor, y se estipula que los mayorales representen exclusivamente a los asociados que no son festeros abriendo la puerta a que convoquen juntas de asociados para recoger propuestas.<\/p>\n<p style=\"text-align: justify;\">Por otra parte los Estatutos afrontan cuestiones sobre la incorporaci\u00f3n de la mujer en la fiesta y se modifican varios art\u00edculos que reflejan que en los integrantes, gobierno, administraci\u00f3n y r\u00e9gimen econ\u00f3mico de les filaes no haya distinci\u00f3n de sexo. Indicar que tambi\u00e9n se abre la puerta a que el presidente asigne los cargos de directivos, incluidas las vicepresidencias, y se propone reducir la mayor\u00eda cualificada para modificar el Estatuto.<\/p>\n<p style=\"text-align: justify;\">Est\u00e1 previsto que en la Asamblea General del 14 de mayo se vote la reforma una vez se haya efectuado el correspondiente debate en las diferentes filaes. La Intenci\u00f3n del Casal es que algunos aspectos ya se apliquen en la pr\u00f3xima renovaci\u00f3n de la Directiva\u00a0para\u00a0lo cual se convocar\u00eda una asamblea extraordinaria en el mes de junio.<\/p>\n<p style=\"text-align: justify;\">\n<p style=\"text-align: justify;\"><a href=\"https:\/\/www.copealcoy.es\/wp-content\/uploads\/2016\/04\/PROPUESTA_DE_REFORMA_DE_ESTATUTO_ASJ_20160411025636.pdf\">Consulta la propuesta de reforma de Estatutos<\/a><\/p>\n","protected":false},"excerpt":{"rendered":"<p>Asociaci\u00f3n de San Jorge presenta ha abierto el periodo de exposici\u00f3n p\u00fablica de sus estatutos que se someter\u00e1n a votaci\u00f3n&#8230;<\/p>\n","protected":false},"author":1,"featured_media":20646,"comment_status":"open","ping_status":"open","sticky":false,"template":"","format":"standard","meta":{"footnotes":""},"categories":[97,78,75],"tags":[2115,2116,2117,2001],"class_list":["post-20635","post","type-post","status-publish","format-standard","has-post-thumbnail","hentry","category-alcoy","category-fiestaycultura","category-noticias","tag-asj","tag-asociacion-de-san-jordi","tag-estatuto","tag-fiestas-de-moros-y-cristianos"],"yoast_head":"<!-- This site is optimized with the Yoast SEO plugin v27.3 - https:\/\/yoast.com\/product\/yoast-seo-wordpress\/ -->\n<title>La Asociaci\u00f3n de San Jorge presenta la propuesta de reforma de los Estatutos - COPE Alcoy<\/title>\n<meta name=\"robots\" content=\"index, follow, max-snippet:-1, max-image-preview:large, max-video-preview:-1\" \/>\n<link rel=\"canonical\" href=\"https:\/\/www.copealcoy.es\/es\/la-asociacion-de-san-jorge-presenta-la-propuesta-de-reforma-de-los-estatutos\/\" \/>\n<meta property=\"og:locale\" content=\"es_ES\" \/>\n<meta property=\"og:type\" content=\"article\" \/>\n<meta property=\"og:title\" content=\"La Asociaci\u00f3n de San Jorge presenta la propuesta de reforma de los Estatutos - COPE Alcoy\" \/>\n<meta property=\"og:description\" content=\"Asociaci\u00f3n de San Jorge presenta ha abierto el periodo de exposici\u00f3n p\u00fablica de sus estatutos que se someter\u00e1n a votaci\u00f3n...\" \/>\n<meta property=\"og:url\" content=\"https:\/\/www.copealcoy.es\/es\/la-asociacion-de-san-jorge-presenta-la-propuesta-de-reforma-de-los-estatutos\/\" \/>\n<meta property=\"og:site_name\" content=\"COPE Alcoy\" \/>\n<meta property=\"article:published_time\" content=\"2016-04-11T16:32:07+00:00\" \/>\n<meta property=\"article:modified_time\" content=\"2016-04-12T17:19:38+00:00\" \/>\n<meta property=\"og:image\" content=\"https:\/\/www.copealcoy.es\/wp-content\/uploads\/2016\/04\/CASAL.jpg\" \/>\n\t<meta property=\"og:image:width\" content=\"660\" \/>\n\t<meta property=\"og:image:height\" content=\"330\" \/>\n\t<meta property=\"og:image:type\" content=\"image\/jpeg\" \/>\n<meta name=\"author\" content=\"Cope Alcoy\" \/>\n<meta name=\"twitter:label1\" content=\"Escrito por\" \/>\n\t<meta name=\"twitter:data1\" content=\"Cope Alcoy\" \/>\n\t<meta name=\"twitter:label2\" content=\"Tiempo de lectura\" \/>\n\t<meta name=\"twitter:data2\" content=\"2 minutos\" \/>\n<script type=\"application\/ld+json\" class=\"yoast-schema-graph\">{\"@context\":\"https:\\\/\\\/schema.org\",\"@graph\":[{\"@type\":\"Article\",\"@id\":\"https:\\\/\\\/www.copealcoy.es\\\/es\\\/la-asociacion-de-san-jorge-presenta-la-propuesta-de-reforma-de-los-estatutos\\\/#article\",\"isPartOf\":{\"@id\":\"https:\\\/\\\/www.copealcoy.es\\\/es\\\/la-asociacion-de-san-jorge-presenta-la-propuesta-de-reforma-de-los-estatutos\\\/\"},\"author\":{\"name\":\"Cope Alcoy\",\"@id\":\"https:\\\/\\\/www.copealcoy.es\\\/es\\\/#\\\/schema\\\/person\\\/e777c87fa024e57d40170af9df39882c\"},\"headline\":\"La Asociaci\u00f3n de San Jorge presenta la propuesta de reforma de los Estatutos\",\"datePublished\":\"2016-04-11T16:32:07+00:00\",\"dateModified\":\"2016-04-12T17:19:38+00:00\",\"mainEntityOfPage\":{\"@id\":\"https:\\\/\\\/www.copealcoy.es\\\/es\\\/la-asociacion-de-san-jorge-presenta-la-propuesta-de-reforma-de-los-estatutos\\\/\"},\"wordCount\":326,\"commentCount\":0,\"image\":{\"@id\":\"https:\\\/\\\/www.copealcoy.es\\\/es\\\/la-asociacion-de-san-jorge-presenta-la-propuesta-de-reforma-de-los-estatutos\\\/#primaryimage\"},\"thumbnailUrl\":\"https:\\\/\\\/www.copealcoy.es\\\/wp-content\\\/uploads\\\/2016\\\/04\\\/CASAL.jpg\",\"keywords\":[\"ASJ\",\"Asociaci\u00f3n de San Jordi\",\"Estatuto\",\"Fiestas de Moros y Cristianos\"],\"articleSection\":[\"Alcoy\",\"Fiesta y Cultura\",\"Noticias\"],\"inLanguage\":\"es\"},{\"@type\":\"WebPage\",\"@id\":\"https:\\\/\\\/www.copealcoy.es\\\/es\\\/la-asociacion-de-san-jorge-presenta-la-propuesta-de-reforma-de-los-estatutos\\\/\",\"url\":\"https:\\\/\\\/www.copealcoy.es\\\/es\\\/la-asociacion-de-san-jorge-presenta-la-propuesta-de-reforma-de-los-estatutos\\\/\",\"name\":\"La Asociaci\u00f3n de San Jorge presenta la propuesta de reforma de los Estatutos - COPE Alcoy\",\"isPartOf\":{\"@id\":\"https:\\\/\\\/www.copealcoy.es\\\/es\\\/#website\"},\"primaryImageOfPage\":{\"@id\":\"https:\\\/\\\/www.copealcoy.es\\\/es\\\/la-asociacion-de-san-jorge-presenta-la-propuesta-de-reforma-de-los-estatutos\\\/#primaryimage\"},\"image\":{\"@id\":\"https:\\\/\\\/www.copealcoy.es\\\/es\\\/la-asociacion-de-san-jorge-presenta-la-propuesta-de-reforma-de-los-estatutos\\\/#primaryimage\"},\"thumbnailUrl\":\"https:\\\/\\\/www.copealcoy.es\\\/wp-content\\\/uploads\\\/2016\\\/04\\\/CASAL.jpg\",\"datePublished\":\"2016-04-11T16:32:07+00:00\",\"dateModified\":\"2016-04-12T17:19:38+00:00\",\"author\":{\"@id\":\"https:\\\/\\\/www.copealcoy.es\\\/es\\\/#\\\/schema\\\/person\\\/e777c87fa024e57d40170af9df39882c\"},\"breadcrumb\":{\"@id\":\"https:\\\/\\\/www.copealcoy.es\\\/es\\\/la-asociacion-de-san-jorge-presenta-la-propuesta-de-reforma-de-los-estatutos\\\/#breadcrumb\"},\"inLanguage\":\"es\",\"potentialAction\":[{\"@type\":\"ReadAction\",\"target\":[\"https:\\\/\\\/www.copealcoy.es\\\/es\\\/la-asociacion-de-san-jorge-presenta-la-propuesta-de-reforma-de-los-estatutos\\\/\"]}]},{\"@type\":\"ImageObject\",\"inLanguage\":\"es\",\"@id\":\"https:\\\/\\\/www.copealcoy.es\\\/es\\\/la-asociacion-de-san-jorge-presenta-la-propuesta-de-reforma-de-los-estatutos\\\/#primaryimage\",\"url\":\"https:\\\/\\\/www.copealcoy.es\\\/wp-content\\\/uploads\\\/2016\\\/04\\\/CASAL.jpg\",\"contentUrl\":\"https:\\\/\\\/www.copealcoy.es\\\/wp-content\\\/uploads\\\/2016\\\/04\\\/CASAL.jpg\",\"width\":660,\"height\":330},{\"@type\":\"BreadcrumbList\",\"@id\":\"https:\\\/\\\/www.copealcoy.es\\\/es\\\/la-asociacion-de-san-jorge-presenta-la-propuesta-de-reforma-de-los-estatutos\\\/#breadcrumb\",\"itemListElement\":[{\"@type\":\"ListItem\",\"position\":1,\"name\":\"Portada\",\"item\":\"https:\\\/\\\/www.copealcoy.es\\\/es\\\/\"},{\"@type\":\"ListItem\",\"position\":2,\"name\":\"La Asociaci\u00f3n de San Jorge presenta la propuesta de reforma de los Estatutos\"}]},{\"@type\":\"WebSite\",\"@id\":\"https:\\\/\\\/www.copealcoy.es\\\/es\\\/#website\",\"url\":\"https:\\\/\\\/www.copealcoy.es\\\/es\\\/\",\"name\":\"COPE Alcoy\",\"description\":\"Emisora COPE de radio local con emisi\u00f3n online. Pont de Sant Jordi 8-10 03803 Alcoy\",\"potentialAction\":[{\"@type\":\"SearchAction\",\"target\":{\"@type\":\"EntryPoint\",\"urlTemplate\":\"https:\\\/\\\/www.copealcoy.es\\\/es\\\/?s={search_term_string}\"},\"query-input\":{\"@type\":\"PropertyValueSpecification\",\"valueRequired\":true,\"valueName\":\"search_term_string\"}}],\"inLanguage\":\"es\"},{\"@type\":\"Person\",\"@id\":\"https:\\\/\\\/www.copealcoy.es\\\/es\\\/#\\\/schema\\\/person\\\/e777c87fa024e57d40170af9df39882c\",\"name\":\"Cope Alcoy\",\"image\":{\"@type\":\"ImageObject\",\"inLanguage\":\"es\",\"@id\":\"https:\\\/\\\/secure.gravatar.com\\\/avatar\\\/bb65d0283347e303893ba14f0692005417c1e0e690a325a4c5d8bb2b3943ee14?s=96&d=mm&r=g\",\"url\":\"https:\\\/\\\/secure.gravatar.com\\\/avatar\\\/bb65d0283347e303893ba14f0692005417c1e0e690a325a4c5d8bb2b3943ee14?s=96&d=mm&r=g\",\"contentUrl\":\"https:\\\/\\\/secure.gravatar.com\\\/avatar\\\/bb65d0283347e303893ba14f0692005417c1e0e690a325a4c5d8bb2b3943ee14?s=96&d=mm&r=g\",\"caption\":\"Cope Alcoy\"}}]}<\/script>\n<!-- \/ Yoast SEO plugin. -->","yoast_head_json":{"title":"La Asociaci\u00f3n de San Jorge presenta la propuesta de reforma de los Estatutos - COPE Alcoy","robots":{"index":"index","follow":"follow","max-snippet":"max-snippet:-1","max-image-preview":"max-image-preview:large","max-video-preview":"max-video-preview:-1"},"canonical":"https:\/\/www.copealcoy.es\/es\/la-asociacion-de-san-jorge-presenta-la-propuesta-de-reforma-de-los-estatutos\/","og_locale":"es_ES","og_type":"article","og_title":"La Asociaci\u00f3n de San Jorge presenta la propuesta de reforma de los Estatutos - COPE Alcoy","og_description":"Asociaci\u00f3n de San Jorge presenta ha abierto el periodo de exposici\u00f3n p\u00fablica de sus estatutos que se someter\u00e1n a votaci\u00f3n...","og_url":"https:\/\/www.copealcoy.es\/es\/la-asociacion-de-san-jorge-presenta-la-propuesta-de-reforma-de-los-estatutos\/","og_site_name":"COPE Alcoy","article_published_time":"2016-04-11T16:32:07+00:00","article_modified_time":"2016-04-12T17:19:38+00:00","og_image":[{"width":660,"height":330,"url":"https:\/\/www.copealcoy.es\/wp-content\/uploads\/2016\/04\/CASAL.jpg","type":"image\/jpeg"}],"author":"Cope Alcoy","twitter_misc":{"Escrito por":"Cope Alcoy","Tiempo de lectura":"2 minutos"},"schema":{"@context":"https:\/\/schema.org","@graph":[{"@type":"Article","@id":"https:\/\/www.copealcoy.es\/es\/la-asociacion-de-san-jorge-presenta-la-propuesta-de-reforma-de-los-estatutos\/#article","isPartOf":{"@id":"https:\/\/www.copealcoy.es\/es\/la-asociacion-de-san-jorge-presenta-la-propuesta-de-reforma-de-los-estatutos\/"},"author":{"name":"Cope Alcoy","@id":"https:\/\/www.copealcoy.es\/es\/#\/schema\/person\/e777c87fa024e57d40170af9df39882c"},"headline":"La Asociaci\u00f3n de San Jorge presenta la propuesta de reforma de los Estatutos","datePublished":"2016-04-11T16:32:07+00:00","dateModified":"2016-04-12T17:19:38+00:00","mainEntityOfPage":{"@id":"https:\/\/www.copealcoy.es\/es\/la-asociacion-de-san-jorge-presenta-la-propuesta-de-reforma-de-los-estatutos\/"},"wordCount":326,"commentCount":0,"image":{"@id":"https:\/\/www.copealcoy.es\/es\/la-asociacion-de-san-jorge-presenta-la-propuesta-de-reforma-de-los-estatutos\/#primaryimage"},"thumbnailUrl":"https:\/\/www.copealcoy.es\/wp-content\/uploads\/2016\/04\/CASAL.jpg","keywords":["ASJ","Asociaci\u00f3n de San Jordi","Estatuto","Fiestas de Moros y Cristianos"],"articleSection":["Alcoy","Fiesta y Cultura","Noticias"],"inLanguage":"es"},{"@type":"WebPage","@id":"https:\/\/www.copealcoy.es\/es\/la-asociacion-de-san-jorge-presenta-la-propuesta-de-reforma-de-los-estatutos\/","url":"https:\/\/www.copealcoy.es\/es\/la-asociacion-de-san-jorge-presenta-la-propuesta-de-reforma-de-los-estatutos\/","name":"La Asociaci\u00f3n de San Jorge presenta la propuesta de reforma de los Estatutos - COPE Alcoy","isPartOf":{"@id":"https:\/\/www.copealcoy.es\/es\/#website"},"primaryImageOfPage":{"@id":"https:\/\/www.copealcoy.es\/es\/la-asociacion-de-san-jorge-presenta-la-propuesta-de-reforma-de-los-estatutos\/#primaryimage"},"image":{"@id":"https:\/\/www.copealcoy.es\/es\/la-asociacion-de-san-jorge-presenta-la-propuesta-de-reforma-de-los-estatutos\/#primaryimage"},"thumbnailUrl":"https:\/\/www.copealcoy.es\/wp-content\/uploads\/2016\/04\/CASAL.jpg","datePublished":"2016-04-11T16:32:07+00:00","dateModified":"2016-04-12T17:19:38+00:00","author":{"@id":"https:\/\/www.copealcoy.es\/es\/#\/schema\/person\/e777c87fa024e57d40170af9df39882c"},"breadcrumb":{"@id":"https:\/\/www.copealcoy.es\/es\/la-asociacion-de-san-jorge-presenta-la-propuesta-de-reforma-de-los-estatutos\/#breadcrumb"},"inLanguage":"es","potentialAction":[{"@type":"ReadAction","target":["https:\/\/www.copealcoy.es\/es\/la-asociacion-de-san-jorge-presenta-la-propuesta-de-reforma-de-los-estatutos\/"]}]},{"@type":"ImageObject","inLanguage":"es","@id":"https:\/\/www.copealcoy.es\/es\/la-asociacion-de-san-jorge-presenta-la-propuesta-de-reforma-de-los-estatutos\/#primaryimage","url":"https:\/\/www.copealcoy.es\/wp-content\/uploads\/2016\/04\/CASAL.jpg","contentUrl":"https:\/\/www.copealcoy.es\/wp-content\/uploads\/2016\/04\/CASAL.jpg","width":660,"height":330},{"@type":"BreadcrumbList","@id":"https:\/\/www.copealcoy.es\/es\/la-asociacion-de-san-jorge-presenta-la-propuesta-de-reforma-de-los-estatutos\/#breadcrumb","itemListElement":[{"@type":"ListItem","position":1,"name":"Portada","item":"https:\/\/www.copealcoy.es\/es\/"},{"@type":"ListItem","position":2,"name":"La Asociaci\u00f3n de San Jorge presenta la propuesta de reforma de los Estatutos"}]},{"@type":"WebSite","@id":"https:\/\/www.copealcoy.es\/es\/#website","url":"https:\/\/www.copealcoy.es\/es\/","name":"COPE Alcoy","description":"Emisora COPE de radio local con emisi\u00f3n online. Pont de Sant Jordi 8-10 03803 Alcoy","potentialAction":[{"@type":"SearchAction","target":{"@type":"EntryPoint","urlTemplate":"https:\/\/www.copealcoy.es\/es\/?s={search_term_string}"},"query-input":{"@type":"PropertyValueSpecification","valueRequired":true,"valueName":"search_term_string"}}],"inLanguage":"es"},{"@type":"Person","@id":"https:\/\/www.copealcoy.es\/es\/#\/schema\/person\/e777c87fa024e57d40170af9df39882c","name":"Cope Alcoy","image":{"@type":"ImageObject","inLanguage":"es","@id":"https:\/\/secure.gravatar.com\/avatar\/bb65d0283347e303893ba14f0692005417c1e0e690a325a4c5d8bb2b3943ee14?s=96&d=mm&r=g","url":"https:\/\/secure.gravatar.com\/avatar\/bb65d0283347e303893ba14f0692005417c1e0e690a325a4c5d8bb2b3943ee14?s=96&d=mm&r=g","contentUrl":"https:\/\/secure.gravatar.com\/avatar\/bb65d0283347e303893ba14f0692005417c1e0e690a325a4c5d8bb2b3943ee14?s=96&d=mm&r=g","caption":"Cope Alcoy"}}]}},"_links":{"self":[{"href":"https:\/\/www.copealcoy.es\/es\/wp-json\/wp\/v2\/posts\/20635","targetHints":{"allow":["GET"]}}],"collection":[{"href":"https:\/\/www.copealcoy.es\/es\/wp-json\/wp\/v2\/posts"}],"about":[{"href":"https:\/\/www.copealcoy.es\/es\/wp-json\/wp\/v2\/types\/post"}],"author":[{"embeddable":true,"href":"https:\/\/www.copealcoy.es\/es\/wp-json\/wp\/v2\/users\/1"}],"replies":[{"embeddable":true,"href":"https:\/\/www.copealcoy.es\/es\/wp-json\/wp\/v2\/comments?post=20635"}],"version-history":[{"count":0,"href":"https:\/\/www.copealcoy.es\/es\/wp-json\/wp\/v2\/posts\/20635\/revisions"}],"wp:featuredmedia":[{"embeddable":true,"href":"https:\/\/www.copealcoy.es\/es\/wp-json\/wp\/v2\/media\/20646"}],"wp:attachment":[{"href":"https:\/\/www.copealcoy.es\/es\/wp-json\/wp\/v2\/media?parent=20635"}],"wp:term":[{"taxonomy":"category","embeddable":true,"href":"https:\/\/www.copealcoy.es\/es\/wp-json\/wp\/v2\/categories?post=20635"},{"taxonomy":"post_tag","embeddable":true,"href":"https:\/\/www.copealcoy.es\/es\/wp-json\/wp\/v2\/tags?post=20635"}],"curies":[{"name":"wp","href":"https:\/\/api.w.org\/{rel}","templated":true}]}}