{"id":20494,"date":"2016-04-05T17:05:03","date_gmt":"2016-04-05T17:05:03","guid":{"rendered":"http:\/\/copealcoi.es\/new\/?p=20494"},"modified":"2016-04-05T21:40:28","modified_gmt":"2016-04-05T21:40:28","slug":"el-puente-fernando-reig-abrira-al-trafico-provisionalmente-para-las-fiestas-de-moros-y-cristianos","status":"publish","type":"post","link":"https:\/\/www.copealcoy.es\/es\/el-puente-fernando-reig-abrira-al-trafico-provisionalmente-para-las-fiestas-de-moros-y-cristianos\/","title":{"rendered":"Estudian abrir al tr\u00e1fico el Puente Fernando Reig durante los d\u00edas de Fiestas"},"content":{"rendered":"<p style=\"text-align: justify;\">El puente de Fernando Reig de Alcoy podr\u00eda estar\u00a0habilitado de forma provisional para el paso de veh\u00edculos durante las Fiestas de Moros y Cristianos. As\u00ed lo ha destacado el edil de Obras y Servicios, Jordi Mart\u00ednez, quien ha explicado en Cope Alcoy que desde el Ayuntamiento se ha mantenido recientemente un encuentro con\u00a0la Direcci\u00f3n General de Carreteras en la que se abord\u00f3 la posibilidad de una apertura con car\u00e1cter temporal de cara a\u00a0la trilog\u00eda festera &#8220;con el fin de descongestionar la salida del Centro de la ciudad&#8221;, indica. En este sentido Mart\u00ednez apunta que en los pr\u00f3ximos d\u00edas se concretar\u00e1 la medida para poder ponerla en marcha y recuerda que las obras que se est\u00e1n realizando actualmente en una parte del puente parar\u00edan estos d\u00edas &#8220;para despu\u00e9s seguir su curso habitual ya en la \u00faltima semana de abril&#8221;.<\/p>\n<p style=\"text-align: justify;\">\n<p style=\"text-align: justify;\">Recordar que desde el pasado mes de febrero el Puente Fernando Reig tiene el carril de entrada desde La Beniata al barrio de Santa Rosa cortado debido a que se est\u00e1\u00a0acometiendo la reparaci\u00f3n y consolidaci\u00f3n de los tirantes distintivos del mismo\u00a0as\u00ed como la propia plataforma. Adem\u00e1s se intervendr\u00e1 en las aceras y se sustituir\u00e1n las actuales barandillas. La obra, que est\u00e1 valorada en un mill\u00f3n y medio de euros, supone la \u00a0primera actuaci\u00f3n de envergadura en un puente emblem\u00e1tico que est\u00e1 a punto de cumplir sus treinta a\u00f1os de historia ya que fue inaugurado en 1987.<\/p>\n","protected":false},"excerpt":{"rendered":"<p>El puente de Fernando Reig de Alcoy podr\u00eda estar\u00a0habilitado de forma provisional para el paso de veh\u00edculos durante las Fiestas&#8230;<\/p>\n","protected":false},"author":1,"featured_media":20495,"comment_status":"open","ping_status":"open","sticky":false,"template":"","format":"standard","meta":{"footnotes":""},"categories":[97,75,125],"tags":[1494,145,1859,401],"class_list":["post-20494","post","type-post","status-publish","format-standard","has-post-thumbnail","hentry","category-alcoy","category-noticias","category-portada","tag-alcoy","tag-obras","tag-puente-fernando-reig","tag-trafico"],"yoast_head":"<!-- This site is optimized with the Yoast SEO plugin v27.3 - https:\/\/yoast.com\/product\/yoast-seo-wordpress\/ -->\n<title>Estudian abrir al tr\u00e1fico el Puente Fernando Reig durante los d\u00edas de Fiestas - COPE Alcoy<\/title>\n<meta name=\"robots\" content=\"index, follow, max-snippet:-1, max-image-preview:large, max-video-preview:-1\" \/>\n<link rel=\"canonical\" href=\"https:\/\/www.copealcoy.es\/es\/el-puente-fernando-reig-abrira-al-trafico-provisionalmente-para-las-fiestas-de-moros-y-cristianos\/\" \/>\n<meta property=\"og:locale\" content=\"es_ES\" \/>\n<meta property=\"og:type\" content=\"article\" \/>\n<meta property=\"og:title\" content=\"Estudian abrir al tr\u00e1fico el Puente Fernando Reig durante los d\u00edas de Fiestas - COPE Alcoy\" \/>\n<meta property=\"og:description\" content=\"El puente de Fernando Reig de Alcoy podr\u00eda estar\u00a0habilitado de forma provisional para el paso de veh\u00edculos durante las Fiestas...\" \/>\n<meta property=\"og:url\" content=\"https:\/\/www.copealcoy.es\/es\/el-puente-fernando-reig-abrira-al-trafico-provisionalmente-para-las-fiestas-de-moros-y-cristianos\/\" \/>\n<meta property=\"og:site_name\" content=\"COPE Alcoy\" \/>\n<meta property=\"article:published_time\" content=\"2016-04-05T17:05:03+00:00\" \/>\n<meta property=\"article:modified_time\" content=\"2016-04-05T21:40:28+00:00\" \/>\n<meta property=\"og:image\" content=\"https:\/\/www.copealcoy.es\/wp-content\/uploads\/2016\/04\/fernando-reig.jpg\" \/>\n\t<meta property=\"og:image:width\" content=\"660\" \/>\n\t<meta property=\"og:image:height\" content=\"330\" \/>\n\t<meta property=\"og:image:type\" content=\"image\/jpeg\" \/>\n<meta name=\"author\" content=\"Cope Alcoy\" \/>\n<meta name=\"twitter:label1\" content=\"Escrito por\" \/>\n\t<meta name=\"twitter:data1\" content=\"Cope Alcoy\" \/>\n\t<meta name=\"twitter:label2\" content=\"Tiempo de lectura\" \/>\n\t<meta name=\"twitter:data2\" content=\"1 minuto\" \/>\n<script type=\"application\/ld+json\" class=\"yoast-schema-graph\">{\"@context\":\"https:\\\/\\\/schema.org\",\"@graph\":[{\"@type\":\"Article\",\"@id\":\"https:\\\/\\\/www.copealcoy.es\\\/es\\\/el-puente-fernando-reig-abrira-al-trafico-provisionalmente-para-las-fiestas-de-moros-y-cristianos\\\/#article\",\"isPartOf\":{\"@id\":\"https:\\\/\\\/www.copealcoy.es\\\/es\\\/el-puente-fernando-reig-abrira-al-trafico-provisionalmente-para-las-fiestas-de-moros-y-cristianos\\\/\"},\"author\":{\"name\":\"Cope Alcoy\",\"@id\":\"https:\\\/\\\/www.copealcoy.es\\\/es\\\/#\\\/schema\\\/person\\\/e777c87fa024e57d40170af9df39882c\"},\"headline\":\"Estudian abrir al tr\u00e1fico el Puente Fernando Reig durante los d\u00edas de Fiestas\",\"datePublished\":\"2016-04-05T17:05:03+00:00\",\"dateModified\":\"2016-04-05T21:40:28+00:00\",\"mainEntityOfPage\":{\"@id\":\"https:\\\/\\\/www.copealcoy.es\\\/es\\\/el-puente-fernando-reig-abrira-al-trafico-provisionalmente-para-las-fiestas-de-moros-y-cristianos\\\/\"},\"wordCount\":274,\"commentCount\":0,\"image\":{\"@id\":\"https:\\\/\\\/www.copealcoy.es\\\/es\\\/el-puente-fernando-reig-abrira-al-trafico-provisionalmente-para-las-fiestas-de-moros-y-cristianos\\\/#primaryimage\"},\"thumbnailUrl\":\"https:\\\/\\\/www.copealcoy.es\\\/wp-content\\\/uploads\\\/2016\\\/04\\\/fernando-reig.jpg\",\"keywords\":[\"Alcoy\",\"Obras\",\"Puente Fernando Reig\",\"Tr\u00e1fico\"],\"articleSection\":[\"Alcoy\",\"Noticias\",\"Portada\"],\"inLanguage\":\"es\"},{\"@type\":\"WebPage\",\"@id\":\"https:\\\/\\\/www.copealcoy.es\\\/es\\\/el-puente-fernando-reig-abrira-al-trafico-provisionalmente-para-las-fiestas-de-moros-y-cristianos\\\/\",\"url\":\"https:\\\/\\\/www.copealcoy.es\\\/es\\\/el-puente-fernando-reig-abrira-al-trafico-provisionalmente-para-las-fiestas-de-moros-y-cristianos\\\/\",\"name\":\"Estudian abrir al tr\u00e1fico el Puente Fernando Reig durante los d\u00edas de Fiestas - COPE Alcoy\",\"isPartOf\":{\"@id\":\"https:\\\/\\\/www.copealcoy.es\\\/es\\\/#website\"},\"primaryImageOfPage\":{\"@id\":\"https:\\\/\\\/www.copealcoy.es\\\/es\\\/el-puente-fernando-reig-abrira-al-trafico-provisionalmente-para-las-fiestas-de-moros-y-cristianos\\\/#primaryimage\"},\"image\":{\"@id\":\"https:\\\/\\\/www.copealcoy.es\\\/es\\\/el-puente-fernando-reig-abrira-al-trafico-provisionalmente-para-las-fiestas-de-moros-y-cristianos\\\/#primaryimage\"},\"thumbnailUrl\":\"https:\\\/\\\/www.copealcoy.es\\\/wp-content\\\/uploads\\\/2016\\\/04\\\/fernando-reig.jpg\",\"datePublished\":\"2016-04-05T17:05:03+00:00\",\"dateModified\":\"2016-04-05T21:40:28+00:00\",\"author\":{\"@id\":\"https:\\\/\\\/www.copealcoy.es\\\/es\\\/#\\\/schema\\\/person\\\/e777c87fa024e57d40170af9df39882c\"},\"breadcrumb\":{\"@id\":\"https:\\\/\\\/www.copealcoy.es\\\/es\\\/el-puente-fernando-reig-abrira-al-trafico-provisionalmente-para-las-fiestas-de-moros-y-cristianos\\\/#breadcrumb\"},\"inLanguage\":\"es\",\"potentialAction\":[{\"@type\":\"ReadAction\",\"target\":[\"https:\\\/\\\/www.copealcoy.es\\\/es\\\/el-puente-fernando-reig-abrira-al-trafico-provisionalmente-para-las-fiestas-de-moros-y-cristianos\\\/\"]}]},{\"@type\":\"ImageObject\",\"inLanguage\":\"es\",\"@id\":\"https:\\\/\\\/www.copealcoy.es\\\/es\\\/el-puente-fernando-reig-abrira-al-trafico-provisionalmente-para-las-fiestas-de-moros-y-cristianos\\\/#primaryimage\",\"url\":\"https:\\\/\\\/www.copealcoy.es\\\/wp-content\\\/uploads\\\/2016\\\/04\\\/fernando-reig.jpg\",\"contentUrl\":\"https:\\\/\\\/www.copealcoy.es\\\/wp-content\\\/uploads\\\/2016\\\/04\\\/fernando-reig.jpg\",\"width\":660,\"height\":330},{\"@type\":\"BreadcrumbList\",\"@id\":\"https:\\\/\\\/www.copealcoy.es\\\/es\\\/el-puente-fernando-reig-abrira-al-trafico-provisionalmente-para-las-fiestas-de-moros-y-cristianos\\\/#breadcrumb\",\"itemListElement\":[{\"@type\":\"ListItem\",\"position\":1,\"name\":\"Portada\",\"item\":\"https:\\\/\\\/www.copealcoy.es\\\/es\\\/\"},{\"@type\":\"ListItem\",\"position\":2,\"name\":\"Estudian abrir al tr\u00e1fico el Puente Fernando Reig durante los d\u00edas de Fiestas\"}]},{\"@type\":\"WebSite\",\"@id\":\"https:\\\/\\\/www.copealcoy.es\\\/es\\\/#website\",\"url\":\"https:\\\/\\\/www.copealcoy.es\\\/es\\\/\",\"name\":\"COPE Alcoy\",\"description\":\"Emisora COPE de radio local con emisi\u00f3n online. Pont de Sant Jordi 8-10 03803 Alcoy\",\"potentialAction\":[{\"@type\":\"SearchAction\",\"target\":{\"@type\":\"EntryPoint\",\"urlTemplate\":\"https:\\\/\\\/www.copealcoy.es\\\/es\\\/?s={search_term_string}\"},\"query-input\":{\"@type\":\"PropertyValueSpecification\",\"valueRequired\":true,\"valueName\":\"search_term_string\"}}],\"inLanguage\":\"es\"},{\"@type\":\"Person\",\"@id\":\"https:\\\/\\\/www.copealcoy.es\\\/es\\\/#\\\/schema\\\/person\\\/e777c87fa024e57d40170af9df39882c\",\"name\":\"Cope Alcoy\",\"image\":{\"@type\":\"ImageObject\",\"inLanguage\":\"es\",\"@id\":\"https:\\\/\\\/secure.gravatar.com\\\/avatar\\\/bb65d0283347e303893ba14f0692005417c1e0e690a325a4c5d8bb2b3943ee14?s=96&d=mm&r=g\",\"url\":\"https:\\\/\\\/secure.gravatar.com\\\/avatar\\\/bb65d0283347e303893ba14f0692005417c1e0e690a325a4c5d8bb2b3943ee14?s=96&d=mm&r=g\",\"contentUrl\":\"https:\\\/\\\/secure.gravatar.com\\\/avatar\\\/bb65d0283347e303893ba14f0692005417c1e0e690a325a4c5d8bb2b3943ee14?s=96&d=mm&r=g\",\"caption\":\"Cope Alcoy\"}}]}<\/script>\n<!-- \/ Yoast SEO plugin. -->","yoast_head_json":{"title":"Estudian abrir al tr\u00e1fico el Puente Fernando Reig durante los d\u00edas de Fiestas - COPE Alcoy","robots":{"index":"index","follow":"follow","max-snippet":"max-snippet:-1","max-image-preview":"max-image-preview:large","max-video-preview":"max-video-preview:-1"},"canonical":"https:\/\/www.copealcoy.es\/es\/el-puente-fernando-reig-abrira-al-trafico-provisionalmente-para-las-fiestas-de-moros-y-cristianos\/","og_locale":"es_ES","og_type":"article","og_title":"Estudian abrir al tr\u00e1fico el Puente Fernando Reig durante los d\u00edas de Fiestas - COPE Alcoy","og_description":"El puente de Fernando Reig de Alcoy podr\u00eda estar\u00a0habilitado de forma provisional para el paso de veh\u00edculos durante las Fiestas...","og_url":"https:\/\/www.copealcoy.es\/es\/el-puente-fernando-reig-abrira-al-trafico-provisionalmente-para-las-fiestas-de-moros-y-cristianos\/","og_site_name":"COPE Alcoy","article_published_time":"2016-04-05T17:05:03+00:00","article_modified_time":"2016-04-05T21:40:28+00:00","og_image":[{"width":660,"height":330,"url":"https:\/\/www.copealcoy.es\/wp-content\/uploads\/2016\/04\/fernando-reig.jpg","type":"image\/jpeg"}],"author":"Cope Alcoy","twitter_misc":{"Escrito por":"Cope Alcoy","Tiempo de lectura":"1 minuto"},"schema":{"@context":"https:\/\/schema.org","@graph":[{"@type":"Article","@id":"https:\/\/www.copealcoy.es\/es\/el-puente-fernando-reig-abrira-al-trafico-provisionalmente-para-las-fiestas-de-moros-y-cristianos\/#article","isPartOf":{"@id":"https:\/\/www.copealcoy.es\/es\/el-puente-fernando-reig-abrira-al-trafico-provisionalmente-para-las-fiestas-de-moros-y-cristianos\/"},"author":{"name":"Cope Alcoy","@id":"https:\/\/www.copealcoy.es\/es\/#\/schema\/person\/e777c87fa024e57d40170af9df39882c"},"headline":"Estudian abrir al tr\u00e1fico el Puente Fernando Reig durante los d\u00edas de Fiestas","datePublished":"2016-04-05T17:05:03+00:00","dateModified":"2016-04-05T21:40:28+00:00","mainEntityOfPage":{"@id":"https:\/\/www.copealcoy.es\/es\/el-puente-fernando-reig-abrira-al-trafico-provisionalmente-para-las-fiestas-de-moros-y-cristianos\/"},"wordCount":274,"commentCount":0,"image":{"@id":"https:\/\/www.copealcoy.es\/es\/el-puente-fernando-reig-abrira-al-trafico-provisionalmente-para-las-fiestas-de-moros-y-cristianos\/#primaryimage"},"thumbnailUrl":"https:\/\/www.copealcoy.es\/wp-content\/uploads\/2016\/04\/fernando-reig.jpg","keywords":["Alcoy","Obras","Puente Fernando Reig","Tr\u00e1fico"],"articleSection":["Alcoy","Noticias","Portada"],"inLanguage":"es"},{"@type":"WebPage","@id":"https:\/\/www.copealcoy.es\/es\/el-puente-fernando-reig-abrira-al-trafico-provisionalmente-para-las-fiestas-de-moros-y-cristianos\/","url":"https:\/\/www.copealcoy.es\/es\/el-puente-fernando-reig-abrira-al-trafico-provisionalmente-para-las-fiestas-de-moros-y-cristianos\/","name":"Estudian abrir al tr\u00e1fico el Puente Fernando Reig durante los d\u00edas de Fiestas - COPE Alcoy","isPartOf":{"@id":"https:\/\/www.copealcoy.es\/es\/#website"},"primaryImageOfPage":{"@id":"https:\/\/www.copealcoy.es\/es\/el-puente-fernando-reig-abrira-al-trafico-provisionalmente-para-las-fiestas-de-moros-y-cristianos\/#primaryimage"},"image":{"@id":"https:\/\/www.copealcoy.es\/es\/el-puente-fernando-reig-abrira-al-trafico-provisionalmente-para-las-fiestas-de-moros-y-cristianos\/#primaryimage"},"thumbnailUrl":"https:\/\/www.copealcoy.es\/wp-content\/uploads\/2016\/04\/fernando-reig.jpg","datePublished":"2016-04-05T17:05:03+00:00","dateModified":"2016-04-05T21:40:28+00:00","author":{"@id":"https:\/\/www.copealcoy.es\/es\/#\/schema\/person\/e777c87fa024e57d40170af9df39882c"},"breadcrumb":{"@id":"https:\/\/www.copealcoy.es\/es\/el-puente-fernando-reig-abrira-al-trafico-provisionalmente-para-las-fiestas-de-moros-y-cristianos\/#breadcrumb"},"inLanguage":"es","potentialAction":[{"@type":"ReadAction","target":["https:\/\/www.copealcoy.es\/es\/el-puente-fernando-reig-abrira-al-trafico-provisionalmente-para-las-fiestas-de-moros-y-cristianos\/"]}]},{"@type":"ImageObject","inLanguage":"es","@id":"https:\/\/www.copealcoy.es\/es\/el-puente-fernando-reig-abrira-al-trafico-provisionalmente-para-las-fiestas-de-moros-y-cristianos\/#primaryimage","url":"https:\/\/www.copealcoy.es\/wp-content\/uploads\/2016\/04\/fernando-reig.jpg","contentUrl":"https:\/\/www.copealcoy.es\/wp-content\/uploads\/2016\/04\/fernando-reig.jpg","width":660,"height":330},{"@type":"BreadcrumbList","@id":"https:\/\/www.copealcoy.es\/es\/el-puente-fernando-reig-abrira-al-trafico-provisionalmente-para-las-fiestas-de-moros-y-cristianos\/#breadcrumb","itemListElement":[{"@type":"ListItem","position":1,"name":"Portada","item":"https:\/\/www.copealcoy.es\/es\/"},{"@type":"ListItem","position":2,"name":"Estudian abrir al tr\u00e1fico el Puente Fernando Reig durante los d\u00edas de Fiestas"}]},{"@type":"WebSite","@id":"https:\/\/www.copealcoy.es\/es\/#website","url":"https:\/\/www.copealcoy.es\/es\/","name":"COPE Alcoy","description":"Emisora COPE de radio local con emisi\u00f3n online. Pont de Sant Jordi 8-10 03803 Alcoy","potentialAction":[{"@type":"SearchAction","target":{"@type":"EntryPoint","urlTemplate":"https:\/\/www.copealcoy.es\/es\/?s={search_term_string}"},"query-input":{"@type":"PropertyValueSpecification","valueRequired":true,"valueName":"search_term_string"}}],"inLanguage":"es"},{"@type":"Person","@id":"https:\/\/www.copealcoy.es\/es\/#\/schema\/person\/e777c87fa024e57d40170af9df39882c","name":"Cope Alcoy","image":{"@type":"ImageObject","inLanguage":"es","@id":"https:\/\/secure.gravatar.com\/avatar\/bb65d0283347e303893ba14f0692005417c1e0e690a325a4c5d8bb2b3943ee14?s=96&d=mm&r=g","url":"https:\/\/secure.gravatar.com\/avatar\/bb65d0283347e303893ba14f0692005417c1e0e690a325a4c5d8bb2b3943ee14?s=96&d=mm&r=g","contentUrl":"https:\/\/secure.gravatar.com\/avatar\/bb65d0283347e303893ba14f0692005417c1e0e690a325a4c5d8bb2b3943ee14?s=96&d=mm&r=g","caption":"Cope Alcoy"}}]}},"_links":{"self":[{"href":"https:\/\/www.copealcoy.es\/es\/wp-json\/wp\/v2\/posts\/20494","targetHints":{"allow":["GET"]}}],"collection":[{"href":"https:\/\/www.copealcoy.es\/es\/wp-json\/wp\/v2\/posts"}],"about":[{"href":"https:\/\/www.copealcoy.es\/es\/wp-json\/wp\/v2\/types\/post"}],"author":[{"embeddable":true,"href":"https:\/\/www.copealcoy.es\/es\/wp-json\/wp\/v2\/users\/1"}],"replies":[{"embeddable":true,"href":"https:\/\/www.copealcoy.es\/es\/wp-json\/wp\/v2\/comments?post=20494"}],"version-history":[{"count":0,"href":"https:\/\/www.copealcoy.es\/es\/wp-json\/wp\/v2\/posts\/20494\/revisions"}],"wp:featuredmedia":[{"embeddable":true,"href":"https:\/\/www.copealcoy.es\/es\/wp-json\/wp\/v2\/media\/20495"}],"wp:attachment":[{"href":"https:\/\/www.copealcoy.es\/es\/wp-json\/wp\/v2\/media?parent=20494"}],"wp:term":[{"taxonomy":"category","embeddable":true,"href":"https:\/\/www.copealcoy.es\/es\/wp-json\/wp\/v2\/categories?post=20494"},{"taxonomy":"post_tag","embeddable":true,"href":"https:\/\/www.copealcoy.es\/es\/wp-json\/wp\/v2\/tags?post=20494"}],"curies":[{"name":"wp","href":"https:\/\/api.w.org\/{rel}","templated":true}]}}