{"id":20490,"date":"2016-04-05T21:01:32","date_gmt":"2016-04-05T21:01:32","guid":{"rendered":"http:\/\/copealcoi.es\/new\/?p=20490"},"modified":"2016-04-05T21:01:32","modified_gmt":"2016-04-05T21:01:32","slug":"llega-una-nueva-edicion-del-foro-de-empleo-de-la-upv","status":"publish","type":"post","link":"https:\/\/www.copealcoy.es\/es\/llega-una-nueva-edicion-del-foro-de-empleo-de-la-upv\/","title":{"rendered":"Llega una nueva edici\u00f3n del Foro de Empleo de la UPV"},"content":{"rendered":"<p style=\"text-align: justify;\">El Campus de Alcoy de la Universidad Polit\u00e9cnica de Valenciana\u00a0llevar\u00e1 a cabo entre el 7 y el 20\u00a0de abril una nueva edici\u00f3n del Foro de Empleo, que ofrecer\u00e1 informaci\u00f3n sobre empresas y salidas profesionales a los estudiantes que est\u00e9n cursando o hayan finalizado sus estudios en la UPV.<\/p>\n<p style=\"text-align: justify;\">\n<p style=\"text-align: justify;\">Entre las propuestas previstas para este a\u00f1o destaca el\u00a0Taller Elevator Pitch que se realizar\u00e1 el d\u00eda 7 en el \u00c1gora en el que ase abordar\u00e1n cuestiones\u00a0sobre c\u00f3mo preparar la presentaci\u00f3n de un proyecto a \u00a0una empresa o trabajar formatos como el video curriculum. Por otra parte el 14 de abril a partir de las 11 de la ma\u00f1ana en la Plaza Ferr\u00e1ndiz i Carbonell acoger\u00e1 el Foro Alcoi 2016 en el que las empresas participantes, como Uni\u00f3n Alcoyana Seguros, \u00a0dar\u00e1n a conocer su informaci\u00f3n en varios stands. La jornada acabar\u00e1\u00a0con una actuaci\u00f3n del c\u00f3mico Eugeni Alemany.\u00a0Finalmente el 20 de abril habr\u00e1 una visita por la ma\u00f1ana\u00a0al Campus de Vera (Val\u00e8ncia),\u00a0 donde se establecer\u00e1 un punto de encuentro entre alumnos y empresas. Para asistir la delegaci\u00f3n de alumnos del Campus alcoyano ha preparado un autob\u00fas.<\/p>\n<p style=\"text-align: justify;\">Tanto el director del Campus de Alcoy, Juan Ignacio Torregrosa, como el edil de Innovaci\u00f3n, Manolo Gomicia, han valorado positivamente esta iniciativa y han \u00a0asegurado que\u00a0las empresas que participan en el Foro acaban por hacer un contrato o solicitar una entrevista.<\/p>\n","protected":false},"excerpt":{"rendered":"<p>El Campus de Alcoy de la Universidad Polit\u00e9cnica de Valenciana\u00a0llevar\u00e1 a cabo entre el 7 y el 20\u00a0de abril una&#8230;<\/p>\n","protected":false},"author":1,"featured_media":20506,"comment_status":"open","ping_status":"open","sticky":false,"template":"","format":"standard","meta":{"footnotes":""},"categories":[97,900,75],"tags":[2097,2098,2096,674],"class_list":["post-20490","post","type-post","status-publish","format-standard","has-post-thumbnail","hentry","category-alcoy","category-educacion","category-noticias","tag-foro-de-empleo","tag-foro-de-emprendimiento","tag-universitat-politecnica-de-valencia","tag-upv"],"yoast_head":"<!-- This site is optimized with the Yoast SEO plugin v27.3 - https:\/\/yoast.com\/product\/yoast-seo-wordpress\/ -->\n<title>Llega una nueva edici\u00f3n del Foro de Empleo de la UPV - COPE Alcoy<\/title>\n<meta name=\"robots\" content=\"index, follow, max-snippet:-1, max-image-preview:large, max-video-preview:-1\" \/>\n<link rel=\"canonical\" href=\"https:\/\/www.copealcoy.es\/es\/llega-una-nueva-edicion-del-foro-de-empleo-de-la-upv\/\" \/>\n<meta property=\"og:locale\" content=\"es_ES\" \/>\n<meta property=\"og:type\" content=\"article\" \/>\n<meta property=\"og:title\" content=\"Llega una nueva edici\u00f3n del Foro de Empleo de la UPV - COPE Alcoy\" \/>\n<meta property=\"og:description\" content=\"El Campus de Alcoy de la Universidad Polit\u00e9cnica de Valenciana\u00a0llevar\u00e1 a cabo entre el 7 y el 20\u00a0de abril una...\" \/>\n<meta property=\"og:url\" content=\"https:\/\/www.copealcoy.es\/es\/llega-una-nueva-edicion-del-foro-de-empleo-de-la-upv\/\" \/>\n<meta property=\"og:site_name\" content=\"COPE Alcoy\" \/>\n<meta property=\"article:published_time\" content=\"2016-04-05T21:01:32+00:00\" \/>\n<meta property=\"og:image\" content=\"https:\/\/www.copealcoy.es\/wp-content\/uploads\/2016\/04\/CfROeRNWAAAXWL7.jpg\" \/>\n\t<meta property=\"og:image:width\" content=\"600\" \/>\n\t<meta property=\"og:image:height\" content=\"338\" \/>\n\t<meta property=\"og:image:type\" content=\"image\/jpeg\" \/>\n<meta name=\"author\" content=\"Cope Alcoy\" \/>\n<meta name=\"twitter:label1\" content=\"Escrito por\" \/>\n\t<meta name=\"twitter:data1\" content=\"Cope Alcoy\" \/>\n\t<meta name=\"twitter:label2\" content=\"Tiempo de lectura\" \/>\n\t<meta name=\"twitter:data2\" content=\"1 minuto\" \/>\n<script type=\"application\/ld+json\" class=\"yoast-schema-graph\">{\"@context\":\"https:\\\/\\\/schema.org\",\"@graph\":[{\"@type\":\"Article\",\"@id\":\"https:\\\/\\\/www.copealcoy.es\\\/es\\\/llega-una-nueva-edicion-del-foro-de-empleo-de-la-upv\\\/#article\",\"isPartOf\":{\"@id\":\"https:\\\/\\\/www.copealcoy.es\\\/es\\\/llega-una-nueva-edicion-del-foro-de-empleo-de-la-upv\\\/\"},\"author\":{\"name\":\"Cope Alcoy\",\"@id\":\"https:\\\/\\\/www.copealcoy.es\\\/es\\\/#\\\/schema\\\/person\\\/e777c87fa024e57d40170af9df39882c\"},\"headline\":\"Llega una nueva edici\u00f3n del Foro de Empleo de la UPV\",\"datePublished\":\"2016-04-05T21:01:32+00:00\",\"mainEntityOfPage\":{\"@id\":\"https:\\\/\\\/www.copealcoy.es\\\/es\\\/llega-una-nueva-edicion-del-foro-de-empleo-de-la-upv\\\/\"},\"wordCount\":257,\"commentCount\":0,\"image\":{\"@id\":\"https:\\\/\\\/www.copealcoy.es\\\/es\\\/llega-una-nueva-edicion-del-foro-de-empleo-de-la-upv\\\/#primaryimage\"},\"thumbnailUrl\":\"https:\\\/\\\/www.copealcoy.es\\\/wp-content\\\/uploads\\\/2016\\\/04\\\/CfROeRNWAAAXWL7.jpg\",\"keywords\":[\"Foro de empleo\",\"Foro de emprendimiento\",\"Universitat Polit\u00e8cnica de Val\u00e8ncia\",\"UPV\"],\"articleSection\":[\"Alcoy\",\"Educaci\u00f3n\",\"Noticias\"],\"inLanguage\":\"es\"},{\"@type\":\"WebPage\",\"@id\":\"https:\\\/\\\/www.copealcoy.es\\\/es\\\/llega-una-nueva-edicion-del-foro-de-empleo-de-la-upv\\\/\",\"url\":\"https:\\\/\\\/www.copealcoy.es\\\/es\\\/llega-una-nueva-edicion-del-foro-de-empleo-de-la-upv\\\/\",\"name\":\"Llega una nueva edici\u00f3n del Foro de Empleo de la UPV - COPE Alcoy\",\"isPartOf\":{\"@id\":\"https:\\\/\\\/www.copealcoy.es\\\/es\\\/#website\"},\"primaryImageOfPage\":{\"@id\":\"https:\\\/\\\/www.copealcoy.es\\\/es\\\/llega-una-nueva-edicion-del-foro-de-empleo-de-la-upv\\\/#primaryimage\"},\"image\":{\"@id\":\"https:\\\/\\\/www.copealcoy.es\\\/es\\\/llega-una-nueva-edicion-del-foro-de-empleo-de-la-upv\\\/#primaryimage\"},\"thumbnailUrl\":\"https:\\\/\\\/www.copealcoy.es\\\/wp-content\\\/uploads\\\/2016\\\/04\\\/CfROeRNWAAAXWL7.jpg\",\"datePublished\":\"2016-04-05T21:01:32+00:00\",\"author\":{\"@id\":\"https:\\\/\\\/www.copealcoy.es\\\/es\\\/#\\\/schema\\\/person\\\/e777c87fa024e57d40170af9df39882c\"},\"breadcrumb\":{\"@id\":\"https:\\\/\\\/www.copealcoy.es\\\/es\\\/llega-una-nueva-edicion-del-foro-de-empleo-de-la-upv\\\/#breadcrumb\"},\"inLanguage\":\"es\",\"potentialAction\":[{\"@type\":\"ReadAction\",\"target\":[\"https:\\\/\\\/www.copealcoy.es\\\/es\\\/llega-una-nueva-edicion-del-foro-de-empleo-de-la-upv\\\/\"]}]},{\"@type\":\"ImageObject\",\"inLanguage\":\"es\",\"@id\":\"https:\\\/\\\/www.copealcoy.es\\\/es\\\/llega-una-nueva-edicion-del-foro-de-empleo-de-la-upv\\\/#primaryimage\",\"url\":\"https:\\\/\\\/www.copealcoy.es\\\/wp-content\\\/uploads\\\/2016\\\/04\\\/CfROeRNWAAAXWL7.jpg\",\"contentUrl\":\"https:\\\/\\\/www.copealcoy.es\\\/wp-content\\\/uploads\\\/2016\\\/04\\\/CfROeRNWAAAXWL7.jpg\",\"width\":600,\"height\":338,\"caption\":\"Las novedades del Foro de Empleo se han dado a conocer esta ma\u00f1ana en el \u00c1gora\"},{\"@type\":\"BreadcrumbList\",\"@id\":\"https:\\\/\\\/www.copealcoy.es\\\/es\\\/llega-una-nueva-edicion-del-foro-de-empleo-de-la-upv\\\/#breadcrumb\",\"itemListElement\":[{\"@type\":\"ListItem\",\"position\":1,\"name\":\"Portada\",\"item\":\"https:\\\/\\\/www.copealcoy.es\\\/es\\\/\"},{\"@type\":\"ListItem\",\"position\":2,\"name\":\"Llega una nueva edici\u00f3n del Foro de Empleo de la UPV\"}]},{\"@type\":\"WebSite\",\"@id\":\"https:\\\/\\\/www.copealcoy.es\\\/es\\\/#website\",\"url\":\"https:\\\/\\\/www.copealcoy.es\\\/es\\\/\",\"name\":\"COPE Alcoy\",\"description\":\"Emisora COPE de radio local con emisi\u00f3n online. Pont de Sant Jordi 8-10 03803 Alcoy\",\"potentialAction\":[{\"@type\":\"SearchAction\",\"target\":{\"@type\":\"EntryPoint\",\"urlTemplate\":\"https:\\\/\\\/www.copealcoy.es\\\/es\\\/?s={search_term_string}\"},\"query-input\":{\"@type\":\"PropertyValueSpecification\",\"valueRequired\":true,\"valueName\":\"search_term_string\"}}],\"inLanguage\":\"es\"},{\"@type\":\"Person\",\"@id\":\"https:\\\/\\\/www.copealcoy.es\\\/es\\\/#\\\/schema\\\/person\\\/e777c87fa024e57d40170af9df39882c\",\"name\":\"Cope Alcoy\",\"image\":{\"@type\":\"ImageObject\",\"inLanguage\":\"es\",\"@id\":\"https:\\\/\\\/secure.gravatar.com\\\/avatar\\\/bb65d0283347e303893ba14f0692005417c1e0e690a325a4c5d8bb2b3943ee14?s=96&d=mm&r=g\",\"url\":\"https:\\\/\\\/secure.gravatar.com\\\/avatar\\\/bb65d0283347e303893ba14f0692005417c1e0e690a325a4c5d8bb2b3943ee14?s=96&d=mm&r=g\",\"contentUrl\":\"https:\\\/\\\/secure.gravatar.com\\\/avatar\\\/bb65d0283347e303893ba14f0692005417c1e0e690a325a4c5d8bb2b3943ee14?s=96&d=mm&r=g\",\"caption\":\"Cope Alcoy\"}}]}<\/script>\n<!-- \/ Yoast SEO plugin. -->","yoast_head_json":{"title":"Llega una nueva edici\u00f3n del Foro de Empleo de la UPV - COPE Alcoy","robots":{"index":"index","follow":"follow","max-snippet":"max-snippet:-1","max-image-preview":"max-image-preview:large","max-video-preview":"max-video-preview:-1"},"canonical":"https:\/\/www.copealcoy.es\/es\/llega-una-nueva-edicion-del-foro-de-empleo-de-la-upv\/","og_locale":"es_ES","og_type":"article","og_title":"Llega una nueva edici\u00f3n del Foro de Empleo de la UPV - COPE Alcoy","og_description":"El Campus de Alcoy de la Universidad Polit\u00e9cnica de Valenciana\u00a0llevar\u00e1 a cabo entre el 7 y el 20\u00a0de abril una...","og_url":"https:\/\/www.copealcoy.es\/es\/llega-una-nueva-edicion-del-foro-de-empleo-de-la-upv\/","og_site_name":"COPE Alcoy","article_published_time":"2016-04-05T21:01:32+00:00","og_image":[{"width":600,"height":338,"url":"https:\/\/www.copealcoy.es\/wp-content\/uploads\/2016\/04\/CfROeRNWAAAXWL7.jpg","type":"image\/jpeg"}],"author":"Cope Alcoy","twitter_misc":{"Escrito por":"Cope Alcoy","Tiempo de lectura":"1 minuto"},"schema":{"@context":"https:\/\/schema.org","@graph":[{"@type":"Article","@id":"https:\/\/www.copealcoy.es\/es\/llega-una-nueva-edicion-del-foro-de-empleo-de-la-upv\/#article","isPartOf":{"@id":"https:\/\/www.copealcoy.es\/es\/llega-una-nueva-edicion-del-foro-de-empleo-de-la-upv\/"},"author":{"name":"Cope Alcoy","@id":"https:\/\/www.copealcoy.es\/es\/#\/schema\/person\/e777c87fa024e57d40170af9df39882c"},"headline":"Llega una nueva edici\u00f3n del Foro de Empleo de la UPV","datePublished":"2016-04-05T21:01:32+00:00","mainEntityOfPage":{"@id":"https:\/\/www.copealcoy.es\/es\/llega-una-nueva-edicion-del-foro-de-empleo-de-la-upv\/"},"wordCount":257,"commentCount":0,"image":{"@id":"https:\/\/www.copealcoy.es\/es\/llega-una-nueva-edicion-del-foro-de-empleo-de-la-upv\/#primaryimage"},"thumbnailUrl":"https:\/\/www.copealcoy.es\/wp-content\/uploads\/2016\/04\/CfROeRNWAAAXWL7.jpg","keywords":["Foro de empleo","Foro de emprendimiento","Universitat Polit\u00e8cnica de Val\u00e8ncia","UPV"],"articleSection":["Alcoy","Educaci\u00f3n","Noticias"],"inLanguage":"es"},{"@type":"WebPage","@id":"https:\/\/www.copealcoy.es\/es\/llega-una-nueva-edicion-del-foro-de-empleo-de-la-upv\/","url":"https:\/\/www.copealcoy.es\/es\/llega-una-nueva-edicion-del-foro-de-empleo-de-la-upv\/","name":"Llega una nueva edici\u00f3n del Foro de Empleo de la UPV - COPE Alcoy","isPartOf":{"@id":"https:\/\/www.copealcoy.es\/es\/#website"},"primaryImageOfPage":{"@id":"https:\/\/www.copealcoy.es\/es\/llega-una-nueva-edicion-del-foro-de-empleo-de-la-upv\/#primaryimage"},"image":{"@id":"https:\/\/www.copealcoy.es\/es\/llega-una-nueva-edicion-del-foro-de-empleo-de-la-upv\/#primaryimage"},"thumbnailUrl":"https:\/\/www.copealcoy.es\/wp-content\/uploads\/2016\/04\/CfROeRNWAAAXWL7.jpg","datePublished":"2016-04-05T21:01:32+00:00","author":{"@id":"https:\/\/www.copealcoy.es\/es\/#\/schema\/person\/e777c87fa024e57d40170af9df39882c"},"breadcrumb":{"@id":"https:\/\/www.copealcoy.es\/es\/llega-una-nueva-edicion-del-foro-de-empleo-de-la-upv\/#breadcrumb"},"inLanguage":"es","potentialAction":[{"@type":"ReadAction","target":["https:\/\/www.copealcoy.es\/es\/llega-una-nueva-edicion-del-foro-de-empleo-de-la-upv\/"]}]},{"@type":"ImageObject","inLanguage":"es","@id":"https:\/\/www.copealcoy.es\/es\/llega-una-nueva-edicion-del-foro-de-empleo-de-la-upv\/#primaryimage","url":"https:\/\/www.copealcoy.es\/wp-content\/uploads\/2016\/04\/CfROeRNWAAAXWL7.jpg","contentUrl":"https:\/\/www.copealcoy.es\/wp-content\/uploads\/2016\/04\/CfROeRNWAAAXWL7.jpg","width":600,"height":338,"caption":"Las novedades del Foro de Empleo se han dado a conocer esta ma\u00f1ana en el \u00c1gora"},{"@type":"BreadcrumbList","@id":"https:\/\/www.copealcoy.es\/es\/llega-una-nueva-edicion-del-foro-de-empleo-de-la-upv\/#breadcrumb","itemListElement":[{"@type":"ListItem","position":1,"name":"Portada","item":"https:\/\/www.copealcoy.es\/es\/"},{"@type":"ListItem","position":2,"name":"Llega una nueva edici\u00f3n del Foro de Empleo de la UPV"}]},{"@type":"WebSite","@id":"https:\/\/www.copealcoy.es\/es\/#website","url":"https:\/\/www.copealcoy.es\/es\/","name":"COPE Alcoy","description":"Emisora COPE de radio local con emisi\u00f3n online. Pont de Sant Jordi 8-10 03803 Alcoy","potentialAction":[{"@type":"SearchAction","target":{"@type":"EntryPoint","urlTemplate":"https:\/\/www.copealcoy.es\/es\/?s={search_term_string}"},"query-input":{"@type":"PropertyValueSpecification","valueRequired":true,"valueName":"search_term_string"}}],"inLanguage":"es"},{"@type":"Person","@id":"https:\/\/www.copealcoy.es\/es\/#\/schema\/person\/e777c87fa024e57d40170af9df39882c","name":"Cope Alcoy","image":{"@type":"ImageObject","inLanguage":"es","@id":"https:\/\/secure.gravatar.com\/avatar\/bb65d0283347e303893ba14f0692005417c1e0e690a325a4c5d8bb2b3943ee14?s=96&d=mm&r=g","url":"https:\/\/secure.gravatar.com\/avatar\/bb65d0283347e303893ba14f0692005417c1e0e690a325a4c5d8bb2b3943ee14?s=96&d=mm&r=g","contentUrl":"https:\/\/secure.gravatar.com\/avatar\/bb65d0283347e303893ba14f0692005417c1e0e690a325a4c5d8bb2b3943ee14?s=96&d=mm&r=g","caption":"Cope Alcoy"}}]}},"_links":{"self":[{"href":"https:\/\/www.copealcoy.es\/es\/wp-json\/wp\/v2\/posts\/20490","targetHints":{"allow":["GET"]}}],"collection":[{"href":"https:\/\/www.copealcoy.es\/es\/wp-json\/wp\/v2\/posts"}],"about":[{"href":"https:\/\/www.copealcoy.es\/es\/wp-json\/wp\/v2\/types\/post"}],"author":[{"embeddable":true,"href":"https:\/\/www.copealcoy.es\/es\/wp-json\/wp\/v2\/users\/1"}],"replies":[{"embeddable":true,"href":"https:\/\/www.copealcoy.es\/es\/wp-json\/wp\/v2\/comments?post=20490"}],"version-history":[{"count":0,"href":"https:\/\/www.copealcoy.es\/es\/wp-json\/wp\/v2\/posts\/20490\/revisions"}],"wp:featuredmedia":[{"embeddable":true,"href":"https:\/\/www.copealcoy.es\/es\/wp-json\/wp\/v2\/media\/20506"}],"wp:attachment":[{"href":"https:\/\/www.copealcoy.es\/es\/wp-json\/wp\/v2\/media?parent=20490"}],"wp:term":[{"taxonomy":"category","embeddable":true,"href":"https:\/\/www.copealcoy.es\/es\/wp-json\/wp\/v2\/categories?post=20490"},{"taxonomy":"post_tag","embeddable":true,"href":"https:\/\/www.copealcoy.es\/es\/wp-json\/wp\/v2\/tags?post=20490"}],"curies":[{"name":"wp","href":"https:\/\/api.w.org\/{rel}","templated":true}]}}