{"id":20444,"date":"2016-04-04T06:00:08","date_gmt":"2016-04-04T06:00:08","guid":{"rendered":"http:\/\/copealcoi.es\/new\/?p=20444"},"modified":"2016-04-03T21:14:55","modified_gmt":"2016-04-03T21:14:55","slug":"la-ocupacion-turistica-en-semana-santa-rozo-finalmente-el-75","status":"publish","type":"post","link":"https:\/\/www.copealcoy.es\/es\/la-ocupacion-turistica-en-semana-santa-rozo-finalmente-el-75\/","title":{"rendered":"La ocupaci\u00f3n tur\u00edstica en Semana Santa roz\u00f3 finalmente el 75%"},"content":{"rendered":"<p style=\"text-align: justify;\">La ocupaci\u00f3n tur\u00edstica en la pasada Semana Santa mejor\u00f3 finalmente las previsiones iniciales y las pernoctaciones en los alojamientos rurales rozaron el 75%, seg\u00fan los datos aportados por el \u00e1rea de Turismo del Ayuntamiento de Alcoy, a partir de las cifras recabadas por la Asociaci\u00f3n de Turismo Alicante Interior. Las reservas de \u00faltima hora mejoraron los pron\u00f3sticos que se barajaban antes del Jueves Santo y que preve\u00edan una ocupaci\u00f3n superior al 25%. \u00a0Por otra parte hay que destacar que unos 1.512 visitantes pasaron por la exposici\u00f3n de El Bosque Interior, ubicada en el Edificio Font Roja Natura, mientras que unas 880 personas utilizaron el transporte p\u00fablico para acceder al Parque Natural durante los d\u00edas de Pascua al aplicarse las restricciones de acceso en veh\u00edculo particular. Finalmente la Oficina de Turismo prest\u00f3 atenci\u00f3n a 330 personas,\u00a0lo que supone un incremento de cerca del 11% respecto a esta mismas fechas en 2015.<\/p>\n<p style=\"text-align: justify;\">\n<p style=\"text-align: justify;\">La edil de Turismo en el Ayuntamiento de Alcoy, Lorena Zamorano, atribuye estos resultados a las diferentes campa\u00f1as de promoci\u00f3n a nivel regional que se hacen de la ciudad y tambi\u00e9n a la buena climatolog\u00eda que se dio en los d\u00edas centrales de esta \u00faltima Semana Santa &#8220;la afluencia de visitantes a la Comunidad Valenciana ha experimentado un considerable repunte, y Alcoy tiene recursos suficientes y \u00fanicos como para poder posicionarse como principal ciudad tur\u00edstica de interior de la Comunidad\u201d, indica. De igual forma Zamorano se ha referido al papel que desempe\u00f1ar\u00e1 la mesa local del Turismo en la que se trabajar\u00e1 conjuntamente entre la administraci\u00f3n y empresarios para mejorar el posicionamiento tur\u00edstico de la ciudad &#8220;los grupos de trabajo que se han creado junto al Ayuntamiento ya estamos trabajando activamente en dise\u00f1ar proyectos y propuestas que nos ayudar\u00e1n a dinamizar el turismo y por tanto el inter\u00e9s por nuestra ciudad y sin lugar a dudas a crecer dentro del sector&#8221;, concluye.<\/p>\n<p>&nbsp;<\/p>\n","protected":false},"excerpt":{"rendered":"<p>La ocupaci\u00f3n tur\u00edstica en la pasada Semana Santa mejor\u00f3 finalmente las previsiones iniciales y las pernoctaciones en los alojamientos rurales&#8230;<\/p>\n","protected":false},"author":1,"featured_media":20445,"comment_status":"open","ping_status":"open","sticky":false,"template":"","format":"standard","meta":{"footnotes":""},"categories":[97,75,125],"tags":[1494,728,745,514],"class_list":["post-20444","post","type-post","status-publish","format-standard","has-post-thumbnail","hentry","category-alcoy","category-noticias","category-portada","tag-alcoy","tag-ocupacion","tag-semana-santa","tag-turismo"],"yoast_head":"<!-- This site is optimized with the Yoast SEO plugin v27.3 - https:\/\/yoast.com\/product\/yoast-seo-wordpress\/ -->\n<title>La ocupaci\u00f3n tur\u00edstica en Semana Santa roz\u00f3 finalmente el 75% - COPE Alcoy<\/title>\n<meta name=\"robots\" content=\"index, follow, max-snippet:-1, max-image-preview:large, max-video-preview:-1\" \/>\n<link rel=\"canonical\" href=\"https:\/\/www.copealcoy.es\/es\/la-ocupacion-turistica-en-semana-santa-rozo-finalmente-el-75\/\" \/>\n<meta property=\"og:locale\" content=\"es_ES\" \/>\n<meta property=\"og:type\" content=\"article\" \/>\n<meta property=\"og:title\" content=\"La ocupaci\u00f3n tur\u00edstica en Semana Santa roz\u00f3 finalmente el 75% - COPE Alcoy\" \/>\n<meta property=\"og:description\" content=\"La ocupaci\u00f3n tur\u00edstica en la pasada Semana Santa mejor\u00f3 finalmente las previsiones iniciales y las pernoctaciones en los alojamientos rurales...\" \/>\n<meta property=\"og:url\" content=\"https:\/\/www.copealcoy.es\/es\/la-ocupacion-turistica-en-semana-santa-rozo-finalmente-el-75\/\" \/>\n<meta property=\"og:site_name\" content=\"COPE Alcoy\" \/>\n<meta property=\"article:published_time\" content=\"2016-04-04T06:00:08+00:00\" \/>\n<meta property=\"og:image\" content=\"https:\/\/www.copealcoy.es\/wp-content\/uploads\/2016\/04\/mesa_turismo_20160402111403.jpg\" \/>\n\t<meta property=\"og:image:width\" content=\"4241\" \/>\n\t<meta property=\"og:image:height\" content=\"2089\" \/>\n\t<meta property=\"og:image:type\" content=\"image\/jpeg\" \/>\n<meta name=\"author\" content=\"Cope Alcoy\" \/>\n<meta name=\"twitter:label1\" content=\"Escrito por\" \/>\n\t<meta name=\"twitter:data1\" content=\"Cope Alcoy\" \/>\n\t<meta name=\"twitter:label2\" content=\"Tiempo de lectura\" \/>\n\t<meta name=\"twitter:data2\" content=\"2 minutos\" \/>\n<script type=\"application\/ld+json\" class=\"yoast-schema-graph\">{\"@context\":\"https:\\\/\\\/schema.org\",\"@graph\":[{\"@type\":\"Article\",\"@id\":\"https:\\\/\\\/www.copealcoy.es\\\/es\\\/la-ocupacion-turistica-en-semana-santa-rozo-finalmente-el-75\\\/#article\",\"isPartOf\":{\"@id\":\"https:\\\/\\\/www.copealcoy.es\\\/es\\\/la-ocupacion-turistica-en-semana-santa-rozo-finalmente-el-75\\\/\"},\"author\":{\"name\":\"Cope Alcoy\",\"@id\":\"https:\\\/\\\/www.copealcoy.es\\\/es\\\/#\\\/schema\\\/person\\\/e777c87fa024e57d40170af9df39882c\"},\"headline\":\"La ocupaci\u00f3n tur\u00edstica en Semana Santa roz\u00f3 finalmente el 75%\",\"datePublished\":\"2016-04-04T06:00:08+00:00\",\"mainEntityOfPage\":{\"@id\":\"https:\\\/\\\/www.copealcoy.es\\\/es\\\/la-ocupacion-turistica-en-semana-santa-rozo-finalmente-el-75\\\/\"},\"wordCount\":342,\"commentCount\":0,\"image\":{\"@id\":\"https:\\\/\\\/www.copealcoy.es\\\/es\\\/la-ocupacion-turistica-en-semana-santa-rozo-finalmente-el-75\\\/#primaryimage\"},\"thumbnailUrl\":\"https:\\\/\\\/www.copealcoy.es\\\/wp-content\\\/uploads\\\/2016\\\/04\\\/mesa_turismo_20160402111403.jpg\",\"keywords\":[\"Alcoy\",\"Ocupaci\u00f3n\",\"Semana Santa\",\"Turismo\"],\"articleSection\":[\"Alcoy\",\"Noticias\",\"Portada\"],\"inLanguage\":\"es\"},{\"@type\":\"WebPage\",\"@id\":\"https:\\\/\\\/www.copealcoy.es\\\/es\\\/la-ocupacion-turistica-en-semana-santa-rozo-finalmente-el-75\\\/\",\"url\":\"https:\\\/\\\/www.copealcoy.es\\\/es\\\/la-ocupacion-turistica-en-semana-santa-rozo-finalmente-el-75\\\/\",\"name\":\"La ocupaci\u00f3n tur\u00edstica en Semana Santa roz\u00f3 finalmente el 75% - COPE Alcoy\",\"isPartOf\":{\"@id\":\"https:\\\/\\\/www.copealcoy.es\\\/es\\\/#website\"},\"primaryImageOfPage\":{\"@id\":\"https:\\\/\\\/www.copealcoy.es\\\/es\\\/la-ocupacion-turistica-en-semana-santa-rozo-finalmente-el-75\\\/#primaryimage\"},\"image\":{\"@id\":\"https:\\\/\\\/www.copealcoy.es\\\/es\\\/la-ocupacion-turistica-en-semana-santa-rozo-finalmente-el-75\\\/#primaryimage\"},\"thumbnailUrl\":\"https:\\\/\\\/www.copealcoy.es\\\/wp-content\\\/uploads\\\/2016\\\/04\\\/mesa_turismo_20160402111403.jpg\",\"datePublished\":\"2016-04-04T06:00:08+00:00\",\"author\":{\"@id\":\"https:\\\/\\\/www.copealcoy.es\\\/es\\\/#\\\/schema\\\/person\\\/e777c87fa024e57d40170af9df39882c\"},\"breadcrumb\":{\"@id\":\"https:\\\/\\\/www.copealcoy.es\\\/es\\\/la-ocupacion-turistica-en-semana-santa-rozo-finalmente-el-75\\\/#breadcrumb\"},\"inLanguage\":\"es\",\"potentialAction\":[{\"@type\":\"ReadAction\",\"target\":[\"https:\\\/\\\/www.copealcoy.es\\\/es\\\/la-ocupacion-turistica-en-semana-santa-rozo-finalmente-el-75\\\/\"]}]},{\"@type\":\"ImageObject\",\"inLanguage\":\"es\",\"@id\":\"https:\\\/\\\/www.copealcoy.es\\\/es\\\/la-ocupacion-turistica-en-semana-santa-rozo-finalmente-el-75\\\/#primaryimage\",\"url\":\"https:\\\/\\\/www.copealcoy.es\\\/wp-content\\\/uploads\\\/2016\\\/04\\\/mesa_turismo_20160402111403.jpg\",\"contentUrl\":\"https:\\\/\\\/www.copealcoy.es\\\/wp-content\\\/uploads\\\/2016\\\/04\\\/mesa_turismo_20160402111403.jpg\",\"width\":4241,\"height\":2089},{\"@type\":\"BreadcrumbList\",\"@id\":\"https:\\\/\\\/www.copealcoy.es\\\/es\\\/la-ocupacion-turistica-en-semana-santa-rozo-finalmente-el-75\\\/#breadcrumb\",\"itemListElement\":[{\"@type\":\"ListItem\",\"position\":1,\"name\":\"Portada\",\"item\":\"https:\\\/\\\/www.copealcoy.es\\\/es\\\/\"},{\"@type\":\"ListItem\",\"position\":2,\"name\":\"La ocupaci\u00f3n tur\u00edstica en Semana Santa roz\u00f3 finalmente el 75%\"}]},{\"@type\":\"WebSite\",\"@id\":\"https:\\\/\\\/www.copealcoy.es\\\/es\\\/#website\",\"url\":\"https:\\\/\\\/www.copealcoy.es\\\/es\\\/\",\"name\":\"COPE Alcoy\",\"description\":\"Emisora COPE de radio local con emisi\u00f3n online. Pont de Sant Jordi 8-10 03803 Alcoy\",\"potentialAction\":[{\"@type\":\"SearchAction\",\"target\":{\"@type\":\"EntryPoint\",\"urlTemplate\":\"https:\\\/\\\/www.copealcoy.es\\\/es\\\/?s={search_term_string}\"},\"query-input\":{\"@type\":\"PropertyValueSpecification\",\"valueRequired\":true,\"valueName\":\"search_term_string\"}}],\"inLanguage\":\"es\"},{\"@type\":\"Person\",\"@id\":\"https:\\\/\\\/www.copealcoy.es\\\/es\\\/#\\\/schema\\\/person\\\/e777c87fa024e57d40170af9df39882c\",\"name\":\"Cope Alcoy\",\"image\":{\"@type\":\"ImageObject\",\"inLanguage\":\"es\",\"@id\":\"https:\\\/\\\/secure.gravatar.com\\\/avatar\\\/bb65d0283347e303893ba14f0692005417c1e0e690a325a4c5d8bb2b3943ee14?s=96&d=mm&r=g\",\"url\":\"https:\\\/\\\/secure.gravatar.com\\\/avatar\\\/bb65d0283347e303893ba14f0692005417c1e0e690a325a4c5d8bb2b3943ee14?s=96&d=mm&r=g\",\"contentUrl\":\"https:\\\/\\\/secure.gravatar.com\\\/avatar\\\/bb65d0283347e303893ba14f0692005417c1e0e690a325a4c5d8bb2b3943ee14?s=96&d=mm&r=g\",\"caption\":\"Cope Alcoy\"}}]}<\/script>\n<!-- \/ Yoast SEO plugin. -->","yoast_head_json":{"title":"La ocupaci\u00f3n tur\u00edstica en Semana Santa roz\u00f3 finalmente el 75% - COPE Alcoy","robots":{"index":"index","follow":"follow","max-snippet":"max-snippet:-1","max-image-preview":"max-image-preview:large","max-video-preview":"max-video-preview:-1"},"canonical":"https:\/\/www.copealcoy.es\/es\/la-ocupacion-turistica-en-semana-santa-rozo-finalmente-el-75\/","og_locale":"es_ES","og_type":"article","og_title":"La ocupaci\u00f3n tur\u00edstica en Semana Santa roz\u00f3 finalmente el 75% - COPE Alcoy","og_description":"La ocupaci\u00f3n tur\u00edstica en la pasada Semana Santa mejor\u00f3 finalmente las previsiones iniciales y las pernoctaciones en los alojamientos rurales...","og_url":"https:\/\/www.copealcoy.es\/es\/la-ocupacion-turistica-en-semana-santa-rozo-finalmente-el-75\/","og_site_name":"COPE Alcoy","article_published_time":"2016-04-04T06:00:08+00:00","og_image":[{"width":4241,"height":2089,"url":"https:\/\/www.copealcoy.es\/wp-content\/uploads\/2016\/04\/mesa_turismo_20160402111403.jpg","type":"image\/jpeg"}],"author":"Cope Alcoy","twitter_misc":{"Escrito por":"Cope Alcoy","Tiempo de lectura":"2 minutos"},"schema":{"@context":"https:\/\/schema.org","@graph":[{"@type":"Article","@id":"https:\/\/www.copealcoy.es\/es\/la-ocupacion-turistica-en-semana-santa-rozo-finalmente-el-75\/#article","isPartOf":{"@id":"https:\/\/www.copealcoy.es\/es\/la-ocupacion-turistica-en-semana-santa-rozo-finalmente-el-75\/"},"author":{"name":"Cope Alcoy","@id":"https:\/\/www.copealcoy.es\/es\/#\/schema\/person\/e777c87fa024e57d40170af9df39882c"},"headline":"La ocupaci\u00f3n tur\u00edstica en Semana Santa roz\u00f3 finalmente el 75%","datePublished":"2016-04-04T06:00:08+00:00","mainEntityOfPage":{"@id":"https:\/\/www.copealcoy.es\/es\/la-ocupacion-turistica-en-semana-santa-rozo-finalmente-el-75\/"},"wordCount":342,"commentCount":0,"image":{"@id":"https:\/\/www.copealcoy.es\/es\/la-ocupacion-turistica-en-semana-santa-rozo-finalmente-el-75\/#primaryimage"},"thumbnailUrl":"https:\/\/www.copealcoy.es\/wp-content\/uploads\/2016\/04\/mesa_turismo_20160402111403.jpg","keywords":["Alcoy","Ocupaci\u00f3n","Semana Santa","Turismo"],"articleSection":["Alcoy","Noticias","Portada"],"inLanguage":"es"},{"@type":"WebPage","@id":"https:\/\/www.copealcoy.es\/es\/la-ocupacion-turistica-en-semana-santa-rozo-finalmente-el-75\/","url":"https:\/\/www.copealcoy.es\/es\/la-ocupacion-turistica-en-semana-santa-rozo-finalmente-el-75\/","name":"La ocupaci\u00f3n tur\u00edstica en Semana Santa roz\u00f3 finalmente el 75% - COPE Alcoy","isPartOf":{"@id":"https:\/\/www.copealcoy.es\/es\/#website"},"primaryImageOfPage":{"@id":"https:\/\/www.copealcoy.es\/es\/la-ocupacion-turistica-en-semana-santa-rozo-finalmente-el-75\/#primaryimage"},"image":{"@id":"https:\/\/www.copealcoy.es\/es\/la-ocupacion-turistica-en-semana-santa-rozo-finalmente-el-75\/#primaryimage"},"thumbnailUrl":"https:\/\/www.copealcoy.es\/wp-content\/uploads\/2016\/04\/mesa_turismo_20160402111403.jpg","datePublished":"2016-04-04T06:00:08+00:00","author":{"@id":"https:\/\/www.copealcoy.es\/es\/#\/schema\/person\/e777c87fa024e57d40170af9df39882c"},"breadcrumb":{"@id":"https:\/\/www.copealcoy.es\/es\/la-ocupacion-turistica-en-semana-santa-rozo-finalmente-el-75\/#breadcrumb"},"inLanguage":"es","potentialAction":[{"@type":"ReadAction","target":["https:\/\/www.copealcoy.es\/es\/la-ocupacion-turistica-en-semana-santa-rozo-finalmente-el-75\/"]}]},{"@type":"ImageObject","inLanguage":"es","@id":"https:\/\/www.copealcoy.es\/es\/la-ocupacion-turistica-en-semana-santa-rozo-finalmente-el-75\/#primaryimage","url":"https:\/\/www.copealcoy.es\/wp-content\/uploads\/2016\/04\/mesa_turismo_20160402111403.jpg","contentUrl":"https:\/\/www.copealcoy.es\/wp-content\/uploads\/2016\/04\/mesa_turismo_20160402111403.jpg","width":4241,"height":2089},{"@type":"BreadcrumbList","@id":"https:\/\/www.copealcoy.es\/es\/la-ocupacion-turistica-en-semana-santa-rozo-finalmente-el-75\/#breadcrumb","itemListElement":[{"@type":"ListItem","position":1,"name":"Portada","item":"https:\/\/www.copealcoy.es\/es\/"},{"@type":"ListItem","position":2,"name":"La ocupaci\u00f3n tur\u00edstica en Semana Santa roz\u00f3 finalmente el 75%"}]},{"@type":"WebSite","@id":"https:\/\/www.copealcoy.es\/es\/#website","url":"https:\/\/www.copealcoy.es\/es\/","name":"COPE Alcoy","description":"Emisora COPE de radio local con emisi\u00f3n online. Pont de Sant Jordi 8-10 03803 Alcoy","potentialAction":[{"@type":"SearchAction","target":{"@type":"EntryPoint","urlTemplate":"https:\/\/www.copealcoy.es\/es\/?s={search_term_string}"},"query-input":{"@type":"PropertyValueSpecification","valueRequired":true,"valueName":"search_term_string"}}],"inLanguage":"es"},{"@type":"Person","@id":"https:\/\/www.copealcoy.es\/es\/#\/schema\/person\/e777c87fa024e57d40170af9df39882c","name":"Cope Alcoy","image":{"@type":"ImageObject","inLanguage":"es","@id":"https:\/\/secure.gravatar.com\/avatar\/bb65d0283347e303893ba14f0692005417c1e0e690a325a4c5d8bb2b3943ee14?s=96&d=mm&r=g","url":"https:\/\/secure.gravatar.com\/avatar\/bb65d0283347e303893ba14f0692005417c1e0e690a325a4c5d8bb2b3943ee14?s=96&d=mm&r=g","contentUrl":"https:\/\/secure.gravatar.com\/avatar\/bb65d0283347e303893ba14f0692005417c1e0e690a325a4c5d8bb2b3943ee14?s=96&d=mm&r=g","caption":"Cope Alcoy"}}]}},"_links":{"self":[{"href":"https:\/\/www.copealcoy.es\/es\/wp-json\/wp\/v2\/posts\/20444","targetHints":{"allow":["GET"]}}],"collection":[{"href":"https:\/\/www.copealcoy.es\/es\/wp-json\/wp\/v2\/posts"}],"about":[{"href":"https:\/\/www.copealcoy.es\/es\/wp-json\/wp\/v2\/types\/post"}],"author":[{"embeddable":true,"href":"https:\/\/www.copealcoy.es\/es\/wp-json\/wp\/v2\/users\/1"}],"replies":[{"embeddable":true,"href":"https:\/\/www.copealcoy.es\/es\/wp-json\/wp\/v2\/comments?post=20444"}],"version-history":[{"count":0,"href":"https:\/\/www.copealcoy.es\/es\/wp-json\/wp\/v2\/posts\/20444\/revisions"}],"wp:featuredmedia":[{"embeddable":true,"href":"https:\/\/www.copealcoy.es\/es\/wp-json\/wp\/v2\/media\/20445"}],"wp:attachment":[{"href":"https:\/\/www.copealcoy.es\/es\/wp-json\/wp\/v2\/media?parent=20444"}],"wp:term":[{"taxonomy":"category","embeddable":true,"href":"https:\/\/www.copealcoy.es\/es\/wp-json\/wp\/v2\/categories?post=20444"},{"taxonomy":"post_tag","embeddable":true,"href":"https:\/\/www.copealcoy.es\/es\/wp-json\/wp\/v2\/tags?post=20444"}],"curies":[{"name":"wp","href":"https:\/\/api.w.org\/{rel}","templated":true}]}}