{"id":20402,"date":"2016-03-14T17:41:31","date_gmt":"2016-03-14T17:41:31","guid":{"rendered":"http:\/\/copealcoi.es\/new\/?p=20402"},"modified":"2016-04-02T17:59:24","modified_gmt":"2016-04-02T17:59:24","slug":"la-nova-ofrece-su-concierto-de-exaltacion-a-la-musica-festera","status":"publish","type":"post","link":"https:\/\/www.copealcoy.es\/es\/la-nova-ofrece-su-concierto-de-exaltacion-a-la-musica-festera\/","title":{"rendered":"La Nova ofrece su concierto de exaltaci\u00f3n a la m\u00fasica festera"},"content":{"rendered":"<p style=\"text-align: justify;\">El Teatro Calder\u00f3n de Alcoy acogi\u00f3 de nuevo ayer domingo el concierto de exaltaci\u00f3n a la m\u00fasica festera que en esta ocasi\u00f3n fue de la mano de la Societat Musical Nova d\u00b4 Alcoi bajo la direcci\u00f3n de\u00a0Juan Dom\u00e9nech Calaforra.<\/p>\n<p style=\"text-align: justify;\">Los m\u00fasicos interpretaron en este concierto el estreno del pasodoble\u00a0\u00a0\u00abPresident Llinares\u00bb, al igual que son\u00f3 con fuerza el\u00a0pasodoble \u00abEcos de Levante\u00bb de Gonzalo Barrachina Sell\u00e9s. A continuaci\u00f3n son\u00f3 la marcha cristiana\u00a0\u00abAls Cristians\u00bb de Jos\u00e9 Mar\u00eda Valls Satorres, la marcha solemne\u00a0\u00abEl cam\u00ed de Sant Jordi\u00bb \u00a0de Arturo Albero, y las marchas moras\u00a0\u00a0\u00abMarrakesch\u00bb de Jos\u00e9 Mar\u00eda Ferrero y \u00abPe\u00f1a Sagrantana\u00bb de Francisco Grau Vegara. Tras un breve receso el concierto cont\u00f3 con la interpretaci\u00f3n del pasodoble\u00a0\u00abRemigiet\u00bb de Julio Laporta Hell\u00edn, \u00a0la marcha cristiana \u00abEl Div\u00ed\u00bb de Francisco Valor Llorens,\u00a0la marcha mora \u00abMoros i Cristians\u00bb de Camilo P\u00e9rez Monllor, el pasodoble \u00abEl Desichat\u00bb de Emilio Moreno Roca, la marcha cristiana \u00abEl Barranc del Sinc\u00bb de Rafael Mullor Grau y la marcha mora \u00abEl President\u00bb de Miguel Pic\u00f3 Biosca.<\/p>\n<p style=\"text-align: justify;\">Finalmente la Societat Musical Nova puso el punto y final al concierto con la marcha\u00a0mora \u00abEl Moro del Sinc\u00bb de Rafael Giner Estruch y el Himno de Fiestas.<\/p>\n","protected":false},"excerpt":{"rendered":"<p>El Teatro Calder\u00f3n de Alcoy acogi\u00f3 de nuevo ayer domingo el concierto de exaltaci\u00f3n a la m\u00fasica festera que en&#8230;<\/p>\n","protected":false},"author":1,"featured_media":20403,"comment_status":"open","ping_status":"open","sticky":false,"template":"","format":"standard","meta":{"footnotes":""},"categories":[97,78,75],"tags":[1494,701,700,2081],"class_list":["post-20402","post","type-post","status-publish","format-standard","has-post-thumbnail","hentry","category-alcoy","category-fiestaycultura","category-noticias","tag-alcoy","tag-concierto","tag-musica-festera","tag-societat-musical-nova"],"yoast_head":"<!-- This site is optimized with the Yoast SEO plugin v27.3 - https:\/\/yoast.com\/product\/yoast-seo-wordpress\/ -->\n<title>La Nova ofrece su concierto de exaltaci\u00f3n a la m\u00fasica festera - COPE Alcoy<\/title>\n<meta name=\"robots\" content=\"index, follow, max-snippet:-1, max-image-preview:large, max-video-preview:-1\" \/>\n<link rel=\"canonical\" href=\"https:\/\/www.copealcoy.es\/es\/la-nova-ofrece-su-concierto-de-exaltacion-a-la-musica-festera\/\" \/>\n<meta property=\"og:locale\" content=\"es_ES\" \/>\n<meta property=\"og:type\" content=\"article\" \/>\n<meta property=\"og:title\" content=\"La Nova ofrece su concierto de exaltaci\u00f3n a la m\u00fasica festera - COPE Alcoy\" \/>\n<meta property=\"og:description\" content=\"El Teatro Calder\u00f3n de Alcoy acogi\u00f3 de nuevo ayer domingo el concierto de exaltaci\u00f3n a la m\u00fasica festera que en...\" \/>\n<meta property=\"og:url\" content=\"https:\/\/www.copealcoy.es\/es\/la-nova-ofrece-su-concierto-de-exaltacion-a-la-musica-festera\/\" \/>\n<meta property=\"og:site_name\" content=\"COPE Alcoy\" \/>\n<meta property=\"article:published_time\" content=\"2016-03-14T17:41:31+00:00\" \/>\n<meta property=\"article:modified_time\" content=\"2016-04-02T17:59:24+00:00\" \/>\n<meta property=\"og:image\" content=\"https:\/\/www.copealcoy.es\/wp-content\/uploads\/2016\/04\/12823275_977277139029334_2083717967658803705_o.jpg\" \/>\n\t<meta property=\"og:image:width\" content=\"2048\" \/>\n\t<meta property=\"og:image:height\" content=\"1365\" \/>\n\t<meta property=\"og:image:type\" content=\"image\/jpeg\" \/>\n<meta name=\"author\" content=\"Cope Alcoy\" \/>\n<meta name=\"twitter:label1\" content=\"Escrito por\" \/>\n\t<meta name=\"twitter:data1\" content=\"Cope Alcoy\" \/>\n\t<meta name=\"twitter:label2\" content=\"Tiempo de lectura\" \/>\n\t<meta name=\"twitter:data2\" content=\"1 minuto\" \/>\n<script type=\"application\/ld+json\" class=\"yoast-schema-graph\">{\"@context\":\"https:\\\/\\\/schema.org\",\"@graph\":[{\"@type\":\"Article\",\"@id\":\"https:\\\/\\\/www.copealcoy.es\\\/es\\\/la-nova-ofrece-su-concierto-de-exaltacion-a-la-musica-festera\\\/#article\",\"isPartOf\":{\"@id\":\"https:\\\/\\\/www.copealcoy.es\\\/es\\\/la-nova-ofrece-su-concierto-de-exaltacion-a-la-musica-festera\\\/\"},\"author\":{\"name\":\"Cope Alcoy\",\"@id\":\"https:\\\/\\\/www.copealcoy.es\\\/es\\\/#\\\/schema\\\/person\\\/e777c87fa024e57d40170af9df39882c\"},\"headline\":\"La Nova ofrece su concierto de exaltaci\u00f3n a la m\u00fasica festera\",\"datePublished\":\"2016-03-14T17:41:31+00:00\",\"dateModified\":\"2016-04-02T17:59:24+00:00\",\"mainEntityOfPage\":{\"@id\":\"https:\\\/\\\/www.copealcoy.es\\\/es\\\/la-nova-ofrece-su-concierto-de-exaltacion-a-la-musica-festera\\\/\"},\"wordCount\":229,\"commentCount\":0,\"image\":{\"@id\":\"https:\\\/\\\/www.copealcoy.es\\\/es\\\/la-nova-ofrece-su-concierto-de-exaltacion-a-la-musica-festera\\\/#primaryimage\"},\"thumbnailUrl\":\"https:\\\/\\\/www.copealcoy.es\\\/wp-content\\\/uploads\\\/2016\\\/04\\\/12823275_977277139029334_2083717967658803705_o.jpg\",\"keywords\":[\"Alcoy\",\"Concierto\",\"M\u00fasica Festera\",\"Societat Musical Nova\"],\"articleSection\":[\"Alcoy\",\"Fiesta y Cultura\",\"Noticias\"],\"inLanguage\":\"es\"},{\"@type\":\"WebPage\",\"@id\":\"https:\\\/\\\/www.copealcoy.es\\\/es\\\/la-nova-ofrece-su-concierto-de-exaltacion-a-la-musica-festera\\\/\",\"url\":\"https:\\\/\\\/www.copealcoy.es\\\/es\\\/la-nova-ofrece-su-concierto-de-exaltacion-a-la-musica-festera\\\/\",\"name\":\"La Nova ofrece su concierto de exaltaci\u00f3n a la m\u00fasica festera - COPE Alcoy\",\"isPartOf\":{\"@id\":\"https:\\\/\\\/www.copealcoy.es\\\/es\\\/#website\"},\"primaryImageOfPage\":{\"@id\":\"https:\\\/\\\/www.copealcoy.es\\\/es\\\/la-nova-ofrece-su-concierto-de-exaltacion-a-la-musica-festera\\\/#primaryimage\"},\"image\":{\"@id\":\"https:\\\/\\\/www.copealcoy.es\\\/es\\\/la-nova-ofrece-su-concierto-de-exaltacion-a-la-musica-festera\\\/#primaryimage\"},\"thumbnailUrl\":\"https:\\\/\\\/www.copealcoy.es\\\/wp-content\\\/uploads\\\/2016\\\/04\\\/12823275_977277139029334_2083717967658803705_o.jpg\",\"datePublished\":\"2016-03-14T17:41:31+00:00\",\"dateModified\":\"2016-04-02T17:59:24+00:00\",\"author\":{\"@id\":\"https:\\\/\\\/www.copealcoy.es\\\/es\\\/#\\\/schema\\\/person\\\/e777c87fa024e57d40170af9df39882c\"},\"breadcrumb\":{\"@id\":\"https:\\\/\\\/www.copealcoy.es\\\/es\\\/la-nova-ofrece-su-concierto-de-exaltacion-a-la-musica-festera\\\/#breadcrumb\"},\"inLanguage\":\"es\",\"potentialAction\":[{\"@type\":\"ReadAction\",\"target\":[\"https:\\\/\\\/www.copealcoy.es\\\/es\\\/la-nova-ofrece-su-concierto-de-exaltacion-a-la-musica-festera\\\/\"]}]},{\"@type\":\"ImageObject\",\"inLanguage\":\"es\",\"@id\":\"https:\\\/\\\/www.copealcoy.es\\\/es\\\/la-nova-ofrece-su-concierto-de-exaltacion-a-la-musica-festera\\\/#primaryimage\",\"url\":\"https:\\\/\\\/www.copealcoy.es\\\/wp-content\\\/uploads\\\/2016\\\/04\\\/12823275_977277139029334_2083717967658803705_o.jpg\",\"contentUrl\":\"https:\\\/\\\/www.copealcoy.es\\\/wp-content\\\/uploads\\\/2016\\\/04\\\/12823275_977277139029334_2083717967658803705_o.jpg\",\"width\":2048,\"height\":1365},{\"@type\":\"BreadcrumbList\",\"@id\":\"https:\\\/\\\/www.copealcoy.es\\\/es\\\/la-nova-ofrece-su-concierto-de-exaltacion-a-la-musica-festera\\\/#breadcrumb\",\"itemListElement\":[{\"@type\":\"ListItem\",\"position\":1,\"name\":\"Portada\",\"item\":\"https:\\\/\\\/www.copealcoy.es\\\/es\\\/\"},{\"@type\":\"ListItem\",\"position\":2,\"name\":\"La Nova ofrece su concierto de exaltaci\u00f3n a la m\u00fasica festera\"}]},{\"@type\":\"WebSite\",\"@id\":\"https:\\\/\\\/www.copealcoy.es\\\/es\\\/#website\",\"url\":\"https:\\\/\\\/www.copealcoy.es\\\/es\\\/\",\"name\":\"COPE Alcoy\",\"description\":\"Emisora COPE de radio local con emisi\u00f3n online. Pont de Sant Jordi 8-10 03803 Alcoy\",\"potentialAction\":[{\"@type\":\"SearchAction\",\"target\":{\"@type\":\"EntryPoint\",\"urlTemplate\":\"https:\\\/\\\/www.copealcoy.es\\\/es\\\/?s={search_term_string}\"},\"query-input\":{\"@type\":\"PropertyValueSpecification\",\"valueRequired\":true,\"valueName\":\"search_term_string\"}}],\"inLanguage\":\"es\"},{\"@type\":\"Person\",\"@id\":\"https:\\\/\\\/www.copealcoy.es\\\/es\\\/#\\\/schema\\\/person\\\/e777c87fa024e57d40170af9df39882c\",\"name\":\"Cope Alcoy\",\"image\":{\"@type\":\"ImageObject\",\"inLanguage\":\"es\",\"@id\":\"https:\\\/\\\/secure.gravatar.com\\\/avatar\\\/bb65d0283347e303893ba14f0692005417c1e0e690a325a4c5d8bb2b3943ee14?s=96&d=mm&r=g\",\"url\":\"https:\\\/\\\/secure.gravatar.com\\\/avatar\\\/bb65d0283347e303893ba14f0692005417c1e0e690a325a4c5d8bb2b3943ee14?s=96&d=mm&r=g\",\"contentUrl\":\"https:\\\/\\\/secure.gravatar.com\\\/avatar\\\/bb65d0283347e303893ba14f0692005417c1e0e690a325a4c5d8bb2b3943ee14?s=96&d=mm&r=g\",\"caption\":\"Cope Alcoy\"}}]}<\/script>\n<!-- \/ Yoast SEO plugin. -->","yoast_head_json":{"title":"La Nova ofrece su concierto de exaltaci\u00f3n a la m\u00fasica festera - COPE Alcoy","robots":{"index":"index","follow":"follow","max-snippet":"max-snippet:-1","max-image-preview":"max-image-preview:large","max-video-preview":"max-video-preview:-1"},"canonical":"https:\/\/www.copealcoy.es\/es\/la-nova-ofrece-su-concierto-de-exaltacion-a-la-musica-festera\/","og_locale":"es_ES","og_type":"article","og_title":"La Nova ofrece su concierto de exaltaci\u00f3n a la m\u00fasica festera - COPE Alcoy","og_description":"El Teatro Calder\u00f3n de Alcoy acogi\u00f3 de nuevo ayer domingo el concierto de exaltaci\u00f3n a la m\u00fasica festera que en...","og_url":"https:\/\/www.copealcoy.es\/es\/la-nova-ofrece-su-concierto-de-exaltacion-a-la-musica-festera\/","og_site_name":"COPE Alcoy","article_published_time":"2016-03-14T17:41:31+00:00","article_modified_time":"2016-04-02T17:59:24+00:00","og_image":[{"width":2048,"height":1365,"url":"https:\/\/www.copealcoy.es\/wp-content\/uploads\/2016\/04\/12823275_977277139029334_2083717967658803705_o.jpg","type":"image\/jpeg"}],"author":"Cope Alcoy","twitter_misc":{"Escrito por":"Cope Alcoy","Tiempo de lectura":"1 minuto"},"schema":{"@context":"https:\/\/schema.org","@graph":[{"@type":"Article","@id":"https:\/\/www.copealcoy.es\/es\/la-nova-ofrece-su-concierto-de-exaltacion-a-la-musica-festera\/#article","isPartOf":{"@id":"https:\/\/www.copealcoy.es\/es\/la-nova-ofrece-su-concierto-de-exaltacion-a-la-musica-festera\/"},"author":{"name":"Cope Alcoy","@id":"https:\/\/www.copealcoy.es\/es\/#\/schema\/person\/e777c87fa024e57d40170af9df39882c"},"headline":"La Nova ofrece su concierto de exaltaci\u00f3n a la m\u00fasica festera","datePublished":"2016-03-14T17:41:31+00:00","dateModified":"2016-04-02T17:59:24+00:00","mainEntityOfPage":{"@id":"https:\/\/www.copealcoy.es\/es\/la-nova-ofrece-su-concierto-de-exaltacion-a-la-musica-festera\/"},"wordCount":229,"commentCount":0,"image":{"@id":"https:\/\/www.copealcoy.es\/es\/la-nova-ofrece-su-concierto-de-exaltacion-a-la-musica-festera\/#primaryimage"},"thumbnailUrl":"https:\/\/www.copealcoy.es\/wp-content\/uploads\/2016\/04\/12823275_977277139029334_2083717967658803705_o.jpg","keywords":["Alcoy","Concierto","M\u00fasica Festera","Societat Musical Nova"],"articleSection":["Alcoy","Fiesta y Cultura","Noticias"],"inLanguage":"es"},{"@type":"WebPage","@id":"https:\/\/www.copealcoy.es\/es\/la-nova-ofrece-su-concierto-de-exaltacion-a-la-musica-festera\/","url":"https:\/\/www.copealcoy.es\/es\/la-nova-ofrece-su-concierto-de-exaltacion-a-la-musica-festera\/","name":"La Nova ofrece su concierto de exaltaci\u00f3n a la m\u00fasica festera - COPE Alcoy","isPartOf":{"@id":"https:\/\/www.copealcoy.es\/es\/#website"},"primaryImageOfPage":{"@id":"https:\/\/www.copealcoy.es\/es\/la-nova-ofrece-su-concierto-de-exaltacion-a-la-musica-festera\/#primaryimage"},"image":{"@id":"https:\/\/www.copealcoy.es\/es\/la-nova-ofrece-su-concierto-de-exaltacion-a-la-musica-festera\/#primaryimage"},"thumbnailUrl":"https:\/\/www.copealcoy.es\/wp-content\/uploads\/2016\/04\/12823275_977277139029334_2083717967658803705_o.jpg","datePublished":"2016-03-14T17:41:31+00:00","dateModified":"2016-04-02T17:59:24+00:00","author":{"@id":"https:\/\/www.copealcoy.es\/es\/#\/schema\/person\/e777c87fa024e57d40170af9df39882c"},"breadcrumb":{"@id":"https:\/\/www.copealcoy.es\/es\/la-nova-ofrece-su-concierto-de-exaltacion-a-la-musica-festera\/#breadcrumb"},"inLanguage":"es","potentialAction":[{"@type":"ReadAction","target":["https:\/\/www.copealcoy.es\/es\/la-nova-ofrece-su-concierto-de-exaltacion-a-la-musica-festera\/"]}]},{"@type":"ImageObject","inLanguage":"es","@id":"https:\/\/www.copealcoy.es\/es\/la-nova-ofrece-su-concierto-de-exaltacion-a-la-musica-festera\/#primaryimage","url":"https:\/\/www.copealcoy.es\/wp-content\/uploads\/2016\/04\/12823275_977277139029334_2083717967658803705_o.jpg","contentUrl":"https:\/\/www.copealcoy.es\/wp-content\/uploads\/2016\/04\/12823275_977277139029334_2083717967658803705_o.jpg","width":2048,"height":1365},{"@type":"BreadcrumbList","@id":"https:\/\/www.copealcoy.es\/es\/la-nova-ofrece-su-concierto-de-exaltacion-a-la-musica-festera\/#breadcrumb","itemListElement":[{"@type":"ListItem","position":1,"name":"Portada","item":"https:\/\/www.copealcoy.es\/es\/"},{"@type":"ListItem","position":2,"name":"La Nova ofrece su concierto de exaltaci\u00f3n a la m\u00fasica festera"}]},{"@type":"WebSite","@id":"https:\/\/www.copealcoy.es\/es\/#website","url":"https:\/\/www.copealcoy.es\/es\/","name":"COPE Alcoy","description":"Emisora COPE de radio local con emisi\u00f3n online. Pont de Sant Jordi 8-10 03803 Alcoy","potentialAction":[{"@type":"SearchAction","target":{"@type":"EntryPoint","urlTemplate":"https:\/\/www.copealcoy.es\/es\/?s={search_term_string}"},"query-input":{"@type":"PropertyValueSpecification","valueRequired":true,"valueName":"search_term_string"}}],"inLanguage":"es"},{"@type":"Person","@id":"https:\/\/www.copealcoy.es\/es\/#\/schema\/person\/e777c87fa024e57d40170af9df39882c","name":"Cope Alcoy","image":{"@type":"ImageObject","inLanguage":"es","@id":"https:\/\/secure.gravatar.com\/avatar\/bb65d0283347e303893ba14f0692005417c1e0e690a325a4c5d8bb2b3943ee14?s=96&d=mm&r=g","url":"https:\/\/secure.gravatar.com\/avatar\/bb65d0283347e303893ba14f0692005417c1e0e690a325a4c5d8bb2b3943ee14?s=96&d=mm&r=g","contentUrl":"https:\/\/secure.gravatar.com\/avatar\/bb65d0283347e303893ba14f0692005417c1e0e690a325a4c5d8bb2b3943ee14?s=96&d=mm&r=g","caption":"Cope Alcoy"}}]}},"_links":{"self":[{"href":"https:\/\/www.copealcoy.es\/es\/wp-json\/wp\/v2\/posts\/20402","targetHints":{"allow":["GET"]}}],"collection":[{"href":"https:\/\/www.copealcoy.es\/es\/wp-json\/wp\/v2\/posts"}],"about":[{"href":"https:\/\/www.copealcoy.es\/es\/wp-json\/wp\/v2\/types\/post"}],"author":[{"embeddable":true,"href":"https:\/\/www.copealcoy.es\/es\/wp-json\/wp\/v2\/users\/1"}],"replies":[{"embeddable":true,"href":"https:\/\/www.copealcoy.es\/es\/wp-json\/wp\/v2\/comments?post=20402"}],"version-history":[{"count":0,"href":"https:\/\/www.copealcoy.es\/es\/wp-json\/wp\/v2\/posts\/20402\/revisions"}],"wp:featuredmedia":[{"embeddable":true,"href":"https:\/\/www.copealcoy.es\/es\/wp-json\/wp\/v2\/media\/20403"}],"wp:attachment":[{"href":"https:\/\/www.copealcoy.es\/es\/wp-json\/wp\/v2\/media?parent=20402"}],"wp:term":[{"taxonomy":"category","embeddable":true,"href":"https:\/\/www.copealcoy.es\/es\/wp-json\/wp\/v2\/categories?post=20402"},{"taxonomy":"post_tag","embeddable":true,"href":"https:\/\/www.copealcoy.es\/es\/wp-json\/wp\/v2\/tags?post=20402"}],"curies":[{"name":"wp","href":"https:\/\/api.w.org\/{rel}","templated":true}]}}