{"id":20369,"date":"2016-04-01T17:19:58","date_gmt":"2016-04-01T17:19:58","guid":{"rendered":"http:\/\/copealcoi.es\/new\/?p=20369"},"modified":"2016-04-01T22:27:30","modified_gmt":"2016-04-01T22:27:30","slug":"aprobado-el-convenio-del-traslado-de-los-juzgados","status":"publish","type":"post","link":"https:\/\/www.copealcoy.es\/es\/aprobado-el-convenio-del-traslado-de-los-juzgados\/","title":{"rendered":"Aprobado el convenio del traslado de los juzgados"},"content":{"rendered":"<p style=\"text-align: justify;\">La Junta de Gobierno ha aprobado esta ma\u00f1ana, con los informes jur\u00eddicos pertinentes que avalan la operaci\u00f3n, el Convenio con la Conseller\u00eda de Justicia para el traslado de los Juzgados al edificio de la Verge Mar\u00eda. Este contempla, seg\u00fan ha informado el \u00e1rea de R\u00e9gimen Jur\u00eddico del Ayuntamiento, la cesi\u00f3n de uso de un a\u00f1o sin contraprestaciones econ\u00f3micas. Adem\u00e1s se\u00f1alan que durante este a\u00f1o se llevar\u00e1n adelante las actuaciones administrativas pertinentes para que la Generalitat aporte la contraprestaci\u00f3n correspondiente al Consistorio.<\/p>\n<p style=\"text-align: justify;\">La edil de R\u00e9gimen Jur\u00eddico, Lorena Zamorano, detalla que durante este a\u00f1o se formalizar\u00e1 el acuerdo definitivo con la Conseller\u00eda de Justicia y matiza que en el caso de que los tr\u00e1mites administrativos retrasen la firma definitiva y se precise de m\u00e1s tiempo se har\u00e1 una autorizaci\u00f3n de uso con contraprestaci\u00f3n econ\u00f3mica por 32.000 euros al a\u00f1o, por un m\u00e1ximo de cuatro a\u00f1os, finalizados los cuales acabar\u00eda el contrato.<\/p>\n<p style=\"text-align: justify;\">La concejala adem\u00e1s insiste en\u00a0que \u201cen el acuerdo queda, muy claro, que habr\u00e1 compensaci\u00f3n econ\u00f3mica, tal y como siempre hemos defendido\u201d y remarca\u00a0que \u201dlos alcoyanos no pagaremos el coste de un juzgado que es competencia de la Generalitat, que es lo que siempre hemos reivindicado\u201d, concluye.<\/p>\n","protected":false},"excerpt":{"rendered":"<p>La Junta de Gobierno ha aprobado esta ma\u00f1ana, con los informes jur\u00eddicos pertinentes que avalan la operaci\u00f3n, el Convenio con&#8230;<\/p>\n","protected":false},"author":1,"featured_media":11326,"comment_status":"open","ping_status":"open","sticky":false,"template":"","format":"standard","meta":{"footnotes":""},"categories":[97,75,79,125],"tags":[1494,245,1796],"class_list":["post-20369","post","type-post","status-publish","format-standard","has-post-thumbnail","hentry","category-alcoy","category-noticias","category-politicayeconomia","category-portada","tag-alcoy","tag-juzgados","tag-lorena-zamorano"],"yoast_head":"<!-- This site is optimized with the Yoast SEO plugin v27.3 - https:\/\/yoast.com\/product\/yoast-seo-wordpress\/ -->\n<title>Aprobado el convenio del traslado de los juzgados - COPE Alcoy<\/title>\n<meta name=\"robots\" content=\"index, follow, max-snippet:-1, max-image-preview:large, max-video-preview:-1\" \/>\n<link rel=\"canonical\" href=\"https:\/\/www.copealcoy.es\/es\/aprobado-el-convenio-del-traslado-de-los-juzgados\/\" \/>\n<meta property=\"og:locale\" content=\"es_ES\" \/>\n<meta property=\"og:type\" content=\"article\" \/>\n<meta property=\"og:title\" content=\"Aprobado el convenio del traslado de los juzgados - COPE Alcoy\" \/>\n<meta property=\"og:description\" content=\"La Junta de Gobierno ha aprobado esta ma\u00f1ana, con los informes jur\u00eddicos pertinentes que avalan la operaci\u00f3n, el Convenio con...\" \/>\n<meta property=\"og:url\" content=\"https:\/\/www.copealcoy.es\/es\/aprobado-el-convenio-del-traslado-de-los-juzgados\/\" \/>\n<meta property=\"og:site_name\" content=\"COPE Alcoy\" \/>\n<meta property=\"article:published_time\" content=\"2016-04-01T17:19:58+00:00\" \/>\n<meta property=\"article:modified_time\" content=\"2016-04-01T22:27:30+00:00\" \/>\n<meta property=\"og:image\" content=\"https:\/\/www.copealcoy.es\/wp-content\/uploads\/2015\/03\/image40-e1463214043484.jpg\" \/>\n\t<meta property=\"og:image:width\" content=\"887\" \/>\n\t<meta property=\"og:image:height\" content=\"530\" \/>\n\t<meta property=\"og:image:type\" content=\"image\/jpeg\" \/>\n<meta name=\"author\" content=\"Cope Alcoy\" \/>\n<meta name=\"twitter:label1\" content=\"Escrito por\" \/>\n\t<meta name=\"twitter:data1\" content=\"Cope Alcoy\" \/>\n\t<meta name=\"twitter:label2\" content=\"Tiempo de lectura\" \/>\n\t<meta name=\"twitter:data2\" content=\"1 minuto\" \/>\n<script type=\"application\/ld+json\" class=\"yoast-schema-graph\">{\"@context\":\"https:\\\/\\\/schema.org\",\"@graph\":[{\"@type\":\"Article\",\"@id\":\"https:\\\/\\\/www.copealcoy.es\\\/es\\\/aprobado-el-convenio-del-traslado-de-los-juzgados\\\/#article\",\"isPartOf\":{\"@id\":\"https:\\\/\\\/www.copealcoy.es\\\/es\\\/aprobado-el-convenio-del-traslado-de-los-juzgados\\\/\"},\"author\":{\"name\":\"Cope Alcoy\",\"@id\":\"https:\\\/\\\/www.copealcoy.es\\\/es\\\/#\\\/schema\\\/person\\\/e777c87fa024e57d40170af9df39882c\"},\"headline\":\"Aprobado el convenio del traslado de los juzgados\",\"datePublished\":\"2016-04-01T17:19:58+00:00\",\"dateModified\":\"2016-04-01T22:27:30+00:00\",\"mainEntityOfPage\":{\"@id\":\"https:\\\/\\\/www.copealcoy.es\\\/es\\\/aprobado-el-convenio-del-traslado-de-los-juzgados\\\/\"},\"wordCount\":237,\"commentCount\":0,\"image\":{\"@id\":\"https:\\\/\\\/www.copealcoy.es\\\/es\\\/aprobado-el-convenio-del-traslado-de-los-juzgados\\\/#primaryimage\"},\"thumbnailUrl\":\"https:\\\/\\\/www.copealcoy.es\\\/wp-content\\\/uploads\\\/2015\\\/03\\\/image40-e1463214043484.jpg\",\"keywords\":[\"Alcoy\",\"Juzgados\",\"Lorena Zamorano\"],\"articleSection\":[\"Alcoy\",\"Noticias\",\"Pol\u00edtica y Econom\u00eda\",\"Portada\"],\"inLanguage\":\"es\"},{\"@type\":\"WebPage\",\"@id\":\"https:\\\/\\\/www.copealcoy.es\\\/es\\\/aprobado-el-convenio-del-traslado-de-los-juzgados\\\/\",\"url\":\"https:\\\/\\\/www.copealcoy.es\\\/es\\\/aprobado-el-convenio-del-traslado-de-los-juzgados\\\/\",\"name\":\"Aprobado el convenio del traslado de los juzgados - COPE Alcoy\",\"isPartOf\":{\"@id\":\"https:\\\/\\\/www.copealcoy.es\\\/es\\\/#website\"},\"primaryImageOfPage\":{\"@id\":\"https:\\\/\\\/www.copealcoy.es\\\/es\\\/aprobado-el-convenio-del-traslado-de-los-juzgados\\\/#primaryimage\"},\"image\":{\"@id\":\"https:\\\/\\\/www.copealcoy.es\\\/es\\\/aprobado-el-convenio-del-traslado-de-los-juzgados\\\/#primaryimage\"},\"thumbnailUrl\":\"https:\\\/\\\/www.copealcoy.es\\\/wp-content\\\/uploads\\\/2015\\\/03\\\/image40-e1463214043484.jpg\",\"datePublished\":\"2016-04-01T17:19:58+00:00\",\"dateModified\":\"2016-04-01T22:27:30+00:00\",\"author\":{\"@id\":\"https:\\\/\\\/www.copealcoy.es\\\/es\\\/#\\\/schema\\\/person\\\/e777c87fa024e57d40170af9df39882c\"},\"breadcrumb\":{\"@id\":\"https:\\\/\\\/www.copealcoy.es\\\/es\\\/aprobado-el-convenio-del-traslado-de-los-juzgados\\\/#breadcrumb\"},\"inLanguage\":\"es\",\"potentialAction\":[{\"@type\":\"ReadAction\",\"target\":[\"https:\\\/\\\/www.copealcoy.es\\\/es\\\/aprobado-el-convenio-del-traslado-de-los-juzgados\\\/\"]}]},{\"@type\":\"ImageObject\",\"inLanguage\":\"es\",\"@id\":\"https:\\\/\\\/www.copealcoy.es\\\/es\\\/aprobado-el-convenio-del-traslado-de-los-juzgados\\\/#primaryimage\",\"url\":\"https:\\\/\\\/www.copealcoy.es\\\/wp-content\\\/uploads\\\/2015\\\/03\\\/image40-e1463214043484.jpg\",\"contentUrl\":\"https:\\\/\\\/www.copealcoy.es\\\/wp-content\\\/uploads\\\/2015\\\/03\\\/image40-e1463214043484.jpg\",\"width\":887,\"height\":530,\"caption\":\"Nuevo Palacio de Justicia de la Verge Mar\u00eda\"},{\"@type\":\"BreadcrumbList\",\"@id\":\"https:\\\/\\\/www.copealcoy.es\\\/es\\\/aprobado-el-convenio-del-traslado-de-los-juzgados\\\/#breadcrumb\",\"itemListElement\":[{\"@type\":\"ListItem\",\"position\":1,\"name\":\"Portada\",\"item\":\"https:\\\/\\\/www.copealcoy.es\\\/es\\\/\"},{\"@type\":\"ListItem\",\"position\":2,\"name\":\"Aprobado el convenio del traslado de los juzgados\"}]},{\"@type\":\"WebSite\",\"@id\":\"https:\\\/\\\/www.copealcoy.es\\\/es\\\/#website\",\"url\":\"https:\\\/\\\/www.copealcoy.es\\\/es\\\/\",\"name\":\"COPE Alcoy\",\"description\":\"Emisora COPE de radio local con emisi\u00f3n online. Pont de Sant Jordi 8-10 03803 Alcoy\",\"potentialAction\":[{\"@type\":\"SearchAction\",\"target\":{\"@type\":\"EntryPoint\",\"urlTemplate\":\"https:\\\/\\\/www.copealcoy.es\\\/es\\\/?s={search_term_string}\"},\"query-input\":{\"@type\":\"PropertyValueSpecification\",\"valueRequired\":true,\"valueName\":\"search_term_string\"}}],\"inLanguage\":\"es\"},{\"@type\":\"Person\",\"@id\":\"https:\\\/\\\/www.copealcoy.es\\\/es\\\/#\\\/schema\\\/person\\\/e777c87fa024e57d40170af9df39882c\",\"name\":\"Cope Alcoy\",\"image\":{\"@type\":\"ImageObject\",\"inLanguage\":\"es\",\"@id\":\"https:\\\/\\\/secure.gravatar.com\\\/avatar\\\/bb65d0283347e303893ba14f0692005417c1e0e690a325a4c5d8bb2b3943ee14?s=96&d=mm&r=g\",\"url\":\"https:\\\/\\\/secure.gravatar.com\\\/avatar\\\/bb65d0283347e303893ba14f0692005417c1e0e690a325a4c5d8bb2b3943ee14?s=96&d=mm&r=g\",\"contentUrl\":\"https:\\\/\\\/secure.gravatar.com\\\/avatar\\\/bb65d0283347e303893ba14f0692005417c1e0e690a325a4c5d8bb2b3943ee14?s=96&d=mm&r=g\",\"caption\":\"Cope Alcoy\"}}]}<\/script>\n<!-- \/ Yoast SEO plugin. -->","yoast_head_json":{"title":"Aprobado el convenio del traslado de los juzgados - COPE Alcoy","robots":{"index":"index","follow":"follow","max-snippet":"max-snippet:-1","max-image-preview":"max-image-preview:large","max-video-preview":"max-video-preview:-1"},"canonical":"https:\/\/www.copealcoy.es\/es\/aprobado-el-convenio-del-traslado-de-los-juzgados\/","og_locale":"es_ES","og_type":"article","og_title":"Aprobado el convenio del traslado de los juzgados - COPE Alcoy","og_description":"La Junta de Gobierno ha aprobado esta ma\u00f1ana, con los informes jur\u00eddicos pertinentes que avalan la operaci\u00f3n, el Convenio con...","og_url":"https:\/\/www.copealcoy.es\/es\/aprobado-el-convenio-del-traslado-de-los-juzgados\/","og_site_name":"COPE Alcoy","article_published_time":"2016-04-01T17:19:58+00:00","article_modified_time":"2016-04-01T22:27:30+00:00","og_image":[{"width":887,"height":530,"url":"https:\/\/www.copealcoy.es\/wp-content\/uploads\/2015\/03\/image40-e1463214043484.jpg","type":"image\/jpeg"}],"author":"Cope Alcoy","twitter_misc":{"Escrito por":"Cope Alcoy","Tiempo de lectura":"1 minuto"},"schema":{"@context":"https:\/\/schema.org","@graph":[{"@type":"Article","@id":"https:\/\/www.copealcoy.es\/es\/aprobado-el-convenio-del-traslado-de-los-juzgados\/#article","isPartOf":{"@id":"https:\/\/www.copealcoy.es\/es\/aprobado-el-convenio-del-traslado-de-los-juzgados\/"},"author":{"name":"Cope Alcoy","@id":"https:\/\/www.copealcoy.es\/es\/#\/schema\/person\/e777c87fa024e57d40170af9df39882c"},"headline":"Aprobado el convenio del traslado de los juzgados","datePublished":"2016-04-01T17:19:58+00:00","dateModified":"2016-04-01T22:27:30+00:00","mainEntityOfPage":{"@id":"https:\/\/www.copealcoy.es\/es\/aprobado-el-convenio-del-traslado-de-los-juzgados\/"},"wordCount":237,"commentCount":0,"image":{"@id":"https:\/\/www.copealcoy.es\/es\/aprobado-el-convenio-del-traslado-de-los-juzgados\/#primaryimage"},"thumbnailUrl":"https:\/\/www.copealcoy.es\/wp-content\/uploads\/2015\/03\/image40-e1463214043484.jpg","keywords":["Alcoy","Juzgados","Lorena Zamorano"],"articleSection":["Alcoy","Noticias","Pol\u00edtica y Econom\u00eda","Portada"],"inLanguage":"es"},{"@type":"WebPage","@id":"https:\/\/www.copealcoy.es\/es\/aprobado-el-convenio-del-traslado-de-los-juzgados\/","url":"https:\/\/www.copealcoy.es\/es\/aprobado-el-convenio-del-traslado-de-los-juzgados\/","name":"Aprobado el convenio del traslado de los juzgados - COPE Alcoy","isPartOf":{"@id":"https:\/\/www.copealcoy.es\/es\/#website"},"primaryImageOfPage":{"@id":"https:\/\/www.copealcoy.es\/es\/aprobado-el-convenio-del-traslado-de-los-juzgados\/#primaryimage"},"image":{"@id":"https:\/\/www.copealcoy.es\/es\/aprobado-el-convenio-del-traslado-de-los-juzgados\/#primaryimage"},"thumbnailUrl":"https:\/\/www.copealcoy.es\/wp-content\/uploads\/2015\/03\/image40-e1463214043484.jpg","datePublished":"2016-04-01T17:19:58+00:00","dateModified":"2016-04-01T22:27:30+00:00","author":{"@id":"https:\/\/www.copealcoy.es\/es\/#\/schema\/person\/e777c87fa024e57d40170af9df39882c"},"breadcrumb":{"@id":"https:\/\/www.copealcoy.es\/es\/aprobado-el-convenio-del-traslado-de-los-juzgados\/#breadcrumb"},"inLanguage":"es","potentialAction":[{"@type":"ReadAction","target":["https:\/\/www.copealcoy.es\/es\/aprobado-el-convenio-del-traslado-de-los-juzgados\/"]}]},{"@type":"ImageObject","inLanguage":"es","@id":"https:\/\/www.copealcoy.es\/es\/aprobado-el-convenio-del-traslado-de-los-juzgados\/#primaryimage","url":"https:\/\/www.copealcoy.es\/wp-content\/uploads\/2015\/03\/image40-e1463214043484.jpg","contentUrl":"https:\/\/www.copealcoy.es\/wp-content\/uploads\/2015\/03\/image40-e1463214043484.jpg","width":887,"height":530,"caption":"Nuevo Palacio de Justicia de la Verge Mar\u00eda"},{"@type":"BreadcrumbList","@id":"https:\/\/www.copealcoy.es\/es\/aprobado-el-convenio-del-traslado-de-los-juzgados\/#breadcrumb","itemListElement":[{"@type":"ListItem","position":1,"name":"Portada","item":"https:\/\/www.copealcoy.es\/es\/"},{"@type":"ListItem","position":2,"name":"Aprobado el convenio del traslado de los juzgados"}]},{"@type":"WebSite","@id":"https:\/\/www.copealcoy.es\/es\/#website","url":"https:\/\/www.copealcoy.es\/es\/","name":"COPE Alcoy","description":"Emisora COPE de radio local con emisi\u00f3n online. Pont de Sant Jordi 8-10 03803 Alcoy","potentialAction":[{"@type":"SearchAction","target":{"@type":"EntryPoint","urlTemplate":"https:\/\/www.copealcoy.es\/es\/?s={search_term_string}"},"query-input":{"@type":"PropertyValueSpecification","valueRequired":true,"valueName":"search_term_string"}}],"inLanguage":"es"},{"@type":"Person","@id":"https:\/\/www.copealcoy.es\/es\/#\/schema\/person\/e777c87fa024e57d40170af9df39882c","name":"Cope Alcoy","image":{"@type":"ImageObject","inLanguage":"es","@id":"https:\/\/secure.gravatar.com\/avatar\/bb65d0283347e303893ba14f0692005417c1e0e690a325a4c5d8bb2b3943ee14?s=96&d=mm&r=g","url":"https:\/\/secure.gravatar.com\/avatar\/bb65d0283347e303893ba14f0692005417c1e0e690a325a4c5d8bb2b3943ee14?s=96&d=mm&r=g","contentUrl":"https:\/\/secure.gravatar.com\/avatar\/bb65d0283347e303893ba14f0692005417c1e0e690a325a4c5d8bb2b3943ee14?s=96&d=mm&r=g","caption":"Cope Alcoy"}}]}},"_links":{"self":[{"href":"https:\/\/www.copealcoy.es\/es\/wp-json\/wp\/v2\/posts\/20369","targetHints":{"allow":["GET"]}}],"collection":[{"href":"https:\/\/www.copealcoy.es\/es\/wp-json\/wp\/v2\/posts"}],"about":[{"href":"https:\/\/www.copealcoy.es\/es\/wp-json\/wp\/v2\/types\/post"}],"author":[{"embeddable":true,"href":"https:\/\/www.copealcoy.es\/es\/wp-json\/wp\/v2\/users\/1"}],"replies":[{"embeddable":true,"href":"https:\/\/www.copealcoy.es\/es\/wp-json\/wp\/v2\/comments?post=20369"}],"version-history":[{"count":0,"href":"https:\/\/www.copealcoy.es\/es\/wp-json\/wp\/v2\/posts\/20369\/revisions"}],"wp:featuredmedia":[{"embeddable":true,"href":"https:\/\/www.copealcoy.es\/es\/wp-json\/wp\/v2\/media\/11326"}],"wp:attachment":[{"href":"https:\/\/www.copealcoy.es\/es\/wp-json\/wp\/v2\/media?parent=20369"}],"wp:term":[{"taxonomy":"category","embeddable":true,"href":"https:\/\/www.copealcoy.es\/es\/wp-json\/wp\/v2\/categories?post=20369"},{"taxonomy":"post_tag","embeddable":true,"href":"https:\/\/www.copealcoy.es\/es\/wp-json\/wp\/v2\/tags?post=20369"}],"curies":[{"name":"wp","href":"https:\/\/api.w.org\/{rel}","templated":true}]}}