{"id":20267,"date":"2016-03-30T14:34:33","date_gmt":"2016-03-30T14:34:33","guid":{"rendered":"http:\/\/copealcoi.es\/new\/?p=20267"},"modified":"2016-03-30T14:37:00","modified_gmt":"2016-03-30T14:37:00","slug":"alcoy-pide-a-la-generalitat-que-asuma-las-competencias-del-cem","status":"publish","type":"post","link":"https:\/\/www.copealcoy.es\/es\/alcoy-pide-a-la-generalitat-que-asuma-las-competencias-del-cem\/","title":{"rendered":"Alcoy pide a la Generalitat que asuma las competencias del CEM"},"content":{"rendered":"<p style=\"text-align: justify;\">El pleno del Ayuntamiento de Alcoy acord\u00f3 ayer instar a la Generalitat Valenciana que asuma las competencias derivadas de la gesti\u00f3n del Centro de Enfermos Mentales del Barranquet de Soler.\u00a0La moci\u00f3n fue planteada\u00a0inicialmente por el PSOE pero pas\u00f3 a declaraci\u00f3n institucional respaldada por todos los grupos pol\u00edticos. El alcalde, Antonio Franc\u00e9s, record\u00f3 que la obra ya est\u00e1 finalizada a la espera de definirse el modelo de funcionamiento de este servicio y apunt\u00f3 que el coste de la gesti\u00f3n del mismo ronda los dos millones de euros &#8220;una cantidad imposible de asumir\u00a0para las arcas municipales&#8221;, dijo. Franc\u00e9s insisti\u00f3 en que el CEM no solo prestar\u00e1 atenci\u00f3n a Alcoy sino vecinos de la comarca e incluso de la provincia y recalc\u00f3 que est\u00e1n pendientes de tener una reuni\u00f3n con la secretaria auton\u00f3mica de la Conselleria de Diversidad Funcional para exponerle la situaci\u00f3n actual del Centro y desbloquear el proceso. En este sentido remarc\u00f3 que esta encuentro todav\u00eda no se ha producido.<\/p>\n<p style=\"text-align: justify;\">En la sesi\u00f3n plenaria prosper\u00f3 tambi\u00e9n una moci\u00f3n conjunta presentada por PSOE, Guanyar y Comprom\u00eds en la que expresaron su rechazo al acuerdo alcanzado por la Uni\u00f3n Europea\u00a0con Turqu\u00eda para devolver a este \u00faltimo pa\u00eds a los refugiados y demandantes de asilo.\u00a0Ciudadanos vot\u00f3 a favor de esta iniciativa mientras que el Partido Popular se abstuvo.<\/p>\n<p style=\"text-align: justify;\">Por otra parte Guanyar Alcoi pregunt\u00f3 por el cumplimiento de la sentencia para adaptar a la legalidad la plaza de La Rosaleda a lo que el edil de Urbanismo, Manolo Gomicia, respondi\u00f3 que &#8220;hay conversaciones con la Colla Ecologista La Carrasca para buscar el proyecto m\u00e1s id\u00f3neo que cueste lo menos posible a las arcas municipales&#8221;, indic\u00f3. Tambi\u00e9n Ciudadanos lanz\u00f3 un ruego para la recuperaci\u00f3n del Centro y su portavoz, Jorse Sedano, plante\u00f3 \u00a0analizar casos de otras ciudades que han tenido problemas en sus cascos hist\u00f3rico y han conseguido solucionarlos &#8220;tenemos un Centro vivo, hemos hecho muchas iniciativas en los \u00faltimos a\u00f1os y vamos a seguir trabajando por su revitalizaci\u00f3n&#8221;, respondi\u00f3 la edil de Comercio, Vanessa Molt\u00f3. De igual forma el partido naranja pregunt\u00f3 sobre la situaci\u00f3n del CEEI Alcoy y el edil de Empresa, Manolo Gomicia, detall\u00f3 que el Ayuntamiento siempre respaldar\u00e1 cualquier iniciativa para mantener este servicio en la ciudad &#8220;hay f\u00f3rmulas sobre la mesa para revertir la problem\u00e1tica que se viene arrastrando en el CEEI y que se analizar\u00e1n en las pr\u00f3ximas semanas&#8221;, indic\u00f3.<\/p>\n<p style=\"text-align: justify;\">El Partido Popular present\u00f3 una moci\u00f3n en defensa de las Diputaciones Provinciales que fue rechazada por el resto de Grupos Pol\u00edticos y el edil Eduardo Torm\u00f3 pregunt\u00f3 por el estado de varios temas estrat\u00e9gicos de Alcoy (puente Serelles, reforma estructural del Pont de Sant Jordi, reforma de la calle Entenza o los accesos del Santiago Pay\u00e0) que fueron contestados brevemente por el edil y portavoz del PSOE, Jordi Mart\u00ednez, aportando algunos plazos estimados. Tambi\u00e9n se ley\u00f3 una segunda declaraci\u00f3n institucional, propuesta por Comprom\u00eds, en la que se pidi\u00f3 la elaboraci\u00f3n de un informe en el que se plasmen las mociones que se aprueban en el pleno y su grado de cumplimiento.<\/p>\n<p style=\"text-align: justify;\">Finalmente se acord\u00f3\u00a0concertar un nuevo pr\u00e9stamo para inversiones que asciende a 1\u00b42 millones de euros. El alcalde, Antonio Franc\u00e9s, justific\u00f3 la urgencia de esta medida en que &#8220;sino se aprueba ahora nos iremos\u00a0con la tramitaci\u00f3n hasta el verano y los proyectos no podr\u00e1n ser una realidad hasta finales de a\u00f1o&#8221;, explic\u00f3. La propuesta fue llevada con car\u00e1cter de urgencia con el respaldo de PSOE y Ciudadanos mientras que en la votaci\u00f3n final se cont\u00f3 con el respaldo de estos das dos formaciones m\u00e1s el Partido Popular. En cambio Guanyar Alcoi se abstuvo al considerar que era necesario m\u00e1s tiempo para trabajar los proyectos a realizar y Comprom\u00eds vot\u00f3 en contra cuestionando que se destine \u00a0una cuant\u00eda inicial de m\u00e1s de 600.000 euros para el proyecto de la Ciudad Deportiva del Alcoyano.<\/p>\n","protected":false},"excerpt":{"rendered":"<p>El pleno del Ayuntamiento de Alcoy acord\u00f3 ayer instar a la Generalitat Valenciana que asuma las competencias derivadas de la&#8230;<\/p>\n","protected":false},"author":1,"featured_media":20270,"comment_status":"open","ping_status":"open","sticky":false,"template":"","format":"standard","meta":{"footnotes":""},"categories":[97,75,125],"tags":[1494,1793,235,322,1265],"class_list":["post-20267","post","type-post","status-publish","format-standard","has-post-thumbnail","hentry","category-alcoy","category-noticias","category-portada","tag-alcoy","tag-antonio-frances","tag-inversiones","tag-pleno","tag-prestamo"],"yoast_head":"<!-- This site is optimized with the Yoast SEO plugin v27.3 - https:\/\/yoast.com\/product\/yoast-seo-wordpress\/ -->\n<title>Alcoy pide a la Generalitat que asuma las competencias del CEM - COPE Alcoy<\/title>\n<meta name=\"robots\" content=\"index, follow, max-snippet:-1, max-image-preview:large, max-video-preview:-1\" \/>\n<link rel=\"canonical\" href=\"https:\/\/www.copealcoy.es\/es\/alcoy-pide-a-la-generalitat-que-asuma-las-competencias-del-cem\/\" \/>\n<meta property=\"og:locale\" content=\"es_ES\" \/>\n<meta property=\"og:type\" content=\"article\" \/>\n<meta property=\"og:title\" content=\"Alcoy pide a la Generalitat que asuma las competencias del CEM - COPE Alcoy\" \/>\n<meta property=\"og:description\" content=\"El pleno del Ayuntamiento de Alcoy acord\u00f3 ayer instar a la Generalitat Valenciana que asuma las competencias derivadas de la...\" \/>\n<meta property=\"og:url\" content=\"https:\/\/www.copealcoy.es\/es\/alcoy-pide-a-la-generalitat-que-asuma-las-competencias-del-cem\/\" \/>\n<meta property=\"og:site_name\" content=\"COPE Alcoy\" \/>\n<meta property=\"article:published_time\" content=\"2016-03-30T14:34:33+00:00\" \/>\n<meta property=\"article:modified_time\" content=\"2016-03-30T14:37:00+00:00\" \/>\n<meta property=\"og:image\" content=\"https:\/\/www.copealcoy.es\/wp-content\/uploads\/2016\/03\/DSC01400.jpg\" \/>\n\t<meta property=\"og:image:width\" content=\"2282\" \/>\n\t<meta property=\"og:image:height\" content=\"1426\" \/>\n\t<meta property=\"og:image:type\" content=\"image\/jpeg\" \/>\n<meta name=\"author\" content=\"Cope Alcoy\" \/>\n<meta name=\"twitter:label1\" content=\"Escrito por\" \/>\n\t<meta name=\"twitter:data1\" content=\"Cope Alcoy\" \/>\n\t<meta name=\"twitter:label2\" content=\"Tiempo de lectura\" \/>\n\t<meta name=\"twitter:data2\" content=\"3 minutos\" \/>\n<script type=\"application\/ld+json\" class=\"yoast-schema-graph\">{\"@context\":\"https:\\\/\\\/schema.org\",\"@graph\":[{\"@type\":\"Article\",\"@id\":\"https:\\\/\\\/www.copealcoy.es\\\/es\\\/alcoy-pide-a-la-generalitat-que-asuma-las-competencias-del-cem\\\/#article\",\"isPartOf\":{\"@id\":\"https:\\\/\\\/www.copealcoy.es\\\/es\\\/alcoy-pide-a-la-generalitat-que-asuma-las-competencias-del-cem\\\/\"},\"author\":{\"name\":\"Cope Alcoy\",\"@id\":\"https:\\\/\\\/www.copealcoy.es\\\/es\\\/#\\\/schema\\\/person\\\/e777c87fa024e57d40170af9df39882c\"},\"headline\":\"Alcoy pide a la Generalitat que asuma las competencias del CEM\",\"datePublished\":\"2016-03-30T14:34:33+00:00\",\"dateModified\":\"2016-03-30T14:37:00+00:00\",\"mainEntityOfPage\":{\"@id\":\"https:\\\/\\\/www.copealcoy.es\\\/es\\\/alcoy-pide-a-la-generalitat-que-asuma-las-competencias-del-cem\\\/\"},\"wordCount\":701,\"commentCount\":0,\"image\":{\"@id\":\"https:\\\/\\\/www.copealcoy.es\\\/es\\\/alcoy-pide-a-la-generalitat-que-asuma-las-competencias-del-cem\\\/#primaryimage\"},\"thumbnailUrl\":\"https:\\\/\\\/www.copealcoy.es\\\/wp-content\\\/uploads\\\/2016\\\/03\\\/DSC01400.jpg\",\"keywords\":[\"Alcoy\",\"Antonio Franc\u00e9s\",\"Inversiones\",\"Pleno\",\"prestamo\"],\"articleSection\":[\"Alcoy\",\"Noticias\",\"Portada\"],\"inLanguage\":\"es\"},{\"@type\":\"WebPage\",\"@id\":\"https:\\\/\\\/www.copealcoy.es\\\/es\\\/alcoy-pide-a-la-generalitat-que-asuma-las-competencias-del-cem\\\/\",\"url\":\"https:\\\/\\\/www.copealcoy.es\\\/es\\\/alcoy-pide-a-la-generalitat-que-asuma-las-competencias-del-cem\\\/\",\"name\":\"Alcoy pide a la Generalitat que asuma las competencias del CEM - COPE Alcoy\",\"isPartOf\":{\"@id\":\"https:\\\/\\\/www.copealcoy.es\\\/es\\\/#website\"},\"primaryImageOfPage\":{\"@id\":\"https:\\\/\\\/www.copealcoy.es\\\/es\\\/alcoy-pide-a-la-generalitat-que-asuma-las-competencias-del-cem\\\/#primaryimage\"},\"image\":{\"@id\":\"https:\\\/\\\/www.copealcoy.es\\\/es\\\/alcoy-pide-a-la-generalitat-que-asuma-las-competencias-del-cem\\\/#primaryimage\"},\"thumbnailUrl\":\"https:\\\/\\\/www.copealcoy.es\\\/wp-content\\\/uploads\\\/2016\\\/03\\\/DSC01400.jpg\",\"datePublished\":\"2016-03-30T14:34:33+00:00\",\"dateModified\":\"2016-03-30T14:37:00+00:00\",\"author\":{\"@id\":\"https:\\\/\\\/www.copealcoy.es\\\/es\\\/#\\\/schema\\\/person\\\/e777c87fa024e57d40170af9df39882c\"},\"breadcrumb\":{\"@id\":\"https:\\\/\\\/www.copealcoy.es\\\/es\\\/alcoy-pide-a-la-generalitat-que-asuma-las-competencias-del-cem\\\/#breadcrumb\"},\"inLanguage\":\"es\",\"potentialAction\":[{\"@type\":\"ReadAction\",\"target\":[\"https:\\\/\\\/www.copealcoy.es\\\/es\\\/alcoy-pide-a-la-generalitat-que-asuma-las-competencias-del-cem\\\/\"]}]},{\"@type\":\"ImageObject\",\"inLanguage\":\"es\",\"@id\":\"https:\\\/\\\/www.copealcoy.es\\\/es\\\/alcoy-pide-a-la-generalitat-que-asuma-las-competencias-del-cem\\\/#primaryimage\",\"url\":\"https:\\\/\\\/www.copealcoy.es\\\/wp-content\\\/uploads\\\/2016\\\/03\\\/DSC01400.jpg\",\"contentUrl\":\"https:\\\/\\\/www.copealcoy.es\\\/wp-content\\\/uploads\\\/2016\\\/03\\\/DSC01400.jpg\",\"width\":2282,\"height\":1426,\"caption\":\"Sesi\u00f3n plenaria celebrada ayer en el Ayuntamiento de Alcoy \\\/ Foto: G. Pascual\"},{\"@type\":\"BreadcrumbList\",\"@id\":\"https:\\\/\\\/www.copealcoy.es\\\/es\\\/alcoy-pide-a-la-generalitat-que-asuma-las-competencias-del-cem\\\/#breadcrumb\",\"itemListElement\":[{\"@type\":\"ListItem\",\"position\":1,\"name\":\"Portada\",\"item\":\"https:\\\/\\\/www.copealcoy.es\\\/es\\\/\"},{\"@type\":\"ListItem\",\"position\":2,\"name\":\"Alcoy pide a la Generalitat que asuma las competencias del CEM\"}]},{\"@type\":\"WebSite\",\"@id\":\"https:\\\/\\\/www.copealcoy.es\\\/es\\\/#website\",\"url\":\"https:\\\/\\\/www.copealcoy.es\\\/es\\\/\",\"name\":\"COPE Alcoy\",\"description\":\"Emisora COPE de radio local con emisi\u00f3n online. Pont de Sant Jordi 8-10 03803 Alcoy\",\"potentialAction\":[{\"@type\":\"SearchAction\",\"target\":{\"@type\":\"EntryPoint\",\"urlTemplate\":\"https:\\\/\\\/www.copealcoy.es\\\/es\\\/?s={search_term_string}\"},\"query-input\":{\"@type\":\"PropertyValueSpecification\",\"valueRequired\":true,\"valueName\":\"search_term_string\"}}],\"inLanguage\":\"es\"},{\"@type\":\"Person\",\"@id\":\"https:\\\/\\\/www.copealcoy.es\\\/es\\\/#\\\/schema\\\/person\\\/e777c87fa024e57d40170af9df39882c\",\"name\":\"Cope Alcoy\",\"image\":{\"@type\":\"ImageObject\",\"inLanguage\":\"es\",\"@id\":\"https:\\\/\\\/secure.gravatar.com\\\/avatar\\\/bb65d0283347e303893ba14f0692005417c1e0e690a325a4c5d8bb2b3943ee14?s=96&d=mm&r=g\",\"url\":\"https:\\\/\\\/secure.gravatar.com\\\/avatar\\\/bb65d0283347e303893ba14f0692005417c1e0e690a325a4c5d8bb2b3943ee14?s=96&d=mm&r=g\",\"contentUrl\":\"https:\\\/\\\/secure.gravatar.com\\\/avatar\\\/bb65d0283347e303893ba14f0692005417c1e0e690a325a4c5d8bb2b3943ee14?s=96&d=mm&r=g\",\"caption\":\"Cope Alcoy\"}}]}<\/script>\n<!-- \/ Yoast SEO plugin. -->","yoast_head_json":{"title":"Alcoy pide a la Generalitat que asuma las competencias del CEM - COPE Alcoy","robots":{"index":"index","follow":"follow","max-snippet":"max-snippet:-1","max-image-preview":"max-image-preview:large","max-video-preview":"max-video-preview:-1"},"canonical":"https:\/\/www.copealcoy.es\/es\/alcoy-pide-a-la-generalitat-que-asuma-las-competencias-del-cem\/","og_locale":"es_ES","og_type":"article","og_title":"Alcoy pide a la Generalitat que asuma las competencias del CEM - COPE Alcoy","og_description":"El pleno del Ayuntamiento de Alcoy acord\u00f3 ayer instar a la Generalitat Valenciana que asuma las competencias derivadas de la...","og_url":"https:\/\/www.copealcoy.es\/es\/alcoy-pide-a-la-generalitat-que-asuma-las-competencias-del-cem\/","og_site_name":"COPE Alcoy","article_published_time":"2016-03-30T14:34:33+00:00","article_modified_time":"2016-03-30T14:37:00+00:00","og_image":[{"width":2282,"height":1426,"url":"https:\/\/www.copealcoy.es\/wp-content\/uploads\/2016\/03\/DSC01400.jpg","type":"image\/jpeg"}],"author":"Cope Alcoy","twitter_misc":{"Escrito por":"Cope Alcoy","Tiempo de lectura":"3 minutos"},"schema":{"@context":"https:\/\/schema.org","@graph":[{"@type":"Article","@id":"https:\/\/www.copealcoy.es\/es\/alcoy-pide-a-la-generalitat-que-asuma-las-competencias-del-cem\/#article","isPartOf":{"@id":"https:\/\/www.copealcoy.es\/es\/alcoy-pide-a-la-generalitat-que-asuma-las-competencias-del-cem\/"},"author":{"name":"Cope Alcoy","@id":"https:\/\/www.copealcoy.es\/es\/#\/schema\/person\/e777c87fa024e57d40170af9df39882c"},"headline":"Alcoy pide a la Generalitat que asuma las competencias del CEM","datePublished":"2016-03-30T14:34:33+00:00","dateModified":"2016-03-30T14:37:00+00:00","mainEntityOfPage":{"@id":"https:\/\/www.copealcoy.es\/es\/alcoy-pide-a-la-generalitat-que-asuma-las-competencias-del-cem\/"},"wordCount":701,"commentCount":0,"image":{"@id":"https:\/\/www.copealcoy.es\/es\/alcoy-pide-a-la-generalitat-que-asuma-las-competencias-del-cem\/#primaryimage"},"thumbnailUrl":"https:\/\/www.copealcoy.es\/wp-content\/uploads\/2016\/03\/DSC01400.jpg","keywords":["Alcoy","Antonio Franc\u00e9s","Inversiones","Pleno","prestamo"],"articleSection":["Alcoy","Noticias","Portada"],"inLanguage":"es"},{"@type":"WebPage","@id":"https:\/\/www.copealcoy.es\/es\/alcoy-pide-a-la-generalitat-que-asuma-las-competencias-del-cem\/","url":"https:\/\/www.copealcoy.es\/es\/alcoy-pide-a-la-generalitat-que-asuma-las-competencias-del-cem\/","name":"Alcoy pide a la Generalitat que asuma las competencias del CEM - COPE Alcoy","isPartOf":{"@id":"https:\/\/www.copealcoy.es\/es\/#website"},"primaryImageOfPage":{"@id":"https:\/\/www.copealcoy.es\/es\/alcoy-pide-a-la-generalitat-que-asuma-las-competencias-del-cem\/#primaryimage"},"image":{"@id":"https:\/\/www.copealcoy.es\/es\/alcoy-pide-a-la-generalitat-que-asuma-las-competencias-del-cem\/#primaryimage"},"thumbnailUrl":"https:\/\/www.copealcoy.es\/wp-content\/uploads\/2016\/03\/DSC01400.jpg","datePublished":"2016-03-30T14:34:33+00:00","dateModified":"2016-03-30T14:37:00+00:00","author":{"@id":"https:\/\/www.copealcoy.es\/es\/#\/schema\/person\/e777c87fa024e57d40170af9df39882c"},"breadcrumb":{"@id":"https:\/\/www.copealcoy.es\/es\/alcoy-pide-a-la-generalitat-que-asuma-las-competencias-del-cem\/#breadcrumb"},"inLanguage":"es","potentialAction":[{"@type":"ReadAction","target":["https:\/\/www.copealcoy.es\/es\/alcoy-pide-a-la-generalitat-que-asuma-las-competencias-del-cem\/"]}]},{"@type":"ImageObject","inLanguage":"es","@id":"https:\/\/www.copealcoy.es\/es\/alcoy-pide-a-la-generalitat-que-asuma-las-competencias-del-cem\/#primaryimage","url":"https:\/\/www.copealcoy.es\/wp-content\/uploads\/2016\/03\/DSC01400.jpg","contentUrl":"https:\/\/www.copealcoy.es\/wp-content\/uploads\/2016\/03\/DSC01400.jpg","width":2282,"height":1426,"caption":"Sesi\u00f3n plenaria celebrada ayer en el Ayuntamiento de Alcoy \/ Foto: G. Pascual"},{"@type":"BreadcrumbList","@id":"https:\/\/www.copealcoy.es\/es\/alcoy-pide-a-la-generalitat-que-asuma-las-competencias-del-cem\/#breadcrumb","itemListElement":[{"@type":"ListItem","position":1,"name":"Portada","item":"https:\/\/www.copealcoy.es\/es\/"},{"@type":"ListItem","position":2,"name":"Alcoy pide a la Generalitat que asuma las competencias del CEM"}]},{"@type":"WebSite","@id":"https:\/\/www.copealcoy.es\/es\/#website","url":"https:\/\/www.copealcoy.es\/es\/","name":"COPE Alcoy","description":"Emisora COPE de radio local con emisi\u00f3n online. Pont de Sant Jordi 8-10 03803 Alcoy","potentialAction":[{"@type":"SearchAction","target":{"@type":"EntryPoint","urlTemplate":"https:\/\/www.copealcoy.es\/es\/?s={search_term_string}"},"query-input":{"@type":"PropertyValueSpecification","valueRequired":true,"valueName":"search_term_string"}}],"inLanguage":"es"},{"@type":"Person","@id":"https:\/\/www.copealcoy.es\/es\/#\/schema\/person\/e777c87fa024e57d40170af9df39882c","name":"Cope Alcoy","image":{"@type":"ImageObject","inLanguage":"es","@id":"https:\/\/secure.gravatar.com\/avatar\/bb65d0283347e303893ba14f0692005417c1e0e690a325a4c5d8bb2b3943ee14?s=96&d=mm&r=g","url":"https:\/\/secure.gravatar.com\/avatar\/bb65d0283347e303893ba14f0692005417c1e0e690a325a4c5d8bb2b3943ee14?s=96&d=mm&r=g","contentUrl":"https:\/\/secure.gravatar.com\/avatar\/bb65d0283347e303893ba14f0692005417c1e0e690a325a4c5d8bb2b3943ee14?s=96&d=mm&r=g","caption":"Cope Alcoy"}}]}},"_links":{"self":[{"href":"https:\/\/www.copealcoy.es\/es\/wp-json\/wp\/v2\/posts\/20267","targetHints":{"allow":["GET"]}}],"collection":[{"href":"https:\/\/www.copealcoy.es\/es\/wp-json\/wp\/v2\/posts"}],"about":[{"href":"https:\/\/www.copealcoy.es\/es\/wp-json\/wp\/v2\/types\/post"}],"author":[{"embeddable":true,"href":"https:\/\/www.copealcoy.es\/es\/wp-json\/wp\/v2\/users\/1"}],"replies":[{"embeddable":true,"href":"https:\/\/www.copealcoy.es\/es\/wp-json\/wp\/v2\/comments?post=20267"}],"version-history":[{"count":0,"href":"https:\/\/www.copealcoy.es\/es\/wp-json\/wp\/v2\/posts\/20267\/revisions"}],"wp:featuredmedia":[{"embeddable":true,"href":"https:\/\/www.copealcoy.es\/es\/wp-json\/wp\/v2\/media\/20270"}],"wp:attachment":[{"href":"https:\/\/www.copealcoy.es\/es\/wp-json\/wp\/v2\/media?parent=20267"}],"wp:term":[{"taxonomy":"category","embeddable":true,"href":"https:\/\/www.copealcoy.es\/es\/wp-json\/wp\/v2\/categories?post=20267"},{"taxonomy":"post_tag","embeddable":true,"href":"https:\/\/www.copealcoy.es\/es\/wp-json\/wp\/v2\/tags?post=20267"}],"curies":[{"name":"wp","href":"https:\/\/api.w.org\/{rel}","templated":true}]}}