{"id":20260,"date":"2016-03-30T06:00:00","date_gmt":"2016-03-30T06:00:00","guid":{"rendered":"http:\/\/copealcoi.es\/new\/?p=20260"},"modified":"2016-03-29T21:15:30","modified_gmt":"2016-03-29T21:15:30","slug":"los-judios-recuerdan-en-un-libro-sus-dos-ultimos-cargos-festeros","status":"publish","type":"post","link":"https:\/\/www.copealcoy.es\/es\/los-judios-recuerdan-en-un-libro-sus-dos-ultimos-cargos-festeros\/","title":{"rendered":"Los Jud\u00edos recuerdan en un libro sus dos \u00faltimos cargos festeros"},"content":{"rendered":"<p style=\"text-align: justify;\">La Fil\u00e0 Judios de Alcoy present\u00f3 a mediados del mes de marzo un libro en el que recoge los momentos m\u00e1s destacados de sus dos \u00faltimos cargos desempe\u00f1ados en 2014 (alf\u00e9rez con Juan Mataix) y capit\u00e1n en el 2015 (con Antonio Masi\u00e0). En la publicaci\u00f3n, que cuenta con 72 p\u00e1ginas, se recopilan textos y fotograf\u00edas a trav\u00e9s de un exhaustivo trabajo que ha contado con la coordinaci\u00f3n de Francisco Garc\u00eda, Ivan Gisbert, Alfonso Llorens, Jos\u00e9 Ernesto Nadal, Joan Oriola y Enrique Villar.<\/p>\n<p style=\"text-align: justify;\">\n","protected":false},"excerpt":{"rendered":"<p>La Fil\u00e0 Judios de Alcoy present\u00f3 a mediados del mes de marzo un libro en el que recoge los momentos&#8230;<\/p>\n","protected":false},"author":1,"featured_media":20261,"comment_status":"open","ping_status":"open","sticky":false,"template":"","format":"standard","meta":{"footnotes":""},"categories":[97,78,75],"tags":[1494,1156,2062,856],"class_list":["post-20260","post","type-post","status-publish","format-standard","has-post-thumbnail","hentry","category-alcoy","category-fiestaycultura","category-noticias","tag-alcoy","tag-cargos","tag-judios","tag-moros-i-cristians"],"yoast_head":"<!-- This site is optimized with the Yoast SEO plugin v27.3 - https:\/\/yoast.com\/product\/yoast-seo-wordpress\/ -->\n<title>Los Jud\u00edos recuerdan en un libro sus dos \u00faltimos cargos festeros - COPE Alcoy<\/title>\n<meta name=\"robots\" content=\"index, follow, max-snippet:-1, max-image-preview:large, max-video-preview:-1\" \/>\n<link rel=\"canonical\" href=\"https:\/\/www.copealcoy.es\/es\/los-judios-recuerdan-en-un-libro-sus-dos-ultimos-cargos-festeros\/\" \/>\n<meta property=\"og:locale\" content=\"es_ES\" \/>\n<meta property=\"og:type\" content=\"article\" \/>\n<meta property=\"og:title\" content=\"Los Jud\u00edos recuerdan en un libro sus dos \u00faltimos cargos festeros - COPE Alcoy\" \/>\n<meta property=\"og:description\" content=\"La Fil\u00e0 Judios de Alcoy present\u00f3 a mediados del mes de marzo un libro en el que recoge los momentos...\" \/>\n<meta property=\"og:url\" content=\"https:\/\/www.copealcoy.es\/es\/los-judios-recuerdan-en-un-libro-sus-dos-ultimos-cargos-festeros\/\" \/>\n<meta property=\"og:site_name\" content=\"COPE Alcoy\" \/>\n<meta property=\"article:published_time\" content=\"2016-03-30T06:00:00+00:00\" \/>\n<meta property=\"og:image\" content=\"https:\/\/www.copealcoy.es\/wp-content\/uploads\/2016\/03\/\u00d3scar-120316-0003-1024x768.jpg\" \/>\n\t<meta property=\"og:image:width\" content=\"1024\" \/>\n\t<meta property=\"og:image:height\" content=\"768\" \/>\n\t<meta property=\"og:image:type\" content=\"image\/jpeg\" \/>\n<meta name=\"author\" content=\"Cope Alcoy\" \/>\n<meta name=\"twitter:label1\" content=\"Escrito por\" \/>\n\t<meta name=\"twitter:data1\" content=\"Cope Alcoy\" \/>\n<script type=\"application\/ld+json\" class=\"yoast-schema-graph\">{\"@context\":\"https:\\\/\\\/schema.org\",\"@graph\":[{\"@type\":\"Article\",\"@id\":\"https:\\\/\\\/www.copealcoy.es\\\/es\\\/los-judios-recuerdan-en-un-libro-sus-dos-ultimos-cargos-festeros\\\/#article\",\"isPartOf\":{\"@id\":\"https:\\\/\\\/www.copealcoy.es\\\/es\\\/los-judios-recuerdan-en-un-libro-sus-dos-ultimos-cargos-festeros\\\/\"},\"author\":{\"name\":\"Cope Alcoy\",\"@id\":\"https:\\\/\\\/www.copealcoy.es\\\/es\\\/#\\\/schema\\\/person\\\/e777c87fa024e57d40170af9df39882c\"},\"headline\":\"Los Jud\u00edos recuerdan en un libro sus dos \u00faltimos cargos festeros\",\"datePublished\":\"2016-03-30T06:00:00+00:00\",\"mainEntityOfPage\":{\"@id\":\"https:\\\/\\\/www.copealcoy.es\\\/es\\\/los-judios-recuerdan-en-un-libro-sus-dos-ultimos-cargos-festeros\\\/\"},\"wordCount\":101,\"commentCount\":0,\"image\":{\"@id\":\"https:\\\/\\\/www.copealcoy.es\\\/es\\\/los-judios-recuerdan-en-un-libro-sus-dos-ultimos-cargos-festeros\\\/#primaryimage\"},\"thumbnailUrl\":\"https:\\\/\\\/www.copealcoy.es\\\/wp-content\\\/uploads\\\/2016\\\/03\\\/\u00d3scar-120316-0003.jpg\",\"keywords\":[\"Alcoy\",\"cargos\",\"Jud\u00edos\",\"Moros i Cristians\"],\"articleSection\":[\"Alcoy\",\"Fiesta y Cultura\",\"Noticias\"],\"inLanguage\":\"es\"},{\"@type\":\"WebPage\",\"@id\":\"https:\\\/\\\/www.copealcoy.es\\\/es\\\/los-judios-recuerdan-en-un-libro-sus-dos-ultimos-cargos-festeros\\\/\",\"url\":\"https:\\\/\\\/www.copealcoy.es\\\/es\\\/los-judios-recuerdan-en-un-libro-sus-dos-ultimos-cargos-festeros\\\/\",\"name\":\"Los Jud\u00edos recuerdan en un libro sus dos \u00faltimos cargos festeros - COPE Alcoy\",\"isPartOf\":{\"@id\":\"https:\\\/\\\/www.copealcoy.es\\\/es\\\/#website\"},\"primaryImageOfPage\":{\"@id\":\"https:\\\/\\\/www.copealcoy.es\\\/es\\\/los-judios-recuerdan-en-un-libro-sus-dos-ultimos-cargos-festeros\\\/#primaryimage\"},\"image\":{\"@id\":\"https:\\\/\\\/www.copealcoy.es\\\/es\\\/los-judios-recuerdan-en-un-libro-sus-dos-ultimos-cargos-festeros\\\/#primaryimage\"},\"thumbnailUrl\":\"https:\\\/\\\/www.copealcoy.es\\\/wp-content\\\/uploads\\\/2016\\\/03\\\/\u00d3scar-120316-0003.jpg\",\"datePublished\":\"2016-03-30T06:00:00+00:00\",\"author\":{\"@id\":\"https:\\\/\\\/www.copealcoy.es\\\/es\\\/#\\\/schema\\\/person\\\/e777c87fa024e57d40170af9df39882c\"},\"breadcrumb\":{\"@id\":\"https:\\\/\\\/www.copealcoy.es\\\/es\\\/los-judios-recuerdan-en-un-libro-sus-dos-ultimos-cargos-festeros\\\/#breadcrumb\"},\"inLanguage\":\"es\",\"potentialAction\":[{\"@type\":\"ReadAction\",\"target\":[\"https:\\\/\\\/www.copealcoy.es\\\/es\\\/los-judios-recuerdan-en-un-libro-sus-dos-ultimos-cargos-festeros\\\/\"]}]},{\"@type\":\"ImageObject\",\"inLanguage\":\"es\",\"@id\":\"https:\\\/\\\/www.copealcoy.es\\\/es\\\/los-judios-recuerdan-en-un-libro-sus-dos-ultimos-cargos-festeros\\\/#primaryimage\",\"url\":\"https:\\\/\\\/www.copealcoy.es\\\/wp-content\\\/uploads\\\/2016\\\/03\\\/\u00d3scar-120316-0003.jpg\",\"contentUrl\":\"https:\\\/\\\/www.copealcoy.es\\\/wp-content\\\/uploads\\\/2016\\\/03\\\/\u00d3scar-120316-0003.jpg\",\"width\":3264,\"height\":2448},{\"@type\":\"BreadcrumbList\",\"@id\":\"https:\\\/\\\/www.copealcoy.es\\\/es\\\/los-judios-recuerdan-en-un-libro-sus-dos-ultimos-cargos-festeros\\\/#breadcrumb\",\"itemListElement\":[{\"@type\":\"ListItem\",\"position\":1,\"name\":\"Portada\",\"item\":\"https:\\\/\\\/www.copealcoy.es\\\/es\\\/\"},{\"@type\":\"ListItem\",\"position\":2,\"name\":\"Los Jud\u00edos recuerdan en un libro sus dos \u00faltimos cargos festeros\"}]},{\"@type\":\"WebSite\",\"@id\":\"https:\\\/\\\/www.copealcoy.es\\\/es\\\/#website\",\"url\":\"https:\\\/\\\/www.copealcoy.es\\\/es\\\/\",\"name\":\"COPE Alcoy\",\"description\":\"Emisora COPE de radio local con emisi\u00f3n online. Pont de Sant Jordi 8-10 03803 Alcoy\",\"potentialAction\":[{\"@type\":\"SearchAction\",\"target\":{\"@type\":\"EntryPoint\",\"urlTemplate\":\"https:\\\/\\\/www.copealcoy.es\\\/es\\\/?s={search_term_string}\"},\"query-input\":{\"@type\":\"PropertyValueSpecification\",\"valueRequired\":true,\"valueName\":\"search_term_string\"}}],\"inLanguage\":\"es\"},{\"@type\":\"Person\",\"@id\":\"https:\\\/\\\/www.copealcoy.es\\\/es\\\/#\\\/schema\\\/person\\\/e777c87fa024e57d40170af9df39882c\",\"name\":\"Cope Alcoy\",\"image\":{\"@type\":\"ImageObject\",\"inLanguage\":\"es\",\"@id\":\"https:\\\/\\\/secure.gravatar.com\\\/avatar\\\/bb65d0283347e303893ba14f0692005417c1e0e690a325a4c5d8bb2b3943ee14?s=96&d=mm&r=g\",\"url\":\"https:\\\/\\\/secure.gravatar.com\\\/avatar\\\/bb65d0283347e303893ba14f0692005417c1e0e690a325a4c5d8bb2b3943ee14?s=96&d=mm&r=g\",\"contentUrl\":\"https:\\\/\\\/secure.gravatar.com\\\/avatar\\\/bb65d0283347e303893ba14f0692005417c1e0e690a325a4c5d8bb2b3943ee14?s=96&d=mm&r=g\",\"caption\":\"Cope Alcoy\"}}]}<\/script>\n<!-- \/ Yoast SEO plugin. -->","yoast_head_json":{"title":"Los Jud\u00edos recuerdan en un libro sus dos \u00faltimos cargos festeros - COPE Alcoy","robots":{"index":"index","follow":"follow","max-snippet":"max-snippet:-1","max-image-preview":"max-image-preview:large","max-video-preview":"max-video-preview:-1"},"canonical":"https:\/\/www.copealcoy.es\/es\/los-judios-recuerdan-en-un-libro-sus-dos-ultimos-cargos-festeros\/","og_locale":"es_ES","og_type":"article","og_title":"Los Jud\u00edos recuerdan en un libro sus dos \u00faltimos cargos festeros - COPE Alcoy","og_description":"La Fil\u00e0 Judios de Alcoy present\u00f3 a mediados del mes de marzo un libro en el que recoge los momentos...","og_url":"https:\/\/www.copealcoy.es\/es\/los-judios-recuerdan-en-un-libro-sus-dos-ultimos-cargos-festeros\/","og_site_name":"COPE Alcoy","article_published_time":"2016-03-30T06:00:00+00:00","og_image":[{"width":1024,"height":768,"url":"https:\/\/www.copealcoy.es\/wp-content\/uploads\/2016\/03\/\u00d3scar-120316-0003-1024x768.jpg","type":"image\/jpeg"}],"author":"Cope Alcoy","twitter_misc":{"Escrito por":"Cope Alcoy"},"schema":{"@context":"https:\/\/schema.org","@graph":[{"@type":"Article","@id":"https:\/\/www.copealcoy.es\/es\/los-judios-recuerdan-en-un-libro-sus-dos-ultimos-cargos-festeros\/#article","isPartOf":{"@id":"https:\/\/www.copealcoy.es\/es\/los-judios-recuerdan-en-un-libro-sus-dos-ultimos-cargos-festeros\/"},"author":{"name":"Cope Alcoy","@id":"https:\/\/www.copealcoy.es\/es\/#\/schema\/person\/e777c87fa024e57d40170af9df39882c"},"headline":"Los Jud\u00edos recuerdan en un libro sus dos \u00faltimos cargos festeros","datePublished":"2016-03-30T06:00:00+00:00","mainEntityOfPage":{"@id":"https:\/\/www.copealcoy.es\/es\/los-judios-recuerdan-en-un-libro-sus-dos-ultimos-cargos-festeros\/"},"wordCount":101,"commentCount":0,"image":{"@id":"https:\/\/www.copealcoy.es\/es\/los-judios-recuerdan-en-un-libro-sus-dos-ultimos-cargos-festeros\/#primaryimage"},"thumbnailUrl":"https:\/\/www.copealcoy.es\/wp-content\/uploads\/2016\/03\/\u00d3scar-120316-0003.jpg","keywords":["Alcoy","cargos","Jud\u00edos","Moros i Cristians"],"articleSection":["Alcoy","Fiesta y Cultura","Noticias"],"inLanguage":"es"},{"@type":"WebPage","@id":"https:\/\/www.copealcoy.es\/es\/los-judios-recuerdan-en-un-libro-sus-dos-ultimos-cargos-festeros\/","url":"https:\/\/www.copealcoy.es\/es\/los-judios-recuerdan-en-un-libro-sus-dos-ultimos-cargos-festeros\/","name":"Los Jud\u00edos recuerdan en un libro sus dos \u00faltimos cargos festeros - COPE Alcoy","isPartOf":{"@id":"https:\/\/www.copealcoy.es\/es\/#website"},"primaryImageOfPage":{"@id":"https:\/\/www.copealcoy.es\/es\/los-judios-recuerdan-en-un-libro-sus-dos-ultimos-cargos-festeros\/#primaryimage"},"image":{"@id":"https:\/\/www.copealcoy.es\/es\/los-judios-recuerdan-en-un-libro-sus-dos-ultimos-cargos-festeros\/#primaryimage"},"thumbnailUrl":"https:\/\/www.copealcoy.es\/wp-content\/uploads\/2016\/03\/\u00d3scar-120316-0003.jpg","datePublished":"2016-03-30T06:00:00+00:00","author":{"@id":"https:\/\/www.copealcoy.es\/es\/#\/schema\/person\/e777c87fa024e57d40170af9df39882c"},"breadcrumb":{"@id":"https:\/\/www.copealcoy.es\/es\/los-judios-recuerdan-en-un-libro-sus-dos-ultimos-cargos-festeros\/#breadcrumb"},"inLanguage":"es","potentialAction":[{"@type":"ReadAction","target":["https:\/\/www.copealcoy.es\/es\/los-judios-recuerdan-en-un-libro-sus-dos-ultimos-cargos-festeros\/"]}]},{"@type":"ImageObject","inLanguage":"es","@id":"https:\/\/www.copealcoy.es\/es\/los-judios-recuerdan-en-un-libro-sus-dos-ultimos-cargos-festeros\/#primaryimage","url":"https:\/\/www.copealcoy.es\/wp-content\/uploads\/2016\/03\/\u00d3scar-120316-0003.jpg","contentUrl":"https:\/\/www.copealcoy.es\/wp-content\/uploads\/2016\/03\/\u00d3scar-120316-0003.jpg","width":3264,"height":2448},{"@type":"BreadcrumbList","@id":"https:\/\/www.copealcoy.es\/es\/los-judios-recuerdan-en-un-libro-sus-dos-ultimos-cargos-festeros\/#breadcrumb","itemListElement":[{"@type":"ListItem","position":1,"name":"Portada","item":"https:\/\/www.copealcoy.es\/es\/"},{"@type":"ListItem","position":2,"name":"Los Jud\u00edos recuerdan en un libro sus dos \u00faltimos cargos festeros"}]},{"@type":"WebSite","@id":"https:\/\/www.copealcoy.es\/es\/#website","url":"https:\/\/www.copealcoy.es\/es\/","name":"COPE Alcoy","description":"Emisora COPE de radio local con emisi\u00f3n online. Pont de Sant Jordi 8-10 03803 Alcoy","potentialAction":[{"@type":"SearchAction","target":{"@type":"EntryPoint","urlTemplate":"https:\/\/www.copealcoy.es\/es\/?s={search_term_string}"},"query-input":{"@type":"PropertyValueSpecification","valueRequired":true,"valueName":"search_term_string"}}],"inLanguage":"es"},{"@type":"Person","@id":"https:\/\/www.copealcoy.es\/es\/#\/schema\/person\/e777c87fa024e57d40170af9df39882c","name":"Cope Alcoy","image":{"@type":"ImageObject","inLanguage":"es","@id":"https:\/\/secure.gravatar.com\/avatar\/bb65d0283347e303893ba14f0692005417c1e0e690a325a4c5d8bb2b3943ee14?s=96&d=mm&r=g","url":"https:\/\/secure.gravatar.com\/avatar\/bb65d0283347e303893ba14f0692005417c1e0e690a325a4c5d8bb2b3943ee14?s=96&d=mm&r=g","contentUrl":"https:\/\/secure.gravatar.com\/avatar\/bb65d0283347e303893ba14f0692005417c1e0e690a325a4c5d8bb2b3943ee14?s=96&d=mm&r=g","caption":"Cope Alcoy"}}]}},"_links":{"self":[{"href":"https:\/\/www.copealcoy.es\/es\/wp-json\/wp\/v2\/posts\/20260","targetHints":{"allow":["GET"]}}],"collection":[{"href":"https:\/\/www.copealcoy.es\/es\/wp-json\/wp\/v2\/posts"}],"about":[{"href":"https:\/\/www.copealcoy.es\/es\/wp-json\/wp\/v2\/types\/post"}],"author":[{"embeddable":true,"href":"https:\/\/www.copealcoy.es\/es\/wp-json\/wp\/v2\/users\/1"}],"replies":[{"embeddable":true,"href":"https:\/\/www.copealcoy.es\/es\/wp-json\/wp\/v2\/comments?post=20260"}],"version-history":[{"count":0,"href":"https:\/\/www.copealcoy.es\/es\/wp-json\/wp\/v2\/posts\/20260\/revisions"}],"wp:featuredmedia":[{"embeddable":true,"href":"https:\/\/www.copealcoy.es\/es\/wp-json\/wp\/v2\/media\/20261"}],"wp:attachment":[{"href":"https:\/\/www.copealcoy.es\/es\/wp-json\/wp\/v2\/media?parent=20260"}],"wp:term":[{"taxonomy":"category","embeddable":true,"href":"https:\/\/www.copealcoy.es\/es\/wp-json\/wp\/v2\/categories?post=20260"},{"taxonomy":"post_tag","embeddable":true,"href":"https:\/\/www.copealcoy.es\/es\/wp-json\/wp\/v2\/tags?post=20260"}],"curies":[{"name":"wp","href":"https:\/\/api.w.org\/{rel}","templated":true}]}}