{"id":20192,"date":"2016-03-26T17:03:30","date_gmt":"2016-03-26T17:03:30","guid":{"rendered":"http:\/\/copealcoi.es\/new\/?p=20192"},"modified":"2016-03-26T17:03:30","modified_gmt":"2016-03-26T17:03:30","slug":"sergi-rodriguez-deja-la-coordinacion-de-esquerra-unida","status":"publish","type":"post","link":"https:\/\/www.copealcoy.es\/es\/sergi-rodriguez-deja-la-coordinacion-de-esquerra-unida\/","title":{"rendered":"Sergi Rodr\u00edguez deja la coordinaci\u00f3n de Esquerra Unida"},"content":{"rendered":"<p style=\"text-align: justify;\">El hasta ahora coordinador local de Esquerra Unida en Alcoy, Sergi Rodr\u00edguez, ha anunciado que deja el cargo por motivos laborales. Rodr\u00edguez ha indicado que esta decisi\u00f3n se debe estrictamente a razones personales &#8220;puesto que\u00a0ahora estoy plenamente identificado con la pol\u00edtica que est\u00e1 desarrollando Alberto Garz\u00f3n, y auguro un futuro m\u00e1s que prometedor para Izquierda Unida&#8221;, indica.<\/p>\n<p style=\"text-align: justify;\">La formaci\u00f3n pol\u00edtica ha convocado una asamblea para el pr\u00f3ximo 3 de abril en la que se elegir\u00e1 al nuevo coordinador local y se nombrar\u00e1 tambi\u00e9n un nuevo consejo pol\u00edtico.<\/p>\n","protected":false},"excerpt":{"rendered":"<p>El hasta ahora coordinador local de Esquerra Unida en Alcoy, Sergi Rodr\u00edguez, ha anunciado que deja el cargo por motivos&#8230;<\/p>\n","protected":false},"author":1,"featured_media":20193,"comment_status":"open","ping_status":"open","sticky":false,"template":"","format":"standard","meta":{"footnotes":""},"categories":[97,75,79],"tags":[1494,242,422,2051],"class_list":["post-20192","post","type-post","status-publish","format-standard","has-post-thumbnail","hentry","category-alcoy","category-noticias","category-politicayeconomia","tag-alcoy","tag-esquerra-unida","tag-politica","tag-sergi-rodriguez"],"yoast_head":"<!-- This site is optimized with the Yoast SEO plugin v27.3 - https:\/\/yoast.com\/product\/yoast-seo-wordpress\/ -->\n<title>Sergi Rodr\u00edguez deja la coordinaci\u00f3n de Esquerra Unida - COPE Alcoy<\/title>\n<meta name=\"robots\" content=\"index, follow, max-snippet:-1, max-image-preview:large, max-video-preview:-1\" \/>\n<link rel=\"canonical\" href=\"https:\/\/www.copealcoy.es\/es\/sergi-rodriguez-deja-la-coordinacion-de-esquerra-unida\/\" \/>\n<meta property=\"og:locale\" content=\"es_ES\" \/>\n<meta property=\"og:type\" content=\"article\" \/>\n<meta property=\"og:title\" content=\"Sergi Rodr\u00edguez deja la coordinaci\u00f3n de Esquerra Unida - COPE Alcoy\" \/>\n<meta property=\"og:description\" content=\"El hasta ahora coordinador local de Esquerra Unida en Alcoy, Sergi Rodr\u00edguez, ha anunciado que deja el cargo por motivos...\" \/>\n<meta property=\"og:url\" content=\"https:\/\/www.copealcoy.es\/es\/sergi-rodriguez-deja-la-coordinacion-de-esquerra-unida\/\" \/>\n<meta property=\"og:site_name\" content=\"COPE Alcoy\" \/>\n<meta property=\"article:published_time\" content=\"2016-03-26T17:03:30+00:00\" \/>\n<meta property=\"og:image\" content=\"https:\/\/www.copealcoy.es\/wp-content\/uploads\/2016\/03\/Captura-de-pantalla-2016-01-10-a-las-12.25.43.png\" \/>\n\t<meta property=\"og:image:width\" content=\"641\" \/>\n\t<meta property=\"og:image:height\" content=\"359\" \/>\n\t<meta property=\"og:image:type\" content=\"image\/png\" \/>\n<meta name=\"author\" content=\"Cope Alcoy\" \/>\n<meta name=\"twitter:label1\" content=\"Escrito por\" \/>\n\t<meta name=\"twitter:data1\" content=\"Cope Alcoy\" \/>\n<script type=\"application\/ld+json\" class=\"yoast-schema-graph\">{\"@context\":\"https:\\\/\\\/schema.org\",\"@graph\":[{\"@type\":\"Article\",\"@id\":\"https:\\\/\\\/www.copealcoy.es\\\/es\\\/sergi-rodriguez-deja-la-coordinacion-de-esquerra-unida\\\/#article\",\"isPartOf\":{\"@id\":\"https:\\\/\\\/www.copealcoy.es\\\/es\\\/sergi-rodriguez-deja-la-coordinacion-de-esquerra-unida\\\/\"},\"author\":{\"name\":\"Cope Alcoy\",\"@id\":\"https:\\\/\\\/www.copealcoy.es\\\/es\\\/#\\\/schema\\\/person\\\/e777c87fa024e57d40170af9df39882c\"},\"headline\":\"Sergi Rodr\u00edguez deja la coordinaci\u00f3n de Esquerra Unida\",\"datePublished\":\"2016-03-26T17:03:30+00:00\",\"mainEntityOfPage\":{\"@id\":\"https:\\\/\\\/www.copealcoy.es\\\/es\\\/sergi-rodriguez-deja-la-coordinacion-de-esquerra-unida\\\/\"},\"wordCount\":108,\"commentCount\":0,\"image\":{\"@id\":\"https:\\\/\\\/www.copealcoy.es\\\/es\\\/sergi-rodriguez-deja-la-coordinacion-de-esquerra-unida\\\/#primaryimage\"},\"thumbnailUrl\":\"https:\\\/\\\/www.copealcoy.es\\\/wp-content\\\/uploads\\\/2016\\\/03\\\/Captura-de-pantalla-2016-01-10-a-las-12.25.43.png\",\"keywords\":[\"Alcoy\",\"Esquerra Unida\",\"Pol\u00edtica\",\"Sergi Rodr\u00edguez\"],\"articleSection\":[\"Alcoy\",\"Noticias\",\"Pol\u00edtica y Econom\u00eda\"],\"inLanguage\":\"es\"},{\"@type\":\"WebPage\",\"@id\":\"https:\\\/\\\/www.copealcoy.es\\\/es\\\/sergi-rodriguez-deja-la-coordinacion-de-esquerra-unida\\\/\",\"url\":\"https:\\\/\\\/www.copealcoy.es\\\/es\\\/sergi-rodriguez-deja-la-coordinacion-de-esquerra-unida\\\/\",\"name\":\"Sergi Rodr\u00edguez deja la coordinaci\u00f3n de Esquerra Unida - COPE Alcoy\",\"isPartOf\":{\"@id\":\"https:\\\/\\\/www.copealcoy.es\\\/es\\\/#website\"},\"primaryImageOfPage\":{\"@id\":\"https:\\\/\\\/www.copealcoy.es\\\/es\\\/sergi-rodriguez-deja-la-coordinacion-de-esquerra-unida\\\/#primaryimage\"},\"image\":{\"@id\":\"https:\\\/\\\/www.copealcoy.es\\\/es\\\/sergi-rodriguez-deja-la-coordinacion-de-esquerra-unida\\\/#primaryimage\"},\"thumbnailUrl\":\"https:\\\/\\\/www.copealcoy.es\\\/wp-content\\\/uploads\\\/2016\\\/03\\\/Captura-de-pantalla-2016-01-10-a-las-12.25.43.png\",\"datePublished\":\"2016-03-26T17:03:30+00:00\",\"author\":{\"@id\":\"https:\\\/\\\/www.copealcoy.es\\\/es\\\/#\\\/schema\\\/person\\\/e777c87fa024e57d40170af9df39882c\"},\"breadcrumb\":{\"@id\":\"https:\\\/\\\/www.copealcoy.es\\\/es\\\/sergi-rodriguez-deja-la-coordinacion-de-esquerra-unida\\\/#breadcrumb\"},\"inLanguage\":\"es\",\"potentialAction\":[{\"@type\":\"ReadAction\",\"target\":[\"https:\\\/\\\/www.copealcoy.es\\\/es\\\/sergi-rodriguez-deja-la-coordinacion-de-esquerra-unida\\\/\"]}]},{\"@type\":\"ImageObject\",\"inLanguage\":\"es\",\"@id\":\"https:\\\/\\\/www.copealcoy.es\\\/es\\\/sergi-rodriguez-deja-la-coordinacion-de-esquerra-unida\\\/#primaryimage\",\"url\":\"https:\\\/\\\/www.copealcoy.es\\\/wp-content\\\/uploads\\\/2016\\\/03\\\/Captura-de-pantalla-2016-01-10-a-las-12.25.43.png\",\"contentUrl\":\"https:\\\/\\\/www.copealcoy.es\\\/wp-content\\\/uploads\\\/2016\\\/03\\\/Captura-de-pantalla-2016-01-10-a-las-12.25.43.png\",\"width\":641,\"height\":359},{\"@type\":\"BreadcrumbList\",\"@id\":\"https:\\\/\\\/www.copealcoy.es\\\/es\\\/sergi-rodriguez-deja-la-coordinacion-de-esquerra-unida\\\/#breadcrumb\",\"itemListElement\":[{\"@type\":\"ListItem\",\"position\":1,\"name\":\"Portada\",\"item\":\"https:\\\/\\\/www.copealcoy.es\\\/es\\\/\"},{\"@type\":\"ListItem\",\"position\":2,\"name\":\"Sergi Rodr\u00edguez deja la coordinaci\u00f3n de Esquerra Unida\"}]},{\"@type\":\"WebSite\",\"@id\":\"https:\\\/\\\/www.copealcoy.es\\\/es\\\/#website\",\"url\":\"https:\\\/\\\/www.copealcoy.es\\\/es\\\/\",\"name\":\"COPE Alcoy\",\"description\":\"Emisora COPE de radio local con emisi\u00f3n online. Pont de Sant Jordi 8-10 03803 Alcoy\",\"potentialAction\":[{\"@type\":\"SearchAction\",\"target\":{\"@type\":\"EntryPoint\",\"urlTemplate\":\"https:\\\/\\\/www.copealcoy.es\\\/es\\\/?s={search_term_string}\"},\"query-input\":{\"@type\":\"PropertyValueSpecification\",\"valueRequired\":true,\"valueName\":\"search_term_string\"}}],\"inLanguage\":\"es\"},{\"@type\":\"Person\",\"@id\":\"https:\\\/\\\/www.copealcoy.es\\\/es\\\/#\\\/schema\\\/person\\\/e777c87fa024e57d40170af9df39882c\",\"name\":\"Cope Alcoy\",\"image\":{\"@type\":\"ImageObject\",\"inLanguage\":\"es\",\"@id\":\"https:\\\/\\\/secure.gravatar.com\\\/avatar\\\/bb65d0283347e303893ba14f0692005417c1e0e690a325a4c5d8bb2b3943ee14?s=96&d=mm&r=g\",\"url\":\"https:\\\/\\\/secure.gravatar.com\\\/avatar\\\/bb65d0283347e303893ba14f0692005417c1e0e690a325a4c5d8bb2b3943ee14?s=96&d=mm&r=g\",\"contentUrl\":\"https:\\\/\\\/secure.gravatar.com\\\/avatar\\\/bb65d0283347e303893ba14f0692005417c1e0e690a325a4c5d8bb2b3943ee14?s=96&d=mm&r=g\",\"caption\":\"Cope Alcoy\"}}]}<\/script>\n<!-- \/ Yoast SEO plugin. -->","yoast_head_json":{"title":"Sergi Rodr\u00edguez deja la coordinaci\u00f3n de Esquerra Unida - COPE Alcoy","robots":{"index":"index","follow":"follow","max-snippet":"max-snippet:-1","max-image-preview":"max-image-preview:large","max-video-preview":"max-video-preview:-1"},"canonical":"https:\/\/www.copealcoy.es\/es\/sergi-rodriguez-deja-la-coordinacion-de-esquerra-unida\/","og_locale":"es_ES","og_type":"article","og_title":"Sergi Rodr\u00edguez deja la coordinaci\u00f3n de Esquerra Unida - COPE Alcoy","og_description":"El hasta ahora coordinador local de Esquerra Unida en Alcoy, Sergi Rodr\u00edguez, ha anunciado que deja el cargo por motivos...","og_url":"https:\/\/www.copealcoy.es\/es\/sergi-rodriguez-deja-la-coordinacion-de-esquerra-unida\/","og_site_name":"COPE Alcoy","article_published_time":"2016-03-26T17:03:30+00:00","og_image":[{"width":641,"height":359,"url":"https:\/\/www.copealcoy.es\/wp-content\/uploads\/2016\/03\/Captura-de-pantalla-2016-01-10-a-las-12.25.43.png","type":"image\/png"}],"author":"Cope Alcoy","twitter_misc":{"Escrito por":"Cope Alcoy"},"schema":{"@context":"https:\/\/schema.org","@graph":[{"@type":"Article","@id":"https:\/\/www.copealcoy.es\/es\/sergi-rodriguez-deja-la-coordinacion-de-esquerra-unida\/#article","isPartOf":{"@id":"https:\/\/www.copealcoy.es\/es\/sergi-rodriguez-deja-la-coordinacion-de-esquerra-unida\/"},"author":{"name":"Cope Alcoy","@id":"https:\/\/www.copealcoy.es\/es\/#\/schema\/person\/e777c87fa024e57d40170af9df39882c"},"headline":"Sergi Rodr\u00edguez deja la coordinaci\u00f3n de Esquerra Unida","datePublished":"2016-03-26T17:03:30+00:00","mainEntityOfPage":{"@id":"https:\/\/www.copealcoy.es\/es\/sergi-rodriguez-deja-la-coordinacion-de-esquerra-unida\/"},"wordCount":108,"commentCount":0,"image":{"@id":"https:\/\/www.copealcoy.es\/es\/sergi-rodriguez-deja-la-coordinacion-de-esquerra-unida\/#primaryimage"},"thumbnailUrl":"https:\/\/www.copealcoy.es\/wp-content\/uploads\/2016\/03\/Captura-de-pantalla-2016-01-10-a-las-12.25.43.png","keywords":["Alcoy","Esquerra Unida","Pol\u00edtica","Sergi Rodr\u00edguez"],"articleSection":["Alcoy","Noticias","Pol\u00edtica y Econom\u00eda"],"inLanguage":"es"},{"@type":"WebPage","@id":"https:\/\/www.copealcoy.es\/es\/sergi-rodriguez-deja-la-coordinacion-de-esquerra-unida\/","url":"https:\/\/www.copealcoy.es\/es\/sergi-rodriguez-deja-la-coordinacion-de-esquerra-unida\/","name":"Sergi Rodr\u00edguez deja la coordinaci\u00f3n de Esquerra Unida - COPE Alcoy","isPartOf":{"@id":"https:\/\/www.copealcoy.es\/es\/#website"},"primaryImageOfPage":{"@id":"https:\/\/www.copealcoy.es\/es\/sergi-rodriguez-deja-la-coordinacion-de-esquerra-unida\/#primaryimage"},"image":{"@id":"https:\/\/www.copealcoy.es\/es\/sergi-rodriguez-deja-la-coordinacion-de-esquerra-unida\/#primaryimage"},"thumbnailUrl":"https:\/\/www.copealcoy.es\/wp-content\/uploads\/2016\/03\/Captura-de-pantalla-2016-01-10-a-las-12.25.43.png","datePublished":"2016-03-26T17:03:30+00:00","author":{"@id":"https:\/\/www.copealcoy.es\/es\/#\/schema\/person\/e777c87fa024e57d40170af9df39882c"},"breadcrumb":{"@id":"https:\/\/www.copealcoy.es\/es\/sergi-rodriguez-deja-la-coordinacion-de-esquerra-unida\/#breadcrumb"},"inLanguage":"es","potentialAction":[{"@type":"ReadAction","target":["https:\/\/www.copealcoy.es\/es\/sergi-rodriguez-deja-la-coordinacion-de-esquerra-unida\/"]}]},{"@type":"ImageObject","inLanguage":"es","@id":"https:\/\/www.copealcoy.es\/es\/sergi-rodriguez-deja-la-coordinacion-de-esquerra-unida\/#primaryimage","url":"https:\/\/www.copealcoy.es\/wp-content\/uploads\/2016\/03\/Captura-de-pantalla-2016-01-10-a-las-12.25.43.png","contentUrl":"https:\/\/www.copealcoy.es\/wp-content\/uploads\/2016\/03\/Captura-de-pantalla-2016-01-10-a-las-12.25.43.png","width":641,"height":359},{"@type":"BreadcrumbList","@id":"https:\/\/www.copealcoy.es\/es\/sergi-rodriguez-deja-la-coordinacion-de-esquerra-unida\/#breadcrumb","itemListElement":[{"@type":"ListItem","position":1,"name":"Portada","item":"https:\/\/www.copealcoy.es\/es\/"},{"@type":"ListItem","position":2,"name":"Sergi Rodr\u00edguez deja la coordinaci\u00f3n de Esquerra Unida"}]},{"@type":"WebSite","@id":"https:\/\/www.copealcoy.es\/es\/#website","url":"https:\/\/www.copealcoy.es\/es\/","name":"COPE Alcoy","description":"Emisora COPE de radio local con emisi\u00f3n online. Pont de Sant Jordi 8-10 03803 Alcoy","potentialAction":[{"@type":"SearchAction","target":{"@type":"EntryPoint","urlTemplate":"https:\/\/www.copealcoy.es\/es\/?s={search_term_string}"},"query-input":{"@type":"PropertyValueSpecification","valueRequired":true,"valueName":"search_term_string"}}],"inLanguage":"es"},{"@type":"Person","@id":"https:\/\/www.copealcoy.es\/es\/#\/schema\/person\/e777c87fa024e57d40170af9df39882c","name":"Cope Alcoy","image":{"@type":"ImageObject","inLanguage":"es","@id":"https:\/\/secure.gravatar.com\/avatar\/bb65d0283347e303893ba14f0692005417c1e0e690a325a4c5d8bb2b3943ee14?s=96&d=mm&r=g","url":"https:\/\/secure.gravatar.com\/avatar\/bb65d0283347e303893ba14f0692005417c1e0e690a325a4c5d8bb2b3943ee14?s=96&d=mm&r=g","contentUrl":"https:\/\/secure.gravatar.com\/avatar\/bb65d0283347e303893ba14f0692005417c1e0e690a325a4c5d8bb2b3943ee14?s=96&d=mm&r=g","caption":"Cope Alcoy"}}]}},"_links":{"self":[{"href":"https:\/\/www.copealcoy.es\/es\/wp-json\/wp\/v2\/posts\/20192","targetHints":{"allow":["GET"]}}],"collection":[{"href":"https:\/\/www.copealcoy.es\/es\/wp-json\/wp\/v2\/posts"}],"about":[{"href":"https:\/\/www.copealcoy.es\/es\/wp-json\/wp\/v2\/types\/post"}],"author":[{"embeddable":true,"href":"https:\/\/www.copealcoy.es\/es\/wp-json\/wp\/v2\/users\/1"}],"replies":[{"embeddable":true,"href":"https:\/\/www.copealcoy.es\/es\/wp-json\/wp\/v2\/comments?post=20192"}],"version-history":[{"count":0,"href":"https:\/\/www.copealcoy.es\/es\/wp-json\/wp\/v2\/posts\/20192\/revisions"}],"wp:featuredmedia":[{"embeddable":true,"href":"https:\/\/www.copealcoy.es\/es\/wp-json\/wp\/v2\/media\/20193"}],"wp:attachment":[{"href":"https:\/\/www.copealcoy.es\/es\/wp-json\/wp\/v2\/media?parent=20192"}],"wp:term":[{"taxonomy":"category","embeddable":true,"href":"https:\/\/www.copealcoy.es\/es\/wp-json\/wp\/v2\/categories?post=20192"},{"taxonomy":"post_tag","embeddable":true,"href":"https:\/\/www.copealcoy.es\/es\/wp-json\/wp\/v2\/tags?post=20192"}],"curies":[{"name":"wp","href":"https:\/\/api.w.org\/{rel}","templated":true}]}}