{"id":20056,"date":"2016-03-21T17:06:02","date_gmt":"2016-03-21T17:06:02","guid":{"rendered":"http:\/\/copealcoi.es\/new\/?p=20056"},"modified":"2016-03-21T17:06:02","modified_gmt":"2016-03-21T17:06:02","slug":"la-primitiva-cierra-los-conciertos-de-exaltacion-a-la-musica-festera","status":"publish","type":"post","link":"https:\/\/www.copealcoy.es\/es\/la-primitiva-cierra-los-conciertos-de-exaltacion-a-la-musica-festera\/","title":{"rendered":"La Primitiva cierra los conciertos de exaltaci\u00f3n a la m\u00fasica festera"},"content":{"rendered":"<p style=\"text-align: justify;\">La Corporaci\u00f3n Musical Primitiva puso ayer el punto y final al ciclo de conciertos de exaltaci\u00f3n a la m\u00fasica festera con la tradicional cita del Diumenge de Rams que tuvo lugar en el Teatro Calder\u00f3n a partir de las 11:45h de la ma\u00f1ana.<\/p>\n<p style=\"text-align: justify;\">La banda prepar\u00f3 para la ocasi\u00f3n un repertorio dividido en dos partes y en la primera se pudo escuchar el pasodoble\u00a0\u00a0\u00abPorta de l&#8217;Aljorf\u00bb de Ferran Campos, as\u00ed como las marchas moras\u00a0\u00abL&#8217;entr\u00e0 de la k\u00e1bila &#8220;Ben kurda&#8221;\u00bb de Camilo P\u00e9rez Monllor, \u00abLa canci\u00f3n del har\u00e9n\u00bb de Camilo P\u00e9rez Laporta y \u00abLa casa de las chirim\u00edas\u00bb de Jos\u00e9 Mar\u00eda Valls Satorres. Tambi\u00e9n\u00a0son\u00f3 \u00a0\u00abEl desgavellat\u00bb de Julio Laporta y se estren\u00f3\u00a0la marcha cristiana \u00abAriana\u00bb, creada \u00f1or\u00a0Jordi Monllor Oltra.<\/p>\n<p style=\"text-align: justify;\">La segunda parte cont\u00f3 con el pasodoble\u00a0\u00abAl cel\u00bb del compositor de Cocentaina Francisco Valor al mismo tiempo que se pudo escuchar\u00a0la marcha oriental \u00abEl Menxuar\u00bb de Evaristo P\u00e9rez Monllor. De igual forma los m\u00fasicos interpretaron la marcha cristiana \u00abAntebellum\u00bb de Francisco Valor y las marchas moras \u00abJuanjo\u00bb de Francisco Esteve y \u00abElda\u00bb de Amando Blanquer. La recta final estuvo reservada para\u00a0la marcha de procesi\u00f3n \u00abEl xicotet\u00bb de Jos\u00e9 Albero Franc\u00e9s as\u00ed como para la interpretaci\u00f3n de \u00abUzul el m&#8217;selmin\u00bb (L&#8217;entr\u00e0 dels moros) de Camilo P\u00e9rez Monllor.<\/p>\n<p style=\"text-align: justify;\">El concierto finaliz\u00f3 con la interpretaci\u00f3n del Himno de Fiestas que puso as\u00ed el punto y final a este pre\u00e1mbulo festero marcado por la m\u00fasica antes de que el pr\u00f3ximo domingo 27 de marzo La Gloria recorra las calles de la ciudad anunciando la llegada de la Nostra Festa.<\/p>\n","protected":false},"excerpt":{"rendered":"<p>La Corporaci\u00f3n Musical Primitiva puso ayer el punto y final al ciclo de conciertos de exaltaci\u00f3n a la m\u00fasica festera&#8230;<\/p>\n","protected":false},"author":1,"featured_media":20057,"comment_status":"open","ping_status":"open","sticky":false,"template":"","format":"standard","meta":{"footnotes":""},"categories":[97,78,75],"tags":[701,856,700,2033],"class_list":["post-20056","post","type-post","status-publish","format-standard","has-post-thumbnail","hentry","category-alcoy","category-fiestaycultura","category-noticias","tag-concierto","tag-moros-i-cristians","tag-musica-festera","tag-primitiva"],"yoast_head":"<!-- This site is optimized with the Yoast SEO plugin v27.3 - https:\/\/yoast.com\/product\/yoast-seo-wordpress\/ -->\n<title>La Primitiva cierra los conciertos de exaltaci\u00f3n a la m\u00fasica festera - COPE Alcoy<\/title>\n<meta name=\"robots\" content=\"index, follow, max-snippet:-1, max-image-preview:large, max-video-preview:-1\" \/>\n<link rel=\"canonical\" href=\"https:\/\/www.copealcoy.es\/es\/la-primitiva-cierra-los-conciertos-de-exaltacion-a-la-musica-festera\/\" \/>\n<meta property=\"og:locale\" content=\"es_ES\" \/>\n<meta property=\"og:type\" content=\"article\" \/>\n<meta property=\"og:title\" content=\"La Primitiva cierra los conciertos de exaltaci\u00f3n a la m\u00fasica festera - COPE Alcoy\" \/>\n<meta property=\"og:description\" content=\"La Corporaci\u00f3n Musical Primitiva puso ayer el punto y final al ciclo de conciertos de exaltaci\u00f3n a la m\u00fasica festera...\" \/>\n<meta property=\"og:url\" content=\"https:\/\/www.copealcoy.es\/es\/la-primitiva-cierra-los-conciertos-de-exaltacion-a-la-musica-festera\/\" \/>\n<meta property=\"og:site_name\" content=\"COPE Alcoy\" \/>\n<meta property=\"article:published_time\" content=\"2016-03-21T17:06:02+00:00\" \/>\n<meta property=\"og:image\" content=\"https:\/\/www.copealcoy.es\/wp-content\/uploads\/2016\/03\/Cd_G7kAXEAA-Bzw.jpg\" \/>\n\t<meta property=\"og:image:width\" content=\"600\" \/>\n\t<meta property=\"og:image:height\" content=\"338\" \/>\n\t<meta property=\"og:image:type\" content=\"image\/jpeg\" \/>\n<meta name=\"author\" content=\"Cope Alcoy\" \/>\n<meta name=\"twitter:label1\" content=\"Escrito por\" \/>\n\t<meta name=\"twitter:data1\" content=\"Cope Alcoy\" \/>\n\t<meta name=\"twitter:label2\" content=\"Tiempo de lectura\" \/>\n\t<meta name=\"twitter:data2\" content=\"1 minuto\" \/>\n<script type=\"application\/ld+json\" class=\"yoast-schema-graph\">{\"@context\":\"https:\\\/\\\/schema.org\",\"@graph\":[{\"@type\":\"Article\",\"@id\":\"https:\\\/\\\/www.copealcoy.es\\\/es\\\/la-primitiva-cierra-los-conciertos-de-exaltacion-a-la-musica-festera\\\/#article\",\"isPartOf\":{\"@id\":\"https:\\\/\\\/www.copealcoy.es\\\/es\\\/la-primitiva-cierra-los-conciertos-de-exaltacion-a-la-musica-festera\\\/\"},\"author\":{\"name\":\"Cope Alcoy\",\"@id\":\"https:\\\/\\\/www.copealcoy.es\\\/es\\\/#\\\/schema\\\/person\\\/e777c87fa024e57d40170af9df39882c\"},\"headline\":\"La Primitiva cierra los conciertos de exaltaci\u00f3n a la m\u00fasica festera\",\"datePublished\":\"2016-03-21T17:06:02+00:00\",\"mainEntityOfPage\":{\"@id\":\"https:\\\/\\\/www.copealcoy.es\\\/es\\\/la-primitiva-cierra-los-conciertos-de-exaltacion-a-la-musica-festera\\\/\"},\"wordCount\":301,\"commentCount\":0,\"image\":{\"@id\":\"https:\\\/\\\/www.copealcoy.es\\\/es\\\/la-primitiva-cierra-los-conciertos-de-exaltacion-a-la-musica-festera\\\/#primaryimage\"},\"thumbnailUrl\":\"https:\\\/\\\/www.copealcoy.es\\\/wp-content\\\/uploads\\\/2016\\\/03\\\/Cd_G7kAXEAA-Bzw.jpg\",\"keywords\":[\"Concierto\",\"Moros i Cristians\",\"M\u00fasica Festera\",\"Primitiva\"],\"articleSection\":[\"Alcoy\",\"Fiesta y Cultura\",\"Noticias\"],\"inLanguage\":\"es\"},{\"@type\":\"WebPage\",\"@id\":\"https:\\\/\\\/www.copealcoy.es\\\/es\\\/la-primitiva-cierra-los-conciertos-de-exaltacion-a-la-musica-festera\\\/\",\"url\":\"https:\\\/\\\/www.copealcoy.es\\\/es\\\/la-primitiva-cierra-los-conciertos-de-exaltacion-a-la-musica-festera\\\/\",\"name\":\"La Primitiva cierra los conciertos de exaltaci\u00f3n a la m\u00fasica festera - COPE Alcoy\",\"isPartOf\":{\"@id\":\"https:\\\/\\\/www.copealcoy.es\\\/es\\\/#website\"},\"primaryImageOfPage\":{\"@id\":\"https:\\\/\\\/www.copealcoy.es\\\/es\\\/la-primitiva-cierra-los-conciertos-de-exaltacion-a-la-musica-festera\\\/#primaryimage\"},\"image\":{\"@id\":\"https:\\\/\\\/www.copealcoy.es\\\/es\\\/la-primitiva-cierra-los-conciertos-de-exaltacion-a-la-musica-festera\\\/#primaryimage\"},\"thumbnailUrl\":\"https:\\\/\\\/www.copealcoy.es\\\/wp-content\\\/uploads\\\/2016\\\/03\\\/Cd_G7kAXEAA-Bzw.jpg\",\"datePublished\":\"2016-03-21T17:06:02+00:00\",\"author\":{\"@id\":\"https:\\\/\\\/www.copealcoy.es\\\/es\\\/#\\\/schema\\\/person\\\/e777c87fa024e57d40170af9df39882c\"},\"breadcrumb\":{\"@id\":\"https:\\\/\\\/www.copealcoy.es\\\/es\\\/la-primitiva-cierra-los-conciertos-de-exaltacion-a-la-musica-festera\\\/#breadcrumb\"},\"inLanguage\":\"es\",\"potentialAction\":[{\"@type\":\"ReadAction\",\"target\":[\"https:\\\/\\\/www.copealcoy.es\\\/es\\\/la-primitiva-cierra-los-conciertos-de-exaltacion-a-la-musica-festera\\\/\"]}]},{\"@type\":\"ImageObject\",\"inLanguage\":\"es\",\"@id\":\"https:\\\/\\\/www.copealcoy.es\\\/es\\\/la-primitiva-cierra-los-conciertos-de-exaltacion-a-la-musica-festera\\\/#primaryimage\",\"url\":\"https:\\\/\\\/www.copealcoy.es\\\/wp-content\\\/uploads\\\/2016\\\/03\\\/Cd_G7kAXEAA-Bzw.jpg\",\"contentUrl\":\"https:\\\/\\\/www.copealcoy.es\\\/wp-content\\\/uploads\\\/2016\\\/03\\\/Cd_G7kAXEAA-Bzw.jpg\",\"width\":600,\"height\":338,\"caption\":\"El concierto tuvo lugar en el Teatro Calder\u00f3n de Alcoy\"},{\"@type\":\"BreadcrumbList\",\"@id\":\"https:\\\/\\\/www.copealcoy.es\\\/es\\\/la-primitiva-cierra-los-conciertos-de-exaltacion-a-la-musica-festera\\\/#breadcrumb\",\"itemListElement\":[{\"@type\":\"ListItem\",\"position\":1,\"name\":\"Portada\",\"item\":\"https:\\\/\\\/www.copealcoy.es\\\/es\\\/\"},{\"@type\":\"ListItem\",\"position\":2,\"name\":\"La Primitiva cierra los conciertos de exaltaci\u00f3n a la m\u00fasica festera\"}]},{\"@type\":\"WebSite\",\"@id\":\"https:\\\/\\\/www.copealcoy.es\\\/es\\\/#website\",\"url\":\"https:\\\/\\\/www.copealcoy.es\\\/es\\\/\",\"name\":\"COPE Alcoy\",\"description\":\"Emisora COPE de radio local con emisi\u00f3n online. Pont de Sant Jordi 8-10 03803 Alcoy\",\"potentialAction\":[{\"@type\":\"SearchAction\",\"target\":{\"@type\":\"EntryPoint\",\"urlTemplate\":\"https:\\\/\\\/www.copealcoy.es\\\/es\\\/?s={search_term_string}\"},\"query-input\":{\"@type\":\"PropertyValueSpecification\",\"valueRequired\":true,\"valueName\":\"search_term_string\"}}],\"inLanguage\":\"es\"},{\"@type\":\"Person\",\"@id\":\"https:\\\/\\\/www.copealcoy.es\\\/es\\\/#\\\/schema\\\/person\\\/e777c87fa024e57d40170af9df39882c\",\"name\":\"Cope Alcoy\",\"image\":{\"@type\":\"ImageObject\",\"inLanguage\":\"es\",\"@id\":\"https:\\\/\\\/secure.gravatar.com\\\/avatar\\\/bb65d0283347e303893ba14f0692005417c1e0e690a325a4c5d8bb2b3943ee14?s=96&d=mm&r=g\",\"url\":\"https:\\\/\\\/secure.gravatar.com\\\/avatar\\\/bb65d0283347e303893ba14f0692005417c1e0e690a325a4c5d8bb2b3943ee14?s=96&d=mm&r=g\",\"contentUrl\":\"https:\\\/\\\/secure.gravatar.com\\\/avatar\\\/bb65d0283347e303893ba14f0692005417c1e0e690a325a4c5d8bb2b3943ee14?s=96&d=mm&r=g\",\"caption\":\"Cope Alcoy\"}}]}<\/script>\n<!-- \/ Yoast SEO plugin. -->","yoast_head_json":{"title":"La Primitiva cierra los conciertos de exaltaci\u00f3n a la m\u00fasica festera - COPE Alcoy","robots":{"index":"index","follow":"follow","max-snippet":"max-snippet:-1","max-image-preview":"max-image-preview:large","max-video-preview":"max-video-preview:-1"},"canonical":"https:\/\/www.copealcoy.es\/es\/la-primitiva-cierra-los-conciertos-de-exaltacion-a-la-musica-festera\/","og_locale":"es_ES","og_type":"article","og_title":"La Primitiva cierra los conciertos de exaltaci\u00f3n a la m\u00fasica festera - COPE Alcoy","og_description":"La Corporaci\u00f3n Musical Primitiva puso ayer el punto y final al ciclo de conciertos de exaltaci\u00f3n a la m\u00fasica festera...","og_url":"https:\/\/www.copealcoy.es\/es\/la-primitiva-cierra-los-conciertos-de-exaltacion-a-la-musica-festera\/","og_site_name":"COPE Alcoy","article_published_time":"2016-03-21T17:06:02+00:00","og_image":[{"width":600,"height":338,"url":"https:\/\/www.copealcoy.es\/wp-content\/uploads\/2016\/03\/Cd_G7kAXEAA-Bzw.jpg","type":"image\/jpeg"}],"author":"Cope Alcoy","twitter_misc":{"Escrito por":"Cope Alcoy","Tiempo de lectura":"1 minuto"},"schema":{"@context":"https:\/\/schema.org","@graph":[{"@type":"Article","@id":"https:\/\/www.copealcoy.es\/es\/la-primitiva-cierra-los-conciertos-de-exaltacion-a-la-musica-festera\/#article","isPartOf":{"@id":"https:\/\/www.copealcoy.es\/es\/la-primitiva-cierra-los-conciertos-de-exaltacion-a-la-musica-festera\/"},"author":{"name":"Cope Alcoy","@id":"https:\/\/www.copealcoy.es\/es\/#\/schema\/person\/e777c87fa024e57d40170af9df39882c"},"headline":"La Primitiva cierra los conciertos de exaltaci\u00f3n a la m\u00fasica festera","datePublished":"2016-03-21T17:06:02+00:00","mainEntityOfPage":{"@id":"https:\/\/www.copealcoy.es\/es\/la-primitiva-cierra-los-conciertos-de-exaltacion-a-la-musica-festera\/"},"wordCount":301,"commentCount":0,"image":{"@id":"https:\/\/www.copealcoy.es\/es\/la-primitiva-cierra-los-conciertos-de-exaltacion-a-la-musica-festera\/#primaryimage"},"thumbnailUrl":"https:\/\/www.copealcoy.es\/wp-content\/uploads\/2016\/03\/Cd_G7kAXEAA-Bzw.jpg","keywords":["Concierto","Moros i Cristians","M\u00fasica Festera","Primitiva"],"articleSection":["Alcoy","Fiesta y Cultura","Noticias"],"inLanguage":"es"},{"@type":"WebPage","@id":"https:\/\/www.copealcoy.es\/es\/la-primitiva-cierra-los-conciertos-de-exaltacion-a-la-musica-festera\/","url":"https:\/\/www.copealcoy.es\/es\/la-primitiva-cierra-los-conciertos-de-exaltacion-a-la-musica-festera\/","name":"La Primitiva cierra los conciertos de exaltaci\u00f3n a la m\u00fasica festera - COPE Alcoy","isPartOf":{"@id":"https:\/\/www.copealcoy.es\/es\/#website"},"primaryImageOfPage":{"@id":"https:\/\/www.copealcoy.es\/es\/la-primitiva-cierra-los-conciertos-de-exaltacion-a-la-musica-festera\/#primaryimage"},"image":{"@id":"https:\/\/www.copealcoy.es\/es\/la-primitiva-cierra-los-conciertos-de-exaltacion-a-la-musica-festera\/#primaryimage"},"thumbnailUrl":"https:\/\/www.copealcoy.es\/wp-content\/uploads\/2016\/03\/Cd_G7kAXEAA-Bzw.jpg","datePublished":"2016-03-21T17:06:02+00:00","author":{"@id":"https:\/\/www.copealcoy.es\/es\/#\/schema\/person\/e777c87fa024e57d40170af9df39882c"},"breadcrumb":{"@id":"https:\/\/www.copealcoy.es\/es\/la-primitiva-cierra-los-conciertos-de-exaltacion-a-la-musica-festera\/#breadcrumb"},"inLanguage":"es","potentialAction":[{"@type":"ReadAction","target":["https:\/\/www.copealcoy.es\/es\/la-primitiva-cierra-los-conciertos-de-exaltacion-a-la-musica-festera\/"]}]},{"@type":"ImageObject","inLanguage":"es","@id":"https:\/\/www.copealcoy.es\/es\/la-primitiva-cierra-los-conciertos-de-exaltacion-a-la-musica-festera\/#primaryimage","url":"https:\/\/www.copealcoy.es\/wp-content\/uploads\/2016\/03\/Cd_G7kAXEAA-Bzw.jpg","contentUrl":"https:\/\/www.copealcoy.es\/wp-content\/uploads\/2016\/03\/Cd_G7kAXEAA-Bzw.jpg","width":600,"height":338,"caption":"El concierto tuvo lugar en el Teatro Calder\u00f3n de Alcoy"},{"@type":"BreadcrumbList","@id":"https:\/\/www.copealcoy.es\/es\/la-primitiva-cierra-los-conciertos-de-exaltacion-a-la-musica-festera\/#breadcrumb","itemListElement":[{"@type":"ListItem","position":1,"name":"Portada","item":"https:\/\/www.copealcoy.es\/es\/"},{"@type":"ListItem","position":2,"name":"La Primitiva cierra los conciertos de exaltaci\u00f3n a la m\u00fasica festera"}]},{"@type":"WebSite","@id":"https:\/\/www.copealcoy.es\/es\/#website","url":"https:\/\/www.copealcoy.es\/es\/","name":"COPE Alcoy","description":"Emisora COPE de radio local con emisi\u00f3n online. Pont de Sant Jordi 8-10 03803 Alcoy","potentialAction":[{"@type":"SearchAction","target":{"@type":"EntryPoint","urlTemplate":"https:\/\/www.copealcoy.es\/es\/?s={search_term_string}"},"query-input":{"@type":"PropertyValueSpecification","valueRequired":true,"valueName":"search_term_string"}}],"inLanguage":"es"},{"@type":"Person","@id":"https:\/\/www.copealcoy.es\/es\/#\/schema\/person\/e777c87fa024e57d40170af9df39882c","name":"Cope Alcoy","image":{"@type":"ImageObject","inLanguage":"es","@id":"https:\/\/secure.gravatar.com\/avatar\/bb65d0283347e303893ba14f0692005417c1e0e690a325a4c5d8bb2b3943ee14?s=96&d=mm&r=g","url":"https:\/\/secure.gravatar.com\/avatar\/bb65d0283347e303893ba14f0692005417c1e0e690a325a4c5d8bb2b3943ee14?s=96&d=mm&r=g","contentUrl":"https:\/\/secure.gravatar.com\/avatar\/bb65d0283347e303893ba14f0692005417c1e0e690a325a4c5d8bb2b3943ee14?s=96&d=mm&r=g","caption":"Cope Alcoy"}}]}},"_links":{"self":[{"href":"https:\/\/www.copealcoy.es\/es\/wp-json\/wp\/v2\/posts\/20056","targetHints":{"allow":["GET"]}}],"collection":[{"href":"https:\/\/www.copealcoy.es\/es\/wp-json\/wp\/v2\/posts"}],"about":[{"href":"https:\/\/www.copealcoy.es\/es\/wp-json\/wp\/v2\/types\/post"}],"author":[{"embeddable":true,"href":"https:\/\/www.copealcoy.es\/es\/wp-json\/wp\/v2\/users\/1"}],"replies":[{"embeddable":true,"href":"https:\/\/www.copealcoy.es\/es\/wp-json\/wp\/v2\/comments?post=20056"}],"version-history":[{"count":0,"href":"https:\/\/www.copealcoy.es\/es\/wp-json\/wp\/v2\/posts\/20056\/revisions"}],"wp:featuredmedia":[{"embeddable":true,"href":"https:\/\/www.copealcoy.es\/es\/wp-json\/wp\/v2\/media\/20057"}],"wp:attachment":[{"href":"https:\/\/www.copealcoy.es\/es\/wp-json\/wp\/v2\/media?parent=20056"}],"wp:term":[{"taxonomy":"category","embeddable":true,"href":"https:\/\/www.copealcoy.es\/es\/wp-json\/wp\/v2\/categories?post=20056"},{"taxonomy":"post_tag","embeddable":true,"href":"https:\/\/www.copealcoy.es\/es\/wp-json\/wp\/v2\/tags?post=20056"}],"curies":[{"name":"wp","href":"https:\/\/api.w.org\/{rel}","templated":true}]}}