{"id":20036,"date":"2016-03-21T06:00:30","date_gmt":"2016-03-21T06:00:30","guid":{"rendered":"http:\/\/copealcoi.es\/new\/?p=20036"},"modified":"2016-03-20T21:26:59","modified_gmt":"2016-03-20T21:26:59","slug":"el-centro-consigue-apoyo-de-otros-barrios-para-sus-movilizaciones","status":"publish","type":"post","link":"https:\/\/www.copealcoy.es\/es\/el-centro-consigue-apoyo-de-otros-barrios-para-sus-movilizaciones\/","title":{"rendered":"El Centro consigue apoyo de otros barrios para sus movilizaciones"},"content":{"rendered":"<p style=\"text-align: justify;\">Los comerciantes del Centro de Alcoy mantuvieron la pasada semana una reuni\u00f3n con otras asociaciones de comercio de la ciudad con el fin de planificar acciones conjuntas y recabar apoyos para sus reivindicaciones. En concreto en el encuentro se puso sobre la mesa\u00a0el compromiso de trabajar en com\u00fan para abordar los problemas\u00a0del Centro desde el punto de vista comercial y se marcaron estrategias para\u00a0estrechar lazos de colaboraci\u00f3n con la\u00a0Federaci\u00f3n Alcoy Comercial, las asociaciones de la Zona Norte, el Ensanche, Santa Rosa y la asociaci\u00f3n de vecinos del barrio.<\/p>\n<p style=\"text-align: justify;\">Los responsables de Alcentro recuerdan que en esta zona de la ciudad permanecen abiertos 163 establecimientos y destacan que esta reuni\u00f3n ha servido para\u00a0&#8220;consensuar todos los aspectos fundamentales a la hora de lograr un proyecto integral de ciudad, que servir\u00e1 no solo para recuperar el Centro, sino para prevenir que no suceda lo mismo en otras zonas&#8221;, indican. Adem\u00e1s resaltan la importancia de que las administraciones implicadas &#8220;trabajen para un gran pacto que permita mejorar la situaci\u00f3n de degradaci\u00f3n que sufre la barriada pero tambi\u00e9n evitar que esta problem\u00e1tica se traslade a otras zonas de Alcoy&#8221;, apuntan.<\/p>\n<p style=\"text-align: justify;\">Se\u00f1alar que hoy lunes, a partir de las 13:30 horas, est\u00e1 prevista una concentraci\u00f3n en la Plaza de Espa\u00f1a en la que se depositar\u00e1n flores de colores con el fin de hacer visible la realidad actual del Centro. Para ello los comerciantes piden apoyos a\u00a0la gente que vive y trabaja en la zona para que participe de esta nueva acci\u00f3n reivindicativa.<\/p>\n","protected":false},"excerpt":{"rendered":"<p>Los comerciantes del Centro de Alcoy mantuvieron la pasada semana una reuni\u00f3n con otras asociaciones de comercio de la ciudad&#8230;<\/p>\n","protected":false},"author":1,"featured_media":20037,"comment_status":"open","ping_status":"open","sticky":false,"template":"","format":"standard","meta":{"footnotes":""},"categories":[97,75,125],"tags":[1494,295,2025,2026],"class_list":["post-20036","post","type-post","status-publish","format-standard","has-post-thumbnail","hentry","category-alcoy","category-noticias","category-portada","tag-alcoy","tag-centro","tag-comerciantes","tag-plaza-de-espana"],"yoast_head":"<!-- This site is optimized with the Yoast SEO plugin v27.3 - https:\/\/yoast.com\/product\/yoast-seo-wordpress\/ -->\n<title>El Centro consigue apoyo de otros barrios para sus movilizaciones - COPE Alcoy<\/title>\n<meta name=\"robots\" content=\"index, follow, max-snippet:-1, max-image-preview:large, max-video-preview:-1\" \/>\n<link rel=\"canonical\" href=\"https:\/\/www.copealcoy.es\/es\/el-centro-consigue-apoyo-de-otros-barrios-para-sus-movilizaciones\/\" \/>\n<meta property=\"og:locale\" content=\"es_ES\" \/>\n<meta property=\"og:type\" content=\"article\" \/>\n<meta property=\"og:title\" content=\"El Centro consigue apoyo de otros barrios para sus movilizaciones - COPE Alcoy\" \/>\n<meta property=\"og:description\" content=\"Los comerciantes del Centro de Alcoy mantuvieron la pasada semana una reuni\u00f3n con otras asociaciones de comercio de la ciudad...\" \/>\n<meta property=\"og:url\" content=\"https:\/\/www.copealcoy.es\/es\/el-centro-consigue-apoyo-de-otros-barrios-para-sus-movilizaciones\/\" \/>\n<meta property=\"og:site_name\" content=\"COPE Alcoy\" \/>\n<meta property=\"article:published_time\" content=\"2016-03-21T06:00:30+00:00\" \/>\n<meta property=\"og:image\" content=\"https:\/\/www.copealcoy.es\/wp-content\/uploads\/2016\/03\/reun_cen_20160319094351.jpg\" \/>\n\t<meta property=\"og:image:width\" content=\"3775\" \/>\n\t<meta property=\"og:image:height\" content=\"1852\" \/>\n\t<meta property=\"og:image:type\" content=\"image\/jpeg\" \/>\n<meta name=\"author\" content=\"Cope Alcoy\" \/>\n<meta name=\"twitter:label1\" content=\"Escrito por\" \/>\n\t<meta name=\"twitter:data1\" content=\"Cope Alcoy\" \/>\n\t<meta name=\"twitter:label2\" content=\"Tiempo de lectura\" \/>\n\t<meta name=\"twitter:data2\" content=\"1 minuto\" \/>\n<script type=\"application\/ld+json\" class=\"yoast-schema-graph\">{\"@context\":\"https:\\\/\\\/schema.org\",\"@graph\":[{\"@type\":\"Article\",\"@id\":\"https:\\\/\\\/www.copealcoy.es\\\/es\\\/el-centro-consigue-apoyo-de-otros-barrios-para-sus-movilizaciones\\\/#article\",\"isPartOf\":{\"@id\":\"https:\\\/\\\/www.copealcoy.es\\\/es\\\/el-centro-consigue-apoyo-de-otros-barrios-para-sus-movilizaciones\\\/\"},\"author\":{\"name\":\"Cope Alcoy\",\"@id\":\"https:\\\/\\\/www.copealcoy.es\\\/es\\\/#\\\/schema\\\/person\\\/e777c87fa024e57d40170af9df39882c\"},\"headline\":\"El Centro consigue apoyo de otros barrios para sus movilizaciones\",\"datePublished\":\"2016-03-21T06:00:30+00:00\",\"mainEntityOfPage\":{\"@id\":\"https:\\\/\\\/www.copealcoy.es\\\/es\\\/el-centro-consigue-apoyo-de-otros-barrios-para-sus-movilizaciones\\\/\"},\"wordCount\":276,\"commentCount\":0,\"image\":{\"@id\":\"https:\\\/\\\/www.copealcoy.es\\\/es\\\/el-centro-consigue-apoyo-de-otros-barrios-para-sus-movilizaciones\\\/#primaryimage\"},\"thumbnailUrl\":\"https:\\\/\\\/www.copealcoy.es\\\/wp-content\\\/uploads\\\/2016\\\/03\\\/reun_cen_20160319094351.jpg\",\"keywords\":[\"Alcoy\",\"Centro\",\"Comerciantes\",\"Plaza de Espa\u00f1a\"],\"articleSection\":[\"Alcoy\",\"Noticias\",\"Portada\"],\"inLanguage\":\"es\"},{\"@type\":\"WebPage\",\"@id\":\"https:\\\/\\\/www.copealcoy.es\\\/es\\\/el-centro-consigue-apoyo-de-otros-barrios-para-sus-movilizaciones\\\/\",\"url\":\"https:\\\/\\\/www.copealcoy.es\\\/es\\\/el-centro-consigue-apoyo-de-otros-barrios-para-sus-movilizaciones\\\/\",\"name\":\"El Centro consigue apoyo de otros barrios para sus movilizaciones - COPE Alcoy\",\"isPartOf\":{\"@id\":\"https:\\\/\\\/www.copealcoy.es\\\/es\\\/#website\"},\"primaryImageOfPage\":{\"@id\":\"https:\\\/\\\/www.copealcoy.es\\\/es\\\/el-centro-consigue-apoyo-de-otros-barrios-para-sus-movilizaciones\\\/#primaryimage\"},\"image\":{\"@id\":\"https:\\\/\\\/www.copealcoy.es\\\/es\\\/el-centro-consigue-apoyo-de-otros-barrios-para-sus-movilizaciones\\\/#primaryimage\"},\"thumbnailUrl\":\"https:\\\/\\\/www.copealcoy.es\\\/wp-content\\\/uploads\\\/2016\\\/03\\\/reun_cen_20160319094351.jpg\",\"datePublished\":\"2016-03-21T06:00:30+00:00\",\"author\":{\"@id\":\"https:\\\/\\\/www.copealcoy.es\\\/es\\\/#\\\/schema\\\/person\\\/e777c87fa024e57d40170af9df39882c\"},\"breadcrumb\":{\"@id\":\"https:\\\/\\\/www.copealcoy.es\\\/es\\\/el-centro-consigue-apoyo-de-otros-barrios-para-sus-movilizaciones\\\/#breadcrumb\"},\"inLanguage\":\"es\",\"potentialAction\":[{\"@type\":\"ReadAction\",\"target\":[\"https:\\\/\\\/www.copealcoy.es\\\/es\\\/el-centro-consigue-apoyo-de-otros-barrios-para-sus-movilizaciones\\\/\"]}]},{\"@type\":\"ImageObject\",\"inLanguage\":\"es\",\"@id\":\"https:\\\/\\\/www.copealcoy.es\\\/es\\\/el-centro-consigue-apoyo-de-otros-barrios-para-sus-movilizaciones\\\/#primaryimage\",\"url\":\"https:\\\/\\\/www.copealcoy.es\\\/wp-content\\\/uploads\\\/2016\\\/03\\\/reun_cen_20160319094351.jpg\",\"contentUrl\":\"https:\\\/\\\/www.copealcoy.es\\\/wp-content\\\/uploads\\\/2016\\\/03\\\/reun_cen_20160319094351.jpg\",\"width\":3775,\"height\":1852,\"caption\":\"Reuni\u00f3n mantenida la pasada semana entre los comerciantes del Centro y el resto de asociaciones comerciales\"},{\"@type\":\"BreadcrumbList\",\"@id\":\"https:\\\/\\\/www.copealcoy.es\\\/es\\\/el-centro-consigue-apoyo-de-otros-barrios-para-sus-movilizaciones\\\/#breadcrumb\",\"itemListElement\":[{\"@type\":\"ListItem\",\"position\":1,\"name\":\"Portada\",\"item\":\"https:\\\/\\\/www.copealcoy.es\\\/es\\\/\"},{\"@type\":\"ListItem\",\"position\":2,\"name\":\"El Centro consigue apoyo de otros barrios para sus movilizaciones\"}]},{\"@type\":\"WebSite\",\"@id\":\"https:\\\/\\\/www.copealcoy.es\\\/es\\\/#website\",\"url\":\"https:\\\/\\\/www.copealcoy.es\\\/es\\\/\",\"name\":\"COPE Alcoy\",\"description\":\"Emisora COPE de radio local con emisi\u00f3n online. Pont de Sant Jordi 8-10 03803 Alcoy\",\"potentialAction\":[{\"@type\":\"SearchAction\",\"target\":{\"@type\":\"EntryPoint\",\"urlTemplate\":\"https:\\\/\\\/www.copealcoy.es\\\/es\\\/?s={search_term_string}\"},\"query-input\":{\"@type\":\"PropertyValueSpecification\",\"valueRequired\":true,\"valueName\":\"search_term_string\"}}],\"inLanguage\":\"es\"},{\"@type\":\"Person\",\"@id\":\"https:\\\/\\\/www.copealcoy.es\\\/es\\\/#\\\/schema\\\/person\\\/e777c87fa024e57d40170af9df39882c\",\"name\":\"Cope Alcoy\",\"image\":{\"@type\":\"ImageObject\",\"inLanguage\":\"es\",\"@id\":\"https:\\\/\\\/secure.gravatar.com\\\/avatar\\\/bb65d0283347e303893ba14f0692005417c1e0e690a325a4c5d8bb2b3943ee14?s=96&d=mm&r=g\",\"url\":\"https:\\\/\\\/secure.gravatar.com\\\/avatar\\\/bb65d0283347e303893ba14f0692005417c1e0e690a325a4c5d8bb2b3943ee14?s=96&d=mm&r=g\",\"contentUrl\":\"https:\\\/\\\/secure.gravatar.com\\\/avatar\\\/bb65d0283347e303893ba14f0692005417c1e0e690a325a4c5d8bb2b3943ee14?s=96&d=mm&r=g\",\"caption\":\"Cope Alcoy\"}}]}<\/script>\n<!-- \/ Yoast SEO plugin. -->","yoast_head_json":{"title":"El Centro consigue apoyo de otros barrios para sus movilizaciones - COPE Alcoy","robots":{"index":"index","follow":"follow","max-snippet":"max-snippet:-1","max-image-preview":"max-image-preview:large","max-video-preview":"max-video-preview:-1"},"canonical":"https:\/\/www.copealcoy.es\/es\/el-centro-consigue-apoyo-de-otros-barrios-para-sus-movilizaciones\/","og_locale":"es_ES","og_type":"article","og_title":"El Centro consigue apoyo de otros barrios para sus movilizaciones - COPE Alcoy","og_description":"Los comerciantes del Centro de Alcoy mantuvieron la pasada semana una reuni\u00f3n con otras asociaciones de comercio de la ciudad...","og_url":"https:\/\/www.copealcoy.es\/es\/el-centro-consigue-apoyo-de-otros-barrios-para-sus-movilizaciones\/","og_site_name":"COPE Alcoy","article_published_time":"2016-03-21T06:00:30+00:00","og_image":[{"width":3775,"height":1852,"url":"https:\/\/www.copealcoy.es\/wp-content\/uploads\/2016\/03\/reun_cen_20160319094351.jpg","type":"image\/jpeg"}],"author":"Cope Alcoy","twitter_misc":{"Escrito por":"Cope Alcoy","Tiempo de lectura":"1 minuto"},"schema":{"@context":"https:\/\/schema.org","@graph":[{"@type":"Article","@id":"https:\/\/www.copealcoy.es\/es\/el-centro-consigue-apoyo-de-otros-barrios-para-sus-movilizaciones\/#article","isPartOf":{"@id":"https:\/\/www.copealcoy.es\/es\/el-centro-consigue-apoyo-de-otros-barrios-para-sus-movilizaciones\/"},"author":{"name":"Cope Alcoy","@id":"https:\/\/www.copealcoy.es\/es\/#\/schema\/person\/e777c87fa024e57d40170af9df39882c"},"headline":"El Centro consigue apoyo de otros barrios para sus movilizaciones","datePublished":"2016-03-21T06:00:30+00:00","mainEntityOfPage":{"@id":"https:\/\/www.copealcoy.es\/es\/el-centro-consigue-apoyo-de-otros-barrios-para-sus-movilizaciones\/"},"wordCount":276,"commentCount":0,"image":{"@id":"https:\/\/www.copealcoy.es\/es\/el-centro-consigue-apoyo-de-otros-barrios-para-sus-movilizaciones\/#primaryimage"},"thumbnailUrl":"https:\/\/www.copealcoy.es\/wp-content\/uploads\/2016\/03\/reun_cen_20160319094351.jpg","keywords":["Alcoy","Centro","Comerciantes","Plaza de Espa\u00f1a"],"articleSection":["Alcoy","Noticias","Portada"],"inLanguage":"es"},{"@type":"WebPage","@id":"https:\/\/www.copealcoy.es\/es\/el-centro-consigue-apoyo-de-otros-barrios-para-sus-movilizaciones\/","url":"https:\/\/www.copealcoy.es\/es\/el-centro-consigue-apoyo-de-otros-barrios-para-sus-movilizaciones\/","name":"El Centro consigue apoyo de otros barrios para sus movilizaciones - COPE Alcoy","isPartOf":{"@id":"https:\/\/www.copealcoy.es\/es\/#website"},"primaryImageOfPage":{"@id":"https:\/\/www.copealcoy.es\/es\/el-centro-consigue-apoyo-de-otros-barrios-para-sus-movilizaciones\/#primaryimage"},"image":{"@id":"https:\/\/www.copealcoy.es\/es\/el-centro-consigue-apoyo-de-otros-barrios-para-sus-movilizaciones\/#primaryimage"},"thumbnailUrl":"https:\/\/www.copealcoy.es\/wp-content\/uploads\/2016\/03\/reun_cen_20160319094351.jpg","datePublished":"2016-03-21T06:00:30+00:00","author":{"@id":"https:\/\/www.copealcoy.es\/es\/#\/schema\/person\/e777c87fa024e57d40170af9df39882c"},"breadcrumb":{"@id":"https:\/\/www.copealcoy.es\/es\/el-centro-consigue-apoyo-de-otros-barrios-para-sus-movilizaciones\/#breadcrumb"},"inLanguage":"es","potentialAction":[{"@type":"ReadAction","target":["https:\/\/www.copealcoy.es\/es\/el-centro-consigue-apoyo-de-otros-barrios-para-sus-movilizaciones\/"]}]},{"@type":"ImageObject","inLanguage":"es","@id":"https:\/\/www.copealcoy.es\/es\/el-centro-consigue-apoyo-de-otros-barrios-para-sus-movilizaciones\/#primaryimage","url":"https:\/\/www.copealcoy.es\/wp-content\/uploads\/2016\/03\/reun_cen_20160319094351.jpg","contentUrl":"https:\/\/www.copealcoy.es\/wp-content\/uploads\/2016\/03\/reun_cen_20160319094351.jpg","width":3775,"height":1852,"caption":"Reuni\u00f3n mantenida la pasada semana entre los comerciantes del Centro y el resto de asociaciones comerciales"},{"@type":"BreadcrumbList","@id":"https:\/\/www.copealcoy.es\/es\/el-centro-consigue-apoyo-de-otros-barrios-para-sus-movilizaciones\/#breadcrumb","itemListElement":[{"@type":"ListItem","position":1,"name":"Portada","item":"https:\/\/www.copealcoy.es\/es\/"},{"@type":"ListItem","position":2,"name":"El Centro consigue apoyo de otros barrios para sus movilizaciones"}]},{"@type":"WebSite","@id":"https:\/\/www.copealcoy.es\/es\/#website","url":"https:\/\/www.copealcoy.es\/es\/","name":"COPE Alcoy","description":"Emisora COPE de radio local con emisi\u00f3n online. Pont de Sant Jordi 8-10 03803 Alcoy","potentialAction":[{"@type":"SearchAction","target":{"@type":"EntryPoint","urlTemplate":"https:\/\/www.copealcoy.es\/es\/?s={search_term_string}"},"query-input":{"@type":"PropertyValueSpecification","valueRequired":true,"valueName":"search_term_string"}}],"inLanguage":"es"},{"@type":"Person","@id":"https:\/\/www.copealcoy.es\/es\/#\/schema\/person\/e777c87fa024e57d40170af9df39882c","name":"Cope Alcoy","image":{"@type":"ImageObject","inLanguage":"es","@id":"https:\/\/secure.gravatar.com\/avatar\/bb65d0283347e303893ba14f0692005417c1e0e690a325a4c5d8bb2b3943ee14?s=96&d=mm&r=g","url":"https:\/\/secure.gravatar.com\/avatar\/bb65d0283347e303893ba14f0692005417c1e0e690a325a4c5d8bb2b3943ee14?s=96&d=mm&r=g","contentUrl":"https:\/\/secure.gravatar.com\/avatar\/bb65d0283347e303893ba14f0692005417c1e0e690a325a4c5d8bb2b3943ee14?s=96&d=mm&r=g","caption":"Cope Alcoy"}}]}},"_links":{"self":[{"href":"https:\/\/www.copealcoy.es\/es\/wp-json\/wp\/v2\/posts\/20036","targetHints":{"allow":["GET"]}}],"collection":[{"href":"https:\/\/www.copealcoy.es\/es\/wp-json\/wp\/v2\/posts"}],"about":[{"href":"https:\/\/www.copealcoy.es\/es\/wp-json\/wp\/v2\/types\/post"}],"author":[{"embeddable":true,"href":"https:\/\/www.copealcoy.es\/es\/wp-json\/wp\/v2\/users\/1"}],"replies":[{"embeddable":true,"href":"https:\/\/www.copealcoy.es\/es\/wp-json\/wp\/v2\/comments?post=20036"}],"version-history":[{"count":0,"href":"https:\/\/www.copealcoy.es\/es\/wp-json\/wp\/v2\/posts\/20036\/revisions"}],"wp:featuredmedia":[{"embeddable":true,"href":"https:\/\/www.copealcoy.es\/es\/wp-json\/wp\/v2\/media\/20037"}],"wp:attachment":[{"href":"https:\/\/www.copealcoy.es\/es\/wp-json\/wp\/v2\/media?parent=20036"}],"wp:term":[{"taxonomy":"category","embeddable":true,"href":"https:\/\/www.copealcoy.es\/es\/wp-json\/wp\/v2\/categories?post=20036"},{"taxonomy":"post_tag","embeddable":true,"href":"https:\/\/www.copealcoy.es\/es\/wp-json\/wp\/v2\/tags?post=20036"}],"curies":[{"name":"wp","href":"https:\/\/api.w.org\/{rel}","templated":true}]}}