{"id":20017,"date":"2016-03-20T17:00:22","date_gmt":"2016-03-20T17:00:22","guid":{"rendered":"http:\/\/copealcoi.es\/new\/?p=20017"},"modified":"2016-03-20T17:03:55","modified_gmt":"2016-03-20T17:03:55","slug":"el-domingo-de-ramos-marca-el-inicio-de-la-semana-santa-en-la-comarca","status":"publish","type":"post","link":"https:\/\/www.copealcoy.es\/es\/el-domingo-de-ramos-marca-el-inicio-de-la-semana-santa-en-la-comarca\/","title":{"rendered":"El Domingo de Ramos marca el inicio de la Semana Santa en la comarca"},"content":{"rendered":"<p style=\"text-align: justify;\">Los diferentes municipios del Comtat y de l\u00b4 Alcoi\u00e0 tambi\u00e9n han celebrado en esta jornada el Domingo de Ramos que marca el inicio oficial de la Semana Santa. En Cocentaina, en una abarrotada Plaza del Convento de los Franciscanos, ha tenido lugar pasadas las once de la ma\u00f1ana la bendici\u00f3n de las palmas\u00a0con un marcado protagonismo de los ni\u00f1os de catequesis y tambi\u00e9n de las diferentes cofrad\u00edas contestanas. Tras las correspondientes\u00a0lecturas ha dado comienzo la procesi\u00f3n que ha recorrido la totalidad del Passeig del Comtat hasta llegar a El Pla. All\u00ed, sobre el escenario instalado ante el Monasterio de la Mare de D\u00e9u del Miracle, se ha celebrado la misa solemne que ha contado de igual forma con la asistencia de numerosos fieles.<\/p>\n<p style=\"text-align: justify;\">En Muro la bendici\u00f3n de los ramos se ha realizado a las puertas de la Ermita de la Virgen de los Desamparados y a continuaci\u00f3n se ha llevado a cabo la procesi\u00f3n\u00a0en la que los peque\u00f1os de Primera Comuni\u00f3n han portado la cruz hasta la Parroquia de San Juan Bautista. En el interior del templo se ha oficiado tambi\u00e9n a mediod\u00eda la eucarist\u00eda que ha puesto el punto y final a los actos.<\/p>\n<p style=\"text-align: justify;\">\n","protected":false},"excerpt":{"rendered":"<p>Los diferentes municipios del Comtat y de l\u00b4 Alcoi\u00e0 tambi\u00e9n han celebrado en esta jornada el Domingo de Ramos que&#8230;<\/p>\n","protected":false},"author":1,"featured_media":20018,"comment_status":"open","ping_status":"open","sticky":false,"template":"","format":"standard","meta":{"footnotes":""},"categories":[98,75],"tags":[132,889,135,447],"class_list":["post-20017","post","type-post","status-publish","format-standard","has-post-thumbnail","hentry","category-comarcas","category-noticias","tag-cocentaina","tag-domingo-de-ramos","tag-muro","tag-tradiciones"],"yoast_head":"<!-- This site is optimized with the Yoast SEO plugin v27.3 - https:\/\/yoast.com\/product\/yoast-seo-wordpress\/ -->\n<title>El Domingo de Ramos marca el inicio de la Semana Santa en la comarca - COPE Alcoy<\/title>\n<meta name=\"robots\" content=\"index, follow, max-snippet:-1, max-image-preview:large, max-video-preview:-1\" \/>\n<link rel=\"canonical\" href=\"https:\/\/www.copealcoy.es\/es\/el-domingo-de-ramos-marca-el-inicio-de-la-semana-santa-en-la-comarca\/\" \/>\n<meta property=\"og:locale\" content=\"es_ES\" \/>\n<meta property=\"og:type\" content=\"article\" \/>\n<meta property=\"og:title\" content=\"El Domingo de Ramos marca el inicio de la Semana Santa en la comarca - COPE Alcoy\" \/>\n<meta property=\"og:description\" content=\"Los diferentes municipios del Comtat y de l\u00b4 Alcoi\u00e0 tambi\u00e9n han celebrado en esta jornada el Domingo de Ramos que...\" \/>\n<meta property=\"og:url\" content=\"https:\/\/www.copealcoy.es\/es\/el-domingo-de-ramos-marca-el-inicio-de-la-semana-santa-en-la-comarca\/\" \/>\n<meta property=\"og:site_name\" content=\"COPE Alcoy\" \/>\n<meta property=\"article:published_time\" content=\"2016-03-20T17:00:22+00:00\" \/>\n<meta property=\"article:modified_time\" content=\"2016-03-20T17:03:55+00:00\" \/>\n<meta property=\"og:image\" content=\"https:\/\/www.copealcoy.es\/wp-content\/uploads\/2016\/03\/DSC01381.jpg\" \/>\n\t<meta property=\"og:image:width\" content=\"2200\" \/>\n\t<meta property=\"og:image:height\" content=\"1375\" \/>\n\t<meta property=\"og:image:type\" content=\"image\/jpeg\" \/>\n<meta name=\"author\" content=\"Cope Alcoy\" \/>\n<meta name=\"twitter:label1\" content=\"Escrito por\" \/>\n\t<meta name=\"twitter:data1\" content=\"Cope Alcoy\" \/>\n\t<meta name=\"twitter:label2\" content=\"Tiempo de lectura\" \/>\n\t<meta name=\"twitter:data2\" content=\"1 minuto\" \/>\n<script type=\"application\/ld+json\" class=\"yoast-schema-graph\">{\"@context\":\"https:\\\/\\\/schema.org\",\"@graph\":[{\"@type\":\"Article\",\"@id\":\"https:\\\/\\\/www.copealcoy.es\\\/es\\\/el-domingo-de-ramos-marca-el-inicio-de-la-semana-santa-en-la-comarca\\\/#article\",\"isPartOf\":{\"@id\":\"https:\\\/\\\/www.copealcoy.es\\\/es\\\/el-domingo-de-ramos-marca-el-inicio-de-la-semana-santa-en-la-comarca\\\/\"},\"author\":{\"name\":\"Cope Alcoy\",\"@id\":\"https:\\\/\\\/www.copealcoy.es\\\/es\\\/#\\\/schema\\\/person\\\/e777c87fa024e57d40170af9df39882c\"},\"headline\":\"El Domingo de Ramos marca el inicio de la Semana Santa en la comarca\",\"datePublished\":\"2016-03-20T17:00:22+00:00\",\"dateModified\":\"2016-03-20T17:03:55+00:00\",\"mainEntityOfPage\":{\"@id\":\"https:\\\/\\\/www.copealcoy.es\\\/es\\\/el-domingo-de-ramos-marca-el-inicio-de-la-semana-santa-en-la-comarca\\\/\"},\"wordCount\":229,\"commentCount\":0,\"image\":{\"@id\":\"https:\\\/\\\/www.copealcoy.es\\\/es\\\/el-domingo-de-ramos-marca-el-inicio-de-la-semana-santa-en-la-comarca\\\/#primaryimage\"},\"thumbnailUrl\":\"https:\\\/\\\/www.copealcoy.es\\\/wp-content\\\/uploads\\\/2016\\\/03\\\/DSC01381.jpg\",\"keywords\":[\"Cocentaina\",\"Domingo de Ramos\",\"Muro\",\"Tradiciones\"],\"articleSection\":[\"Comarcas\",\"Noticias\"],\"inLanguage\":\"es\"},{\"@type\":\"WebPage\",\"@id\":\"https:\\\/\\\/www.copealcoy.es\\\/es\\\/el-domingo-de-ramos-marca-el-inicio-de-la-semana-santa-en-la-comarca\\\/\",\"url\":\"https:\\\/\\\/www.copealcoy.es\\\/es\\\/el-domingo-de-ramos-marca-el-inicio-de-la-semana-santa-en-la-comarca\\\/\",\"name\":\"El Domingo de Ramos marca el inicio de la Semana Santa en la comarca - COPE Alcoy\",\"isPartOf\":{\"@id\":\"https:\\\/\\\/www.copealcoy.es\\\/es\\\/#website\"},\"primaryImageOfPage\":{\"@id\":\"https:\\\/\\\/www.copealcoy.es\\\/es\\\/el-domingo-de-ramos-marca-el-inicio-de-la-semana-santa-en-la-comarca\\\/#primaryimage\"},\"image\":{\"@id\":\"https:\\\/\\\/www.copealcoy.es\\\/es\\\/el-domingo-de-ramos-marca-el-inicio-de-la-semana-santa-en-la-comarca\\\/#primaryimage\"},\"thumbnailUrl\":\"https:\\\/\\\/www.copealcoy.es\\\/wp-content\\\/uploads\\\/2016\\\/03\\\/DSC01381.jpg\",\"datePublished\":\"2016-03-20T17:00:22+00:00\",\"dateModified\":\"2016-03-20T17:03:55+00:00\",\"author\":{\"@id\":\"https:\\\/\\\/www.copealcoy.es\\\/es\\\/#\\\/schema\\\/person\\\/e777c87fa024e57d40170af9df39882c\"},\"breadcrumb\":{\"@id\":\"https:\\\/\\\/www.copealcoy.es\\\/es\\\/el-domingo-de-ramos-marca-el-inicio-de-la-semana-santa-en-la-comarca\\\/#breadcrumb\"},\"inLanguage\":\"es\",\"potentialAction\":[{\"@type\":\"ReadAction\",\"target\":[\"https:\\\/\\\/www.copealcoy.es\\\/es\\\/el-domingo-de-ramos-marca-el-inicio-de-la-semana-santa-en-la-comarca\\\/\"]}]},{\"@type\":\"ImageObject\",\"inLanguage\":\"es\",\"@id\":\"https:\\\/\\\/www.copealcoy.es\\\/es\\\/el-domingo-de-ramos-marca-el-inicio-de-la-semana-santa-en-la-comarca\\\/#primaryimage\",\"url\":\"https:\\\/\\\/www.copealcoy.es\\\/wp-content\\\/uploads\\\/2016\\\/03\\\/DSC01381.jpg\",\"contentUrl\":\"https:\\\/\\\/www.copealcoy.es\\\/wp-content\\\/uploads\\\/2016\\\/03\\\/DSC01381.jpg\",\"width\":2200,\"height\":1375,\"caption\":\"La bendici\u00f3n de las palmas en Cocentaina ha tenido lugar en el Convento de los Franciscanos \\\/ Foto: G. Pascual\"},{\"@type\":\"BreadcrumbList\",\"@id\":\"https:\\\/\\\/www.copealcoy.es\\\/es\\\/el-domingo-de-ramos-marca-el-inicio-de-la-semana-santa-en-la-comarca\\\/#breadcrumb\",\"itemListElement\":[{\"@type\":\"ListItem\",\"position\":1,\"name\":\"Portada\",\"item\":\"https:\\\/\\\/www.copealcoy.es\\\/es\\\/\"},{\"@type\":\"ListItem\",\"position\":2,\"name\":\"El Domingo de Ramos marca el inicio de la Semana Santa en la comarca\"}]},{\"@type\":\"WebSite\",\"@id\":\"https:\\\/\\\/www.copealcoy.es\\\/es\\\/#website\",\"url\":\"https:\\\/\\\/www.copealcoy.es\\\/es\\\/\",\"name\":\"COPE Alcoy\",\"description\":\"Emisora COPE de radio local con emisi\u00f3n online. Pont de Sant Jordi 8-10 03803 Alcoy\",\"potentialAction\":[{\"@type\":\"SearchAction\",\"target\":{\"@type\":\"EntryPoint\",\"urlTemplate\":\"https:\\\/\\\/www.copealcoy.es\\\/es\\\/?s={search_term_string}\"},\"query-input\":{\"@type\":\"PropertyValueSpecification\",\"valueRequired\":true,\"valueName\":\"search_term_string\"}}],\"inLanguage\":\"es\"},{\"@type\":\"Person\",\"@id\":\"https:\\\/\\\/www.copealcoy.es\\\/es\\\/#\\\/schema\\\/person\\\/e777c87fa024e57d40170af9df39882c\",\"name\":\"Cope Alcoy\",\"image\":{\"@type\":\"ImageObject\",\"inLanguage\":\"es\",\"@id\":\"https:\\\/\\\/secure.gravatar.com\\\/avatar\\\/bb65d0283347e303893ba14f0692005417c1e0e690a325a4c5d8bb2b3943ee14?s=96&d=mm&r=g\",\"url\":\"https:\\\/\\\/secure.gravatar.com\\\/avatar\\\/bb65d0283347e303893ba14f0692005417c1e0e690a325a4c5d8bb2b3943ee14?s=96&d=mm&r=g\",\"contentUrl\":\"https:\\\/\\\/secure.gravatar.com\\\/avatar\\\/bb65d0283347e303893ba14f0692005417c1e0e690a325a4c5d8bb2b3943ee14?s=96&d=mm&r=g\",\"caption\":\"Cope Alcoy\"}}]}<\/script>\n<!-- \/ Yoast SEO plugin. -->","yoast_head_json":{"title":"El Domingo de Ramos marca el inicio de la Semana Santa en la comarca - COPE Alcoy","robots":{"index":"index","follow":"follow","max-snippet":"max-snippet:-1","max-image-preview":"max-image-preview:large","max-video-preview":"max-video-preview:-1"},"canonical":"https:\/\/www.copealcoy.es\/es\/el-domingo-de-ramos-marca-el-inicio-de-la-semana-santa-en-la-comarca\/","og_locale":"es_ES","og_type":"article","og_title":"El Domingo de Ramos marca el inicio de la Semana Santa en la comarca - COPE Alcoy","og_description":"Los diferentes municipios del Comtat y de l\u00b4 Alcoi\u00e0 tambi\u00e9n han celebrado en esta jornada el Domingo de Ramos que...","og_url":"https:\/\/www.copealcoy.es\/es\/el-domingo-de-ramos-marca-el-inicio-de-la-semana-santa-en-la-comarca\/","og_site_name":"COPE Alcoy","article_published_time":"2016-03-20T17:00:22+00:00","article_modified_time":"2016-03-20T17:03:55+00:00","og_image":[{"width":2200,"height":1375,"url":"https:\/\/www.copealcoy.es\/wp-content\/uploads\/2016\/03\/DSC01381.jpg","type":"image\/jpeg"}],"author":"Cope Alcoy","twitter_misc":{"Escrito por":"Cope Alcoy","Tiempo de lectura":"1 minuto"},"schema":{"@context":"https:\/\/schema.org","@graph":[{"@type":"Article","@id":"https:\/\/www.copealcoy.es\/es\/el-domingo-de-ramos-marca-el-inicio-de-la-semana-santa-en-la-comarca\/#article","isPartOf":{"@id":"https:\/\/www.copealcoy.es\/es\/el-domingo-de-ramos-marca-el-inicio-de-la-semana-santa-en-la-comarca\/"},"author":{"name":"Cope Alcoy","@id":"https:\/\/www.copealcoy.es\/es\/#\/schema\/person\/e777c87fa024e57d40170af9df39882c"},"headline":"El Domingo de Ramos marca el inicio de la Semana Santa en la comarca","datePublished":"2016-03-20T17:00:22+00:00","dateModified":"2016-03-20T17:03:55+00:00","mainEntityOfPage":{"@id":"https:\/\/www.copealcoy.es\/es\/el-domingo-de-ramos-marca-el-inicio-de-la-semana-santa-en-la-comarca\/"},"wordCount":229,"commentCount":0,"image":{"@id":"https:\/\/www.copealcoy.es\/es\/el-domingo-de-ramos-marca-el-inicio-de-la-semana-santa-en-la-comarca\/#primaryimage"},"thumbnailUrl":"https:\/\/www.copealcoy.es\/wp-content\/uploads\/2016\/03\/DSC01381.jpg","keywords":["Cocentaina","Domingo de Ramos","Muro","Tradiciones"],"articleSection":["Comarcas","Noticias"],"inLanguage":"es"},{"@type":"WebPage","@id":"https:\/\/www.copealcoy.es\/es\/el-domingo-de-ramos-marca-el-inicio-de-la-semana-santa-en-la-comarca\/","url":"https:\/\/www.copealcoy.es\/es\/el-domingo-de-ramos-marca-el-inicio-de-la-semana-santa-en-la-comarca\/","name":"El Domingo de Ramos marca el inicio de la Semana Santa en la comarca - COPE Alcoy","isPartOf":{"@id":"https:\/\/www.copealcoy.es\/es\/#website"},"primaryImageOfPage":{"@id":"https:\/\/www.copealcoy.es\/es\/el-domingo-de-ramos-marca-el-inicio-de-la-semana-santa-en-la-comarca\/#primaryimage"},"image":{"@id":"https:\/\/www.copealcoy.es\/es\/el-domingo-de-ramos-marca-el-inicio-de-la-semana-santa-en-la-comarca\/#primaryimage"},"thumbnailUrl":"https:\/\/www.copealcoy.es\/wp-content\/uploads\/2016\/03\/DSC01381.jpg","datePublished":"2016-03-20T17:00:22+00:00","dateModified":"2016-03-20T17:03:55+00:00","author":{"@id":"https:\/\/www.copealcoy.es\/es\/#\/schema\/person\/e777c87fa024e57d40170af9df39882c"},"breadcrumb":{"@id":"https:\/\/www.copealcoy.es\/es\/el-domingo-de-ramos-marca-el-inicio-de-la-semana-santa-en-la-comarca\/#breadcrumb"},"inLanguage":"es","potentialAction":[{"@type":"ReadAction","target":["https:\/\/www.copealcoy.es\/es\/el-domingo-de-ramos-marca-el-inicio-de-la-semana-santa-en-la-comarca\/"]}]},{"@type":"ImageObject","inLanguage":"es","@id":"https:\/\/www.copealcoy.es\/es\/el-domingo-de-ramos-marca-el-inicio-de-la-semana-santa-en-la-comarca\/#primaryimage","url":"https:\/\/www.copealcoy.es\/wp-content\/uploads\/2016\/03\/DSC01381.jpg","contentUrl":"https:\/\/www.copealcoy.es\/wp-content\/uploads\/2016\/03\/DSC01381.jpg","width":2200,"height":1375,"caption":"La bendici\u00f3n de las palmas en Cocentaina ha tenido lugar en el Convento de los Franciscanos \/ Foto: G. Pascual"},{"@type":"BreadcrumbList","@id":"https:\/\/www.copealcoy.es\/es\/el-domingo-de-ramos-marca-el-inicio-de-la-semana-santa-en-la-comarca\/#breadcrumb","itemListElement":[{"@type":"ListItem","position":1,"name":"Portada","item":"https:\/\/www.copealcoy.es\/es\/"},{"@type":"ListItem","position":2,"name":"El Domingo de Ramos marca el inicio de la Semana Santa en la comarca"}]},{"@type":"WebSite","@id":"https:\/\/www.copealcoy.es\/es\/#website","url":"https:\/\/www.copealcoy.es\/es\/","name":"COPE Alcoy","description":"Emisora COPE de radio local con emisi\u00f3n online. Pont de Sant Jordi 8-10 03803 Alcoy","potentialAction":[{"@type":"SearchAction","target":{"@type":"EntryPoint","urlTemplate":"https:\/\/www.copealcoy.es\/es\/?s={search_term_string}"},"query-input":{"@type":"PropertyValueSpecification","valueRequired":true,"valueName":"search_term_string"}}],"inLanguage":"es"},{"@type":"Person","@id":"https:\/\/www.copealcoy.es\/es\/#\/schema\/person\/e777c87fa024e57d40170af9df39882c","name":"Cope Alcoy","image":{"@type":"ImageObject","inLanguage":"es","@id":"https:\/\/secure.gravatar.com\/avatar\/bb65d0283347e303893ba14f0692005417c1e0e690a325a4c5d8bb2b3943ee14?s=96&d=mm&r=g","url":"https:\/\/secure.gravatar.com\/avatar\/bb65d0283347e303893ba14f0692005417c1e0e690a325a4c5d8bb2b3943ee14?s=96&d=mm&r=g","contentUrl":"https:\/\/secure.gravatar.com\/avatar\/bb65d0283347e303893ba14f0692005417c1e0e690a325a4c5d8bb2b3943ee14?s=96&d=mm&r=g","caption":"Cope Alcoy"}}]}},"_links":{"self":[{"href":"https:\/\/www.copealcoy.es\/es\/wp-json\/wp\/v2\/posts\/20017","targetHints":{"allow":["GET"]}}],"collection":[{"href":"https:\/\/www.copealcoy.es\/es\/wp-json\/wp\/v2\/posts"}],"about":[{"href":"https:\/\/www.copealcoy.es\/es\/wp-json\/wp\/v2\/types\/post"}],"author":[{"embeddable":true,"href":"https:\/\/www.copealcoy.es\/es\/wp-json\/wp\/v2\/users\/1"}],"replies":[{"embeddable":true,"href":"https:\/\/www.copealcoy.es\/es\/wp-json\/wp\/v2\/comments?post=20017"}],"version-history":[{"count":0,"href":"https:\/\/www.copealcoy.es\/es\/wp-json\/wp\/v2\/posts\/20017\/revisions"}],"wp:featuredmedia":[{"embeddable":true,"href":"https:\/\/www.copealcoy.es\/es\/wp-json\/wp\/v2\/media\/20018"}],"wp:attachment":[{"href":"https:\/\/www.copealcoy.es\/es\/wp-json\/wp\/v2\/media?parent=20017"}],"wp:term":[{"taxonomy":"category","embeddable":true,"href":"https:\/\/www.copealcoy.es\/es\/wp-json\/wp\/v2\/categories?post=20017"},{"taxonomy":"post_tag","embeddable":true,"href":"https:\/\/www.copealcoy.es\/es\/wp-json\/wp\/v2\/tags?post=20017"}],"curies":[{"name":"wp","href":"https:\/\/api.w.org\/{rel}","templated":true}]}}