{"id":19937,"date":"2016-03-19T06:00:46","date_gmt":"2016-03-19T06:00:46","guid":{"rendered":"http:\/\/copealcoi.es\/new\/?p=19937"},"modified":"2016-03-18T22:00:30","modified_gmt":"2016-03-18T22:00:30","slug":"ciudadanos-se-fija-en-otras-ciudades-para-resolver-los-problemas-del-centro","status":"publish","type":"post","link":"https:\/\/www.copealcoy.es\/es\/ciudadanos-se-fija-en-otras-ciudades-para-resolver-los-problemas-del-centro\/","title":{"rendered":"Ciudadanos propone recoger ideas de otros municipios para mejorar el Centro"},"content":{"rendered":"<p style=\"text-align: justify;\">El Grupo Municipal de Ciudadanos presentar\u00e1 un ruego en el pr\u00f3ximo pleno municipal en el que propondr\u00e1\u00a0establecer una serie de contactos con otras ciudades del resto de Espa\u00f1a, que tengan problemas similares en sus Centros hist\u00f3ricos, con el fin de impulsar soluciones a la situaci\u00f3n de esta zona de la ciudad.<\/p>\n<p style=\"text-align: justify;\">La formaci\u00f3n naranja a\u00f1ade que Ciudades como Oviedo, Girona, Pamplona o Toledo son ahora pioneras en la rehabilitaci\u00f3n comercial y social de Centros hist\u00f3ricos. Es por eso que piden que se comparta informaci\u00f3n con estas administraciones con la finalidad de &#8220;captar las mejores ideas y m\u00e1s \u00e1giles para intentar relanzar el comercio&#8221;, afirma el portavoz Jorge Sedano.<\/p>\n<p>Desde Ciudadanos\u00a0califican esta iniciativa de &#8220;de urgente y primordial&#8221; \u00a0y Sedano a\u00f1ade ser conscientes de que &#8220;esta tarea es dif\u00edcil, pero tambi\u00e9n sabemos que es imposible cerrar los ojos ante una dura realidad&#8221;, concluye.<\/p>\n<p><strong>Preocupaci\u00f3n por temas de medio ambiente<\/strong><\/p>\n<p style=\"text-align: justify;\">Desde el Grupo Municipal de Ciudadanos tambi\u00e9n han expresado\u00a0su preocupaci\u00f3n por temas referidos al \u00e1rea de Medio Ambiente. En este sentido se han referido al retraso en el contrato de la recogida de basuras y limpieza viaria, caducado desde el 2012, y a la Planta de Transferencia &#8220;que\u00a0lleva a\u00f1os sin d\u00e1rsele una soluci\u00f3n concreta&#8221;, afirma la edil Maribel S\u00e1nchez.<\/p>\n<p>&nbsp;<\/p>\n<p>&nbsp;<\/p>\n","protected":false},"excerpt":{"rendered":"<p>El Grupo Municipal de Ciudadanos presentar\u00e1 un ruego en el pr\u00f3ximo pleno municipal en el que propondr\u00e1\u00a0establecer una serie de&#8230;<\/p>\n","protected":false},"author":1,"featured_media":19818,"comment_status":"open","ping_status":"open","sticky":false,"template":"","format":"standard","meta":{"footnotes":""},"categories":[97,75,79],"tags":[1494,632,295,349,825,2020],"class_list":["post-19937","post","type-post","status-publish","format-standard","has-post-thumbnail","hentry","category-alcoy","category-noticias","category-politicayeconomia","tag-alcoy","tag-basura","tag-centro","tag-ciudadanos","tag-jorge-sedano","tag-planta-de-transferencia"],"yoast_head":"<!-- This site is optimized with the Yoast SEO plugin v27.3 - https:\/\/yoast.com\/product\/yoast-seo-wordpress\/ -->\n<title>Ciudadanos propone recoger ideas de otros municipios para mejorar el Centro - COPE Alcoy<\/title>\n<meta name=\"robots\" content=\"index, follow, max-snippet:-1, max-image-preview:large, max-video-preview:-1\" \/>\n<link rel=\"canonical\" href=\"https:\/\/www.copealcoy.es\/es\/ciudadanos-se-fija-en-otras-ciudades-para-resolver-los-problemas-del-centro\/\" \/>\n<meta property=\"og:locale\" content=\"es_ES\" \/>\n<meta property=\"og:type\" content=\"article\" \/>\n<meta property=\"og:title\" content=\"Ciudadanos propone recoger ideas de otros municipios para mejorar el Centro - COPE Alcoy\" \/>\n<meta property=\"og:description\" content=\"El Grupo Municipal de Ciudadanos presentar\u00e1 un ruego en el pr\u00f3ximo pleno municipal en el que propondr\u00e1\u00a0establecer una serie de...\" \/>\n<meta property=\"og:url\" content=\"https:\/\/www.copealcoy.es\/es\/ciudadanos-se-fija-en-otras-ciudades-para-resolver-los-problemas-del-centro\/\" \/>\n<meta property=\"og:site_name\" content=\"COPE Alcoy\" \/>\n<meta property=\"article:published_time\" content=\"2016-03-19T06:00:46+00:00\" \/>\n<meta property=\"og:image\" content=\"https:\/\/www.copealcoy.es\/wp-content\/uploads\/2016\/03\/12570829_10208754505960684_1937777417_n.jpg\" \/>\n\t<meta property=\"og:image:width\" content=\"960\" \/>\n\t<meta property=\"og:image:height\" content=\"719\" \/>\n\t<meta property=\"og:image:type\" content=\"image\/jpeg\" \/>\n<meta name=\"author\" content=\"Cope Alcoy\" \/>\n<meta name=\"twitter:label1\" content=\"Escrito por\" \/>\n\t<meta name=\"twitter:data1\" content=\"Cope Alcoy\" \/>\n\t<meta name=\"twitter:label2\" content=\"Tiempo de lectura\" \/>\n\t<meta name=\"twitter:data2\" content=\"1 minuto\" \/>\n<script type=\"application\/ld+json\" class=\"yoast-schema-graph\">{\"@context\":\"https:\\\/\\\/schema.org\",\"@graph\":[{\"@type\":\"Article\",\"@id\":\"https:\\\/\\\/www.copealcoy.es\\\/es\\\/ciudadanos-se-fija-en-otras-ciudades-para-resolver-los-problemas-del-centro\\\/#article\",\"isPartOf\":{\"@id\":\"https:\\\/\\\/www.copealcoy.es\\\/es\\\/ciudadanos-se-fija-en-otras-ciudades-para-resolver-los-problemas-del-centro\\\/\"},\"author\":{\"name\":\"Cope Alcoy\",\"@id\":\"https:\\\/\\\/www.copealcoy.es\\\/es\\\/#\\\/schema\\\/person\\\/e777c87fa024e57d40170af9df39882c\"},\"headline\":\"Ciudadanos propone recoger ideas de otros municipios para mejorar el Centro\",\"datePublished\":\"2016-03-19T06:00:46+00:00\",\"mainEntityOfPage\":{\"@id\":\"https:\\\/\\\/www.copealcoy.es\\\/es\\\/ciudadanos-se-fija-en-otras-ciudades-para-resolver-los-problemas-del-centro\\\/\"},\"wordCount\":243,\"commentCount\":0,\"image\":{\"@id\":\"https:\\\/\\\/www.copealcoy.es\\\/es\\\/ciudadanos-se-fija-en-otras-ciudades-para-resolver-los-problemas-del-centro\\\/#primaryimage\"},\"thumbnailUrl\":\"https:\\\/\\\/www.copealcoy.es\\\/wp-content\\\/uploads\\\/2016\\\/03\\\/12570829_10208754505960684_1937777417_n.jpg\",\"keywords\":[\"Alcoy\",\"Basura\",\"Centro\",\"Ciudadanos\",\"Jorge Sedano\",\"Planta de Transferencia\"],\"articleSection\":[\"Alcoy\",\"Noticias\",\"Pol\u00edtica y Econom\u00eda\"],\"inLanguage\":\"es\"},{\"@type\":\"WebPage\",\"@id\":\"https:\\\/\\\/www.copealcoy.es\\\/es\\\/ciudadanos-se-fija-en-otras-ciudades-para-resolver-los-problemas-del-centro\\\/\",\"url\":\"https:\\\/\\\/www.copealcoy.es\\\/es\\\/ciudadanos-se-fija-en-otras-ciudades-para-resolver-los-problemas-del-centro\\\/\",\"name\":\"Ciudadanos propone recoger ideas de otros municipios para mejorar el Centro - COPE Alcoy\",\"isPartOf\":{\"@id\":\"https:\\\/\\\/www.copealcoy.es\\\/es\\\/#website\"},\"primaryImageOfPage\":{\"@id\":\"https:\\\/\\\/www.copealcoy.es\\\/es\\\/ciudadanos-se-fija-en-otras-ciudades-para-resolver-los-problemas-del-centro\\\/#primaryimage\"},\"image\":{\"@id\":\"https:\\\/\\\/www.copealcoy.es\\\/es\\\/ciudadanos-se-fija-en-otras-ciudades-para-resolver-los-problemas-del-centro\\\/#primaryimage\"},\"thumbnailUrl\":\"https:\\\/\\\/www.copealcoy.es\\\/wp-content\\\/uploads\\\/2016\\\/03\\\/12570829_10208754505960684_1937777417_n.jpg\",\"datePublished\":\"2016-03-19T06:00:46+00:00\",\"author\":{\"@id\":\"https:\\\/\\\/www.copealcoy.es\\\/es\\\/#\\\/schema\\\/person\\\/e777c87fa024e57d40170af9df39882c\"},\"breadcrumb\":{\"@id\":\"https:\\\/\\\/www.copealcoy.es\\\/es\\\/ciudadanos-se-fija-en-otras-ciudades-para-resolver-los-problemas-del-centro\\\/#breadcrumb\"},\"inLanguage\":\"es\",\"potentialAction\":[{\"@type\":\"ReadAction\",\"target\":[\"https:\\\/\\\/www.copealcoy.es\\\/es\\\/ciudadanos-se-fija-en-otras-ciudades-para-resolver-los-problemas-del-centro\\\/\"]}]},{\"@type\":\"ImageObject\",\"inLanguage\":\"es\",\"@id\":\"https:\\\/\\\/www.copealcoy.es\\\/es\\\/ciudadanos-se-fija-en-otras-ciudades-para-resolver-los-problemas-del-centro\\\/#primaryimage\",\"url\":\"https:\\\/\\\/www.copealcoy.es\\\/wp-content\\\/uploads\\\/2016\\\/03\\\/12570829_10208754505960684_1937777417_n.jpg\",\"contentUrl\":\"https:\\\/\\\/www.copealcoy.es\\\/wp-content\\\/uploads\\\/2016\\\/03\\\/12570829_10208754505960684_1937777417_n.jpg\",\"width\":960,\"height\":719,\"caption\":\"Calle San Francisco en el Centro de Alcoy \\\/ Foto: G. Pascual\"},{\"@type\":\"BreadcrumbList\",\"@id\":\"https:\\\/\\\/www.copealcoy.es\\\/es\\\/ciudadanos-se-fija-en-otras-ciudades-para-resolver-los-problemas-del-centro\\\/#breadcrumb\",\"itemListElement\":[{\"@type\":\"ListItem\",\"position\":1,\"name\":\"Portada\",\"item\":\"https:\\\/\\\/www.copealcoy.es\\\/es\\\/\"},{\"@type\":\"ListItem\",\"position\":2,\"name\":\"Ciudadanos propone recoger ideas de otros municipios para mejorar el Centro\"}]},{\"@type\":\"WebSite\",\"@id\":\"https:\\\/\\\/www.copealcoy.es\\\/es\\\/#website\",\"url\":\"https:\\\/\\\/www.copealcoy.es\\\/es\\\/\",\"name\":\"COPE Alcoy\",\"description\":\"Emisora COPE de radio local con emisi\u00f3n online. Pont de Sant Jordi 8-10 03803 Alcoy\",\"potentialAction\":[{\"@type\":\"SearchAction\",\"target\":{\"@type\":\"EntryPoint\",\"urlTemplate\":\"https:\\\/\\\/www.copealcoy.es\\\/es\\\/?s={search_term_string}\"},\"query-input\":{\"@type\":\"PropertyValueSpecification\",\"valueRequired\":true,\"valueName\":\"search_term_string\"}}],\"inLanguage\":\"es\"},{\"@type\":\"Person\",\"@id\":\"https:\\\/\\\/www.copealcoy.es\\\/es\\\/#\\\/schema\\\/person\\\/e777c87fa024e57d40170af9df39882c\",\"name\":\"Cope Alcoy\",\"image\":{\"@type\":\"ImageObject\",\"inLanguage\":\"es\",\"@id\":\"https:\\\/\\\/secure.gravatar.com\\\/avatar\\\/bb65d0283347e303893ba14f0692005417c1e0e690a325a4c5d8bb2b3943ee14?s=96&d=mm&r=g\",\"url\":\"https:\\\/\\\/secure.gravatar.com\\\/avatar\\\/bb65d0283347e303893ba14f0692005417c1e0e690a325a4c5d8bb2b3943ee14?s=96&d=mm&r=g\",\"contentUrl\":\"https:\\\/\\\/secure.gravatar.com\\\/avatar\\\/bb65d0283347e303893ba14f0692005417c1e0e690a325a4c5d8bb2b3943ee14?s=96&d=mm&r=g\",\"caption\":\"Cope Alcoy\"}}]}<\/script>\n<!-- \/ Yoast SEO plugin. -->","yoast_head_json":{"title":"Ciudadanos propone recoger ideas de otros municipios para mejorar el Centro - COPE Alcoy","robots":{"index":"index","follow":"follow","max-snippet":"max-snippet:-1","max-image-preview":"max-image-preview:large","max-video-preview":"max-video-preview:-1"},"canonical":"https:\/\/www.copealcoy.es\/es\/ciudadanos-se-fija-en-otras-ciudades-para-resolver-los-problemas-del-centro\/","og_locale":"es_ES","og_type":"article","og_title":"Ciudadanos propone recoger ideas de otros municipios para mejorar el Centro - COPE Alcoy","og_description":"El Grupo Municipal de Ciudadanos presentar\u00e1 un ruego en el pr\u00f3ximo pleno municipal en el que propondr\u00e1\u00a0establecer una serie de...","og_url":"https:\/\/www.copealcoy.es\/es\/ciudadanos-se-fija-en-otras-ciudades-para-resolver-los-problemas-del-centro\/","og_site_name":"COPE Alcoy","article_published_time":"2016-03-19T06:00:46+00:00","og_image":[{"width":960,"height":719,"url":"https:\/\/www.copealcoy.es\/wp-content\/uploads\/2016\/03\/12570829_10208754505960684_1937777417_n.jpg","type":"image\/jpeg"}],"author":"Cope Alcoy","twitter_misc":{"Escrito por":"Cope Alcoy","Tiempo de lectura":"1 minuto"},"schema":{"@context":"https:\/\/schema.org","@graph":[{"@type":"Article","@id":"https:\/\/www.copealcoy.es\/es\/ciudadanos-se-fija-en-otras-ciudades-para-resolver-los-problemas-del-centro\/#article","isPartOf":{"@id":"https:\/\/www.copealcoy.es\/es\/ciudadanos-se-fija-en-otras-ciudades-para-resolver-los-problemas-del-centro\/"},"author":{"name":"Cope Alcoy","@id":"https:\/\/www.copealcoy.es\/es\/#\/schema\/person\/e777c87fa024e57d40170af9df39882c"},"headline":"Ciudadanos propone recoger ideas de otros municipios para mejorar el Centro","datePublished":"2016-03-19T06:00:46+00:00","mainEntityOfPage":{"@id":"https:\/\/www.copealcoy.es\/es\/ciudadanos-se-fija-en-otras-ciudades-para-resolver-los-problemas-del-centro\/"},"wordCount":243,"commentCount":0,"image":{"@id":"https:\/\/www.copealcoy.es\/es\/ciudadanos-se-fija-en-otras-ciudades-para-resolver-los-problemas-del-centro\/#primaryimage"},"thumbnailUrl":"https:\/\/www.copealcoy.es\/wp-content\/uploads\/2016\/03\/12570829_10208754505960684_1937777417_n.jpg","keywords":["Alcoy","Basura","Centro","Ciudadanos","Jorge Sedano","Planta de Transferencia"],"articleSection":["Alcoy","Noticias","Pol\u00edtica y Econom\u00eda"],"inLanguage":"es"},{"@type":"WebPage","@id":"https:\/\/www.copealcoy.es\/es\/ciudadanos-se-fija-en-otras-ciudades-para-resolver-los-problemas-del-centro\/","url":"https:\/\/www.copealcoy.es\/es\/ciudadanos-se-fija-en-otras-ciudades-para-resolver-los-problemas-del-centro\/","name":"Ciudadanos propone recoger ideas de otros municipios para mejorar el Centro - COPE Alcoy","isPartOf":{"@id":"https:\/\/www.copealcoy.es\/es\/#website"},"primaryImageOfPage":{"@id":"https:\/\/www.copealcoy.es\/es\/ciudadanos-se-fija-en-otras-ciudades-para-resolver-los-problemas-del-centro\/#primaryimage"},"image":{"@id":"https:\/\/www.copealcoy.es\/es\/ciudadanos-se-fija-en-otras-ciudades-para-resolver-los-problemas-del-centro\/#primaryimage"},"thumbnailUrl":"https:\/\/www.copealcoy.es\/wp-content\/uploads\/2016\/03\/12570829_10208754505960684_1937777417_n.jpg","datePublished":"2016-03-19T06:00:46+00:00","author":{"@id":"https:\/\/www.copealcoy.es\/es\/#\/schema\/person\/e777c87fa024e57d40170af9df39882c"},"breadcrumb":{"@id":"https:\/\/www.copealcoy.es\/es\/ciudadanos-se-fija-en-otras-ciudades-para-resolver-los-problemas-del-centro\/#breadcrumb"},"inLanguage":"es","potentialAction":[{"@type":"ReadAction","target":["https:\/\/www.copealcoy.es\/es\/ciudadanos-se-fija-en-otras-ciudades-para-resolver-los-problemas-del-centro\/"]}]},{"@type":"ImageObject","inLanguage":"es","@id":"https:\/\/www.copealcoy.es\/es\/ciudadanos-se-fija-en-otras-ciudades-para-resolver-los-problemas-del-centro\/#primaryimage","url":"https:\/\/www.copealcoy.es\/wp-content\/uploads\/2016\/03\/12570829_10208754505960684_1937777417_n.jpg","contentUrl":"https:\/\/www.copealcoy.es\/wp-content\/uploads\/2016\/03\/12570829_10208754505960684_1937777417_n.jpg","width":960,"height":719,"caption":"Calle San Francisco en el Centro de Alcoy \/ Foto: G. Pascual"},{"@type":"BreadcrumbList","@id":"https:\/\/www.copealcoy.es\/es\/ciudadanos-se-fija-en-otras-ciudades-para-resolver-los-problemas-del-centro\/#breadcrumb","itemListElement":[{"@type":"ListItem","position":1,"name":"Portada","item":"https:\/\/www.copealcoy.es\/es\/"},{"@type":"ListItem","position":2,"name":"Ciudadanos propone recoger ideas de otros municipios para mejorar el Centro"}]},{"@type":"WebSite","@id":"https:\/\/www.copealcoy.es\/es\/#website","url":"https:\/\/www.copealcoy.es\/es\/","name":"COPE Alcoy","description":"Emisora COPE de radio local con emisi\u00f3n online. Pont de Sant Jordi 8-10 03803 Alcoy","potentialAction":[{"@type":"SearchAction","target":{"@type":"EntryPoint","urlTemplate":"https:\/\/www.copealcoy.es\/es\/?s={search_term_string}"},"query-input":{"@type":"PropertyValueSpecification","valueRequired":true,"valueName":"search_term_string"}}],"inLanguage":"es"},{"@type":"Person","@id":"https:\/\/www.copealcoy.es\/es\/#\/schema\/person\/e777c87fa024e57d40170af9df39882c","name":"Cope Alcoy","image":{"@type":"ImageObject","inLanguage":"es","@id":"https:\/\/secure.gravatar.com\/avatar\/bb65d0283347e303893ba14f0692005417c1e0e690a325a4c5d8bb2b3943ee14?s=96&d=mm&r=g","url":"https:\/\/secure.gravatar.com\/avatar\/bb65d0283347e303893ba14f0692005417c1e0e690a325a4c5d8bb2b3943ee14?s=96&d=mm&r=g","contentUrl":"https:\/\/secure.gravatar.com\/avatar\/bb65d0283347e303893ba14f0692005417c1e0e690a325a4c5d8bb2b3943ee14?s=96&d=mm&r=g","caption":"Cope Alcoy"}}]}},"_links":{"self":[{"href":"https:\/\/www.copealcoy.es\/es\/wp-json\/wp\/v2\/posts\/19937","targetHints":{"allow":["GET"]}}],"collection":[{"href":"https:\/\/www.copealcoy.es\/es\/wp-json\/wp\/v2\/posts"}],"about":[{"href":"https:\/\/www.copealcoy.es\/es\/wp-json\/wp\/v2\/types\/post"}],"author":[{"embeddable":true,"href":"https:\/\/www.copealcoy.es\/es\/wp-json\/wp\/v2\/users\/1"}],"replies":[{"embeddable":true,"href":"https:\/\/www.copealcoy.es\/es\/wp-json\/wp\/v2\/comments?post=19937"}],"version-history":[{"count":0,"href":"https:\/\/www.copealcoy.es\/es\/wp-json\/wp\/v2\/posts\/19937\/revisions"}],"wp:featuredmedia":[{"embeddable":true,"href":"https:\/\/www.copealcoy.es\/es\/wp-json\/wp\/v2\/media\/19818"}],"wp:attachment":[{"href":"https:\/\/www.copealcoy.es\/es\/wp-json\/wp\/v2\/media?parent=19937"}],"wp:term":[{"taxonomy":"category","embeddable":true,"href":"https:\/\/www.copealcoy.es\/es\/wp-json\/wp\/v2\/categories?post=19937"},{"taxonomy":"post_tag","embeddable":true,"href":"https:\/\/www.copealcoy.es\/es\/wp-json\/wp\/v2\/tags?post=19937"}],"curies":[{"name":"wp","href":"https:\/\/api.w.org\/{rel}","templated":true}]}}