{"id":19930,"date":"2016-03-18T06:00:36","date_gmt":"2016-03-18T06:00:36","guid":{"rendered":"http:\/\/copealcoi.es\/new\/?p=19930"},"modified":"2016-03-18T15:27:17","modified_gmt":"2016-03-18T15:27:17","slug":"aprobados-los-presupuestos-municipales-de-cocentaina","status":"publish","type":"post","link":"https:\/\/www.copealcoy.es\/es\/aprobados-los-presupuestos-municipales-de-cocentaina\/","title":{"rendered":"Aprobados los Presupuestos Municipales de Cocentaina"},"content":{"rendered":"<p style=\"text-align: justify;\">El Pleno del Ayuntamiento de Cocentaina aprob\u00f3 ayer por la tarde los Presupuestos Municipales del 2016 que ascienden a los 9\u00b49 millones de euros. Las cuentas salieron adelante con los votos favorables del Partido Socialista, Guanyar Cocentaina y Ciudadanos, mientras que contaron con la abstenci\u00f3n de Col\u00b7lectiu 03820 &#8211; Comprom\u00eds y el rechazo del Partido Popular.<\/p>\n<p style=\"text-align: justify;\">El edil de Hacienda, Marcos Castell\u00f3, desgran\u00f3 los cap\u00edtulos del Presupuesto y explic\u00f3 que en materia de inversiones reales se contemplan 470.000 euros para la construcci\u00f3n de viviendas sociales, subvencionadas por el Ministerio de Fomento y la Conseller\u00eda, y que permitir\u00e1 la regeneraci\u00f3n del casco antiguo junto la creaci\u00f3n de ocupaci\u00f3n en el sector de la construcci\u00f3n y en los que deriven del mismo. Adem\u00e1s detall\u00f3 que otros de los ejes son la promoci\u00f3n econ\u00f3mica, la participaci\u00f3n ciudadana y el turismo \u00a0al mismo tiempo que indic\u00f3 que se reservan 30.000 euros para la redacci\u00f3n del proyecto de reconversi\u00f3n del Campo de F\u00fatbol de la V\u00eda as\u00ed como para el estudio de otros como la cubierta de la pista de hockey &#8220;que se deber\u00e1n de consensuar\u00a0junto a otras iniciativas&#8221;, apostill\u00f3. De igual modo Castell\u00f3 matiz\u00f3 que el Ayuntamiento goza de buena salud econ\u00f3mica &#8220;puesto que con este presupuesto, a pesar de las fuertes inversiones a realizar, se conseguir\u00e1 reducir la deuda municipal por debajo del 18%&#8221;.<\/p>\n<p style=\"text-align: justify;\">Desde Guanyar Cocentaina el portavoz, Bernardo P\u00e9rez, explic\u00f3 que su formaci\u00f3n votaba a favor porque consideraba que el presupuesto presentado era ajustado &#8220;se contempla un proyecto tan importante como la construcci\u00f3n de las viviendas sociales que permitir\u00e1 regenerar la zona del Raval antes de que sea demasiado tarde&#8221;. De igual modo Ciudadanos respald\u00f3 las cuentas &#8220;para dar un voto de confianza al Gobierno Local&#8221;, seg\u00fan dijo el portavoz, Jos\u00e9 Lu\u00eds Vicedo.<\/p>\n<p style=\"text-align: justify;\">La coalici\u00f3n Col\u00b7lectiu 03820- Comprom\u00eds justific\u00f3 su abstenci\u00f3n al considerar que\u00a0era necesario m\u00e1s consenso con la oposici\u00f3n para definir los Presupuestos y al entender que hace falta una mayor planificaci\u00f3n a largo plazo &#8220;tenemos recursos como el Plan Estrat\u00e9gico que se hizo ya en su momento en Cocentaina y que se deber\u00eda rescatar del olvido para\u00a0marcar las l\u00edneas de futuro que queremos para nuestro pueblo&#8221;, afirm\u00f3 el portavoz, Xavi Anduix.<\/p>\n<p style=\"text-align: justify;\">Por \u00faltimo el portavoz popular, Rafael Montava, explic\u00f3 que su partido votaba en contra del Presupuesto &#8220;porque no tiene en cuenta tres ejes fundamentales como son la reducci\u00f3n de impuestos, el fomento del turismo o el apoyo a los j\u00f3venes emprendedores&#8221;, concluy\u00f3.<\/p>\n<p style=\"text-align: justify;\"><strong>Bandera de Europa a media asta en apoyo a los refugiados<\/strong><\/p>\n<p style=\"text-align: justify;\">El pleno acab\u00f3 con la aprobaci\u00f3n de una moci\u00f3n presentada por Ciudadanos para la creaci\u00f3n de una comisi\u00f3n de auditoria interna que permita mejorar la transparencia en gesti\u00f3n de los entes p\u00fablicos locales. Tambi\u00e9n se respald\u00f3\u00a0una moci\u00f3n del PSOE contra la corrupci\u00f3n y al finalizar varios concejales salieron al balc\u00f3n del Ayuntamiento para colocar la bandera de la Uni\u00f3n Europea a media asta en se\u00f1al de rechazo a la falta de apoyo que se est\u00e1 dando a los refugiados que llegan a las fronteras de algunos pa\u00edses miembros.<\/p>\n","protected":false},"excerpt":{"rendered":"<p>El Pleno del Ayuntamiento de Cocentaina aprob\u00f3 ayer por la tarde los Presupuestos Municipales del 2016 que ascienden a los&#8230;<\/p>\n","protected":false},"author":1,"featured_media":19952,"comment_status":"open","ping_status":"open","sticky":false,"template":"","format":"standard","meta":{"footnotes":""},"categories":[98,75],"tags":[132,237,390,316],"class_list":["post-19930","post","type-post","status-publish","format-standard","has-post-thumbnail","hentry","category-comarcas","category-noticias","tag-cocentaina","tag-comtat","tag-economia","tag-presupuestos"],"yoast_head":"<!-- This site is optimized with the Yoast SEO plugin v27.3 - https:\/\/yoast.com\/product\/yoast-seo-wordpress\/ -->\n<title>Aprobados los Presupuestos Municipales de Cocentaina - COPE Alcoy<\/title>\n<meta name=\"robots\" content=\"index, follow, max-snippet:-1, max-image-preview:large, max-video-preview:-1\" \/>\n<link rel=\"canonical\" href=\"https:\/\/www.copealcoy.es\/es\/aprobados-los-presupuestos-municipales-de-cocentaina\/\" \/>\n<meta property=\"og:locale\" content=\"es_ES\" \/>\n<meta property=\"og:type\" content=\"article\" \/>\n<meta property=\"og:title\" content=\"Aprobados los Presupuestos Municipales de Cocentaina - COPE Alcoy\" \/>\n<meta property=\"og:description\" content=\"El Pleno del Ayuntamiento de Cocentaina aprob\u00f3 ayer por la tarde los Presupuestos Municipales del 2016 que ascienden a los...\" \/>\n<meta property=\"og:url\" content=\"https:\/\/www.copealcoy.es\/es\/aprobados-los-presupuestos-municipales-de-cocentaina\/\" \/>\n<meta property=\"og:site_name\" content=\"COPE Alcoy\" \/>\n<meta property=\"article:published_time\" content=\"2016-03-18T06:00:36+00:00\" \/>\n<meta property=\"article:modified_time\" content=\"2016-03-18T15:27:17+00:00\" \/>\n<meta property=\"og:image\" content=\"https:\/\/www.copealcoy.es\/wp-content\/uploads\/2016\/03\/Pleno-celebrado-el-pasado-jueves-1024x650.jpg\" \/>\n\t<meta property=\"og:image:width\" content=\"1024\" \/>\n\t<meta property=\"og:image:height\" content=\"650\" \/>\n\t<meta property=\"og:image:type\" content=\"image\/jpeg\" \/>\n<meta name=\"author\" content=\"Cope Alcoy\" \/>\n<meta name=\"twitter:label1\" content=\"Escrito por\" \/>\n\t<meta name=\"twitter:data1\" content=\"Cope Alcoy\" \/>\n\t<meta name=\"twitter:label2\" content=\"Tiempo de lectura\" \/>\n\t<meta name=\"twitter:data2\" content=\"3 minutos\" \/>\n<script type=\"application\/ld+json\" class=\"yoast-schema-graph\">{\"@context\":\"https:\\\/\\\/schema.org\",\"@graph\":[{\"@type\":\"Article\",\"@id\":\"https:\\\/\\\/www.copealcoy.es\\\/es\\\/aprobados-los-presupuestos-municipales-de-cocentaina\\\/#article\",\"isPartOf\":{\"@id\":\"https:\\\/\\\/www.copealcoy.es\\\/es\\\/aprobados-los-presupuestos-municipales-de-cocentaina\\\/\"},\"author\":{\"name\":\"Cope Alcoy\",\"@id\":\"https:\\\/\\\/www.copealcoy.es\\\/es\\\/#\\\/schema\\\/person\\\/e777c87fa024e57d40170af9df39882c\"},\"headline\":\"Aprobados los Presupuestos Municipales de Cocentaina\",\"datePublished\":\"2016-03-18T06:00:36+00:00\",\"dateModified\":\"2016-03-18T15:27:17+00:00\",\"mainEntityOfPage\":{\"@id\":\"https:\\\/\\\/www.copealcoy.es\\\/es\\\/aprobados-los-presupuestos-municipales-de-cocentaina\\\/\"},\"wordCount\":557,\"commentCount\":0,\"image\":{\"@id\":\"https:\\\/\\\/www.copealcoy.es\\\/es\\\/aprobados-los-presupuestos-municipales-de-cocentaina\\\/#primaryimage\"},\"thumbnailUrl\":\"https:\\\/\\\/www.copealcoy.es\\\/wp-content\\\/uploads\\\/2016\\\/03\\\/Pleno-celebrado-el-pasado-jueves.jpg\",\"keywords\":[\"Cocentaina\",\"Comtat\",\"Econom\u00eda\",\"Presupuestos\"],\"articleSection\":[\"Comarcas\",\"Noticias\"],\"inLanguage\":\"es\"},{\"@type\":\"WebPage\",\"@id\":\"https:\\\/\\\/www.copealcoy.es\\\/es\\\/aprobados-los-presupuestos-municipales-de-cocentaina\\\/\",\"url\":\"https:\\\/\\\/www.copealcoy.es\\\/es\\\/aprobados-los-presupuestos-municipales-de-cocentaina\\\/\",\"name\":\"Aprobados los Presupuestos Municipales de Cocentaina - COPE Alcoy\",\"isPartOf\":{\"@id\":\"https:\\\/\\\/www.copealcoy.es\\\/es\\\/#website\"},\"primaryImageOfPage\":{\"@id\":\"https:\\\/\\\/www.copealcoy.es\\\/es\\\/aprobados-los-presupuestos-municipales-de-cocentaina\\\/#primaryimage\"},\"image\":{\"@id\":\"https:\\\/\\\/www.copealcoy.es\\\/es\\\/aprobados-los-presupuestos-municipales-de-cocentaina\\\/#primaryimage\"},\"thumbnailUrl\":\"https:\\\/\\\/www.copealcoy.es\\\/wp-content\\\/uploads\\\/2016\\\/03\\\/Pleno-celebrado-el-pasado-jueves.jpg\",\"datePublished\":\"2016-03-18T06:00:36+00:00\",\"dateModified\":\"2016-03-18T15:27:17+00:00\",\"author\":{\"@id\":\"https:\\\/\\\/www.copealcoy.es\\\/es\\\/#\\\/schema\\\/person\\\/e777c87fa024e57d40170af9df39882c\"},\"breadcrumb\":{\"@id\":\"https:\\\/\\\/www.copealcoy.es\\\/es\\\/aprobados-los-presupuestos-municipales-de-cocentaina\\\/#breadcrumb\"},\"inLanguage\":\"es\",\"potentialAction\":[{\"@type\":\"ReadAction\",\"target\":[\"https:\\\/\\\/www.copealcoy.es\\\/es\\\/aprobados-los-presupuestos-municipales-de-cocentaina\\\/\"]}]},{\"@type\":\"ImageObject\",\"inLanguage\":\"es\",\"@id\":\"https:\\\/\\\/www.copealcoy.es\\\/es\\\/aprobados-los-presupuestos-municipales-de-cocentaina\\\/#primaryimage\",\"url\":\"https:\\\/\\\/www.copealcoy.es\\\/wp-content\\\/uploads\\\/2016\\\/03\\\/Pleno-celebrado-el-pasado-jueves.jpg\",\"contentUrl\":\"https:\\\/\\\/www.copealcoy.es\\\/wp-content\\\/uploads\\\/2016\\\/03\\\/Pleno-celebrado-el-pasado-jueves.jpg\",\"width\":2495,\"height\":1584,\"caption\":\"El pleno respald\u00f3 el Presupuesto\"},{\"@type\":\"BreadcrumbList\",\"@id\":\"https:\\\/\\\/www.copealcoy.es\\\/es\\\/aprobados-los-presupuestos-municipales-de-cocentaina\\\/#breadcrumb\",\"itemListElement\":[{\"@type\":\"ListItem\",\"position\":1,\"name\":\"Portada\",\"item\":\"https:\\\/\\\/www.copealcoy.es\\\/es\\\/\"},{\"@type\":\"ListItem\",\"position\":2,\"name\":\"Aprobados los Presupuestos Municipales de Cocentaina\"}]},{\"@type\":\"WebSite\",\"@id\":\"https:\\\/\\\/www.copealcoy.es\\\/es\\\/#website\",\"url\":\"https:\\\/\\\/www.copealcoy.es\\\/es\\\/\",\"name\":\"COPE Alcoy\",\"description\":\"Emisora COPE de radio local con emisi\u00f3n online. Pont de Sant Jordi 8-10 03803 Alcoy\",\"potentialAction\":[{\"@type\":\"SearchAction\",\"target\":{\"@type\":\"EntryPoint\",\"urlTemplate\":\"https:\\\/\\\/www.copealcoy.es\\\/es\\\/?s={search_term_string}\"},\"query-input\":{\"@type\":\"PropertyValueSpecification\",\"valueRequired\":true,\"valueName\":\"search_term_string\"}}],\"inLanguage\":\"es\"},{\"@type\":\"Person\",\"@id\":\"https:\\\/\\\/www.copealcoy.es\\\/es\\\/#\\\/schema\\\/person\\\/e777c87fa024e57d40170af9df39882c\",\"name\":\"Cope Alcoy\",\"image\":{\"@type\":\"ImageObject\",\"inLanguage\":\"es\",\"@id\":\"https:\\\/\\\/secure.gravatar.com\\\/avatar\\\/bb65d0283347e303893ba14f0692005417c1e0e690a325a4c5d8bb2b3943ee14?s=96&d=mm&r=g\",\"url\":\"https:\\\/\\\/secure.gravatar.com\\\/avatar\\\/bb65d0283347e303893ba14f0692005417c1e0e690a325a4c5d8bb2b3943ee14?s=96&d=mm&r=g\",\"contentUrl\":\"https:\\\/\\\/secure.gravatar.com\\\/avatar\\\/bb65d0283347e303893ba14f0692005417c1e0e690a325a4c5d8bb2b3943ee14?s=96&d=mm&r=g\",\"caption\":\"Cope Alcoy\"}}]}<\/script>\n<!-- \/ Yoast SEO plugin. -->","yoast_head_json":{"title":"Aprobados los Presupuestos Municipales de Cocentaina - COPE Alcoy","robots":{"index":"index","follow":"follow","max-snippet":"max-snippet:-1","max-image-preview":"max-image-preview:large","max-video-preview":"max-video-preview:-1"},"canonical":"https:\/\/www.copealcoy.es\/es\/aprobados-los-presupuestos-municipales-de-cocentaina\/","og_locale":"es_ES","og_type":"article","og_title":"Aprobados los Presupuestos Municipales de Cocentaina - COPE Alcoy","og_description":"El Pleno del Ayuntamiento de Cocentaina aprob\u00f3 ayer por la tarde los Presupuestos Municipales del 2016 que ascienden a los...","og_url":"https:\/\/www.copealcoy.es\/es\/aprobados-los-presupuestos-municipales-de-cocentaina\/","og_site_name":"COPE Alcoy","article_published_time":"2016-03-18T06:00:36+00:00","article_modified_time":"2016-03-18T15:27:17+00:00","og_image":[{"width":1024,"height":650,"url":"https:\/\/www.copealcoy.es\/wp-content\/uploads\/2016\/03\/Pleno-celebrado-el-pasado-jueves-1024x650.jpg","type":"image\/jpeg"}],"author":"Cope Alcoy","twitter_misc":{"Escrito por":"Cope Alcoy","Tiempo de lectura":"3 minutos"},"schema":{"@context":"https:\/\/schema.org","@graph":[{"@type":"Article","@id":"https:\/\/www.copealcoy.es\/es\/aprobados-los-presupuestos-municipales-de-cocentaina\/#article","isPartOf":{"@id":"https:\/\/www.copealcoy.es\/es\/aprobados-los-presupuestos-municipales-de-cocentaina\/"},"author":{"name":"Cope Alcoy","@id":"https:\/\/www.copealcoy.es\/es\/#\/schema\/person\/e777c87fa024e57d40170af9df39882c"},"headline":"Aprobados los Presupuestos Municipales de Cocentaina","datePublished":"2016-03-18T06:00:36+00:00","dateModified":"2016-03-18T15:27:17+00:00","mainEntityOfPage":{"@id":"https:\/\/www.copealcoy.es\/es\/aprobados-los-presupuestos-municipales-de-cocentaina\/"},"wordCount":557,"commentCount":0,"image":{"@id":"https:\/\/www.copealcoy.es\/es\/aprobados-los-presupuestos-municipales-de-cocentaina\/#primaryimage"},"thumbnailUrl":"https:\/\/www.copealcoy.es\/wp-content\/uploads\/2016\/03\/Pleno-celebrado-el-pasado-jueves.jpg","keywords":["Cocentaina","Comtat","Econom\u00eda","Presupuestos"],"articleSection":["Comarcas","Noticias"],"inLanguage":"es"},{"@type":"WebPage","@id":"https:\/\/www.copealcoy.es\/es\/aprobados-los-presupuestos-municipales-de-cocentaina\/","url":"https:\/\/www.copealcoy.es\/es\/aprobados-los-presupuestos-municipales-de-cocentaina\/","name":"Aprobados los Presupuestos Municipales de Cocentaina - COPE Alcoy","isPartOf":{"@id":"https:\/\/www.copealcoy.es\/es\/#website"},"primaryImageOfPage":{"@id":"https:\/\/www.copealcoy.es\/es\/aprobados-los-presupuestos-municipales-de-cocentaina\/#primaryimage"},"image":{"@id":"https:\/\/www.copealcoy.es\/es\/aprobados-los-presupuestos-municipales-de-cocentaina\/#primaryimage"},"thumbnailUrl":"https:\/\/www.copealcoy.es\/wp-content\/uploads\/2016\/03\/Pleno-celebrado-el-pasado-jueves.jpg","datePublished":"2016-03-18T06:00:36+00:00","dateModified":"2016-03-18T15:27:17+00:00","author":{"@id":"https:\/\/www.copealcoy.es\/es\/#\/schema\/person\/e777c87fa024e57d40170af9df39882c"},"breadcrumb":{"@id":"https:\/\/www.copealcoy.es\/es\/aprobados-los-presupuestos-municipales-de-cocentaina\/#breadcrumb"},"inLanguage":"es","potentialAction":[{"@type":"ReadAction","target":["https:\/\/www.copealcoy.es\/es\/aprobados-los-presupuestos-municipales-de-cocentaina\/"]}]},{"@type":"ImageObject","inLanguage":"es","@id":"https:\/\/www.copealcoy.es\/es\/aprobados-los-presupuestos-municipales-de-cocentaina\/#primaryimage","url":"https:\/\/www.copealcoy.es\/wp-content\/uploads\/2016\/03\/Pleno-celebrado-el-pasado-jueves.jpg","contentUrl":"https:\/\/www.copealcoy.es\/wp-content\/uploads\/2016\/03\/Pleno-celebrado-el-pasado-jueves.jpg","width":2495,"height":1584,"caption":"El pleno respald\u00f3 el Presupuesto"},{"@type":"BreadcrumbList","@id":"https:\/\/www.copealcoy.es\/es\/aprobados-los-presupuestos-municipales-de-cocentaina\/#breadcrumb","itemListElement":[{"@type":"ListItem","position":1,"name":"Portada","item":"https:\/\/www.copealcoy.es\/es\/"},{"@type":"ListItem","position":2,"name":"Aprobados los Presupuestos Municipales de Cocentaina"}]},{"@type":"WebSite","@id":"https:\/\/www.copealcoy.es\/es\/#website","url":"https:\/\/www.copealcoy.es\/es\/","name":"COPE Alcoy","description":"Emisora COPE de radio local con emisi\u00f3n online. Pont de Sant Jordi 8-10 03803 Alcoy","potentialAction":[{"@type":"SearchAction","target":{"@type":"EntryPoint","urlTemplate":"https:\/\/www.copealcoy.es\/es\/?s={search_term_string}"},"query-input":{"@type":"PropertyValueSpecification","valueRequired":true,"valueName":"search_term_string"}}],"inLanguage":"es"},{"@type":"Person","@id":"https:\/\/www.copealcoy.es\/es\/#\/schema\/person\/e777c87fa024e57d40170af9df39882c","name":"Cope Alcoy","image":{"@type":"ImageObject","inLanguage":"es","@id":"https:\/\/secure.gravatar.com\/avatar\/bb65d0283347e303893ba14f0692005417c1e0e690a325a4c5d8bb2b3943ee14?s=96&d=mm&r=g","url":"https:\/\/secure.gravatar.com\/avatar\/bb65d0283347e303893ba14f0692005417c1e0e690a325a4c5d8bb2b3943ee14?s=96&d=mm&r=g","contentUrl":"https:\/\/secure.gravatar.com\/avatar\/bb65d0283347e303893ba14f0692005417c1e0e690a325a4c5d8bb2b3943ee14?s=96&d=mm&r=g","caption":"Cope Alcoy"}}]}},"_links":{"self":[{"href":"https:\/\/www.copealcoy.es\/es\/wp-json\/wp\/v2\/posts\/19930","targetHints":{"allow":["GET"]}}],"collection":[{"href":"https:\/\/www.copealcoy.es\/es\/wp-json\/wp\/v2\/posts"}],"about":[{"href":"https:\/\/www.copealcoy.es\/es\/wp-json\/wp\/v2\/types\/post"}],"author":[{"embeddable":true,"href":"https:\/\/www.copealcoy.es\/es\/wp-json\/wp\/v2\/users\/1"}],"replies":[{"embeddable":true,"href":"https:\/\/www.copealcoy.es\/es\/wp-json\/wp\/v2\/comments?post=19930"}],"version-history":[{"count":0,"href":"https:\/\/www.copealcoy.es\/es\/wp-json\/wp\/v2\/posts\/19930\/revisions"}],"wp:featuredmedia":[{"embeddable":true,"href":"https:\/\/www.copealcoy.es\/es\/wp-json\/wp\/v2\/media\/19952"}],"wp:attachment":[{"href":"https:\/\/www.copealcoy.es\/es\/wp-json\/wp\/v2\/media?parent=19930"}],"wp:term":[{"taxonomy":"category","embeddable":true,"href":"https:\/\/www.copealcoy.es\/es\/wp-json\/wp\/v2\/categories?post=19930"},{"taxonomy":"post_tag","embeddable":true,"href":"https:\/\/www.copealcoy.es\/es\/wp-json\/wp\/v2\/tags?post=19930"}],"curies":[{"name":"wp","href":"https:\/\/api.w.org\/{rel}","templated":true}]}}