{"id":19911,"date":"2016-03-17T12:00:08","date_gmt":"2016-03-17T12:00:08","guid":{"rendered":"http:\/\/copealcoi.es\/new\/?p=19911"},"modified":"2016-03-18T09:24:12","modified_gmt":"2016-03-18T09:24:12","slug":"ortiz-acude-a-declarar-por-las-obras-del-teatro-calderon","status":"publish","type":"post","link":"https:\/\/www.copealcoy.es\/es\/ortiz-acude-a-declarar-por-las-obras-del-teatro-calderon\/","title":{"rendered":"Ortiz acude a declarar por las obras del Teatro Calder\u00f3n"},"content":{"rendered":"<p style=\"text-align: justify;\">El constructor Enrique Ortiz ha acudido esta ma\u00f1ana\u00a0al Juzgado n\u00famero 2 de Alcoy para declarar como investigado por los presuntos sobrecostes en las obras de rehabilitaci\u00f3n del Teatro Calder\u00f3n. Ortiz ha llegado\u00a0cuando los juzgados todav\u00eda estaban cerrados y ha acudido\u00a0acompa\u00f1ado de su abogado y de otros tres letrados sin hacer declaraciones a los periodistas a la salida, seg\u00fan informa la Agencia EFE.<\/p>\n<p style=\"text-align: justify;\">El empresario neg\u00f3 ayer ante el juez cualquier tipo de v\u00ednculo con las obras que se acometieron en el Teatro Calder\u00f3n y que, por tanto, no pact\u00f3 con los arquitectos los sobre costes del recinto, seg\u00fan recoge el diario Informaci\u00f3n. Ortiz ha estado declarando durante aproximadamente una hora.<\/p>\n<p style=\"text-align: justify;\">Recordar que en abril del pasado a\u00f1o la fiscal\u00eda present\u00f3\u00a0una querella contra el propio Enrique Ortiz y el director de la obra al considerar que exist\u00edan\u00a0supuestos delitos de estafa y falsedad documental en las obras del Teatro Calder\u00f3n.\u00a0Esta lleg\u00f3 despu\u00e9s\u00a0de que, en enero de 2015, el Gobierno Municipal de Alcoy (PSPV-PSOE y EU) denunciara esas obras por la v\u00eda penal a ra\u00edz del informe de la Sindicatura de Cuentas de los ejercicios de los a\u00f1os 2012, 2013 y 2014, que apunta a presuntas irregularidades en los pagos por los supuestos sobrecostes.<\/p>\n<p style=\"text-align: justify;\">Seg\u00fan la denuncia, esos gastos extra fueron aprobados en diciembre de 2008\u00a0en Junta de Gobierno cuando el Partido Popular presid\u00eda el Ejecutivo Local presidido por Jorge Sedano como alcalde.<\/p>\n","protected":false},"excerpt":{"rendered":"<p>El constructor Enrique Ortiz ha acudido esta ma\u00f1ana\u00a0al Juzgado n\u00famero 2 de Alcoy para declarar como investigado por los presuntos&#8230;<\/p>\n","protected":false},"author":1,"featured_media":17602,"comment_status":"open","ping_status":"open","sticky":false,"template":"","format":"standard","meta":{"footnotes":""},"categories":[97,75,79],"tags":[1494,245,657,1763],"class_list":["post-19911","post","type-post","status-publish","format-standard","has-post-thumbnail","hentry","category-alcoy","category-noticias","category-politicayeconomia","tag-alcoy","tag-juzgados","tag-ortiz","tag-teatro-calderon"],"yoast_head":"<!-- This site is optimized with the Yoast SEO plugin v27.3 - https:\/\/yoast.com\/product\/yoast-seo-wordpress\/ -->\n<title>Ortiz acude a declarar por las obras del Teatro Calder\u00f3n - COPE Alcoy<\/title>\n<meta name=\"robots\" content=\"index, follow, max-snippet:-1, max-image-preview:large, max-video-preview:-1\" \/>\n<link rel=\"canonical\" href=\"https:\/\/www.copealcoy.es\/es\/ortiz-acude-a-declarar-por-las-obras-del-teatro-calderon\/\" \/>\n<meta property=\"og:locale\" content=\"es_ES\" \/>\n<meta property=\"og:type\" content=\"article\" \/>\n<meta property=\"og:title\" content=\"Ortiz acude a declarar por las obras del Teatro Calder\u00f3n - COPE Alcoy\" \/>\n<meta property=\"og:description\" content=\"El constructor Enrique Ortiz ha acudido esta ma\u00f1ana\u00a0al Juzgado n\u00famero 2 de Alcoy para declarar como investigado por los presuntos...\" \/>\n<meta property=\"og:url\" content=\"https:\/\/www.copealcoy.es\/es\/ortiz-acude-a-declarar-por-las-obras-del-teatro-calderon\/\" \/>\n<meta property=\"og:site_name\" content=\"COPE Alcoy\" \/>\n<meta property=\"article:published_time\" content=\"2016-03-17T12:00:08+00:00\" \/>\n<meta property=\"article:modified_time\" content=\"2016-03-18T09:24:12+00:00\" \/>\n<meta property=\"og:image\" content=\"https:\/\/www.copealcoy.es\/wp-content\/uploads\/2015\/12\/timthumb.php_.jpeg\" \/>\n\t<meta property=\"og:image:width\" content=\"764\" \/>\n\t<meta property=\"og:image:height\" content=\"509\" \/>\n\t<meta property=\"og:image:type\" content=\"image\/jpeg\" \/>\n<meta name=\"author\" content=\"Cope Alcoy\" \/>\n<meta name=\"twitter:label1\" content=\"Escrito por\" \/>\n\t<meta name=\"twitter:data1\" content=\"Cope Alcoy\" \/>\n\t<meta name=\"twitter:label2\" content=\"Tiempo de lectura\" \/>\n\t<meta name=\"twitter:data2\" content=\"1 minuto\" \/>\n<script type=\"application\/ld+json\" class=\"yoast-schema-graph\">{\"@context\":\"https:\\\/\\\/schema.org\",\"@graph\":[{\"@type\":\"Article\",\"@id\":\"https:\\\/\\\/www.copealcoy.es\\\/es\\\/ortiz-acude-a-declarar-por-las-obras-del-teatro-calderon\\\/#article\",\"isPartOf\":{\"@id\":\"https:\\\/\\\/www.copealcoy.es\\\/es\\\/ortiz-acude-a-declarar-por-las-obras-del-teatro-calderon\\\/\"},\"author\":{\"name\":\"Cope Alcoy\",\"@id\":\"https:\\\/\\\/www.copealcoy.es\\\/es\\\/#\\\/schema\\\/person\\\/e777c87fa024e57d40170af9df39882c\"},\"headline\":\"Ortiz acude a declarar por las obras del Teatro Calder\u00f3n\",\"datePublished\":\"2016-03-17T12:00:08+00:00\",\"dateModified\":\"2016-03-18T09:24:12+00:00\",\"mainEntityOfPage\":{\"@id\":\"https:\\\/\\\/www.copealcoy.es\\\/es\\\/ortiz-acude-a-declarar-por-las-obras-del-teatro-calderon\\\/\"},\"wordCount\":264,\"commentCount\":0,\"image\":{\"@id\":\"https:\\\/\\\/www.copealcoy.es\\\/es\\\/ortiz-acude-a-declarar-por-las-obras-del-teatro-calderon\\\/#primaryimage\"},\"thumbnailUrl\":\"https:\\\/\\\/www.copealcoy.es\\\/wp-content\\\/uploads\\\/2015\\\/12\\\/timthumb.php_.jpeg\",\"keywords\":[\"Alcoy\",\"Juzgados\",\"Ortiz\",\"Teatro Calder\u00f3n\"],\"articleSection\":[\"Alcoy\",\"Noticias\",\"Pol\u00edtica y Econom\u00eda\"],\"inLanguage\":\"es\"},{\"@type\":\"WebPage\",\"@id\":\"https:\\\/\\\/www.copealcoy.es\\\/es\\\/ortiz-acude-a-declarar-por-las-obras-del-teatro-calderon\\\/\",\"url\":\"https:\\\/\\\/www.copealcoy.es\\\/es\\\/ortiz-acude-a-declarar-por-las-obras-del-teatro-calderon\\\/\",\"name\":\"Ortiz acude a declarar por las obras del Teatro Calder\u00f3n - COPE Alcoy\",\"isPartOf\":{\"@id\":\"https:\\\/\\\/www.copealcoy.es\\\/es\\\/#website\"},\"primaryImageOfPage\":{\"@id\":\"https:\\\/\\\/www.copealcoy.es\\\/es\\\/ortiz-acude-a-declarar-por-las-obras-del-teatro-calderon\\\/#primaryimage\"},\"image\":{\"@id\":\"https:\\\/\\\/www.copealcoy.es\\\/es\\\/ortiz-acude-a-declarar-por-las-obras-del-teatro-calderon\\\/#primaryimage\"},\"thumbnailUrl\":\"https:\\\/\\\/www.copealcoy.es\\\/wp-content\\\/uploads\\\/2015\\\/12\\\/timthumb.php_.jpeg\",\"datePublished\":\"2016-03-17T12:00:08+00:00\",\"dateModified\":\"2016-03-18T09:24:12+00:00\",\"author\":{\"@id\":\"https:\\\/\\\/www.copealcoy.es\\\/es\\\/#\\\/schema\\\/person\\\/e777c87fa024e57d40170af9df39882c\"},\"breadcrumb\":{\"@id\":\"https:\\\/\\\/www.copealcoy.es\\\/es\\\/ortiz-acude-a-declarar-por-las-obras-del-teatro-calderon\\\/#breadcrumb\"},\"inLanguage\":\"es\",\"potentialAction\":[{\"@type\":\"ReadAction\",\"target\":[\"https:\\\/\\\/www.copealcoy.es\\\/es\\\/ortiz-acude-a-declarar-por-las-obras-del-teatro-calderon\\\/\"]}]},{\"@type\":\"ImageObject\",\"inLanguage\":\"es\",\"@id\":\"https:\\\/\\\/www.copealcoy.es\\\/es\\\/ortiz-acude-a-declarar-por-las-obras-del-teatro-calderon\\\/#primaryimage\",\"url\":\"https:\\\/\\\/www.copealcoy.es\\\/wp-content\\\/uploads\\\/2015\\\/12\\\/timthumb.php_.jpeg\",\"contentUrl\":\"https:\\\/\\\/www.copealcoy.es\\\/wp-content\\\/uploads\\\/2015\\\/12\\\/timthumb.php_.jpeg\",\"width\":764,\"height\":509},{\"@type\":\"BreadcrumbList\",\"@id\":\"https:\\\/\\\/www.copealcoy.es\\\/es\\\/ortiz-acude-a-declarar-por-las-obras-del-teatro-calderon\\\/#breadcrumb\",\"itemListElement\":[{\"@type\":\"ListItem\",\"position\":1,\"name\":\"Portada\",\"item\":\"https:\\\/\\\/www.copealcoy.es\\\/es\\\/\"},{\"@type\":\"ListItem\",\"position\":2,\"name\":\"Ortiz acude a declarar por las obras del Teatro Calder\u00f3n\"}]},{\"@type\":\"WebSite\",\"@id\":\"https:\\\/\\\/www.copealcoy.es\\\/es\\\/#website\",\"url\":\"https:\\\/\\\/www.copealcoy.es\\\/es\\\/\",\"name\":\"COPE Alcoy\",\"description\":\"Emisora COPE de radio local con emisi\u00f3n online. Pont de Sant Jordi 8-10 03803 Alcoy\",\"potentialAction\":[{\"@type\":\"SearchAction\",\"target\":{\"@type\":\"EntryPoint\",\"urlTemplate\":\"https:\\\/\\\/www.copealcoy.es\\\/es\\\/?s={search_term_string}\"},\"query-input\":{\"@type\":\"PropertyValueSpecification\",\"valueRequired\":true,\"valueName\":\"search_term_string\"}}],\"inLanguage\":\"es\"},{\"@type\":\"Person\",\"@id\":\"https:\\\/\\\/www.copealcoy.es\\\/es\\\/#\\\/schema\\\/person\\\/e777c87fa024e57d40170af9df39882c\",\"name\":\"Cope Alcoy\",\"image\":{\"@type\":\"ImageObject\",\"inLanguage\":\"es\",\"@id\":\"https:\\\/\\\/secure.gravatar.com\\\/avatar\\\/bb65d0283347e303893ba14f0692005417c1e0e690a325a4c5d8bb2b3943ee14?s=96&d=mm&r=g\",\"url\":\"https:\\\/\\\/secure.gravatar.com\\\/avatar\\\/bb65d0283347e303893ba14f0692005417c1e0e690a325a4c5d8bb2b3943ee14?s=96&d=mm&r=g\",\"contentUrl\":\"https:\\\/\\\/secure.gravatar.com\\\/avatar\\\/bb65d0283347e303893ba14f0692005417c1e0e690a325a4c5d8bb2b3943ee14?s=96&d=mm&r=g\",\"caption\":\"Cope Alcoy\"}}]}<\/script>\n<!-- \/ Yoast SEO plugin. -->","yoast_head_json":{"title":"Ortiz acude a declarar por las obras del Teatro Calder\u00f3n - COPE Alcoy","robots":{"index":"index","follow":"follow","max-snippet":"max-snippet:-1","max-image-preview":"max-image-preview:large","max-video-preview":"max-video-preview:-1"},"canonical":"https:\/\/www.copealcoy.es\/es\/ortiz-acude-a-declarar-por-las-obras-del-teatro-calderon\/","og_locale":"es_ES","og_type":"article","og_title":"Ortiz acude a declarar por las obras del Teatro Calder\u00f3n - COPE Alcoy","og_description":"El constructor Enrique Ortiz ha acudido esta ma\u00f1ana\u00a0al Juzgado n\u00famero 2 de Alcoy para declarar como investigado por los presuntos...","og_url":"https:\/\/www.copealcoy.es\/es\/ortiz-acude-a-declarar-por-las-obras-del-teatro-calderon\/","og_site_name":"COPE Alcoy","article_published_time":"2016-03-17T12:00:08+00:00","article_modified_time":"2016-03-18T09:24:12+00:00","og_image":[{"width":764,"height":509,"url":"https:\/\/www.copealcoy.es\/wp-content\/uploads\/2015\/12\/timthumb.php_.jpeg","type":"image\/jpeg"}],"author":"Cope Alcoy","twitter_misc":{"Escrito por":"Cope Alcoy","Tiempo de lectura":"1 minuto"},"schema":{"@context":"https:\/\/schema.org","@graph":[{"@type":"Article","@id":"https:\/\/www.copealcoy.es\/es\/ortiz-acude-a-declarar-por-las-obras-del-teatro-calderon\/#article","isPartOf":{"@id":"https:\/\/www.copealcoy.es\/es\/ortiz-acude-a-declarar-por-las-obras-del-teatro-calderon\/"},"author":{"name":"Cope Alcoy","@id":"https:\/\/www.copealcoy.es\/es\/#\/schema\/person\/e777c87fa024e57d40170af9df39882c"},"headline":"Ortiz acude a declarar por las obras del Teatro Calder\u00f3n","datePublished":"2016-03-17T12:00:08+00:00","dateModified":"2016-03-18T09:24:12+00:00","mainEntityOfPage":{"@id":"https:\/\/www.copealcoy.es\/es\/ortiz-acude-a-declarar-por-las-obras-del-teatro-calderon\/"},"wordCount":264,"commentCount":0,"image":{"@id":"https:\/\/www.copealcoy.es\/es\/ortiz-acude-a-declarar-por-las-obras-del-teatro-calderon\/#primaryimage"},"thumbnailUrl":"https:\/\/www.copealcoy.es\/wp-content\/uploads\/2015\/12\/timthumb.php_.jpeg","keywords":["Alcoy","Juzgados","Ortiz","Teatro Calder\u00f3n"],"articleSection":["Alcoy","Noticias","Pol\u00edtica y Econom\u00eda"],"inLanguage":"es"},{"@type":"WebPage","@id":"https:\/\/www.copealcoy.es\/es\/ortiz-acude-a-declarar-por-las-obras-del-teatro-calderon\/","url":"https:\/\/www.copealcoy.es\/es\/ortiz-acude-a-declarar-por-las-obras-del-teatro-calderon\/","name":"Ortiz acude a declarar por las obras del Teatro Calder\u00f3n - COPE Alcoy","isPartOf":{"@id":"https:\/\/www.copealcoy.es\/es\/#website"},"primaryImageOfPage":{"@id":"https:\/\/www.copealcoy.es\/es\/ortiz-acude-a-declarar-por-las-obras-del-teatro-calderon\/#primaryimage"},"image":{"@id":"https:\/\/www.copealcoy.es\/es\/ortiz-acude-a-declarar-por-las-obras-del-teatro-calderon\/#primaryimage"},"thumbnailUrl":"https:\/\/www.copealcoy.es\/wp-content\/uploads\/2015\/12\/timthumb.php_.jpeg","datePublished":"2016-03-17T12:00:08+00:00","dateModified":"2016-03-18T09:24:12+00:00","author":{"@id":"https:\/\/www.copealcoy.es\/es\/#\/schema\/person\/e777c87fa024e57d40170af9df39882c"},"breadcrumb":{"@id":"https:\/\/www.copealcoy.es\/es\/ortiz-acude-a-declarar-por-las-obras-del-teatro-calderon\/#breadcrumb"},"inLanguage":"es","potentialAction":[{"@type":"ReadAction","target":["https:\/\/www.copealcoy.es\/es\/ortiz-acude-a-declarar-por-las-obras-del-teatro-calderon\/"]}]},{"@type":"ImageObject","inLanguage":"es","@id":"https:\/\/www.copealcoy.es\/es\/ortiz-acude-a-declarar-por-las-obras-del-teatro-calderon\/#primaryimage","url":"https:\/\/www.copealcoy.es\/wp-content\/uploads\/2015\/12\/timthumb.php_.jpeg","contentUrl":"https:\/\/www.copealcoy.es\/wp-content\/uploads\/2015\/12\/timthumb.php_.jpeg","width":764,"height":509},{"@type":"BreadcrumbList","@id":"https:\/\/www.copealcoy.es\/es\/ortiz-acude-a-declarar-por-las-obras-del-teatro-calderon\/#breadcrumb","itemListElement":[{"@type":"ListItem","position":1,"name":"Portada","item":"https:\/\/www.copealcoy.es\/es\/"},{"@type":"ListItem","position":2,"name":"Ortiz acude a declarar por las obras del Teatro Calder\u00f3n"}]},{"@type":"WebSite","@id":"https:\/\/www.copealcoy.es\/es\/#website","url":"https:\/\/www.copealcoy.es\/es\/","name":"COPE Alcoy","description":"Emisora COPE de radio local con emisi\u00f3n online. Pont de Sant Jordi 8-10 03803 Alcoy","potentialAction":[{"@type":"SearchAction","target":{"@type":"EntryPoint","urlTemplate":"https:\/\/www.copealcoy.es\/es\/?s={search_term_string}"},"query-input":{"@type":"PropertyValueSpecification","valueRequired":true,"valueName":"search_term_string"}}],"inLanguage":"es"},{"@type":"Person","@id":"https:\/\/www.copealcoy.es\/es\/#\/schema\/person\/e777c87fa024e57d40170af9df39882c","name":"Cope Alcoy","image":{"@type":"ImageObject","inLanguage":"es","@id":"https:\/\/secure.gravatar.com\/avatar\/bb65d0283347e303893ba14f0692005417c1e0e690a325a4c5d8bb2b3943ee14?s=96&d=mm&r=g","url":"https:\/\/secure.gravatar.com\/avatar\/bb65d0283347e303893ba14f0692005417c1e0e690a325a4c5d8bb2b3943ee14?s=96&d=mm&r=g","contentUrl":"https:\/\/secure.gravatar.com\/avatar\/bb65d0283347e303893ba14f0692005417c1e0e690a325a4c5d8bb2b3943ee14?s=96&d=mm&r=g","caption":"Cope Alcoy"}}]}},"_links":{"self":[{"href":"https:\/\/www.copealcoy.es\/es\/wp-json\/wp\/v2\/posts\/19911","targetHints":{"allow":["GET"]}}],"collection":[{"href":"https:\/\/www.copealcoy.es\/es\/wp-json\/wp\/v2\/posts"}],"about":[{"href":"https:\/\/www.copealcoy.es\/es\/wp-json\/wp\/v2\/types\/post"}],"author":[{"embeddable":true,"href":"https:\/\/www.copealcoy.es\/es\/wp-json\/wp\/v2\/users\/1"}],"replies":[{"embeddable":true,"href":"https:\/\/www.copealcoy.es\/es\/wp-json\/wp\/v2\/comments?post=19911"}],"version-history":[{"count":0,"href":"https:\/\/www.copealcoy.es\/es\/wp-json\/wp\/v2\/posts\/19911\/revisions"}],"wp:featuredmedia":[{"embeddable":true,"href":"https:\/\/www.copealcoy.es\/es\/wp-json\/wp\/v2\/media\/17602"}],"wp:attachment":[{"href":"https:\/\/www.copealcoy.es\/es\/wp-json\/wp\/v2\/media?parent=19911"}],"wp:term":[{"taxonomy":"category","embeddable":true,"href":"https:\/\/www.copealcoy.es\/es\/wp-json\/wp\/v2\/categories?post=19911"},{"taxonomy":"post_tag","embeddable":true,"href":"https:\/\/www.copealcoy.es\/es\/wp-json\/wp\/v2\/tags?post=19911"}],"curies":[{"name":"wp","href":"https:\/\/api.w.org\/{rel}","templated":true}]}}