{"id":19761,"date":"2016-03-15T06:00:53","date_gmt":"2016-03-15T06:00:53","guid":{"rendered":"http:\/\/copealcoi.es\/new\/?p=19761"},"modified":"2016-03-14T20:43:34","modified_gmt":"2016-03-14T20:43:34","slug":"la-subestacion-electrica-castalla-podria-estar-2018","status":"publish","type":"post","link":"https:\/\/www.copealcoy.es\/es\/la-subestacion-electrica-castalla-podria-estar-2018\/","title":{"rendered":"La subestaci\u00f3n el\u00e9ctrica de Castalla podr\u00eda estar para 2018"},"content":{"rendered":"<p style=\"text-align: justify;\">El Ayuntamiento de Castalla acogi\u00f3\u00a0el pasado jueves la reuni\u00f3n de la comisi\u00f3n de seguimiento de la subestaci\u00f3n el\u00e9ctrica creada el pasado mes de enero. Esta cita se enmarca en el an\u00e1lisis de\u00a0la planificaci\u00f3n establecida y la comprobaci\u00f3n\u00a0\u00a0del cumplimiento de los plazos marcados para la puesta en marcha de esta infraestructura\u00a0en la localidad.<\/p>\n<p style=\"text-align: justify;\">A este encuentro acudieron los alcaldes de Tibi, Onil, Castalla e Ibi, la directora general de Industria, Julia Company, el director de la Asociaci\u00f3n de Empresarios de Ibi, H\u00e9ctor Torrente. Por su parte, tamb\u00a0lo hicieron representantes de Red El\u00e9ctrica Espa\u00f1ola e Iberdrola, as\u00ed como personal t\u00e9cnico de la Generalitat Valenciana.<\/p>\n<p style=\"text-align: justify;\">Tras analizar en qu\u00e9 estado se encuentran los diferentes proyectos, todo apunta a que en el primer trimestre de 2018 estar\u00e1 construida esta infraestructura de 132 Kv\u00a0del pol\u00edgono de la Bast\u00e0, seg\u00fan informa la Asociaci\u00f3n de Empresarios de Ibi (IBIAE).<\/p>\n<p style=\"text-align: justify;\">Hay que recordar que a lo largo de este a\u00f1o se han previsto m\u00e1s reuniones\u00a0para comprobar que se cumplen los plazos establecidos en la hoja de ruta y que no aparecen nuevos retrasos.<\/p>\n","protected":false},"excerpt":{"rendered":"<p>El Ayuntamiento de Castalla acogi\u00f3\u00a0el pasado jueves la reuni\u00f3n de la comisi\u00f3n de seguimiento de la subestaci\u00f3n el\u00e9ctrica creada el&#8230;<\/p>\n","protected":false},"author":1,"featured_media":19798,"comment_status":"open","ping_status":"open","sticky":false,"template":"","format":"standard","meta":{"footnotes":""},"categories":[98,75,1],"tags":[1276,1619,1495],"class_list":["post-19761","post","type-post","status-publish","format-standard","has-post-thumbnail","hentry","category-comarcas","category-noticias","category-sin-categorizar","tag-alcoy-foia-castalla","tag-castalla","tag-comarcas"],"yoast_head":"<!-- This site is optimized with the Yoast SEO plugin v27.3 - https:\/\/yoast.com\/product\/yoast-seo-wordpress\/ -->\n<title>La subestaci\u00f3n el\u00e9ctrica de Castalla podr\u00eda estar para 2018 - COPE Alcoy<\/title>\n<meta name=\"robots\" content=\"index, follow, max-snippet:-1, max-image-preview:large, max-video-preview:-1\" \/>\n<link rel=\"canonical\" href=\"https:\/\/www.copealcoy.es\/es\/la-subestacion-electrica-castalla-podria-estar-2018\/\" \/>\n<meta property=\"og:locale\" content=\"es_ES\" \/>\n<meta property=\"og:type\" content=\"article\" \/>\n<meta property=\"og:title\" content=\"La subestaci\u00f3n el\u00e9ctrica de Castalla podr\u00eda estar para 2018 - COPE Alcoy\" \/>\n<meta property=\"og:description\" content=\"El Ayuntamiento de Castalla acogi\u00f3\u00a0el pasado jueves la reuni\u00f3n de la comisi\u00f3n de seguimiento de la subestaci\u00f3n el\u00e9ctrica creada el...\" \/>\n<meta property=\"og:url\" content=\"https:\/\/www.copealcoy.es\/es\/la-subestacion-electrica-castalla-podria-estar-2018\/\" \/>\n<meta property=\"og:site_name\" content=\"COPE Alcoy\" \/>\n<meta property=\"article:published_time\" content=\"2016-03-15T06:00:53+00:00\" \/>\n<meta property=\"og:image\" content=\"https:\/\/www.copealcoy.es\/wp-content\/uploads\/2016\/03\/18997_reunion-subestacion.jpg\" \/>\n\t<meta property=\"og:image:width\" content=\"600\" \/>\n\t<meta property=\"og:image:height\" content=\"450\" \/>\n\t<meta property=\"og:image:type\" content=\"image\/jpeg\" \/>\n<meta name=\"author\" content=\"Cope Alcoy\" \/>\n<meta name=\"twitter:label1\" content=\"Escrito por\" \/>\n\t<meta name=\"twitter:data1\" content=\"Cope Alcoy\" \/>\n\t<meta name=\"twitter:label2\" content=\"Tiempo de lectura\" \/>\n\t<meta name=\"twitter:data2\" content=\"1 minuto\" \/>\n<script type=\"application\/ld+json\" class=\"yoast-schema-graph\">{\"@context\":\"https:\\\/\\\/schema.org\",\"@graph\":[{\"@type\":\"Article\",\"@id\":\"https:\\\/\\\/www.copealcoy.es\\\/es\\\/la-subestacion-electrica-castalla-podria-estar-2018\\\/#article\",\"isPartOf\":{\"@id\":\"https:\\\/\\\/www.copealcoy.es\\\/es\\\/la-subestacion-electrica-castalla-podria-estar-2018\\\/\"},\"author\":{\"name\":\"Cope Alcoy\",\"@id\":\"https:\\\/\\\/www.copealcoy.es\\\/es\\\/#\\\/schema\\\/person\\\/e777c87fa024e57d40170af9df39882c\"},\"headline\":\"La subestaci\u00f3n el\u00e9ctrica de Castalla podr\u00eda estar para 2018\",\"datePublished\":\"2016-03-15T06:00:53+00:00\",\"mainEntityOfPage\":{\"@id\":\"https:\\\/\\\/www.copealcoy.es\\\/es\\\/la-subestacion-electrica-castalla-podria-estar-2018\\\/\"},\"wordCount\":208,\"commentCount\":0,\"image\":{\"@id\":\"https:\\\/\\\/www.copealcoy.es\\\/es\\\/la-subestacion-electrica-castalla-podria-estar-2018\\\/#primaryimage\"},\"thumbnailUrl\":\"https:\\\/\\\/www.copealcoy.es\\\/wp-content\\\/uploads\\\/2016\\\/03\\\/18997_reunion-subestacion.jpg\",\"keywords\":[\"Alcoy Foia Castalla\",\"Castalla\",\"Comarcas\"],\"articleSection\":[\"Comarcas\",\"Noticias\",\"Sin categorizar\"],\"inLanguage\":\"es\"},{\"@type\":\"WebPage\",\"@id\":\"https:\\\/\\\/www.copealcoy.es\\\/es\\\/la-subestacion-electrica-castalla-podria-estar-2018\\\/\",\"url\":\"https:\\\/\\\/www.copealcoy.es\\\/es\\\/la-subestacion-electrica-castalla-podria-estar-2018\\\/\",\"name\":\"La subestaci\u00f3n el\u00e9ctrica de Castalla podr\u00eda estar para 2018 - COPE Alcoy\",\"isPartOf\":{\"@id\":\"https:\\\/\\\/www.copealcoy.es\\\/es\\\/#website\"},\"primaryImageOfPage\":{\"@id\":\"https:\\\/\\\/www.copealcoy.es\\\/es\\\/la-subestacion-electrica-castalla-podria-estar-2018\\\/#primaryimage\"},\"image\":{\"@id\":\"https:\\\/\\\/www.copealcoy.es\\\/es\\\/la-subestacion-electrica-castalla-podria-estar-2018\\\/#primaryimage\"},\"thumbnailUrl\":\"https:\\\/\\\/www.copealcoy.es\\\/wp-content\\\/uploads\\\/2016\\\/03\\\/18997_reunion-subestacion.jpg\",\"datePublished\":\"2016-03-15T06:00:53+00:00\",\"author\":{\"@id\":\"https:\\\/\\\/www.copealcoy.es\\\/es\\\/#\\\/schema\\\/person\\\/e777c87fa024e57d40170af9df39882c\"},\"breadcrumb\":{\"@id\":\"https:\\\/\\\/www.copealcoy.es\\\/es\\\/la-subestacion-electrica-castalla-podria-estar-2018\\\/#breadcrumb\"},\"inLanguage\":\"es\",\"potentialAction\":[{\"@type\":\"ReadAction\",\"target\":[\"https:\\\/\\\/www.copealcoy.es\\\/es\\\/la-subestacion-electrica-castalla-podria-estar-2018\\\/\"]}]},{\"@type\":\"ImageObject\",\"inLanguage\":\"es\",\"@id\":\"https:\\\/\\\/www.copealcoy.es\\\/es\\\/la-subestacion-electrica-castalla-podria-estar-2018\\\/#primaryimage\",\"url\":\"https:\\\/\\\/www.copealcoy.es\\\/wp-content\\\/uploads\\\/2016\\\/03\\\/18997_reunion-subestacion.jpg\",\"contentUrl\":\"https:\\\/\\\/www.copealcoy.es\\\/wp-content\\\/uploads\\\/2016\\\/03\\\/18997_reunion-subestacion.jpg\",\"width\":600,\"height\":450,\"caption\":\"La reuni\u00f3n de la comisi\u00f3n de seguimiento tuvo lugar en el Ayuntamiento de Castalla\"},{\"@type\":\"BreadcrumbList\",\"@id\":\"https:\\\/\\\/www.copealcoy.es\\\/es\\\/la-subestacion-electrica-castalla-podria-estar-2018\\\/#breadcrumb\",\"itemListElement\":[{\"@type\":\"ListItem\",\"position\":1,\"name\":\"Portada\",\"item\":\"https:\\\/\\\/www.copealcoy.es\\\/es\\\/\"},{\"@type\":\"ListItem\",\"position\":2,\"name\":\"La subestaci\u00f3n el\u00e9ctrica de Castalla podr\u00eda estar para 2018\"}]},{\"@type\":\"WebSite\",\"@id\":\"https:\\\/\\\/www.copealcoy.es\\\/es\\\/#website\",\"url\":\"https:\\\/\\\/www.copealcoy.es\\\/es\\\/\",\"name\":\"COPE Alcoy\",\"description\":\"Emisora COPE de radio local con emisi\u00f3n online. Pont de Sant Jordi 8-10 03803 Alcoy\",\"potentialAction\":[{\"@type\":\"SearchAction\",\"target\":{\"@type\":\"EntryPoint\",\"urlTemplate\":\"https:\\\/\\\/www.copealcoy.es\\\/es\\\/?s={search_term_string}\"},\"query-input\":{\"@type\":\"PropertyValueSpecification\",\"valueRequired\":true,\"valueName\":\"search_term_string\"}}],\"inLanguage\":\"es\"},{\"@type\":\"Person\",\"@id\":\"https:\\\/\\\/www.copealcoy.es\\\/es\\\/#\\\/schema\\\/person\\\/e777c87fa024e57d40170af9df39882c\",\"name\":\"Cope Alcoy\",\"image\":{\"@type\":\"ImageObject\",\"inLanguage\":\"es\",\"@id\":\"https:\\\/\\\/secure.gravatar.com\\\/avatar\\\/bb65d0283347e303893ba14f0692005417c1e0e690a325a4c5d8bb2b3943ee14?s=96&d=mm&r=g\",\"url\":\"https:\\\/\\\/secure.gravatar.com\\\/avatar\\\/bb65d0283347e303893ba14f0692005417c1e0e690a325a4c5d8bb2b3943ee14?s=96&d=mm&r=g\",\"contentUrl\":\"https:\\\/\\\/secure.gravatar.com\\\/avatar\\\/bb65d0283347e303893ba14f0692005417c1e0e690a325a4c5d8bb2b3943ee14?s=96&d=mm&r=g\",\"caption\":\"Cope Alcoy\"}}]}<\/script>\n<!-- \/ Yoast SEO plugin. -->","yoast_head_json":{"title":"La subestaci\u00f3n el\u00e9ctrica de Castalla podr\u00eda estar para 2018 - COPE Alcoy","robots":{"index":"index","follow":"follow","max-snippet":"max-snippet:-1","max-image-preview":"max-image-preview:large","max-video-preview":"max-video-preview:-1"},"canonical":"https:\/\/www.copealcoy.es\/es\/la-subestacion-electrica-castalla-podria-estar-2018\/","og_locale":"es_ES","og_type":"article","og_title":"La subestaci\u00f3n el\u00e9ctrica de Castalla podr\u00eda estar para 2018 - COPE Alcoy","og_description":"El Ayuntamiento de Castalla acogi\u00f3\u00a0el pasado jueves la reuni\u00f3n de la comisi\u00f3n de seguimiento de la subestaci\u00f3n el\u00e9ctrica creada el...","og_url":"https:\/\/www.copealcoy.es\/es\/la-subestacion-electrica-castalla-podria-estar-2018\/","og_site_name":"COPE Alcoy","article_published_time":"2016-03-15T06:00:53+00:00","og_image":[{"width":600,"height":450,"url":"https:\/\/www.copealcoy.es\/wp-content\/uploads\/2016\/03\/18997_reunion-subestacion.jpg","type":"image\/jpeg"}],"author":"Cope Alcoy","twitter_misc":{"Escrito por":"Cope Alcoy","Tiempo de lectura":"1 minuto"},"schema":{"@context":"https:\/\/schema.org","@graph":[{"@type":"Article","@id":"https:\/\/www.copealcoy.es\/es\/la-subestacion-electrica-castalla-podria-estar-2018\/#article","isPartOf":{"@id":"https:\/\/www.copealcoy.es\/es\/la-subestacion-electrica-castalla-podria-estar-2018\/"},"author":{"name":"Cope Alcoy","@id":"https:\/\/www.copealcoy.es\/es\/#\/schema\/person\/e777c87fa024e57d40170af9df39882c"},"headline":"La subestaci\u00f3n el\u00e9ctrica de Castalla podr\u00eda estar para 2018","datePublished":"2016-03-15T06:00:53+00:00","mainEntityOfPage":{"@id":"https:\/\/www.copealcoy.es\/es\/la-subestacion-electrica-castalla-podria-estar-2018\/"},"wordCount":208,"commentCount":0,"image":{"@id":"https:\/\/www.copealcoy.es\/es\/la-subestacion-electrica-castalla-podria-estar-2018\/#primaryimage"},"thumbnailUrl":"https:\/\/www.copealcoy.es\/wp-content\/uploads\/2016\/03\/18997_reunion-subestacion.jpg","keywords":["Alcoy Foia Castalla","Castalla","Comarcas"],"articleSection":["Comarcas","Noticias","Sin categorizar"],"inLanguage":"es"},{"@type":"WebPage","@id":"https:\/\/www.copealcoy.es\/es\/la-subestacion-electrica-castalla-podria-estar-2018\/","url":"https:\/\/www.copealcoy.es\/es\/la-subestacion-electrica-castalla-podria-estar-2018\/","name":"La subestaci\u00f3n el\u00e9ctrica de Castalla podr\u00eda estar para 2018 - COPE Alcoy","isPartOf":{"@id":"https:\/\/www.copealcoy.es\/es\/#website"},"primaryImageOfPage":{"@id":"https:\/\/www.copealcoy.es\/es\/la-subestacion-electrica-castalla-podria-estar-2018\/#primaryimage"},"image":{"@id":"https:\/\/www.copealcoy.es\/es\/la-subestacion-electrica-castalla-podria-estar-2018\/#primaryimage"},"thumbnailUrl":"https:\/\/www.copealcoy.es\/wp-content\/uploads\/2016\/03\/18997_reunion-subestacion.jpg","datePublished":"2016-03-15T06:00:53+00:00","author":{"@id":"https:\/\/www.copealcoy.es\/es\/#\/schema\/person\/e777c87fa024e57d40170af9df39882c"},"breadcrumb":{"@id":"https:\/\/www.copealcoy.es\/es\/la-subestacion-electrica-castalla-podria-estar-2018\/#breadcrumb"},"inLanguage":"es","potentialAction":[{"@type":"ReadAction","target":["https:\/\/www.copealcoy.es\/es\/la-subestacion-electrica-castalla-podria-estar-2018\/"]}]},{"@type":"ImageObject","inLanguage":"es","@id":"https:\/\/www.copealcoy.es\/es\/la-subestacion-electrica-castalla-podria-estar-2018\/#primaryimage","url":"https:\/\/www.copealcoy.es\/wp-content\/uploads\/2016\/03\/18997_reunion-subestacion.jpg","contentUrl":"https:\/\/www.copealcoy.es\/wp-content\/uploads\/2016\/03\/18997_reunion-subestacion.jpg","width":600,"height":450,"caption":"La reuni\u00f3n de la comisi\u00f3n de seguimiento tuvo lugar en el Ayuntamiento de Castalla"},{"@type":"BreadcrumbList","@id":"https:\/\/www.copealcoy.es\/es\/la-subestacion-electrica-castalla-podria-estar-2018\/#breadcrumb","itemListElement":[{"@type":"ListItem","position":1,"name":"Portada","item":"https:\/\/www.copealcoy.es\/es\/"},{"@type":"ListItem","position":2,"name":"La subestaci\u00f3n el\u00e9ctrica de Castalla podr\u00eda estar para 2018"}]},{"@type":"WebSite","@id":"https:\/\/www.copealcoy.es\/es\/#website","url":"https:\/\/www.copealcoy.es\/es\/","name":"COPE Alcoy","description":"Emisora COPE de radio local con emisi\u00f3n online. Pont de Sant Jordi 8-10 03803 Alcoy","potentialAction":[{"@type":"SearchAction","target":{"@type":"EntryPoint","urlTemplate":"https:\/\/www.copealcoy.es\/es\/?s={search_term_string}"},"query-input":{"@type":"PropertyValueSpecification","valueRequired":true,"valueName":"search_term_string"}}],"inLanguage":"es"},{"@type":"Person","@id":"https:\/\/www.copealcoy.es\/es\/#\/schema\/person\/e777c87fa024e57d40170af9df39882c","name":"Cope Alcoy","image":{"@type":"ImageObject","inLanguage":"es","@id":"https:\/\/secure.gravatar.com\/avatar\/bb65d0283347e303893ba14f0692005417c1e0e690a325a4c5d8bb2b3943ee14?s=96&d=mm&r=g","url":"https:\/\/secure.gravatar.com\/avatar\/bb65d0283347e303893ba14f0692005417c1e0e690a325a4c5d8bb2b3943ee14?s=96&d=mm&r=g","contentUrl":"https:\/\/secure.gravatar.com\/avatar\/bb65d0283347e303893ba14f0692005417c1e0e690a325a4c5d8bb2b3943ee14?s=96&d=mm&r=g","caption":"Cope Alcoy"}}]}},"_links":{"self":[{"href":"https:\/\/www.copealcoy.es\/es\/wp-json\/wp\/v2\/posts\/19761","targetHints":{"allow":["GET"]}}],"collection":[{"href":"https:\/\/www.copealcoy.es\/es\/wp-json\/wp\/v2\/posts"}],"about":[{"href":"https:\/\/www.copealcoy.es\/es\/wp-json\/wp\/v2\/types\/post"}],"author":[{"embeddable":true,"href":"https:\/\/www.copealcoy.es\/es\/wp-json\/wp\/v2\/users\/1"}],"replies":[{"embeddable":true,"href":"https:\/\/www.copealcoy.es\/es\/wp-json\/wp\/v2\/comments?post=19761"}],"version-history":[{"count":0,"href":"https:\/\/www.copealcoy.es\/es\/wp-json\/wp\/v2\/posts\/19761\/revisions"}],"wp:featuredmedia":[{"embeddable":true,"href":"https:\/\/www.copealcoy.es\/es\/wp-json\/wp\/v2\/media\/19798"}],"wp:attachment":[{"href":"https:\/\/www.copealcoy.es\/es\/wp-json\/wp\/v2\/media?parent=19761"}],"wp:term":[{"taxonomy":"category","embeddable":true,"href":"https:\/\/www.copealcoy.es\/es\/wp-json\/wp\/v2\/categories?post=19761"},{"taxonomy":"post_tag","embeddable":true,"href":"https:\/\/www.copealcoy.es\/es\/wp-json\/wp\/v2\/tags?post=19761"}],"curies":[{"name":"wp","href":"https:\/\/api.w.org\/{rel}","templated":true}]}}