{"id":19756,"date":"2016-03-14T06:00:27","date_gmt":"2016-03-14T06:00:27","guid":{"rendered":"http:\/\/copealcoi.es\/new\/?p=19756"},"modified":"2016-03-13T22:03:08","modified_gmt":"2016-03-13T22:03:08","slug":"125-853-kilos-de-ropa-usada-durante-el-pasado-ano","status":"publish","type":"post","link":"https:\/\/www.copealcoy.es\/es\/125-853-kilos-de-ropa-usada-durante-el-pasado-ano\/","title":{"rendered":"125.853 kilos de ropa usada durante el pasado a\u00f1o"},"content":{"rendered":"<p style=\"text-align: justify;\">Alcoy gestion\u00f3 durante el pasado a\u00f1o\u00a02015 un total de 125.853 kilos de ropa usada, a trav\u00e9s del sistema de recogida de residuos textiles, seg\u00fan los datos aportados por el \u00e1rea de Medio Ambiente del Ayuntamiento. Por meses mayo, octubre y septiembre fueron\u00a0en los que m\u00e1s meses se recogi\u00f3 ropa con 16.141, 15.997 y 14.341, \u00a0kilos respectivamente.<\/p>\n<p style=\"text-align: justify;\">El servicio est\u00e1 gestionado por C\u00e1ritas y supuso hace dos a\u00f1os la creaci\u00f3n de tres puestos de trabajo para personas de colectivos desfavorecidos. Estos se suman a las tres que ya trabajaban en el proyecto y que tambi\u00e9n\u00a0se encargan de la recogida y tratamiento de la ropa. Hay que destacar que\u00a0\u00a0el textil recogido pasa por un proceso integral de selecci\u00f3n y tratamiento a trav\u00e9s de \u2018Koopera servicios ambientales\u2019 que permite conseguir unos resultados \u00f3ptimos una vez concluye el reciclado.<\/p>\n<p style=\"text-align: justify;\">El concejal de Medio Ambiente, Jordi Mart\u00ednez, recuerda que actualmente en la ciudad existen treinta contenedores para depositar la ropa usada y hace un llamamiento &#8220;es importante que la ciudadan\u00eda utilice este servicio ya que de lo contrario\u00a0se puede acabar tirando la ropa en vertederos incontrolados con los consiguientes riesgos que\u00a0ello puede acarrear&#8221;, concluye.<\/p>\n<p>&nbsp;<\/p>\n","protected":false},"excerpt":{"rendered":"<p>Alcoy gestion\u00f3 durante el pasado a\u00f1o\u00a02015 un total de 125.853 kilos de ropa usada, a trav\u00e9s del sistema de recogida&#8230;<\/p>\n","protected":false},"author":1,"featured_media":19757,"comment_status":"open","ping_status":"open","sticky":false,"template":"","format":"standard","meta":{"footnotes":""},"categories":[97,75,125],"tags":[1494,460,1992,1429],"class_list":["post-19756","post","type-post","status-publish","format-standard","has-post-thumbnail","hentry","category-alcoy","category-noticias","category-portada","tag-alcoy","tag-caritas","tag-ropa-usada","tag-textil"],"yoast_head":"<!-- This site is optimized with the Yoast SEO plugin v27.3 - https:\/\/yoast.com\/product\/yoast-seo-wordpress\/ -->\n<title>125.853 kilos de ropa usada durante el pasado a\u00f1o - COPE Alcoy<\/title>\n<meta name=\"robots\" content=\"index, follow, max-snippet:-1, max-image-preview:large, max-video-preview:-1\" \/>\n<link rel=\"canonical\" href=\"https:\/\/www.copealcoy.es\/es\/125-853-kilos-de-ropa-usada-durante-el-pasado-ano\/\" \/>\n<meta property=\"og:locale\" content=\"es_ES\" \/>\n<meta property=\"og:type\" content=\"article\" \/>\n<meta property=\"og:title\" content=\"125.853 kilos de ropa usada durante el pasado a\u00f1o - COPE Alcoy\" \/>\n<meta property=\"og:description\" content=\"Alcoy gestion\u00f3 durante el pasado a\u00f1o\u00a02015 un total de 125.853 kilos de ropa usada, a trav\u00e9s del sistema de recogida...\" \/>\n<meta property=\"og:url\" content=\"https:\/\/www.copealcoy.es\/es\/125-853-kilos-de-ropa-usada-durante-el-pasado-ano\/\" \/>\n<meta property=\"og:site_name\" content=\"COPE Alcoy\" \/>\n<meta property=\"article:published_time\" content=\"2016-03-14T06:00:27+00:00\" \/>\n<meta property=\"og:image\" content=\"https:\/\/www.copealcoy.es\/wp-content\/uploads\/2016\/03\/4988_CARITAS.jpg\" \/>\n\t<meta property=\"og:image:width\" content=\"800\" \/>\n\t<meta property=\"og:image:height\" content=\"600\" \/>\n\t<meta property=\"og:image:type\" content=\"image\/jpeg\" \/>\n<meta name=\"author\" content=\"Cope Alcoy\" \/>\n<meta name=\"twitter:label1\" content=\"Escrito por\" \/>\n\t<meta name=\"twitter:data1\" content=\"Cope Alcoy\" \/>\n\t<meta name=\"twitter:label2\" content=\"Tiempo de lectura\" \/>\n\t<meta name=\"twitter:data2\" content=\"1 minuto\" \/>\n<script type=\"application\/ld+json\" class=\"yoast-schema-graph\">{\"@context\":\"https:\\\/\\\/schema.org\",\"@graph\":[{\"@type\":\"Article\",\"@id\":\"https:\\\/\\\/www.copealcoy.es\\\/es\\\/125-853-kilos-de-ropa-usada-durante-el-pasado-ano\\\/#article\",\"isPartOf\":{\"@id\":\"https:\\\/\\\/www.copealcoy.es\\\/es\\\/125-853-kilos-de-ropa-usada-durante-el-pasado-ano\\\/\"},\"author\":{\"name\":\"Cope Alcoy\",\"@id\":\"https:\\\/\\\/www.copealcoy.es\\\/es\\\/#\\\/schema\\\/person\\\/e777c87fa024e57d40170af9df39882c\"},\"headline\":\"125.853 kilos de ropa usada durante el pasado a\u00f1o\",\"datePublished\":\"2016-03-14T06:00:27+00:00\",\"mainEntityOfPage\":{\"@id\":\"https:\\\/\\\/www.copealcoy.es\\\/es\\\/125-853-kilos-de-ropa-usada-durante-el-pasado-ano\\\/\"},\"wordCount\":212,\"commentCount\":0,\"image\":{\"@id\":\"https:\\\/\\\/www.copealcoy.es\\\/es\\\/125-853-kilos-de-ropa-usada-durante-el-pasado-ano\\\/#primaryimage\"},\"thumbnailUrl\":\"https:\\\/\\\/www.copealcoy.es\\\/wp-content\\\/uploads\\\/2016\\\/03\\\/4988_CARITAS.jpg\",\"keywords\":[\"Alcoy\",\"C\u00e1ritas\",\"Ropa Usada\",\"Textil\"],\"articleSection\":[\"Alcoy\",\"Noticias\",\"Portada\"],\"inLanguage\":\"es\"},{\"@type\":\"WebPage\",\"@id\":\"https:\\\/\\\/www.copealcoy.es\\\/es\\\/125-853-kilos-de-ropa-usada-durante-el-pasado-ano\\\/\",\"url\":\"https:\\\/\\\/www.copealcoy.es\\\/es\\\/125-853-kilos-de-ropa-usada-durante-el-pasado-ano\\\/\",\"name\":\"125.853 kilos de ropa usada durante el pasado a\u00f1o - COPE Alcoy\",\"isPartOf\":{\"@id\":\"https:\\\/\\\/www.copealcoy.es\\\/es\\\/#website\"},\"primaryImageOfPage\":{\"@id\":\"https:\\\/\\\/www.copealcoy.es\\\/es\\\/125-853-kilos-de-ropa-usada-durante-el-pasado-ano\\\/#primaryimage\"},\"image\":{\"@id\":\"https:\\\/\\\/www.copealcoy.es\\\/es\\\/125-853-kilos-de-ropa-usada-durante-el-pasado-ano\\\/#primaryimage\"},\"thumbnailUrl\":\"https:\\\/\\\/www.copealcoy.es\\\/wp-content\\\/uploads\\\/2016\\\/03\\\/4988_CARITAS.jpg\",\"datePublished\":\"2016-03-14T06:00:27+00:00\",\"author\":{\"@id\":\"https:\\\/\\\/www.copealcoy.es\\\/es\\\/#\\\/schema\\\/person\\\/e777c87fa024e57d40170af9df39882c\"},\"breadcrumb\":{\"@id\":\"https:\\\/\\\/www.copealcoy.es\\\/es\\\/125-853-kilos-de-ropa-usada-durante-el-pasado-ano\\\/#breadcrumb\"},\"inLanguage\":\"es\",\"potentialAction\":[{\"@type\":\"ReadAction\",\"target\":[\"https:\\\/\\\/www.copealcoy.es\\\/es\\\/125-853-kilos-de-ropa-usada-durante-el-pasado-ano\\\/\"]}]},{\"@type\":\"ImageObject\",\"inLanguage\":\"es\",\"@id\":\"https:\\\/\\\/www.copealcoy.es\\\/es\\\/125-853-kilos-de-ropa-usada-durante-el-pasado-ano\\\/#primaryimage\",\"url\":\"https:\\\/\\\/www.copealcoy.es\\\/wp-content\\\/uploads\\\/2016\\\/03\\\/4988_CARITAS.jpg\",\"contentUrl\":\"https:\\\/\\\/www.copealcoy.es\\\/wp-content\\\/uploads\\\/2016\\\/03\\\/4988_CARITAS.jpg\",\"width\":800,\"height\":600},{\"@type\":\"BreadcrumbList\",\"@id\":\"https:\\\/\\\/www.copealcoy.es\\\/es\\\/125-853-kilos-de-ropa-usada-durante-el-pasado-ano\\\/#breadcrumb\",\"itemListElement\":[{\"@type\":\"ListItem\",\"position\":1,\"name\":\"Portada\",\"item\":\"https:\\\/\\\/www.copealcoy.es\\\/es\\\/\"},{\"@type\":\"ListItem\",\"position\":2,\"name\":\"125.853 kilos de ropa usada durante el pasado a\u00f1o\"}]},{\"@type\":\"WebSite\",\"@id\":\"https:\\\/\\\/www.copealcoy.es\\\/es\\\/#website\",\"url\":\"https:\\\/\\\/www.copealcoy.es\\\/es\\\/\",\"name\":\"COPE Alcoy\",\"description\":\"Emisora COPE de radio local con emisi\u00f3n online. Pont de Sant Jordi 8-10 03803 Alcoy\",\"potentialAction\":[{\"@type\":\"SearchAction\",\"target\":{\"@type\":\"EntryPoint\",\"urlTemplate\":\"https:\\\/\\\/www.copealcoy.es\\\/es\\\/?s={search_term_string}\"},\"query-input\":{\"@type\":\"PropertyValueSpecification\",\"valueRequired\":true,\"valueName\":\"search_term_string\"}}],\"inLanguage\":\"es\"},{\"@type\":\"Person\",\"@id\":\"https:\\\/\\\/www.copealcoy.es\\\/es\\\/#\\\/schema\\\/person\\\/e777c87fa024e57d40170af9df39882c\",\"name\":\"Cope Alcoy\",\"image\":{\"@type\":\"ImageObject\",\"inLanguage\":\"es\",\"@id\":\"https:\\\/\\\/secure.gravatar.com\\\/avatar\\\/bb65d0283347e303893ba14f0692005417c1e0e690a325a4c5d8bb2b3943ee14?s=96&d=mm&r=g\",\"url\":\"https:\\\/\\\/secure.gravatar.com\\\/avatar\\\/bb65d0283347e303893ba14f0692005417c1e0e690a325a4c5d8bb2b3943ee14?s=96&d=mm&r=g\",\"contentUrl\":\"https:\\\/\\\/secure.gravatar.com\\\/avatar\\\/bb65d0283347e303893ba14f0692005417c1e0e690a325a4c5d8bb2b3943ee14?s=96&d=mm&r=g\",\"caption\":\"Cope Alcoy\"}}]}<\/script>\n<!-- \/ Yoast SEO plugin. -->","yoast_head_json":{"title":"125.853 kilos de ropa usada durante el pasado a\u00f1o - COPE Alcoy","robots":{"index":"index","follow":"follow","max-snippet":"max-snippet:-1","max-image-preview":"max-image-preview:large","max-video-preview":"max-video-preview:-1"},"canonical":"https:\/\/www.copealcoy.es\/es\/125-853-kilos-de-ropa-usada-durante-el-pasado-ano\/","og_locale":"es_ES","og_type":"article","og_title":"125.853 kilos de ropa usada durante el pasado a\u00f1o - COPE Alcoy","og_description":"Alcoy gestion\u00f3 durante el pasado a\u00f1o\u00a02015 un total de 125.853 kilos de ropa usada, a trav\u00e9s del sistema de recogida...","og_url":"https:\/\/www.copealcoy.es\/es\/125-853-kilos-de-ropa-usada-durante-el-pasado-ano\/","og_site_name":"COPE Alcoy","article_published_time":"2016-03-14T06:00:27+00:00","og_image":[{"width":800,"height":600,"url":"https:\/\/www.copealcoy.es\/wp-content\/uploads\/2016\/03\/4988_CARITAS.jpg","type":"image\/jpeg"}],"author":"Cope Alcoy","twitter_misc":{"Escrito por":"Cope Alcoy","Tiempo de lectura":"1 minuto"},"schema":{"@context":"https:\/\/schema.org","@graph":[{"@type":"Article","@id":"https:\/\/www.copealcoy.es\/es\/125-853-kilos-de-ropa-usada-durante-el-pasado-ano\/#article","isPartOf":{"@id":"https:\/\/www.copealcoy.es\/es\/125-853-kilos-de-ropa-usada-durante-el-pasado-ano\/"},"author":{"name":"Cope Alcoy","@id":"https:\/\/www.copealcoy.es\/es\/#\/schema\/person\/e777c87fa024e57d40170af9df39882c"},"headline":"125.853 kilos de ropa usada durante el pasado a\u00f1o","datePublished":"2016-03-14T06:00:27+00:00","mainEntityOfPage":{"@id":"https:\/\/www.copealcoy.es\/es\/125-853-kilos-de-ropa-usada-durante-el-pasado-ano\/"},"wordCount":212,"commentCount":0,"image":{"@id":"https:\/\/www.copealcoy.es\/es\/125-853-kilos-de-ropa-usada-durante-el-pasado-ano\/#primaryimage"},"thumbnailUrl":"https:\/\/www.copealcoy.es\/wp-content\/uploads\/2016\/03\/4988_CARITAS.jpg","keywords":["Alcoy","C\u00e1ritas","Ropa Usada","Textil"],"articleSection":["Alcoy","Noticias","Portada"],"inLanguage":"es"},{"@type":"WebPage","@id":"https:\/\/www.copealcoy.es\/es\/125-853-kilos-de-ropa-usada-durante-el-pasado-ano\/","url":"https:\/\/www.copealcoy.es\/es\/125-853-kilos-de-ropa-usada-durante-el-pasado-ano\/","name":"125.853 kilos de ropa usada durante el pasado a\u00f1o - COPE Alcoy","isPartOf":{"@id":"https:\/\/www.copealcoy.es\/es\/#website"},"primaryImageOfPage":{"@id":"https:\/\/www.copealcoy.es\/es\/125-853-kilos-de-ropa-usada-durante-el-pasado-ano\/#primaryimage"},"image":{"@id":"https:\/\/www.copealcoy.es\/es\/125-853-kilos-de-ropa-usada-durante-el-pasado-ano\/#primaryimage"},"thumbnailUrl":"https:\/\/www.copealcoy.es\/wp-content\/uploads\/2016\/03\/4988_CARITAS.jpg","datePublished":"2016-03-14T06:00:27+00:00","author":{"@id":"https:\/\/www.copealcoy.es\/es\/#\/schema\/person\/e777c87fa024e57d40170af9df39882c"},"breadcrumb":{"@id":"https:\/\/www.copealcoy.es\/es\/125-853-kilos-de-ropa-usada-durante-el-pasado-ano\/#breadcrumb"},"inLanguage":"es","potentialAction":[{"@type":"ReadAction","target":["https:\/\/www.copealcoy.es\/es\/125-853-kilos-de-ropa-usada-durante-el-pasado-ano\/"]}]},{"@type":"ImageObject","inLanguage":"es","@id":"https:\/\/www.copealcoy.es\/es\/125-853-kilos-de-ropa-usada-durante-el-pasado-ano\/#primaryimage","url":"https:\/\/www.copealcoy.es\/wp-content\/uploads\/2016\/03\/4988_CARITAS.jpg","contentUrl":"https:\/\/www.copealcoy.es\/wp-content\/uploads\/2016\/03\/4988_CARITAS.jpg","width":800,"height":600},{"@type":"BreadcrumbList","@id":"https:\/\/www.copealcoy.es\/es\/125-853-kilos-de-ropa-usada-durante-el-pasado-ano\/#breadcrumb","itemListElement":[{"@type":"ListItem","position":1,"name":"Portada","item":"https:\/\/www.copealcoy.es\/es\/"},{"@type":"ListItem","position":2,"name":"125.853 kilos de ropa usada durante el pasado a\u00f1o"}]},{"@type":"WebSite","@id":"https:\/\/www.copealcoy.es\/es\/#website","url":"https:\/\/www.copealcoy.es\/es\/","name":"COPE Alcoy","description":"Emisora COPE de radio local con emisi\u00f3n online. Pont de Sant Jordi 8-10 03803 Alcoy","potentialAction":[{"@type":"SearchAction","target":{"@type":"EntryPoint","urlTemplate":"https:\/\/www.copealcoy.es\/es\/?s={search_term_string}"},"query-input":{"@type":"PropertyValueSpecification","valueRequired":true,"valueName":"search_term_string"}}],"inLanguage":"es"},{"@type":"Person","@id":"https:\/\/www.copealcoy.es\/es\/#\/schema\/person\/e777c87fa024e57d40170af9df39882c","name":"Cope Alcoy","image":{"@type":"ImageObject","inLanguage":"es","@id":"https:\/\/secure.gravatar.com\/avatar\/bb65d0283347e303893ba14f0692005417c1e0e690a325a4c5d8bb2b3943ee14?s=96&d=mm&r=g","url":"https:\/\/secure.gravatar.com\/avatar\/bb65d0283347e303893ba14f0692005417c1e0e690a325a4c5d8bb2b3943ee14?s=96&d=mm&r=g","contentUrl":"https:\/\/secure.gravatar.com\/avatar\/bb65d0283347e303893ba14f0692005417c1e0e690a325a4c5d8bb2b3943ee14?s=96&d=mm&r=g","caption":"Cope Alcoy"}}]}},"_links":{"self":[{"href":"https:\/\/www.copealcoy.es\/es\/wp-json\/wp\/v2\/posts\/19756","targetHints":{"allow":["GET"]}}],"collection":[{"href":"https:\/\/www.copealcoy.es\/es\/wp-json\/wp\/v2\/posts"}],"about":[{"href":"https:\/\/www.copealcoy.es\/es\/wp-json\/wp\/v2\/types\/post"}],"author":[{"embeddable":true,"href":"https:\/\/www.copealcoy.es\/es\/wp-json\/wp\/v2\/users\/1"}],"replies":[{"embeddable":true,"href":"https:\/\/www.copealcoy.es\/es\/wp-json\/wp\/v2\/comments?post=19756"}],"version-history":[{"count":0,"href":"https:\/\/www.copealcoy.es\/es\/wp-json\/wp\/v2\/posts\/19756\/revisions"}],"wp:featuredmedia":[{"embeddable":true,"href":"https:\/\/www.copealcoy.es\/es\/wp-json\/wp\/v2\/media\/19757"}],"wp:attachment":[{"href":"https:\/\/www.copealcoy.es\/es\/wp-json\/wp\/v2\/media?parent=19756"}],"wp:term":[{"taxonomy":"category","embeddable":true,"href":"https:\/\/www.copealcoy.es\/es\/wp-json\/wp\/v2\/categories?post=19756"},{"taxonomy":"post_tag","embeddable":true,"href":"https:\/\/www.copealcoy.es\/es\/wp-json\/wp\/v2\/tags?post=19756"}],"curies":[{"name":"wp","href":"https:\/\/api.w.org\/{rel}","templated":true}]}}