{"id":19741,"date":"2016-03-13T10:13:27","date_gmt":"2016-03-13T10:13:27","guid":{"rendered":"http:\/\/copealcoi.es\/new\/?p=19741"},"modified":"2016-03-13T12:59:12","modified_gmt":"2016-03-13T12:59:12","slug":"cocentaina-pregona-la-semana-santa","status":"publish","type":"post","link":"https:\/\/www.copealcoy.es\/es\/cocentaina-pregona-la-semana-santa\/","title":{"rendered":"Cocentaina pregona la Semana Santa"},"content":{"rendered":"<p style=\"text-align: justify;\">Cocentaina anunci\u00f3 ayer la llegada de la Semana Santa con el preg\u00f3n que tuvo lugar en la iglesia de Santa Mar\u00eda a partir de las ocho de la tarde. En el acto se descubri\u00f3 el cartel anunciador de este a\u00f1o, realizado por Pau Vela, y que destaca por un fondo blanco con unas cadenas que forman una cruz en cuya parte central se puede ver como elemento principal al trigo. Tambi\u00e9n merecen especial atenci\u00f3n los r\u00f3tulos que, con color morado, reflejan las fechas en las que tendr\u00e1n lugar los principales actos de la Semana Santa contestana.<\/p>\n<p style=\"text-align: justify;\">A continuaci\u00f3n Don Jos\u00e9 Reig Armi\u00f1ana fue el encargado de dar lectura al preg\u00f3n ante la imagen del Crist dels Llauradors, que preside el templo de Santa Mar\u00eda en los d\u00edas de Cuaresma, y del paso de Jes\u00fas del Huerto ya que esta es la entidad encargada de coordinar en este 2016 a la Junta Central de Cofrad\u00edas.<\/p>\n<p style=\"text-align: justify;\">Finalmente el Coro del Colegio San Francisco de As\u00eds, bajo la direcci\u00f3n de Joaqu\u00edn Palac\u00ed y junto a la Uni\u00f3n Musical Contestana, estren\u00f3 la marcha solemne\u00a0<em>Jes\u00fas de l\u00b4Hort<\/em>\u00a0que para la ocasi\u00f3n ha compuesto el murero Jos\u00e9 Rafael Pascual Vilaplana, y que incorpora tambi\u00e9n un motete para ser interpretado en las tradicionales Capelletes que el\u00a0Viernes Santo suelen acompa\u00f1ar a varios pasos en la procesi\u00f3n del Santo Entierro.<\/p>\n<p style=\"text-align: justify;\">\n","protected":false},"excerpt":{"rendered":"<p>Cocentaina anunci\u00f3 ayer la llegada de la Semana Santa con el preg\u00f3n que tuvo lugar en la iglesia de Santa&#8230;<\/p>\n","protected":false},"author":1,"featured_media":19742,"comment_status":"open","ping_status":"open","sticky":false,"template":"","format":"standard","meta":{"footnotes":""},"categories":[98,75],"tags":[132,1971,1426,745,447],"class_list":["post-19741","post","type-post","status-publish","format-standard","has-post-thumbnail","hentry","category-comarcas","category-noticias","tag-cocentaina","tag-jesus-del-huerto","tag-pregon","tag-semana-santa","tag-tradiciones"],"yoast_head":"<!-- This site is optimized with the Yoast SEO plugin v27.3 - https:\/\/yoast.com\/product\/yoast-seo-wordpress\/ -->\n<title>Cocentaina pregona la Semana Santa - COPE Alcoy<\/title>\n<meta name=\"robots\" content=\"index, follow, max-snippet:-1, max-image-preview:large, max-video-preview:-1\" \/>\n<link rel=\"canonical\" href=\"https:\/\/www.copealcoy.es\/es\/cocentaina-pregona-la-semana-santa\/\" \/>\n<meta property=\"og:locale\" content=\"es_ES\" \/>\n<meta property=\"og:type\" content=\"article\" \/>\n<meta property=\"og:title\" content=\"Cocentaina pregona la Semana Santa - COPE Alcoy\" \/>\n<meta property=\"og:description\" content=\"Cocentaina anunci\u00f3 ayer la llegada de la Semana Santa con el preg\u00f3n que tuvo lugar en la iglesia de Santa...\" \/>\n<meta property=\"og:url\" content=\"https:\/\/www.copealcoy.es\/es\/cocentaina-pregona-la-semana-santa\/\" \/>\n<meta property=\"og:site_name\" content=\"COPE Alcoy\" \/>\n<meta property=\"article:published_time\" content=\"2016-03-13T10:13:27+00:00\" \/>\n<meta property=\"article:modified_time\" content=\"2016-03-13T12:59:12+00:00\" \/>\n<meta property=\"og:image\" content=\"https:\/\/www.copealcoy.es\/wp-content\/uploads\/2016\/03\/10360337_1563726630604544_2489367648269465976_n-e1457864063126.jpg\" \/>\n\t<meta property=\"og:image:width\" content=\"705\" \/>\n\t<meta property=\"og:image:height\" content=\"340\" \/>\n\t<meta property=\"og:image:type\" content=\"image\/jpeg\" \/>\n<meta name=\"author\" content=\"Cope Alcoy\" \/>\n<meta name=\"twitter:label1\" content=\"Escrito por\" \/>\n\t<meta name=\"twitter:data1\" content=\"Cope Alcoy\" \/>\n\t<meta name=\"twitter:label2\" content=\"Tiempo de lectura\" \/>\n\t<meta name=\"twitter:data2\" content=\"1 minuto\" \/>\n<script type=\"application\/ld+json\" class=\"yoast-schema-graph\">{\"@context\":\"https:\\\/\\\/schema.org\",\"@graph\":[{\"@type\":\"Article\",\"@id\":\"https:\\\/\\\/www.copealcoy.es\\\/es\\\/cocentaina-pregona-la-semana-santa\\\/#article\",\"isPartOf\":{\"@id\":\"https:\\\/\\\/www.copealcoy.es\\\/es\\\/cocentaina-pregona-la-semana-santa\\\/\"},\"author\":{\"name\":\"Cope Alcoy\",\"@id\":\"https:\\\/\\\/www.copealcoy.es\\\/es\\\/#\\\/schema\\\/person\\\/e777c87fa024e57d40170af9df39882c\"},\"headline\":\"Cocentaina pregona la Semana Santa\",\"datePublished\":\"2016-03-13T10:13:27+00:00\",\"dateModified\":\"2016-03-13T12:59:12+00:00\",\"mainEntityOfPage\":{\"@id\":\"https:\\\/\\\/www.copealcoy.es\\\/es\\\/cocentaina-pregona-la-semana-santa\\\/\"},\"wordCount\":251,\"commentCount\":0,\"image\":{\"@id\":\"https:\\\/\\\/www.copealcoy.es\\\/es\\\/cocentaina-pregona-la-semana-santa\\\/#primaryimage\"},\"thumbnailUrl\":\"https:\\\/\\\/www.copealcoy.es\\\/wp-content\\\/uploads\\\/2016\\\/03\\\/10360337_1563726630604544_2489367648269465976_n-e1457864063126.jpg\",\"keywords\":[\"Cocentaina\",\"Jes\u00fas del Huerto\",\"preg\u00f3n\",\"Semana Santa\",\"Tradiciones\"],\"articleSection\":[\"Comarcas\",\"Noticias\"],\"inLanguage\":\"es\"},{\"@type\":\"WebPage\",\"@id\":\"https:\\\/\\\/www.copealcoy.es\\\/es\\\/cocentaina-pregona-la-semana-santa\\\/\",\"url\":\"https:\\\/\\\/www.copealcoy.es\\\/es\\\/cocentaina-pregona-la-semana-santa\\\/\",\"name\":\"Cocentaina pregona la Semana Santa - COPE Alcoy\",\"isPartOf\":{\"@id\":\"https:\\\/\\\/www.copealcoy.es\\\/es\\\/#website\"},\"primaryImageOfPage\":{\"@id\":\"https:\\\/\\\/www.copealcoy.es\\\/es\\\/cocentaina-pregona-la-semana-santa\\\/#primaryimage\"},\"image\":{\"@id\":\"https:\\\/\\\/www.copealcoy.es\\\/es\\\/cocentaina-pregona-la-semana-santa\\\/#primaryimage\"},\"thumbnailUrl\":\"https:\\\/\\\/www.copealcoy.es\\\/wp-content\\\/uploads\\\/2016\\\/03\\\/10360337_1563726630604544_2489367648269465976_n-e1457864063126.jpg\",\"datePublished\":\"2016-03-13T10:13:27+00:00\",\"dateModified\":\"2016-03-13T12:59:12+00:00\",\"author\":{\"@id\":\"https:\\\/\\\/www.copealcoy.es\\\/es\\\/#\\\/schema\\\/person\\\/e777c87fa024e57d40170af9df39882c\"},\"breadcrumb\":{\"@id\":\"https:\\\/\\\/www.copealcoy.es\\\/es\\\/cocentaina-pregona-la-semana-santa\\\/#breadcrumb\"},\"inLanguage\":\"es\",\"potentialAction\":[{\"@type\":\"ReadAction\",\"target\":[\"https:\\\/\\\/www.copealcoy.es\\\/es\\\/cocentaina-pregona-la-semana-santa\\\/\"]}]},{\"@type\":\"ImageObject\",\"inLanguage\":\"es\",\"@id\":\"https:\\\/\\\/www.copealcoy.es\\\/es\\\/cocentaina-pregona-la-semana-santa\\\/#primaryimage\",\"url\":\"https:\\\/\\\/www.copealcoy.es\\\/wp-content\\\/uploads\\\/2016\\\/03\\\/10360337_1563726630604544_2489367648269465976_n-e1457864063126.jpg\",\"contentUrl\":\"https:\\\/\\\/www.copealcoy.es\\\/wp-content\\\/uploads\\\/2016\\\/03\\\/10360337_1563726630604544_2489367648269465976_n-e1457864063126.jpg\",\"width\":705,\"height\":340,\"caption\":\"El preg\u00f3n de la Semana Santa tuvo lugar en le iglesia de Santa Mar\u00eda \\\/ Foto: Cofrad\u00eda Jes\u00fas de l\u00b4Hort\"},{\"@type\":\"BreadcrumbList\",\"@id\":\"https:\\\/\\\/www.copealcoy.es\\\/es\\\/cocentaina-pregona-la-semana-santa\\\/#breadcrumb\",\"itemListElement\":[{\"@type\":\"ListItem\",\"position\":1,\"name\":\"Portada\",\"item\":\"https:\\\/\\\/www.copealcoy.es\\\/es\\\/\"},{\"@type\":\"ListItem\",\"position\":2,\"name\":\"Cocentaina pregona la Semana Santa\"}]},{\"@type\":\"WebSite\",\"@id\":\"https:\\\/\\\/www.copealcoy.es\\\/es\\\/#website\",\"url\":\"https:\\\/\\\/www.copealcoy.es\\\/es\\\/\",\"name\":\"COPE Alcoy\",\"description\":\"Emisora COPE de radio local con emisi\u00f3n online. Pont de Sant Jordi 8-10 03803 Alcoy\",\"potentialAction\":[{\"@type\":\"SearchAction\",\"target\":{\"@type\":\"EntryPoint\",\"urlTemplate\":\"https:\\\/\\\/www.copealcoy.es\\\/es\\\/?s={search_term_string}\"},\"query-input\":{\"@type\":\"PropertyValueSpecification\",\"valueRequired\":true,\"valueName\":\"search_term_string\"}}],\"inLanguage\":\"es\"},{\"@type\":\"Person\",\"@id\":\"https:\\\/\\\/www.copealcoy.es\\\/es\\\/#\\\/schema\\\/person\\\/e777c87fa024e57d40170af9df39882c\",\"name\":\"Cope Alcoy\",\"image\":{\"@type\":\"ImageObject\",\"inLanguage\":\"es\",\"@id\":\"https:\\\/\\\/secure.gravatar.com\\\/avatar\\\/bb65d0283347e303893ba14f0692005417c1e0e690a325a4c5d8bb2b3943ee14?s=96&d=mm&r=g\",\"url\":\"https:\\\/\\\/secure.gravatar.com\\\/avatar\\\/bb65d0283347e303893ba14f0692005417c1e0e690a325a4c5d8bb2b3943ee14?s=96&d=mm&r=g\",\"contentUrl\":\"https:\\\/\\\/secure.gravatar.com\\\/avatar\\\/bb65d0283347e303893ba14f0692005417c1e0e690a325a4c5d8bb2b3943ee14?s=96&d=mm&r=g\",\"caption\":\"Cope Alcoy\"}}]}<\/script>\n<!-- \/ Yoast SEO plugin. -->","yoast_head_json":{"title":"Cocentaina pregona la Semana Santa - COPE Alcoy","robots":{"index":"index","follow":"follow","max-snippet":"max-snippet:-1","max-image-preview":"max-image-preview:large","max-video-preview":"max-video-preview:-1"},"canonical":"https:\/\/www.copealcoy.es\/es\/cocentaina-pregona-la-semana-santa\/","og_locale":"es_ES","og_type":"article","og_title":"Cocentaina pregona la Semana Santa - COPE Alcoy","og_description":"Cocentaina anunci\u00f3 ayer la llegada de la Semana Santa con el preg\u00f3n que tuvo lugar en la iglesia de Santa...","og_url":"https:\/\/www.copealcoy.es\/es\/cocentaina-pregona-la-semana-santa\/","og_site_name":"COPE Alcoy","article_published_time":"2016-03-13T10:13:27+00:00","article_modified_time":"2016-03-13T12:59:12+00:00","og_image":[{"width":705,"height":340,"url":"https:\/\/www.copealcoy.es\/wp-content\/uploads\/2016\/03\/10360337_1563726630604544_2489367648269465976_n-e1457864063126.jpg","type":"image\/jpeg"}],"author":"Cope Alcoy","twitter_misc":{"Escrito por":"Cope Alcoy","Tiempo de lectura":"1 minuto"},"schema":{"@context":"https:\/\/schema.org","@graph":[{"@type":"Article","@id":"https:\/\/www.copealcoy.es\/es\/cocentaina-pregona-la-semana-santa\/#article","isPartOf":{"@id":"https:\/\/www.copealcoy.es\/es\/cocentaina-pregona-la-semana-santa\/"},"author":{"name":"Cope Alcoy","@id":"https:\/\/www.copealcoy.es\/es\/#\/schema\/person\/e777c87fa024e57d40170af9df39882c"},"headline":"Cocentaina pregona la Semana Santa","datePublished":"2016-03-13T10:13:27+00:00","dateModified":"2016-03-13T12:59:12+00:00","mainEntityOfPage":{"@id":"https:\/\/www.copealcoy.es\/es\/cocentaina-pregona-la-semana-santa\/"},"wordCount":251,"commentCount":0,"image":{"@id":"https:\/\/www.copealcoy.es\/es\/cocentaina-pregona-la-semana-santa\/#primaryimage"},"thumbnailUrl":"https:\/\/www.copealcoy.es\/wp-content\/uploads\/2016\/03\/10360337_1563726630604544_2489367648269465976_n-e1457864063126.jpg","keywords":["Cocentaina","Jes\u00fas del Huerto","preg\u00f3n","Semana Santa","Tradiciones"],"articleSection":["Comarcas","Noticias"],"inLanguage":"es"},{"@type":"WebPage","@id":"https:\/\/www.copealcoy.es\/es\/cocentaina-pregona-la-semana-santa\/","url":"https:\/\/www.copealcoy.es\/es\/cocentaina-pregona-la-semana-santa\/","name":"Cocentaina pregona la Semana Santa - COPE Alcoy","isPartOf":{"@id":"https:\/\/www.copealcoy.es\/es\/#website"},"primaryImageOfPage":{"@id":"https:\/\/www.copealcoy.es\/es\/cocentaina-pregona-la-semana-santa\/#primaryimage"},"image":{"@id":"https:\/\/www.copealcoy.es\/es\/cocentaina-pregona-la-semana-santa\/#primaryimage"},"thumbnailUrl":"https:\/\/www.copealcoy.es\/wp-content\/uploads\/2016\/03\/10360337_1563726630604544_2489367648269465976_n-e1457864063126.jpg","datePublished":"2016-03-13T10:13:27+00:00","dateModified":"2016-03-13T12:59:12+00:00","author":{"@id":"https:\/\/www.copealcoy.es\/es\/#\/schema\/person\/e777c87fa024e57d40170af9df39882c"},"breadcrumb":{"@id":"https:\/\/www.copealcoy.es\/es\/cocentaina-pregona-la-semana-santa\/#breadcrumb"},"inLanguage":"es","potentialAction":[{"@type":"ReadAction","target":["https:\/\/www.copealcoy.es\/es\/cocentaina-pregona-la-semana-santa\/"]}]},{"@type":"ImageObject","inLanguage":"es","@id":"https:\/\/www.copealcoy.es\/es\/cocentaina-pregona-la-semana-santa\/#primaryimage","url":"https:\/\/www.copealcoy.es\/wp-content\/uploads\/2016\/03\/10360337_1563726630604544_2489367648269465976_n-e1457864063126.jpg","contentUrl":"https:\/\/www.copealcoy.es\/wp-content\/uploads\/2016\/03\/10360337_1563726630604544_2489367648269465976_n-e1457864063126.jpg","width":705,"height":340,"caption":"El preg\u00f3n de la Semana Santa tuvo lugar en le iglesia de Santa Mar\u00eda \/ Foto: Cofrad\u00eda Jes\u00fas de l\u00b4Hort"},{"@type":"BreadcrumbList","@id":"https:\/\/www.copealcoy.es\/es\/cocentaina-pregona-la-semana-santa\/#breadcrumb","itemListElement":[{"@type":"ListItem","position":1,"name":"Portada","item":"https:\/\/www.copealcoy.es\/es\/"},{"@type":"ListItem","position":2,"name":"Cocentaina pregona la Semana Santa"}]},{"@type":"WebSite","@id":"https:\/\/www.copealcoy.es\/es\/#website","url":"https:\/\/www.copealcoy.es\/es\/","name":"COPE Alcoy","description":"Emisora COPE de radio local con emisi\u00f3n online. Pont de Sant Jordi 8-10 03803 Alcoy","potentialAction":[{"@type":"SearchAction","target":{"@type":"EntryPoint","urlTemplate":"https:\/\/www.copealcoy.es\/es\/?s={search_term_string}"},"query-input":{"@type":"PropertyValueSpecification","valueRequired":true,"valueName":"search_term_string"}}],"inLanguage":"es"},{"@type":"Person","@id":"https:\/\/www.copealcoy.es\/es\/#\/schema\/person\/e777c87fa024e57d40170af9df39882c","name":"Cope Alcoy","image":{"@type":"ImageObject","inLanguage":"es","@id":"https:\/\/secure.gravatar.com\/avatar\/bb65d0283347e303893ba14f0692005417c1e0e690a325a4c5d8bb2b3943ee14?s=96&d=mm&r=g","url":"https:\/\/secure.gravatar.com\/avatar\/bb65d0283347e303893ba14f0692005417c1e0e690a325a4c5d8bb2b3943ee14?s=96&d=mm&r=g","contentUrl":"https:\/\/secure.gravatar.com\/avatar\/bb65d0283347e303893ba14f0692005417c1e0e690a325a4c5d8bb2b3943ee14?s=96&d=mm&r=g","caption":"Cope Alcoy"}}]}},"_links":{"self":[{"href":"https:\/\/www.copealcoy.es\/es\/wp-json\/wp\/v2\/posts\/19741","targetHints":{"allow":["GET"]}}],"collection":[{"href":"https:\/\/www.copealcoy.es\/es\/wp-json\/wp\/v2\/posts"}],"about":[{"href":"https:\/\/www.copealcoy.es\/es\/wp-json\/wp\/v2\/types\/post"}],"author":[{"embeddable":true,"href":"https:\/\/www.copealcoy.es\/es\/wp-json\/wp\/v2\/users\/1"}],"replies":[{"embeddable":true,"href":"https:\/\/www.copealcoy.es\/es\/wp-json\/wp\/v2\/comments?post=19741"}],"version-history":[{"count":0,"href":"https:\/\/www.copealcoy.es\/es\/wp-json\/wp\/v2\/posts\/19741\/revisions"}],"wp:featuredmedia":[{"embeddable":true,"href":"https:\/\/www.copealcoy.es\/es\/wp-json\/wp\/v2\/media\/19742"}],"wp:attachment":[{"href":"https:\/\/www.copealcoy.es\/es\/wp-json\/wp\/v2\/media?parent=19741"}],"wp:term":[{"taxonomy":"category","embeddable":true,"href":"https:\/\/www.copealcoy.es\/es\/wp-json\/wp\/v2\/categories?post=19741"},{"taxonomy":"post_tag","embeddable":true,"href":"https:\/\/www.copealcoy.es\/es\/wp-json\/wp\/v2\/tags?post=19741"}],"curies":[{"name":"wp","href":"https:\/\/api.w.org\/{rel}","templated":true}]}}