{"id":19672,"date":"2016-03-10T16:00:23","date_gmt":"2016-03-10T16:00:23","guid":{"rendered":"http:\/\/copealcoi.es\/new\/?p=19672"},"modified":"2016-03-10T16:01:31","modified_gmt":"2016-03-10T16:01:31","slug":"el-pregon-anunciara-la-semana-santa-contestana","status":"publish","type":"post","link":"https:\/\/www.copealcoy.es\/es\/el-pregon-anunciara-la-semana-santa-contestana\/","title":{"rendered":"El preg\u00f3n anunciar\u00e1 la Semana Santa contestana"},"content":{"rendered":"<p style=\"text-align: justify;\">La iglesia de Santa Mar\u00eda de Cocentaina acoger\u00e1 este s\u00e1bado, a partir de las ocho de la tarde, el preg\u00f3n de la Semana Santa contestana que este a\u00f1o correr\u00e1 a cargo de Don Jos\u00e9 Reig Armi\u00f1ana. En el transcurso del acto se presentar\u00e1 tambi\u00e9n el cartel anunciador del 2016 que ha realizado Pau Vela, seg\u00fan han informado desde la Cofrad\u00eda de Jes\u00fas del Huerto, que asume en esta ocasi\u00f3n la coordinaci\u00f3n de\u00a0la Junta Central de Cofrad\u00edas.<\/p>\n<p style=\"text-align: justify;\">Tras el preg\u00f3n el Coro del Colegio San Francisco de As\u00eds y la banda de la Uni\u00f3n Musical Contestana \u00a0interpretar\u00e1n el estreno absoluto \u00a0de la marcha procesional titulada\u00a0<em>Jes\u00fas de l\u00b4Hort\u00a0<\/em>que ha creado el compositor Jos\u00e9 Rafael Pascual Vilaplana &#8220;es una pieza que incluye tambi\u00e9n un motete, que es una pieza que interpretan en Cocentaina les Capelletes, que son peque\u00f1as corales que acompa\u00f1an con cantos a los pasos durante la procesi\u00f3n del Santo Entierro&#8221;, explica Jos\u00e9 Gisbert, presidente de la Cofrad\u00eda de Jes\u00fas del Huerto. Adem\u00e1s Gisbert indica que una vez acabe la interpretaci\u00f3n &#8220;toda la comunidad cristiana de Cocentaina saldr\u00e1 en un pasacalles para anunciar por el pueblo el inicio de la Semana Santa Contestana&#8221;, concluye.<\/p>\n<p style=\"text-align: justify;\">Recordar que la programaci\u00f3n previa a los d\u00edas de Semana Santa incluye varias actividades como las oraciones cuaresmales ante las diferentes im\u00e1genes en cada templo o el rezo del V\u00eda Crucis en el Calvario de los Franciscanos cada domingo por la tarde. Adem\u00e1s el mismo s\u00e1bado comenzar\u00e1 en la Parroquia del Salvador el Septenario de la Dolorosa y el 13 de marzo a las 19:00h tendr\u00e1 lugar en la iglesia de Santa Mar\u00eda el solemne V\u00eda Crucis con el Crist dels Llauradors.<\/p>\n<p style=\"text-align: justify;\">\n","protected":false},"excerpt":{"rendered":"<p>La iglesia de Santa Mar\u00eda de Cocentaina acoger\u00e1 este s\u00e1bado, a partir de las ocho de la tarde, el preg\u00f3n&#8230;<\/p>\n","protected":false},"author":1,"featured_media":19673,"comment_status":"open","ping_status":"open","sticky":false,"template":"","format":"standard","meta":{"footnotes":""},"categories":[98,75],"tags":[132,237,1971,1426,745],"class_list":["post-19672","post","type-post","status-publish","format-standard","has-post-thumbnail","hentry","category-comarcas","category-noticias","tag-cocentaina","tag-comtat","tag-jesus-del-huerto","tag-pregon","tag-semana-santa"],"yoast_head":"<!-- This site is optimized with the Yoast SEO plugin v27.3 - https:\/\/yoast.com\/product\/yoast-seo-wordpress\/ -->\n<title>El preg\u00f3n anunciar\u00e1 la Semana Santa contestana - COPE Alcoy<\/title>\n<meta name=\"robots\" content=\"index, follow, max-snippet:-1, max-image-preview:large, max-video-preview:-1\" \/>\n<link rel=\"canonical\" href=\"https:\/\/www.copealcoy.es\/es\/el-pregon-anunciara-la-semana-santa-contestana\/\" \/>\n<meta property=\"og:locale\" content=\"es_ES\" \/>\n<meta property=\"og:type\" content=\"article\" \/>\n<meta property=\"og:title\" content=\"El preg\u00f3n anunciar\u00e1 la Semana Santa contestana - COPE Alcoy\" \/>\n<meta property=\"og:description\" content=\"La iglesia de Santa Mar\u00eda de Cocentaina acoger\u00e1 este s\u00e1bado, a partir de las ocho de la tarde, el preg\u00f3n...\" \/>\n<meta property=\"og:url\" content=\"https:\/\/www.copealcoy.es\/es\/el-pregon-anunciara-la-semana-santa-contestana\/\" \/>\n<meta property=\"og:site_name\" content=\"COPE Alcoy\" \/>\n<meta property=\"article:published_time\" content=\"2016-03-10T16:00:23+00:00\" \/>\n<meta property=\"article:modified_time\" content=\"2016-03-10T16:01:31+00:00\" \/>\n<meta property=\"og:image\" content=\"https:\/\/www.copealcoy.es\/wp-content\/uploads\/2016\/03\/DSC08954-640x330.jpg\" \/>\n\t<meta property=\"og:image:width\" content=\"640\" \/>\n\t<meta property=\"og:image:height\" content=\"330\" \/>\n\t<meta property=\"og:image:type\" content=\"image\/jpeg\" \/>\n<meta name=\"author\" content=\"Cope Alcoy\" \/>\n<meta name=\"twitter:label1\" content=\"Escrito por\" \/>\n\t<meta name=\"twitter:data1\" content=\"Cope Alcoy\" \/>\n\t<meta name=\"twitter:label2\" content=\"Tiempo de lectura\" \/>\n\t<meta name=\"twitter:data2\" content=\"2 minutos\" \/>\n<script type=\"application\/ld+json\" class=\"yoast-schema-graph\">{\"@context\":\"https:\\\/\\\/schema.org\",\"@graph\":[{\"@type\":\"Article\",\"@id\":\"https:\\\/\\\/www.copealcoy.es\\\/es\\\/el-pregon-anunciara-la-semana-santa-contestana\\\/#article\",\"isPartOf\":{\"@id\":\"https:\\\/\\\/www.copealcoy.es\\\/es\\\/el-pregon-anunciara-la-semana-santa-contestana\\\/\"},\"author\":{\"name\":\"Cope Alcoy\",\"@id\":\"https:\\\/\\\/www.copealcoy.es\\\/es\\\/#\\\/schema\\\/person\\\/e777c87fa024e57d40170af9df39882c\"},\"headline\":\"El preg\u00f3n anunciar\u00e1 la Semana Santa contestana\",\"datePublished\":\"2016-03-10T16:00:23+00:00\",\"dateModified\":\"2016-03-10T16:01:31+00:00\",\"mainEntityOfPage\":{\"@id\":\"https:\\\/\\\/www.copealcoy.es\\\/es\\\/el-pregon-anunciara-la-semana-santa-contestana\\\/\"},\"wordCount\":317,\"commentCount\":0,\"image\":{\"@id\":\"https:\\\/\\\/www.copealcoy.es\\\/es\\\/el-pregon-anunciara-la-semana-santa-contestana\\\/#primaryimage\"},\"thumbnailUrl\":\"https:\\\/\\\/www.copealcoy.es\\\/wp-content\\\/uploads\\\/2016\\\/03\\\/DSC08954-640x330.jpg\",\"keywords\":[\"Cocentaina\",\"Comtat\",\"Jes\u00fas del Huerto\",\"preg\u00f3n\",\"Semana Santa\"],\"articleSection\":[\"Comarcas\",\"Noticias\"],\"inLanguage\":\"es\"},{\"@type\":\"WebPage\",\"@id\":\"https:\\\/\\\/www.copealcoy.es\\\/es\\\/el-pregon-anunciara-la-semana-santa-contestana\\\/\",\"url\":\"https:\\\/\\\/www.copealcoy.es\\\/es\\\/el-pregon-anunciara-la-semana-santa-contestana\\\/\",\"name\":\"El preg\u00f3n anunciar\u00e1 la Semana Santa contestana - COPE Alcoy\",\"isPartOf\":{\"@id\":\"https:\\\/\\\/www.copealcoy.es\\\/es\\\/#website\"},\"primaryImageOfPage\":{\"@id\":\"https:\\\/\\\/www.copealcoy.es\\\/es\\\/el-pregon-anunciara-la-semana-santa-contestana\\\/#primaryimage\"},\"image\":{\"@id\":\"https:\\\/\\\/www.copealcoy.es\\\/es\\\/el-pregon-anunciara-la-semana-santa-contestana\\\/#primaryimage\"},\"thumbnailUrl\":\"https:\\\/\\\/www.copealcoy.es\\\/wp-content\\\/uploads\\\/2016\\\/03\\\/DSC08954-640x330.jpg\",\"datePublished\":\"2016-03-10T16:00:23+00:00\",\"dateModified\":\"2016-03-10T16:01:31+00:00\",\"author\":{\"@id\":\"https:\\\/\\\/www.copealcoy.es\\\/es\\\/#\\\/schema\\\/person\\\/e777c87fa024e57d40170af9df39882c\"},\"breadcrumb\":{\"@id\":\"https:\\\/\\\/www.copealcoy.es\\\/es\\\/el-pregon-anunciara-la-semana-santa-contestana\\\/#breadcrumb\"},\"inLanguage\":\"es\",\"potentialAction\":[{\"@type\":\"ReadAction\",\"target\":[\"https:\\\/\\\/www.copealcoy.es\\\/es\\\/el-pregon-anunciara-la-semana-santa-contestana\\\/\"]}]},{\"@type\":\"ImageObject\",\"inLanguage\":\"es\",\"@id\":\"https:\\\/\\\/www.copealcoy.es\\\/es\\\/el-pregon-anunciara-la-semana-santa-contestana\\\/#primaryimage\",\"url\":\"https:\\\/\\\/www.copealcoy.es\\\/wp-content\\\/uploads\\\/2016\\\/03\\\/DSC08954-640x330.jpg\",\"contentUrl\":\"https:\\\/\\\/www.copealcoy.es\\\/wp-content\\\/uploads\\\/2016\\\/03\\\/DSC08954-640x330.jpg\",\"width\":640,\"height\":330,\"caption\":\"La cofrad\u00eda de Jes\u00fas del Huerto coordina los actos de la Semana Santa contestana\"},{\"@type\":\"BreadcrumbList\",\"@id\":\"https:\\\/\\\/www.copealcoy.es\\\/es\\\/el-pregon-anunciara-la-semana-santa-contestana\\\/#breadcrumb\",\"itemListElement\":[{\"@type\":\"ListItem\",\"position\":1,\"name\":\"Portada\",\"item\":\"https:\\\/\\\/www.copealcoy.es\\\/es\\\/\"},{\"@type\":\"ListItem\",\"position\":2,\"name\":\"El preg\u00f3n anunciar\u00e1 la Semana Santa contestana\"}]},{\"@type\":\"WebSite\",\"@id\":\"https:\\\/\\\/www.copealcoy.es\\\/es\\\/#website\",\"url\":\"https:\\\/\\\/www.copealcoy.es\\\/es\\\/\",\"name\":\"COPE Alcoy\",\"description\":\"Emisora COPE de radio local con emisi\u00f3n online. Pont de Sant Jordi 8-10 03803 Alcoy\",\"potentialAction\":[{\"@type\":\"SearchAction\",\"target\":{\"@type\":\"EntryPoint\",\"urlTemplate\":\"https:\\\/\\\/www.copealcoy.es\\\/es\\\/?s={search_term_string}\"},\"query-input\":{\"@type\":\"PropertyValueSpecification\",\"valueRequired\":true,\"valueName\":\"search_term_string\"}}],\"inLanguage\":\"es\"},{\"@type\":\"Person\",\"@id\":\"https:\\\/\\\/www.copealcoy.es\\\/es\\\/#\\\/schema\\\/person\\\/e777c87fa024e57d40170af9df39882c\",\"name\":\"Cope Alcoy\",\"image\":{\"@type\":\"ImageObject\",\"inLanguage\":\"es\",\"@id\":\"https:\\\/\\\/secure.gravatar.com\\\/avatar\\\/bb65d0283347e303893ba14f0692005417c1e0e690a325a4c5d8bb2b3943ee14?s=96&d=mm&r=g\",\"url\":\"https:\\\/\\\/secure.gravatar.com\\\/avatar\\\/bb65d0283347e303893ba14f0692005417c1e0e690a325a4c5d8bb2b3943ee14?s=96&d=mm&r=g\",\"contentUrl\":\"https:\\\/\\\/secure.gravatar.com\\\/avatar\\\/bb65d0283347e303893ba14f0692005417c1e0e690a325a4c5d8bb2b3943ee14?s=96&d=mm&r=g\",\"caption\":\"Cope Alcoy\"}}]}<\/script>\n<!-- \/ Yoast SEO plugin. -->","yoast_head_json":{"title":"El preg\u00f3n anunciar\u00e1 la Semana Santa contestana - COPE Alcoy","robots":{"index":"index","follow":"follow","max-snippet":"max-snippet:-1","max-image-preview":"max-image-preview:large","max-video-preview":"max-video-preview:-1"},"canonical":"https:\/\/www.copealcoy.es\/es\/el-pregon-anunciara-la-semana-santa-contestana\/","og_locale":"es_ES","og_type":"article","og_title":"El preg\u00f3n anunciar\u00e1 la Semana Santa contestana - COPE Alcoy","og_description":"La iglesia de Santa Mar\u00eda de Cocentaina acoger\u00e1 este s\u00e1bado, a partir de las ocho de la tarde, el preg\u00f3n...","og_url":"https:\/\/www.copealcoy.es\/es\/el-pregon-anunciara-la-semana-santa-contestana\/","og_site_name":"COPE Alcoy","article_published_time":"2016-03-10T16:00:23+00:00","article_modified_time":"2016-03-10T16:01:31+00:00","og_image":[{"width":640,"height":330,"url":"https:\/\/www.copealcoy.es\/wp-content\/uploads\/2016\/03\/DSC08954-640x330.jpg","type":"image\/jpeg"}],"author":"Cope Alcoy","twitter_misc":{"Escrito por":"Cope Alcoy","Tiempo de lectura":"2 minutos"},"schema":{"@context":"https:\/\/schema.org","@graph":[{"@type":"Article","@id":"https:\/\/www.copealcoy.es\/es\/el-pregon-anunciara-la-semana-santa-contestana\/#article","isPartOf":{"@id":"https:\/\/www.copealcoy.es\/es\/el-pregon-anunciara-la-semana-santa-contestana\/"},"author":{"name":"Cope Alcoy","@id":"https:\/\/www.copealcoy.es\/es\/#\/schema\/person\/e777c87fa024e57d40170af9df39882c"},"headline":"El preg\u00f3n anunciar\u00e1 la Semana Santa contestana","datePublished":"2016-03-10T16:00:23+00:00","dateModified":"2016-03-10T16:01:31+00:00","mainEntityOfPage":{"@id":"https:\/\/www.copealcoy.es\/es\/el-pregon-anunciara-la-semana-santa-contestana\/"},"wordCount":317,"commentCount":0,"image":{"@id":"https:\/\/www.copealcoy.es\/es\/el-pregon-anunciara-la-semana-santa-contestana\/#primaryimage"},"thumbnailUrl":"https:\/\/www.copealcoy.es\/wp-content\/uploads\/2016\/03\/DSC08954-640x330.jpg","keywords":["Cocentaina","Comtat","Jes\u00fas del Huerto","preg\u00f3n","Semana Santa"],"articleSection":["Comarcas","Noticias"],"inLanguage":"es"},{"@type":"WebPage","@id":"https:\/\/www.copealcoy.es\/es\/el-pregon-anunciara-la-semana-santa-contestana\/","url":"https:\/\/www.copealcoy.es\/es\/el-pregon-anunciara-la-semana-santa-contestana\/","name":"El preg\u00f3n anunciar\u00e1 la Semana Santa contestana - COPE Alcoy","isPartOf":{"@id":"https:\/\/www.copealcoy.es\/es\/#website"},"primaryImageOfPage":{"@id":"https:\/\/www.copealcoy.es\/es\/el-pregon-anunciara-la-semana-santa-contestana\/#primaryimage"},"image":{"@id":"https:\/\/www.copealcoy.es\/es\/el-pregon-anunciara-la-semana-santa-contestana\/#primaryimage"},"thumbnailUrl":"https:\/\/www.copealcoy.es\/wp-content\/uploads\/2016\/03\/DSC08954-640x330.jpg","datePublished":"2016-03-10T16:00:23+00:00","dateModified":"2016-03-10T16:01:31+00:00","author":{"@id":"https:\/\/www.copealcoy.es\/es\/#\/schema\/person\/e777c87fa024e57d40170af9df39882c"},"breadcrumb":{"@id":"https:\/\/www.copealcoy.es\/es\/el-pregon-anunciara-la-semana-santa-contestana\/#breadcrumb"},"inLanguage":"es","potentialAction":[{"@type":"ReadAction","target":["https:\/\/www.copealcoy.es\/es\/el-pregon-anunciara-la-semana-santa-contestana\/"]}]},{"@type":"ImageObject","inLanguage":"es","@id":"https:\/\/www.copealcoy.es\/es\/el-pregon-anunciara-la-semana-santa-contestana\/#primaryimage","url":"https:\/\/www.copealcoy.es\/wp-content\/uploads\/2016\/03\/DSC08954-640x330.jpg","contentUrl":"https:\/\/www.copealcoy.es\/wp-content\/uploads\/2016\/03\/DSC08954-640x330.jpg","width":640,"height":330,"caption":"La cofrad\u00eda de Jes\u00fas del Huerto coordina los actos de la Semana Santa contestana"},{"@type":"BreadcrumbList","@id":"https:\/\/www.copealcoy.es\/es\/el-pregon-anunciara-la-semana-santa-contestana\/#breadcrumb","itemListElement":[{"@type":"ListItem","position":1,"name":"Portada","item":"https:\/\/www.copealcoy.es\/es\/"},{"@type":"ListItem","position":2,"name":"El preg\u00f3n anunciar\u00e1 la Semana Santa contestana"}]},{"@type":"WebSite","@id":"https:\/\/www.copealcoy.es\/es\/#website","url":"https:\/\/www.copealcoy.es\/es\/","name":"COPE Alcoy","description":"Emisora COPE de radio local con emisi\u00f3n online. Pont de Sant Jordi 8-10 03803 Alcoy","potentialAction":[{"@type":"SearchAction","target":{"@type":"EntryPoint","urlTemplate":"https:\/\/www.copealcoy.es\/es\/?s={search_term_string}"},"query-input":{"@type":"PropertyValueSpecification","valueRequired":true,"valueName":"search_term_string"}}],"inLanguage":"es"},{"@type":"Person","@id":"https:\/\/www.copealcoy.es\/es\/#\/schema\/person\/e777c87fa024e57d40170af9df39882c","name":"Cope Alcoy","image":{"@type":"ImageObject","inLanguage":"es","@id":"https:\/\/secure.gravatar.com\/avatar\/bb65d0283347e303893ba14f0692005417c1e0e690a325a4c5d8bb2b3943ee14?s=96&d=mm&r=g","url":"https:\/\/secure.gravatar.com\/avatar\/bb65d0283347e303893ba14f0692005417c1e0e690a325a4c5d8bb2b3943ee14?s=96&d=mm&r=g","contentUrl":"https:\/\/secure.gravatar.com\/avatar\/bb65d0283347e303893ba14f0692005417c1e0e690a325a4c5d8bb2b3943ee14?s=96&d=mm&r=g","caption":"Cope Alcoy"}}]}},"_links":{"self":[{"href":"https:\/\/www.copealcoy.es\/es\/wp-json\/wp\/v2\/posts\/19672","targetHints":{"allow":["GET"]}}],"collection":[{"href":"https:\/\/www.copealcoy.es\/es\/wp-json\/wp\/v2\/posts"}],"about":[{"href":"https:\/\/www.copealcoy.es\/es\/wp-json\/wp\/v2\/types\/post"}],"author":[{"embeddable":true,"href":"https:\/\/www.copealcoy.es\/es\/wp-json\/wp\/v2\/users\/1"}],"replies":[{"embeddable":true,"href":"https:\/\/www.copealcoy.es\/es\/wp-json\/wp\/v2\/comments?post=19672"}],"version-history":[{"count":0,"href":"https:\/\/www.copealcoy.es\/es\/wp-json\/wp\/v2\/posts\/19672\/revisions"}],"wp:featuredmedia":[{"embeddable":true,"href":"https:\/\/www.copealcoy.es\/es\/wp-json\/wp\/v2\/media\/19673"}],"wp:attachment":[{"href":"https:\/\/www.copealcoy.es\/es\/wp-json\/wp\/v2\/media?parent=19672"}],"wp:term":[{"taxonomy":"category","embeddable":true,"href":"https:\/\/www.copealcoy.es\/es\/wp-json\/wp\/v2\/categories?post=19672"},{"taxonomy":"post_tag","embeddable":true,"href":"https:\/\/www.copealcoy.es\/es\/wp-json\/wp\/v2\/tags?post=19672"}],"curies":[{"name":"wp","href":"https:\/\/api.w.org\/{rel}","templated":true}]}}