{"id":19548,"date":"2016-03-08T21:44:18","date_gmt":"2016-03-08T21:44:18","guid":{"rendered":"http:\/\/copealcoi.es\/new\/?p=19548"},"modified":"2016-03-08T21:44:18","modified_gmt":"2016-03-08T21:44:18","slug":"una-performance-para-trasladarnos-de-alcoy-a-nueva-york","status":"publish","type":"post","link":"https:\/\/www.copealcoy.es\/es\/una-performance-para-trasladarnos-de-alcoy-a-nueva-york\/","title":{"rendered":"Una performance para trasladarnos de Alcoy a Nueva York"},"content":{"rendered":"<p style=\"text-align: justify;\">El director musical Mois\u00e9s Olcina presenta el\u00a0espect\u00e1culo\u00a0 &#8216;S&#8217;esvallisa el temps per les bastides de Nova York&#8221;, una performance que recrear\u00e1 el ambiente de la ciudad de Nueva York y en el que la m\u00fasica, en directo y grabada, se combinar\u00e1 con la poes\u00eda, el teatro y los efectos audiovisuales.\u00a0El autor del texto de la performance es Josep Sou, y el art\u00edfice de la obra pl\u00e1stica es Xavier Carbonell. Completan el equipo musical Ren\u00e9 Dossin (contabajo) y Xavi Blanquer (bater\u00eda).<\/p>\n<p style=\"text-align: justify;\">Mois\u00e9s Olcina ha explicado este martes en La Ma\u00f1ana de Cope Alcoy que esta performance &#8220;contar\u00e1 con efectos que sorprender\u00e1n al p\u00fablico desde el principio por eso tienen que venir pronto&#8221; y ha definido el proyecto como &#8220;corto pero intenso en el que la gente se encontrar\u00e1 cosas muy diferentes&#8221;, indica.<\/p>\n<p style=\"text-align: justify;\">Se\u00f1alar que el\u00a0cartel de la actividad est\u00e1 inspirado en la ciudad a la que alude la obra, dado que las iniciales grabadas en el fondo del mismo hacen alusi\u00f3n al metro de la ciudad.\u00a0Olcina, sobre la posibilidad de dar continuidad a este espect\u00e1culo comenta que, aunque todo est\u00e1 todav\u00eda en un estado embrionario &#8220;La Nuc\u00eda y probablemente Altea ser\u00e1 sus pr\u00f3ximos destinos&#8221;, concluye.<\/p>\n<p style=\"text-align: justify;\">&#8220;S&#8217;esvallisa el temps per les bastides de Nova York&#8221; se estrenar\u00e1 este mi\u00e9rcoles 9 de marzo a las 20:30h en el Centre Cultural Mario Silvestre y su entrada ser\u00e1\u00a0gratuita.<\/p>\n","protected":false},"excerpt":{"rendered":"<p>El director musical Mois\u00e9s Olcina presenta el\u00a0espect\u00e1culo\u00a0 &#8216;S&#8217;esvallisa el temps per les bastides de Nova York&#8221;, una performance que recrear\u00e1&#8230;<\/p>\n","protected":false},"author":1,"featured_media":19610,"comment_status":"open","ping_status":"open","sticky":false,"template":"","format":"standard","meta":{"footnotes":""},"categories":[97,78,75],"tags":[414,377,1954,793],"class_list":["post-19548","post","type-post","status-publish","format-standard","has-post-thumbnail","hentry","category-alcoy","category-fiestaycultura","category-noticias","tag-cultura","tag-musica","tag-obra","tag-performance"],"yoast_head":"<!-- This site is optimized with the Yoast SEO plugin v27.3 - https:\/\/yoast.com\/product\/yoast-seo-wordpress\/ -->\n<title>Una performance para trasladarnos de Alcoy a Nueva York - COPE Alcoy<\/title>\n<meta name=\"robots\" content=\"index, follow, max-snippet:-1, max-image-preview:large, max-video-preview:-1\" \/>\n<link rel=\"canonical\" href=\"https:\/\/www.copealcoy.es\/es\/una-performance-para-trasladarnos-de-alcoy-a-nueva-york\/\" \/>\n<meta property=\"og:locale\" content=\"es_ES\" \/>\n<meta property=\"og:type\" content=\"article\" \/>\n<meta property=\"og:title\" content=\"Una performance para trasladarnos de Alcoy a Nueva York - COPE Alcoy\" \/>\n<meta property=\"og:description\" content=\"El director musical Mois\u00e9s Olcina presenta el\u00a0espect\u00e1culo\u00a0 &#8216;S&#8217;esvallisa el temps per les bastides de Nova York&#8221;, una performance que recrear\u00e1...\" \/>\n<meta property=\"og:url\" content=\"https:\/\/www.copealcoy.es\/es\/una-performance-para-trasladarnos-de-alcoy-a-nueva-york\/\" \/>\n<meta property=\"og:site_name\" content=\"COPE Alcoy\" \/>\n<meta property=\"article:published_time\" content=\"2016-03-08T21:44:18+00:00\" \/>\n<meta property=\"og:image\" content=\"https:\/\/www.copealcoy.es\/wp-content\/uploads\/2016\/03\/Cc8C6FsXEAAeCpu.jpg\" \/>\n\t<meta property=\"og:image:width\" content=\"600\" \/>\n\t<meta property=\"og:image:height\" content=\"338\" \/>\n\t<meta property=\"og:image:type\" content=\"image\/jpeg\" \/>\n<meta name=\"author\" content=\"Cope Alcoy\" \/>\n<meta name=\"twitter:label1\" content=\"Escrito por\" \/>\n\t<meta name=\"twitter:data1\" content=\"Cope Alcoy\" \/>\n\t<meta name=\"twitter:label2\" content=\"Tiempo de lectura\" \/>\n\t<meta name=\"twitter:data2\" content=\"1 minuto\" \/>\n<script type=\"application\/ld+json\" class=\"yoast-schema-graph\">{\"@context\":\"https:\\\/\\\/schema.org\",\"@graph\":[{\"@type\":\"Article\",\"@id\":\"https:\\\/\\\/www.copealcoy.es\\\/es\\\/una-performance-para-trasladarnos-de-alcoy-a-nueva-york\\\/#article\",\"isPartOf\":{\"@id\":\"https:\\\/\\\/www.copealcoy.es\\\/es\\\/una-performance-para-trasladarnos-de-alcoy-a-nueva-york\\\/\"},\"author\":{\"name\":\"Cope Alcoy\",\"@id\":\"https:\\\/\\\/www.copealcoy.es\\\/es\\\/#\\\/schema\\\/person\\\/e777c87fa024e57d40170af9df39882c\"},\"headline\":\"Una performance para trasladarnos de Alcoy a Nueva York\",\"datePublished\":\"2016-03-08T21:44:18+00:00\",\"mainEntityOfPage\":{\"@id\":\"https:\\\/\\\/www.copealcoy.es\\\/es\\\/una-performance-para-trasladarnos-de-alcoy-a-nueva-york\\\/\"},\"wordCount\":255,\"commentCount\":0,\"image\":{\"@id\":\"https:\\\/\\\/www.copealcoy.es\\\/es\\\/una-performance-para-trasladarnos-de-alcoy-a-nueva-york\\\/#primaryimage\"},\"thumbnailUrl\":\"https:\\\/\\\/www.copealcoy.es\\\/wp-content\\\/uploads\\\/2016\\\/03\\\/Cc8C6FsXEAAeCpu.jpg\",\"keywords\":[\"Cultura\",\"M\u00fasica\",\"obra\",\"Performance\"],\"articleSection\":[\"Alcoy\",\"Fiesta y Cultura\",\"Noticias\"],\"inLanguage\":\"es\"},{\"@type\":\"WebPage\",\"@id\":\"https:\\\/\\\/www.copealcoy.es\\\/es\\\/una-performance-para-trasladarnos-de-alcoy-a-nueva-york\\\/\",\"url\":\"https:\\\/\\\/www.copealcoy.es\\\/es\\\/una-performance-para-trasladarnos-de-alcoy-a-nueva-york\\\/\",\"name\":\"Una performance para trasladarnos de Alcoy a Nueva York - COPE Alcoy\",\"isPartOf\":{\"@id\":\"https:\\\/\\\/www.copealcoy.es\\\/es\\\/#website\"},\"primaryImageOfPage\":{\"@id\":\"https:\\\/\\\/www.copealcoy.es\\\/es\\\/una-performance-para-trasladarnos-de-alcoy-a-nueva-york\\\/#primaryimage\"},\"image\":{\"@id\":\"https:\\\/\\\/www.copealcoy.es\\\/es\\\/una-performance-para-trasladarnos-de-alcoy-a-nueva-york\\\/#primaryimage\"},\"thumbnailUrl\":\"https:\\\/\\\/www.copealcoy.es\\\/wp-content\\\/uploads\\\/2016\\\/03\\\/Cc8C6FsXEAAeCpu.jpg\",\"datePublished\":\"2016-03-08T21:44:18+00:00\",\"author\":{\"@id\":\"https:\\\/\\\/www.copealcoy.es\\\/es\\\/#\\\/schema\\\/person\\\/e777c87fa024e57d40170af9df39882c\"},\"breadcrumb\":{\"@id\":\"https:\\\/\\\/www.copealcoy.es\\\/es\\\/una-performance-para-trasladarnos-de-alcoy-a-nueva-york\\\/#breadcrumb\"},\"inLanguage\":\"es\",\"potentialAction\":[{\"@type\":\"ReadAction\",\"target\":[\"https:\\\/\\\/www.copealcoy.es\\\/es\\\/una-performance-para-trasladarnos-de-alcoy-a-nueva-york\\\/\"]}]},{\"@type\":\"ImageObject\",\"inLanguage\":\"es\",\"@id\":\"https:\\\/\\\/www.copealcoy.es\\\/es\\\/una-performance-para-trasladarnos-de-alcoy-a-nueva-york\\\/#primaryimage\",\"url\":\"https:\\\/\\\/www.copealcoy.es\\\/wp-content\\\/uploads\\\/2016\\\/03\\\/Cc8C6FsXEAAeCpu.jpg\",\"contentUrl\":\"https:\\\/\\\/www.copealcoy.es\\\/wp-content\\\/uploads\\\/2016\\\/03\\\/Cc8C6FsXEAAeCpu.jpg\",\"width\":600,\"height\":338,\"caption\":\"Mois\u00e9s Olcina junto a Ra\u00fcl Llopis presentando la actividad\"},{\"@type\":\"BreadcrumbList\",\"@id\":\"https:\\\/\\\/www.copealcoy.es\\\/es\\\/una-performance-para-trasladarnos-de-alcoy-a-nueva-york\\\/#breadcrumb\",\"itemListElement\":[{\"@type\":\"ListItem\",\"position\":1,\"name\":\"Portada\",\"item\":\"https:\\\/\\\/www.copealcoy.es\\\/es\\\/\"},{\"@type\":\"ListItem\",\"position\":2,\"name\":\"Una performance para trasladarnos de Alcoy a Nueva York\"}]},{\"@type\":\"WebSite\",\"@id\":\"https:\\\/\\\/www.copealcoy.es\\\/es\\\/#website\",\"url\":\"https:\\\/\\\/www.copealcoy.es\\\/es\\\/\",\"name\":\"COPE Alcoy\",\"description\":\"Emisora COPE de radio local con emisi\u00f3n online. Pont de Sant Jordi 8-10 03803 Alcoy\",\"potentialAction\":[{\"@type\":\"SearchAction\",\"target\":{\"@type\":\"EntryPoint\",\"urlTemplate\":\"https:\\\/\\\/www.copealcoy.es\\\/es\\\/?s={search_term_string}\"},\"query-input\":{\"@type\":\"PropertyValueSpecification\",\"valueRequired\":true,\"valueName\":\"search_term_string\"}}],\"inLanguage\":\"es\"},{\"@type\":\"Person\",\"@id\":\"https:\\\/\\\/www.copealcoy.es\\\/es\\\/#\\\/schema\\\/person\\\/e777c87fa024e57d40170af9df39882c\",\"name\":\"Cope Alcoy\",\"image\":{\"@type\":\"ImageObject\",\"inLanguage\":\"es\",\"@id\":\"https:\\\/\\\/secure.gravatar.com\\\/avatar\\\/bb65d0283347e303893ba14f0692005417c1e0e690a325a4c5d8bb2b3943ee14?s=96&d=mm&r=g\",\"url\":\"https:\\\/\\\/secure.gravatar.com\\\/avatar\\\/bb65d0283347e303893ba14f0692005417c1e0e690a325a4c5d8bb2b3943ee14?s=96&d=mm&r=g\",\"contentUrl\":\"https:\\\/\\\/secure.gravatar.com\\\/avatar\\\/bb65d0283347e303893ba14f0692005417c1e0e690a325a4c5d8bb2b3943ee14?s=96&d=mm&r=g\",\"caption\":\"Cope Alcoy\"}}]}<\/script>\n<!-- \/ Yoast SEO plugin. -->","yoast_head_json":{"title":"Una performance para trasladarnos de Alcoy a Nueva York - COPE Alcoy","robots":{"index":"index","follow":"follow","max-snippet":"max-snippet:-1","max-image-preview":"max-image-preview:large","max-video-preview":"max-video-preview:-1"},"canonical":"https:\/\/www.copealcoy.es\/es\/una-performance-para-trasladarnos-de-alcoy-a-nueva-york\/","og_locale":"es_ES","og_type":"article","og_title":"Una performance para trasladarnos de Alcoy a Nueva York - COPE Alcoy","og_description":"El director musical Mois\u00e9s Olcina presenta el\u00a0espect\u00e1culo\u00a0 &#8216;S&#8217;esvallisa el temps per les bastides de Nova York&#8221;, una performance que recrear\u00e1...","og_url":"https:\/\/www.copealcoy.es\/es\/una-performance-para-trasladarnos-de-alcoy-a-nueva-york\/","og_site_name":"COPE Alcoy","article_published_time":"2016-03-08T21:44:18+00:00","og_image":[{"width":600,"height":338,"url":"https:\/\/www.copealcoy.es\/wp-content\/uploads\/2016\/03\/Cc8C6FsXEAAeCpu.jpg","type":"image\/jpeg"}],"author":"Cope Alcoy","twitter_misc":{"Escrito por":"Cope Alcoy","Tiempo de lectura":"1 minuto"},"schema":{"@context":"https:\/\/schema.org","@graph":[{"@type":"Article","@id":"https:\/\/www.copealcoy.es\/es\/una-performance-para-trasladarnos-de-alcoy-a-nueva-york\/#article","isPartOf":{"@id":"https:\/\/www.copealcoy.es\/es\/una-performance-para-trasladarnos-de-alcoy-a-nueva-york\/"},"author":{"name":"Cope Alcoy","@id":"https:\/\/www.copealcoy.es\/es\/#\/schema\/person\/e777c87fa024e57d40170af9df39882c"},"headline":"Una performance para trasladarnos de Alcoy a Nueva York","datePublished":"2016-03-08T21:44:18+00:00","mainEntityOfPage":{"@id":"https:\/\/www.copealcoy.es\/es\/una-performance-para-trasladarnos-de-alcoy-a-nueva-york\/"},"wordCount":255,"commentCount":0,"image":{"@id":"https:\/\/www.copealcoy.es\/es\/una-performance-para-trasladarnos-de-alcoy-a-nueva-york\/#primaryimage"},"thumbnailUrl":"https:\/\/www.copealcoy.es\/wp-content\/uploads\/2016\/03\/Cc8C6FsXEAAeCpu.jpg","keywords":["Cultura","M\u00fasica","obra","Performance"],"articleSection":["Alcoy","Fiesta y Cultura","Noticias"],"inLanguage":"es"},{"@type":"WebPage","@id":"https:\/\/www.copealcoy.es\/es\/una-performance-para-trasladarnos-de-alcoy-a-nueva-york\/","url":"https:\/\/www.copealcoy.es\/es\/una-performance-para-trasladarnos-de-alcoy-a-nueva-york\/","name":"Una performance para trasladarnos de Alcoy a Nueva York - COPE Alcoy","isPartOf":{"@id":"https:\/\/www.copealcoy.es\/es\/#website"},"primaryImageOfPage":{"@id":"https:\/\/www.copealcoy.es\/es\/una-performance-para-trasladarnos-de-alcoy-a-nueva-york\/#primaryimage"},"image":{"@id":"https:\/\/www.copealcoy.es\/es\/una-performance-para-trasladarnos-de-alcoy-a-nueva-york\/#primaryimage"},"thumbnailUrl":"https:\/\/www.copealcoy.es\/wp-content\/uploads\/2016\/03\/Cc8C6FsXEAAeCpu.jpg","datePublished":"2016-03-08T21:44:18+00:00","author":{"@id":"https:\/\/www.copealcoy.es\/es\/#\/schema\/person\/e777c87fa024e57d40170af9df39882c"},"breadcrumb":{"@id":"https:\/\/www.copealcoy.es\/es\/una-performance-para-trasladarnos-de-alcoy-a-nueva-york\/#breadcrumb"},"inLanguage":"es","potentialAction":[{"@type":"ReadAction","target":["https:\/\/www.copealcoy.es\/es\/una-performance-para-trasladarnos-de-alcoy-a-nueva-york\/"]}]},{"@type":"ImageObject","inLanguage":"es","@id":"https:\/\/www.copealcoy.es\/es\/una-performance-para-trasladarnos-de-alcoy-a-nueva-york\/#primaryimage","url":"https:\/\/www.copealcoy.es\/wp-content\/uploads\/2016\/03\/Cc8C6FsXEAAeCpu.jpg","contentUrl":"https:\/\/www.copealcoy.es\/wp-content\/uploads\/2016\/03\/Cc8C6FsXEAAeCpu.jpg","width":600,"height":338,"caption":"Mois\u00e9s Olcina junto a Ra\u00fcl Llopis presentando la actividad"},{"@type":"BreadcrumbList","@id":"https:\/\/www.copealcoy.es\/es\/una-performance-para-trasladarnos-de-alcoy-a-nueva-york\/#breadcrumb","itemListElement":[{"@type":"ListItem","position":1,"name":"Portada","item":"https:\/\/www.copealcoy.es\/es\/"},{"@type":"ListItem","position":2,"name":"Una performance para trasladarnos de Alcoy a Nueva York"}]},{"@type":"WebSite","@id":"https:\/\/www.copealcoy.es\/es\/#website","url":"https:\/\/www.copealcoy.es\/es\/","name":"COPE Alcoy","description":"Emisora COPE de radio local con emisi\u00f3n online. Pont de Sant Jordi 8-10 03803 Alcoy","potentialAction":[{"@type":"SearchAction","target":{"@type":"EntryPoint","urlTemplate":"https:\/\/www.copealcoy.es\/es\/?s={search_term_string}"},"query-input":{"@type":"PropertyValueSpecification","valueRequired":true,"valueName":"search_term_string"}}],"inLanguage":"es"},{"@type":"Person","@id":"https:\/\/www.copealcoy.es\/es\/#\/schema\/person\/e777c87fa024e57d40170af9df39882c","name":"Cope Alcoy","image":{"@type":"ImageObject","inLanguage":"es","@id":"https:\/\/secure.gravatar.com\/avatar\/bb65d0283347e303893ba14f0692005417c1e0e690a325a4c5d8bb2b3943ee14?s=96&d=mm&r=g","url":"https:\/\/secure.gravatar.com\/avatar\/bb65d0283347e303893ba14f0692005417c1e0e690a325a4c5d8bb2b3943ee14?s=96&d=mm&r=g","contentUrl":"https:\/\/secure.gravatar.com\/avatar\/bb65d0283347e303893ba14f0692005417c1e0e690a325a4c5d8bb2b3943ee14?s=96&d=mm&r=g","caption":"Cope Alcoy"}}]}},"_links":{"self":[{"href":"https:\/\/www.copealcoy.es\/es\/wp-json\/wp\/v2\/posts\/19548","targetHints":{"allow":["GET"]}}],"collection":[{"href":"https:\/\/www.copealcoy.es\/es\/wp-json\/wp\/v2\/posts"}],"about":[{"href":"https:\/\/www.copealcoy.es\/es\/wp-json\/wp\/v2\/types\/post"}],"author":[{"embeddable":true,"href":"https:\/\/www.copealcoy.es\/es\/wp-json\/wp\/v2\/users\/1"}],"replies":[{"embeddable":true,"href":"https:\/\/www.copealcoy.es\/es\/wp-json\/wp\/v2\/comments?post=19548"}],"version-history":[{"count":0,"href":"https:\/\/www.copealcoy.es\/es\/wp-json\/wp\/v2\/posts\/19548\/revisions"}],"wp:featuredmedia":[{"embeddable":true,"href":"https:\/\/www.copealcoy.es\/es\/wp-json\/wp\/v2\/media\/19610"}],"wp:attachment":[{"href":"https:\/\/www.copealcoy.es\/es\/wp-json\/wp\/v2\/media?parent=19548"}],"wp:term":[{"taxonomy":"category","embeddable":true,"href":"https:\/\/www.copealcoy.es\/es\/wp-json\/wp\/v2\/categories?post=19548"},{"taxonomy":"post_tag","embeddable":true,"href":"https:\/\/www.copealcoy.es\/es\/wp-json\/wp\/v2\/tags?post=19548"}],"curies":[{"name":"wp","href":"https:\/\/api.w.org\/{rel}","templated":true}]}}