{"id":19528,"date":"2016-02-28T21:52:16","date_gmt":"2016-02-28T21:52:16","guid":{"rendered":"http:\/\/copealcoi.es\/new\/?p=19528"},"modified":"2016-03-06T10:07:13","modified_gmt":"2016-03-06T10:07:13","slug":"el-serpis-abre-el-ciclo-de-conciertos-de-musica-festera","status":"publish","type":"post","link":"https:\/\/www.copealcoy.es\/es\/el-serpis-abre-el-ciclo-de-conciertos-de-musica-festera\/","title":{"rendered":"El Serpis abre el Ciclo de Conciertos de M\u00fasica Festera"},"content":{"rendered":"<p style=\"text-align: justify;\">La Agrupaci\u00f3n Musical Serpis d\u00b4 Alcoi abri\u00f3 esta ma\u00f1ana el ciclo de Conciertos de Exaltaci\u00f3n de la M\u00fasica Festera que cont\u00f3 con la presentaci\u00f3n a cargo de Ricard Sanz y \u00a0la presencia de numeroso p\u00fablico en el marco del Teatro Salesianos.<\/p>\n<p style=\"text-align: justify;\">En esta ocasi\u00f3n la banda present\u00f3 un repertorio dividido en dos partes y en la primera se pudo escuchar el pasodoble\u00a0\u00abBrisas de Mariola\u00bb, de Francisco Esteve Pastor as\u00ed como la marcha solemne\u00a0\u00abEl Cam\u00ed de Sant Jordi\u00bb de Arturo Albero y ganadora de la 51 edici\u00f3n del Concurso de Composici\u00f3n que organiza la Asociaci\u00f3n de San Jorge. Tambi\u00e9n son\u00f3 la marcha mora\u00a0\u00abXabat\u00bb de Sa\u00fcl G\u00f3mez, el pasodoble \u00abChano\u00bb y\u00a0la marcha cristiana \u00abRoncesvalles\u00bb, que Quique Orqu\u00edn ha dedicado a la Fil\u00e0 Navarros de Alcoy. Por \u00faltimo\u00a0la pianista Elena Moya, la soprano Tania Bou, la violoncelista Judit Carri\u00f3n, el coro de la Agrupaci\u00f3n L\u00edrica El Trabajo y de la banda; interpretaron la marcha mora \u00abSantiago Capit\u00e1n Abencerraje\u00bb de Sa\u00fcl G\u00f3mez i Soler.<\/p>\n<p style=\"text-align: justify;\">La segunda parte cont\u00f3 con la interpretaci\u00f3n del pasodoble\u00a0\u00abBenicadell\u00bb de Joan Enric Canet y \u00a0la marcha cristiana \u00abSantos, poetas y guerreros\u00bb del contestano Enrique Igual. Otro autor de Cocentaina, en esta ocasi\u00f3n Jos\u00e9 Ferr\u00e1ndiz, estuvo presente con la marcha mora\u00a0\u00abJamalajam\u00bb. El Serpis tambi\u00e9n interpret\u00f3 el pasodoble\u00a0\u00abKrouger\u00bb de Camilo P\u00e9rez Laporta, \u00a0la marcha cristiana \u00abYag\u00fcino\u00bb de Miguel \u00c1ngel Mas y la marcha mora \u00abPenya Cadell\u00bb del murero Francisco Esteve. El colof\u00f3n lo puso un regalo en forma de m\u00fasica ya que los componentes de la banda hicieron sonar\u00a0la marcha cristiana \u00abRam\u00f3n Petit\u00bb de Francisco Carchano.<\/p>\n<p style=\"text-align: justify;\">El concierto culmin\u00f3 con la interpretaci\u00f3n del himno de fiestas dando as\u00ed paso dentro de una semana al siguiente concierto que ofrecer\u00e1 la Uni\u00f3 Musical d\u00b4 Alcoi el domingo 6 de marzo, a las 11:45h, en el Teatro Calder\u00f3n.<\/p>\n<p style=\"text-align: justify;\">\n","protected":false},"excerpt":{"rendered":"<p>La Agrupaci\u00f3n Musical Serpis d\u00b4 Alcoi abri\u00f3 esta ma\u00f1ana el ciclo de Conciertos de Exaltaci\u00f3n de la M\u00fasica Festera que&#8230;<\/p>\n","protected":false},"author":1,"featured_media":19529,"comment_status":"open","ping_status":"open","sticky":false,"template":"","format":"standard","meta":{"footnotes":""},"categories":[97,78,75],"tags":[1947,1494,856,700],"class_list":["post-19528","post","type-post","status-publish","format-standard","has-post-thumbnail","hentry","category-alcoy","category-fiestaycultura","category-noticias","tag-agrupacion-musical-serpis","tag-alcoy","tag-moros-i-cristians","tag-musica-festera"],"yoast_head":"<!-- This site is optimized with the Yoast SEO plugin v27.3 - https:\/\/yoast.com\/product\/yoast-seo-wordpress\/ -->\n<title>El Serpis abre el Ciclo de Conciertos de M\u00fasica Festera - COPE Alcoy<\/title>\n<meta name=\"robots\" content=\"index, follow, max-snippet:-1, max-image-preview:large, max-video-preview:-1\" \/>\n<link rel=\"canonical\" href=\"https:\/\/www.copealcoy.es\/es\/el-serpis-abre-el-ciclo-de-conciertos-de-musica-festera\/\" \/>\n<meta property=\"og:locale\" content=\"es_ES\" \/>\n<meta property=\"og:type\" content=\"article\" \/>\n<meta property=\"og:title\" content=\"El Serpis abre el Ciclo de Conciertos de M\u00fasica Festera - COPE Alcoy\" \/>\n<meta property=\"og:description\" content=\"La Agrupaci\u00f3n Musical Serpis d\u00b4 Alcoi abri\u00f3 esta ma\u00f1ana el ciclo de Conciertos de Exaltaci\u00f3n de la M\u00fasica Festera que...\" \/>\n<meta property=\"og:url\" content=\"https:\/\/www.copealcoy.es\/es\/el-serpis-abre-el-ciclo-de-conciertos-de-musica-festera\/\" \/>\n<meta property=\"og:site_name\" content=\"COPE Alcoy\" \/>\n<meta property=\"article:published_time\" content=\"2016-02-28T21:52:16+00:00\" \/>\n<meta property=\"article:modified_time\" content=\"2016-03-06T10:07:13+00:00\" \/>\n<meta property=\"og:image\" content=\"https:\/\/www.copealcoy.es\/wp-content\/uploads\/2016\/03\/12837684_10208671171837383_1974222902_o.jpg\" \/>\n\t<meta property=\"og:image:width\" content=\"1024\" \/>\n\t<meta property=\"og:image:height\" content=\"576\" \/>\n\t<meta property=\"og:image:type\" content=\"image\/jpeg\" \/>\n<meta name=\"author\" content=\"Cope Alcoy\" \/>\n<meta name=\"twitter:label1\" content=\"Escrito por\" \/>\n\t<meta name=\"twitter:data1\" content=\"Cope Alcoy\" \/>\n\t<meta name=\"twitter:label2\" content=\"Tiempo de lectura\" \/>\n\t<meta name=\"twitter:data2\" content=\"2 minutos\" \/>\n<script type=\"application\/ld+json\" class=\"yoast-schema-graph\">{\"@context\":\"https:\\\/\\\/schema.org\",\"@graph\":[{\"@type\":\"Article\",\"@id\":\"https:\\\/\\\/www.copealcoy.es\\\/es\\\/el-serpis-abre-el-ciclo-de-conciertos-de-musica-festera\\\/#article\",\"isPartOf\":{\"@id\":\"https:\\\/\\\/www.copealcoy.es\\\/es\\\/el-serpis-abre-el-ciclo-de-conciertos-de-musica-festera\\\/\"},\"author\":{\"name\":\"Cope Alcoy\",\"@id\":\"https:\\\/\\\/www.copealcoy.es\\\/es\\\/#\\\/schema\\\/person\\\/e777c87fa024e57d40170af9df39882c\"},\"headline\":\"El Serpis abre el Ciclo de Conciertos de M\u00fasica Festera\",\"datePublished\":\"2016-02-28T21:52:16+00:00\",\"dateModified\":\"2016-03-06T10:07:13+00:00\",\"mainEntityOfPage\":{\"@id\":\"https:\\\/\\\/www.copealcoy.es\\\/es\\\/el-serpis-abre-el-ciclo-de-conciertos-de-musica-festera\\\/\"},\"wordCount\":342,\"commentCount\":0,\"image\":{\"@id\":\"https:\\\/\\\/www.copealcoy.es\\\/es\\\/el-serpis-abre-el-ciclo-de-conciertos-de-musica-festera\\\/#primaryimage\"},\"thumbnailUrl\":\"https:\\\/\\\/www.copealcoy.es\\\/wp-content\\\/uploads\\\/2016\\\/03\\\/12837684_10208671171837383_1974222902_o.jpg\",\"keywords\":[\"Agrupaci\u00f3n Musical Serpis\",\"Alcoy\",\"Moros i Cristians\",\"M\u00fasica Festera\"],\"articleSection\":[\"Alcoy\",\"Fiesta y Cultura\",\"Noticias\"],\"inLanguage\":\"es\"},{\"@type\":\"WebPage\",\"@id\":\"https:\\\/\\\/www.copealcoy.es\\\/es\\\/el-serpis-abre-el-ciclo-de-conciertos-de-musica-festera\\\/\",\"url\":\"https:\\\/\\\/www.copealcoy.es\\\/es\\\/el-serpis-abre-el-ciclo-de-conciertos-de-musica-festera\\\/\",\"name\":\"El Serpis abre el Ciclo de Conciertos de M\u00fasica Festera - COPE Alcoy\",\"isPartOf\":{\"@id\":\"https:\\\/\\\/www.copealcoy.es\\\/es\\\/#website\"},\"primaryImageOfPage\":{\"@id\":\"https:\\\/\\\/www.copealcoy.es\\\/es\\\/el-serpis-abre-el-ciclo-de-conciertos-de-musica-festera\\\/#primaryimage\"},\"image\":{\"@id\":\"https:\\\/\\\/www.copealcoy.es\\\/es\\\/el-serpis-abre-el-ciclo-de-conciertos-de-musica-festera\\\/#primaryimage\"},\"thumbnailUrl\":\"https:\\\/\\\/www.copealcoy.es\\\/wp-content\\\/uploads\\\/2016\\\/03\\\/12837684_10208671171837383_1974222902_o.jpg\",\"datePublished\":\"2016-02-28T21:52:16+00:00\",\"dateModified\":\"2016-03-06T10:07:13+00:00\",\"author\":{\"@id\":\"https:\\\/\\\/www.copealcoy.es\\\/es\\\/#\\\/schema\\\/person\\\/e777c87fa024e57d40170af9df39882c\"},\"breadcrumb\":{\"@id\":\"https:\\\/\\\/www.copealcoy.es\\\/es\\\/el-serpis-abre-el-ciclo-de-conciertos-de-musica-festera\\\/#breadcrumb\"},\"inLanguage\":\"es\",\"potentialAction\":[{\"@type\":\"ReadAction\",\"target\":[\"https:\\\/\\\/www.copealcoy.es\\\/es\\\/el-serpis-abre-el-ciclo-de-conciertos-de-musica-festera\\\/\"]}]},{\"@type\":\"ImageObject\",\"inLanguage\":\"es\",\"@id\":\"https:\\\/\\\/www.copealcoy.es\\\/es\\\/el-serpis-abre-el-ciclo-de-conciertos-de-musica-festera\\\/#primaryimage\",\"url\":\"https:\\\/\\\/www.copealcoy.es\\\/wp-content\\\/uploads\\\/2016\\\/03\\\/12837684_10208671171837383_1974222902_o.jpg\",\"contentUrl\":\"https:\\\/\\\/www.copealcoy.es\\\/wp-content\\\/uploads\\\/2016\\\/03\\\/12837684_10208671171837383_1974222902_o.jpg\",\"width\":1024,\"height\":576},{\"@type\":\"BreadcrumbList\",\"@id\":\"https:\\\/\\\/www.copealcoy.es\\\/es\\\/el-serpis-abre-el-ciclo-de-conciertos-de-musica-festera\\\/#breadcrumb\",\"itemListElement\":[{\"@type\":\"ListItem\",\"position\":1,\"name\":\"Portada\",\"item\":\"https:\\\/\\\/www.copealcoy.es\\\/es\\\/\"},{\"@type\":\"ListItem\",\"position\":2,\"name\":\"El Serpis abre el Ciclo de Conciertos de M\u00fasica Festera\"}]},{\"@type\":\"WebSite\",\"@id\":\"https:\\\/\\\/www.copealcoy.es\\\/es\\\/#website\",\"url\":\"https:\\\/\\\/www.copealcoy.es\\\/es\\\/\",\"name\":\"COPE Alcoy\",\"description\":\"Emisora COPE de radio local con emisi\u00f3n online. Pont de Sant Jordi 8-10 03803 Alcoy\",\"potentialAction\":[{\"@type\":\"SearchAction\",\"target\":{\"@type\":\"EntryPoint\",\"urlTemplate\":\"https:\\\/\\\/www.copealcoy.es\\\/es\\\/?s={search_term_string}\"},\"query-input\":{\"@type\":\"PropertyValueSpecification\",\"valueRequired\":true,\"valueName\":\"search_term_string\"}}],\"inLanguage\":\"es\"},{\"@type\":\"Person\",\"@id\":\"https:\\\/\\\/www.copealcoy.es\\\/es\\\/#\\\/schema\\\/person\\\/e777c87fa024e57d40170af9df39882c\",\"name\":\"Cope Alcoy\",\"image\":{\"@type\":\"ImageObject\",\"inLanguage\":\"es\",\"@id\":\"https:\\\/\\\/secure.gravatar.com\\\/avatar\\\/bb65d0283347e303893ba14f0692005417c1e0e690a325a4c5d8bb2b3943ee14?s=96&d=mm&r=g\",\"url\":\"https:\\\/\\\/secure.gravatar.com\\\/avatar\\\/bb65d0283347e303893ba14f0692005417c1e0e690a325a4c5d8bb2b3943ee14?s=96&d=mm&r=g\",\"contentUrl\":\"https:\\\/\\\/secure.gravatar.com\\\/avatar\\\/bb65d0283347e303893ba14f0692005417c1e0e690a325a4c5d8bb2b3943ee14?s=96&d=mm&r=g\",\"caption\":\"Cope Alcoy\"}}]}<\/script>\n<!-- \/ Yoast SEO plugin. -->","yoast_head_json":{"title":"El Serpis abre el Ciclo de Conciertos de M\u00fasica Festera - COPE Alcoy","robots":{"index":"index","follow":"follow","max-snippet":"max-snippet:-1","max-image-preview":"max-image-preview:large","max-video-preview":"max-video-preview:-1"},"canonical":"https:\/\/www.copealcoy.es\/es\/el-serpis-abre-el-ciclo-de-conciertos-de-musica-festera\/","og_locale":"es_ES","og_type":"article","og_title":"El Serpis abre el Ciclo de Conciertos de M\u00fasica Festera - COPE Alcoy","og_description":"La Agrupaci\u00f3n Musical Serpis d\u00b4 Alcoi abri\u00f3 esta ma\u00f1ana el ciclo de Conciertos de Exaltaci\u00f3n de la M\u00fasica Festera que...","og_url":"https:\/\/www.copealcoy.es\/es\/el-serpis-abre-el-ciclo-de-conciertos-de-musica-festera\/","og_site_name":"COPE Alcoy","article_published_time":"2016-02-28T21:52:16+00:00","article_modified_time":"2016-03-06T10:07:13+00:00","og_image":[{"width":1024,"height":576,"url":"https:\/\/www.copealcoy.es\/wp-content\/uploads\/2016\/03\/12837684_10208671171837383_1974222902_o.jpg","type":"image\/jpeg"}],"author":"Cope Alcoy","twitter_misc":{"Escrito por":"Cope Alcoy","Tiempo de lectura":"2 minutos"},"schema":{"@context":"https:\/\/schema.org","@graph":[{"@type":"Article","@id":"https:\/\/www.copealcoy.es\/es\/el-serpis-abre-el-ciclo-de-conciertos-de-musica-festera\/#article","isPartOf":{"@id":"https:\/\/www.copealcoy.es\/es\/el-serpis-abre-el-ciclo-de-conciertos-de-musica-festera\/"},"author":{"name":"Cope Alcoy","@id":"https:\/\/www.copealcoy.es\/es\/#\/schema\/person\/e777c87fa024e57d40170af9df39882c"},"headline":"El Serpis abre el Ciclo de Conciertos de M\u00fasica Festera","datePublished":"2016-02-28T21:52:16+00:00","dateModified":"2016-03-06T10:07:13+00:00","mainEntityOfPage":{"@id":"https:\/\/www.copealcoy.es\/es\/el-serpis-abre-el-ciclo-de-conciertos-de-musica-festera\/"},"wordCount":342,"commentCount":0,"image":{"@id":"https:\/\/www.copealcoy.es\/es\/el-serpis-abre-el-ciclo-de-conciertos-de-musica-festera\/#primaryimage"},"thumbnailUrl":"https:\/\/www.copealcoy.es\/wp-content\/uploads\/2016\/03\/12837684_10208671171837383_1974222902_o.jpg","keywords":["Agrupaci\u00f3n Musical Serpis","Alcoy","Moros i Cristians","M\u00fasica Festera"],"articleSection":["Alcoy","Fiesta y Cultura","Noticias"],"inLanguage":"es"},{"@type":"WebPage","@id":"https:\/\/www.copealcoy.es\/es\/el-serpis-abre-el-ciclo-de-conciertos-de-musica-festera\/","url":"https:\/\/www.copealcoy.es\/es\/el-serpis-abre-el-ciclo-de-conciertos-de-musica-festera\/","name":"El Serpis abre el Ciclo de Conciertos de M\u00fasica Festera - COPE Alcoy","isPartOf":{"@id":"https:\/\/www.copealcoy.es\/es\/#website"},"primaryImageOfPage":{"@id":"https:\/\/www.copealcoy.es\/es\/el-serpis-abre-el-ciclo-de-conciertos-de-musica-festera\/#primaryimage"},"image":{"@id":"https:\/\/www.copealcoy.es\/es\/el-serpis-abre-el-ciclo-de-conciertos-de-musica-festera\/#primaryimage"},"thumbnailUrl":"https:\/\/www.copealcoy.es\/wp-content\/uploads\/2016\/03\/12837684_10208671171837383_1974222902_o.jpg","datePublished":"2016-02-28T21:52:16+00:00","dateModified":"2016-03-06T10:07:13+00:00","author":{"@id":"https:\/\/www.copealcoy.es\/es\/#\/schema\/person\/e777c87fa024e57d40170af9df39882c"},"breadcrumb":{"@id":"https:\/\/www.copealcoy.es\/es\/el-serpis-abre-el-ciclo-de-conciertos-de-musica-festera\/#breadcrumb"},"inLanguage":"es","potentialAction":[{"@type":"ReadAction","target":["https:\/\/www.copealcoy.es\/es\/el-serpis-abre-el-ciclo-de-conciertos-de-musica-festera\/"]}]},{"@type":"ImageObject","inLanguage":"es","@id":"https:\/\/www.copealcoy.es\/es\/el-serpis-abre-el-ciclo-de-conciertos-de-musica-festera\/#primaryimage","url":"https:\/\/www.copealcoy.es\/wp-content\/uploads\/2016\/03\/12837684_10208671171837383_1974222902_o.jpg","contentUrl":"https:\/\/www.copealcoy.es\/wp-content\/uploads\/2016\/03\/12837684_10208671171837383_1974222902_o.jpg","width":1024,"height":576},{"@type":"BreadcrumbList","@id":"https:\/\/www.copealcoy.es\/es\/el-serpis-abre-el-ciclo-de-conciertos-de-musica-festera\/#breadcrumb","itemListElement":[{"@type":"ListItem","position":1,"name":"Portada","item":"https:\/\/www.copealcoy.es\/es\/"},{"@type":"ListItem","position":2,"name":"El Serpis abre el Ciclo de Conciertos de M\u00fasica Festera"}]},{"@type":"WebSite","@id":"https:\/\/www.copealcoy.es\/es\/#website","url":"https:\/\/www.copealcoy.es\/es\/","name":"COPE Alcoy","description":"Emisora COPE de radio local con emisi\u00f3n online. Pont de Sant Jordi 8-10 03803 Alcoy","potentialAction":[{"@type":"SearchAction","target":{"@type":"EntryPoint","urlTemplate":"https:\/\/www.copealcoy.es\/es\/?s={search_term_string}"},"query-input":{"@type":"PropertyValueSpecification","valueRequired":true,"valueName":"search_term_string"}}],"inLanguage":"es"},{"@type":"Person","@id":"https:\/\/www.copealcoy.es\/es\/#\/schema\/person\/e777c87fa024e57d40170af9df39882c","name":"Cope Alcoy","image":{"@type":"ImageObject","inLanguage":"es","@id":"https:\/\/secure.gravatar.com\/avatar\/bb65d0283347e303893ba14f0692005417c1e0e690a325a4c5d8bb2b3943ee14?s=96&d=mm&r=g","url":"https:\/\/secure.gravatar.com\/avatar\/bb65d0283347e303893ba14f0692005417c1e0e690a325a4c5d8bb2b3943ee14?s=96&d=mm&r=g","contentUrl":"https:\/\/secure.gravatar.com\/avatar\/bb65d0283347e303893ba14f0692005417c1e0e690a325a4c5d8bb2b3943ee14?s=96&d=mm&r=g","caption":"Cope Alcoy"}}]}},"_links":{"self":[{"href":"https:\/\/www.copealcoy.es\/es\/wp-json\/wp\/v2\/posts\/19528","targetHints":{"allow":["GET"]}}],"collection":[{"href":"https:\/\/www.copealcoy.es\/es\/wp-json\/wp\/v2\/posts"}],"about":[{"href":"https:\/\/www.copealcoy.es\/es\/wp-json\/wp\/v2\/types\/post"}],"author":[{"embeddable":true,"href":"https:\/\/www.copealcoy.es\/es\/wp-json\/wp\/v2\/users\/1"}],"replies":[{"embeddable":true,"href":"https:\/\/www.copealcoy.es\/es\/wp-json\/wp\/v2\/comments?post=19528"}],"version-history":[{"count":0,"href":"https:\/\/www.copealcoy.es\/es\/wp-json\/wp\/v2\/posts\/19528\/revisions"}],"wp:featuredmedia":[{"embeddable":true,"href":"https:\/\/www.copealcoy.es\/es\/wp-json\/wp\/v2\/media\/19529"}],"wp:attachment":[{"href":"https:\/\/www.copealcoy.es\/es\/wp-json\/wp\/v2\/media?parent=19528"}],"wp:term":[{"taxonomy":"category","embeddable":true,"href":"https:\/\/www.copealcoy.es\/es\/wp-json\/wp\/v2\/categories?post=19528"},{"taxonomy":"post_tag","embeddable":true,"href":"https:\/\/www.copealcoy.es\/es\/wp-json\/wp\/v2\/tags?post=19528"}],"curies":[{"name":"wp","href":"https:\/\/api.w.org\/{rel}","templated":true}]}}