{"id":19494,"date":"2016-03-05T12:28:57","date_gmt":"2016-03-05T12:28:57","guid":{"rendered":"http:\/\/copealcoi.es\/new\/?p=19494"},"modified":"2016-03-05T18:47:46","modified_gmt":"2016-03-05T18:47:46","slug":"el-outlet-alcoy-abre-sus-puertas","status":"publish","type":"post","link":"https:\/\/www.copealcoy.es\/es\/el-outlet-alcoy-abre-sus-puertas\/","title":{"rendered":"El Outlet Alcoy abre sus puertas"},"content":{"rendered":"<p style=\"text-align: justify;\">Alcoy abri\u00f3 las puertas ayer por la tarde a la Feria Outlet, un evento que durante todo el fin de semana re\u00fane a una veintena de expositores que muestran todo tipo de productos con importantes descuentos. El Outlet Alcoy llega con novedades en esta edici\u00f3n del 2016 centradas por una parte, en el cambio de ubicaci\u00f3n; ya que los puestos se han instalado en la sede de la Fil\u00e0 Navarros para disponer de m\u00e1s espacio y poder unir\u00a0tambi\u00e9n oferta comercial con gastronom\u00eda. De esta forma para hoy s\u00e1bado se ha previsto un men\u00fa de gazpacho y ma\u00f1ana domingo de paella con el fin de que los clientes puedan estar disfrutando de una completa jornada tras realizar sus compras.<\/p>\n<p style=\"text-align: justify;\">El Outlet Alcoy espera reunir a cerca de 20.000 personas, seg\u00fan las estimaciones de la edil de Comercio Vanessa Molt\u00f3, y estar\u00e1 abierto hasta las nueve de la noche de hoy y hasta las ocho de la tarde de ma\u00f1ana.<\/p>\n","protected":false},"excerpt":{"rendered":"<p>Alcoy abri\u00f3 las puertas ayer por la tarde a la Feria Outlet, un evento que durante todo el fin de&#8230;<\/p>\n","protected":false},"author":1,"featured_media":19495,"comment_status":"open","ping_status":"open","sticky":false,"template":"","format":"standard","meta":{"footnotes":""},"categories":[97,75],"tags":[1494,467,1944],"class_list":["post-19494","post","type-post","status-publish","format-standard","has-post-thumbnail","hentry","category-alcoy","category-noticias","tag-alcoy","tag-comercio","tag-outlet"],"yoast_head":"<!-- This site is optimized with the Yoast SEO plugin v27.3 - https:\/\/yoast.com\/product\/yoast-seo-wordpress\/ -->\n<title>El Outlet Alcoy abre sus puertas - COPE Alcoy<\/title>\n<meta name=\"robots\" content=\"index, follow, max-snippet:-1, max-image-preview:large, max-video-preview:-1\" \/>\n<link rel=\"canonical\" href=\"https:\/\/www.copealcoy.es\/es\/el-outlet-alcoy-abre-sus-puertas\/\" \/>\n<meta property=\"og:locale\" content=\"es_ES\" \/>\n<meta property=\"og:type\" content=\"article\" \/>\n<meta property=\"og:title\" content=\"El Outlet Alcoy abre sus puertas - COPE Alcoy\" \/>\n<meta property=\"og:description\" content=\"Alcoy abri\u00f3 las puertas ayer por la tarde a la Feria Outlet, un evento que durante todo el fin de...\" \/>\n<meta property=\"og:url\" content=\"https:\/\/www.copealcoy.es\/es\/el-outlet-alcoy-abre-sus-puertas\/\" \/>\n<meta property=\"og:site_name\" content=\"COPE Alcoy\" \/>\n<meta property=\"article:published_time\" content=\"2016-03-05T12:28:57+00:00\" \/>\n<meta property=\"article:modified_time\" content=\"2016-03-05T18:47:46+00:00\" \/>\n<meta property=\"og:image\" content=\"https:\/\/www.copealcoy.es\/wp-content\/uploads\/2016\/03\/12799218_798150966995057_1022606263994925990_n.jpg\" \/>\n\t<meta property=\"og:image:width\" content=\"960\" \/>\n\t<meta property=\"og:image:height\" content=\"720\" \/>\n\t<meta property=\"og:image:type\" content=\"image\/jpeg\" \/>\n<meta name=\"author\" content=\"Cope Alcoy\" \/>\n<meta name=\"twitter:label1\" content=\"Escrito por\" \/>\n\t<meta name=\"twitter:data1\" content=\"Cope Alcoy\" \/>\n\t<meta name=\"twitter:label2\" content=\"Tiempo de lectura\" \/>\n\t<meta name=\"twitter:data2\" content=\"1 minuto\" \/>\n<script type=\"application\/ld+json\" class=\"yoast-schema-graph\">{\"@context\":\"https:\\\/\\\/schema.org\",\"@graph\":[{\"@type\":\"Article\",\"@id\":\"https:\\\/\\\/www.copealcoy.es\\\/es\\\/el-outlet-alcoy-abre-sus-puertas\\\/#article\",\"isPartOf\":{\"@id\":\"https:\\\/\\\/www.copealcoy.es\\\/es\\\/el-outlet-alcoy-abre-sus-puertas\\\/\"},\"author\":{\"name\":\"Cope Alcoy\",\"@id\":\"https:\\\/\\\/www.copealcoy.es\\\/es\\\/#\\\/schema\\\/person\\\/e777c87fa024e57d40170af9df39882c\"},\"headline\":\"El Outlet Alcoy abre sus puertas\",\"datePublished\":\"2016-03-05T12:28:57+00:00\",\"dateModified\":\"2016-03-05T18:47:46+00:00\",\"mainEntityOfPage\":{\"@id\":\"https:\\\/\\\/www.copealcoy.es\\\/es\\\/el-outlet-alcoy-abre-sus-puertas\\\/\"},\"wordCount\":173,\"commentCount\":0,\"image\":{\"@id\":\"https:\\\/\\\/www.copealcoy.es\\\/es\\\/el-outlet-alcoy-abre-sus-puertas\\\/#primaryimage\"},\"thumbnailUrl\":\"https:\\\/\\\/www.copealcoy.es\\\/wp-content\\\/uploads\\\/2016\\\/03\\\/12799218_798150966995057_1022606263994925990_n.jpg\",\"keywords\":[\"Alcoy\",\"Comercio\",\"Outlet\"],\"articleSection\":[\"Alcoy\",\"Noticias\"],\"inLanguage\":\"es\"},{\"@type\":\"WebPage\",\"@id\":\"https:\\\/\\\/www.copealcoy.es\\\/es\\\/el-outlet-alcoy-abre-sus-puertas\\\/\",\"url\":\"https:\\\/\\\/www.copealcoy.es\\\/es\\\/el-outlet-alcoy-abre-sus-puertas\\\/\",\"name\":\"El Outlet Alcoy abre sus puertas - COPE Alcoy\",\"isPartOf\":{\"@id\":\"https:\\\/\\\/www.copealcoy.es\\\/es\\\/#website\"},\"primaryImageOfPage\":{\"@id\":\"https:\\\/\\\/www.copealcoy.es\\\/es\\\/el-outlet-alcoy-abre-sus-puertas\\\/#primaryimage\"},\"image\":{\"@id\":\"https:\\\/\\\/www.copealcoy.es\\\/es\\\/el-outlet-alcoy-abre-sus-puertas\\\/#primaryimage\"},\"thumbnailUrl\":\"https:\\\/\\\/www.copealcoy.es\\\/wp-content\\\/uploads\\\/2016\\\/03\\\/12799218_798150966995057_1022606263994925990_n.jpg\",\"datePublished\":\"2016-03-05T12:28:57+00:00\",\"dateModified\":\"2016-03-05T18:47:46+00:00\",\"author\":{\"@id\":\"https:\\\/\\\/www.copealcoy.es\\\/es\\\/#\\\/schema\\\/person\\\/e777c87fa024e57d40170af9df39882c\"},\"breadcrumb\":{\"@id\":\"https:\\\/\\\/www.copealcoy.es\\\/es\\\/el-outlet-alcoy-abre-sus-puertas\\\/#breadcrumb\"},\"inLanguage\":\"es\",\"potentialAction\":[{\"@type\":\"ReadAction\",\"target\":[\"https:\\\/\\\/www.copealcoy.es\\\/es\\\/el-outlet-alcoy-abre-sus-puertas\\\/\"]}]},{\"@type\":\"ImageObject\",\"inLanguage\":\"es\",\"@id\":\"https:\\\/\\\/www.copealcoy.es\\\/es\\\/el-outlet-alcoy-abre-sus-puertas\\\/#primaryimage\",\"url\":\"https:\\\/\\\/www.copealcoy.es\\\/wp-content\\\/uploads\\\/2016\\\/03\\\/12799218_798150966995057_1022606263994925990_n.jpg\",\"contentUrl\":\"https:\\\/\\\/www.copealcoy.es\\\/wp-content\\\/uploads\\\/2016\\\/03\\\/12799218_798150966995057_1022606263994925990_n.jpg\",\"width\":960,\"height\":720,\"caption\":\"El Outlet Alcoy estar\u00e1 en marcha durante todo el fin de semana\"},{\"@type\":\"BreadcrumbList\",\"@id\":\"https:\\\/\\\/www.copealcoy.es\\\/es\\\/el-outlet-alcoy-abre-sus-puertas\\\/#breadcrumb\",\"itemListElement\":[{\"@type\":\"ListItem\",\"position\":1,\"name\":\"Portada\",\"item\":\"https:\\\/\\\/www.copealcoy.es\\\/es\\\/\"},{\"@type\":\"ListItem\",\"position\":2,\"name\":\"El Outlet Alcoy abre sus puertas\"}]},{\"@type\":\"WebSite\",\"@id\":\"https:\\\/\\\/www.copealcoy.es\\\/es\\\/#website\",\"url\":\"https:\\\/\\\/www.copealcoy.es\\\/es\\\/\",\"name\":\"COPE Alcoy\",\"description\":\"Emisora COPE de radio local con emisi\u00f3n online. Pont de Sant Jordi 8-10 03803 Alcoy\",\"potentialAction\":[{\"@type\":\"SearchAction\",\"target\":{\"@type\":\"EntryPoint\",\"urlTemplate\":\"https:\\\/\\\/www.copealcoy.es\\\/es\\\/?s={search_term_string}\"},\"query-input\":{\"@type\":\"PropertyValueSpecification\",\"valueRequired\":true,\"valueName\":\"search_term_string\"}}],\"inLanguage\":\"es\"},{\"@type\":\"Person\",\"@id\":\"https:\\\/\\\/www.copealcoy.es\\\/es\\\/#\\\/schema\\\/person\\\/e777c87fa024e57d40170af9df39882c\",\"name\":\"Cope Alcoy\",\"image\":{\"@type\":\"ImageObject\",\"inLanguage\":\"es\",\"@id\":\"https:\\\/\\\/secure.gravatar.com\\\/avatar\\\/bb65d0283347e303893ba14f0692005417c1e0e690a325a4c5d8bb2b3943ee14?s=96&d=mm&r=g\",\"url\":\"https:\\\/\\\/secure.gravatar.com\\\/avatar\\\/bb65d0283347e303893ba14f0692005417c1e0e690a325a4c5d8bb2b3943ee14?s=96&d=mm&r=g\",\"contentUrl\":\"https:\\\/\\\/secure.gravatar.com\\\/avatar\\\/bb65d0283347e303893ba14f0692005417c1e0e690a325a4c5d8bb2b3943ee14?s=96&d=mm&r=g\",\"caption\":\"Cope Alcoy\"}}]}<\/script>\n<!-- \/ Yoast SEO plugin. -->","yoast_head_json":{"title":"El Outlet Alcoy abre sus puertas - COPE Alcoy","robots":{"index":"index","follow":"follow","max-snippet":"max-snippet:-1","max-image-preview":"max-image-preview:large","max-video-preview":"max-video-preview:-1"},"canonical":"https:\/\/www.copealcoy.es\/es\/el-outlet-alcoy-abre-sus-puertas\/","og_locale":"es_ES","og_type":"article","og_title":"El Outlet Alcoy abre sus puertas - COPE Alcoy","og_description":"Alcoy abri\u00f3 las puertas ayer por la tarde a la Feria Outlet, un evento que durante todo el fin de...","og_url":"https:\/\/www.copealcoy.es\/es\/el-outlet-alcoy-abre-sus-puertas\/","og_site_name":"COPE Alcoy","article_published_time":"2016-03-05T12:28:57+00:00","article_modified_time":"2016-03-05T18:47:46+00:00","og_image":[{"width":960,"height":720,"url":"https:\/\/www.copealcoy.es\/wp-content\/uploads\/2016\/03\/12799218_798150966995057_1022606263994925990_n.jpg","type":"image\/jpeg"}],"author":"Cope Alcoy","twitter_misc":{"Escrito por":"Cope Alcoy","Tiempo de lectura":"1 minuto"},"schema":{"@context":"https:\/\/schema.org","@graph":[{"@type":"Article","@id":"https:\/\/www.copealcoy.es\/es\/el-outlet-alcoy-abre-sus-puertas\/#article","isPartOf":{"@id":"https:\/\/www.copealcoy.es\/es\/el-outlet-alcoy-abre-sus-puertas\/"},"author":{"name":"Cope Alcoy","@id":"https:\/\/www.copealcoy.es\/es\/#\/schema\/person\/e777c87fa024e57d40170af9df39882c"},"headline":"El Outlet Alcoy abre sus puertas","datePublished":"2016-03-05T12:28:57+00:00","dateModified":"2016-03-05T18:47:46+00:00","mainEntityOfPage":{"@id":"https:\/\/www.copealcoy.es\/es\/el-outlet-alcoy-abre-sus-puertas\/"},"wordCount":173,"commentCount":0,"image":{"@id":"https:\/\/www.copealcoy.es\/es\/el-outlet-alcoy-abre-sus-puertas\/#primaryimage"},"thumbnailUrl":"https:\/\/www.copealcoy.es\/wp-content\/uploads\/2016\/03\/12799218_798150966995057_1022606263994925990_n.jpg","keywords":["Alcoy","Comercio","Outlet"],"articleSection":["Alcoy","Noticias"],"inLanguage":"es"},{"@type":"WebPage","@id":"https:\/\/www.copealcoy.es\/es\/el-outlet-alcoy-abre-sus-puertas\/","url":"https:\/\/www.copealcoy.es\/es\/el-outlet-alcoy-abre-sus-puertas\/","name":"El Outlet Alcoy abre sus puertas - COPE Alcoy","isPartOf":{"@id":"https:\/\/www.copealcoy.es\/es\/#website"},"primaryImageOfPage":{"@id":"https:\/\/www.copealcoy.es\/es\/el-outlet-alcoy-abre-sus-puertas\/#primaryimage"},"image":{"@id":"https:\/\/www.copealcoy.es\/es\/el-outlet-alcoy-abre-sus-puertas\/#primaryimage"},"thumbnailUrl":"https:\/\/www.copealcoy.es\/wp-content\/uploads\/2016\/03\/12799218_798150966995057_1022606263994925990_n.jpg","datePublished":"2016-03-05T12:28:57+00:00","dateModified":"2016-03-05T18:47:46+00:00","author":{"@id":"https:\/\/www.copealcoy.es\/es\/#\/schema\/person\/e777c87fa024e57d40170af9df39882c"},"breadcrumb":{"@id":"https:\/\/www.copealcoy.es\/es\/el-outlet-alcoy-abre-sus-puertas\/#breadcrumb"},"inLanguage":"es","potentialAction":[{"@type":"ReadAction","target":["https:\/\/www.copealcoy.es\/es\/el-outlet-alcoy-abre-sus-puertas\/"]}]},{"@type":"ImageObject","inLanguage":"es","@id":"https:\/\/www.copealcoy.es\/es\/el-outlet-alcoy-abre-sus-puertas\/#primaryimage","url":"https:\/\/www.copealcoy.es\/wp-content\/uploads\/2016\/03\/12799218_798150966995057_1022606263994925990_n.jpg","contentUrl":"https:\/\/www.copealcoy.es\/wp-content\/uploads\/2016\/03\/12799218_798150966995057_1022606263994925990_n.jpg","width":960,"height":720,"caption":"El Outlet Alcoy estar\u00e1 en marcha durante todo el fin de semana"},{"@type":"BreadcrumbList","@id":"https:\/\/www.copealcoy.es\/es\/el-outlet-alcoy-abre-sus-puertas\/#breadcrumb","itemListElement":[{"@type":"ListItem","position":1,"name":"Portada","item":"https:\/\/www.copealcoy.es\/es\/"},{"@type":"ListItem","position":2,"name":"El Outlet Alcoy abre sus puertas"}]},{"@type":"WebSite","@id":"https:\/\/www.copealcoy.es\/es\/#website","url":"https:\/\/www.copealcoy.es\/es\/","name":"COPE Alcoy","description":"Emisora COPE de radio local con emisi\u00f3n online. Pont de Sant Jordi 8-10 03803 Alcoy","potentialAction":[{"@type":"SearchAction","target":{"@type":"EntryPoint","urlTemplate":"https:\/\/www.copealcoy.es\/es\/?s={search_term_string}"},"query-input":{"@type":"PropertyValueSpecification","valueRequired":true,"valueName":"search_term_string"}}],"inLanguage":"es"},{"@type":"Person","@id":"https:\/\/www.copealcoy.es\/es\/#\/schema\/person\/e777c87fa024e57d40170af9df39882c","name":"Cope Alcoy","image":{"@type":"ImageObject","inLanguage":"es","@id":"https:\/\/secure.gravatar.com\/avatar\/bb65d0283347e303893ba14f0692005417c1e0e690a325a4c5d8bb2b3943ee14?s=96&d=mm&r=g","url":"https:\/\/secure.gravatar.com\/avatar\/bb65d0283347e303893ba14f0692005417c1e0e690a325a4c5d8bb2b3943ee14?s=96&d=mm&r=g","contentUrl":"https:\/\/secure.gravatar.com\/avatar\/bb65d0283347e303893ba14f0692005417c1e0e690a325a4c5d8bb2b3943ee14?s=96&d=mm&r=g","caption":"Cope Alcoy"}}]}},"_links":{"self":[{"href":"https:\/\/www.copealcoy.es\/es\/wp-json\/wp\/v2\/posts\/19494","targetHints":{"allow":["GET"]}}],"collection":[{"href":"https:\/\/www.copealcoy.es\/es\/wp-json\/wp\/v2\/posts"}],"about":[{"href":"https:\/\/www.copealcoy.es\/es\/wp-json\/wp\/v2\/types\/post"}],"author":[{"embeddable":true,"href":"https:\/\/www.copealcoy.es\/es\/wp-json\/wp\/v2\/users\/1"}],"replies":[{"embeddable":true,"href":"https:\/\/www.copealcoy.es\/es\/wp-json\/wp\/v2\/comments?post=19494"}],"version-history":[{"count":0,"href":"https:\/\/www.copealcoy.es\/es\/wp-json\/wp\/v2\/posts\/19494\/revisions"}],"wp:featuredmedia":[{"embeddable":true,"href":"https:\/\/www.copealcoy.es\/es\/wp-json\/wp\/v2\/media\/19495"}],"wp:attachment":[{"href":"https:\/\/www.copealcoy.es\/es\/wp-json\/wp\/v2\/media?parent=19494"}],"wp:term":[{"taxonomy":"category","embeddable":true,"href":"https:\/\/www.copealcoy.es\/es\/wp-json\/wp\/v2\/categories?post=19494"},{"taxonomy":"post_tag","embeddable":true,"href":"https:\/\/www.copealcoy.es\/es\/wp-json\/wp\/v2\/tags?post=19494"}],"curies":[{"name":"wp","href":"https:\/\/api.w.org\/{rel}","templated":true}]}}