{"id":19446,"date":"2016-03-04T16:52:14","date_gmt":"2016-03-04T16:52:14","guid":{"rendered":"http:\/\/copealcoi.es\/new\/?p=19446"},"modified":"2016-03-04T16:55:15","modified_gmt":"2016-03-04T16:55:15","slug":"el-casal-propone-doble-escuadra-para-integrar-a-la-mujer-en-la-gloria","status":"publish","type":"post","link":"https:\/\/www.copealcoy.es\/es\/el-casal-propone-doble-escuadra-para-integrar-a-la-mujer-en-la-gloria\/","title":{"rendered":"El Casal propone doble escuadra para integrar a la mujer en La Gloria"},"content":{"rendered":"<p style=\"text-align: justify;\">La Junta Directiva de la Asociaci\u00f3n de San Jorge propuso ayer a los Primers Trons y Mayorales\u00a0que el desfile de \u00a0La Gloria cuente con dos formaciones, una masculina y otra femenina, para as\u00ed integrar a la mujer en el acto. De esta forma se apuesta por que les filaes, que ya cuentan en su totalidad con dise\u00f1os femeninos, est\u00e9n representadas en La Gloria evitando as\u00ed las formaciones mixtas tal y como ped\u00eda la Fil\u00e0 Chano y algo que actualmente no contempla la Ordenanza de la Fiesta.<\/p>\n<p style=\"text-align: justify;\">La iniciativa ser\u00e1 remitida en los pr\u00f3ximos d\u00edas a les filaes para que la debatan en sus respectivas juntas generales con el objetivo de que la resoluci\u00f3n final sea llevada a la Asamblea General de mayo. De esta forma si acaba siendo validada se podr\u00eda aplicar de cara a las fiestas de moros y cristianos del 2017.<\/p>\n<p>&nbsp;<\/p>\n","protected":false},"excerpt":{"rendered":"<p>La Junta Directiva de la Asociaci\u00f3n de San Jorge propuso ayer a los Primers Trons y Mayorales\u00a0que el desfile de&#8230;<\/p>\n","protected":false},"author":1,"featured_media":19447,"comment_status":"open","ping_status":"open","sticky":false,"template":"","format":"standard","meta":{"footnotes":""},"categories":[97,78,75],"tags":[1494,198,920,856,169],"class_list":["post-19446","post","type-post","status-publish","format-standard","has-post-thumbnail","hentry","category-alcoy","category-fiestaycultura","category-noticias","tag-alcoy","tag-casal","tag-gloria","tag-moros-i-cristians","tag-mujeres"],"yoast_head":"<!-- This site is optimized with the Yoast SEO plugin v27.3 - https:\/\/yoast.com\/product\/yoast-seo-wordpress\/ -->\n<title>El Casal propone doble escuadra para integrar a la mujer en La Gloria - COPE Alcoy<\/title>\n<meta name=\"robots\" content=\"index, follow, max-snippet:-1, max-image-preview:large, max-video-preview:-1\" \/>\n<link rel=\"canonical\" href=\"https:\/\/www.copealcoy.es\/es\/el-casal-propone-doble-escuadra-para-integrar-a-la-mujer-en-la-gloria\/\" \/>\n<meta property=\"og:locale\" content=\"es_ES\" \/>\n<meta property=\"og:type\" content=\"article\" \/>\n<meta property=\"og:title\" content=\"El Casal propone doble escuadra para integrar a la mujer en La Gloria - COPE Alcoy\" \/>\n<meta property=\"og:description\" content=\"La Junta Directiva de la Asociaci\u00f3n de San Jorge propuso ayer a los Primers Trons y Mayorales\u00a0que el desfile de...\" \/>\n<meta property=\"og:url\" content=\"https:\/\/www.copealcoy.es\/es\/el-casal-propone-doble-escuadra-para-integrar-a-la-mujer-en-la-gloria\/\" \/>\n<meta property=\"og:site_name\" content=\"COPE Alcoy\" \/>\n<meta property=\"article:published_time\" content=\"2016-03-04T16:52:14+00:00\" \/>\n<meta property=\"article:modified_time\" content=\"2016-03-04T16:55:15+00:00\" \/>\n<meta property=\"og:image\" content=\"https:\/\/www.copealcoy.es\/wp-content\/uploads\/2016\/03\/Gloria.jpg\" \/>\n\t<meta property=\"og:image:width\" content=\"968\" \/>\n\t<meta property=\"og:image:height\" content=\"648\" \/>\n\t<meta property=\"og:image:type\" content=\"image\/jpeg\" \/>\n<meta name=\"author\" content=\"Cope Alcoy\" \/>\n<meta name=\"twitter:label1\" content=\"Escrito por\" \/>\n\t<meta name=\"twitter:data1\" content=\"Cope Alcoy\" \/>\n\t<meta name=\"twitter:label2\" content=\"Tiempo de lectura\" \/>\n\t<meta name=\"twitter:data2\" content=\"1 minuto\" \/>\n<script type=\"application\/ld+json\" class=\"yoast-schema-graph\">{\"@context\":\"https:\\\/\\\/schema.org\",\"@graph\":[{\"@type\":\"Article\",\"@id\":\"https:\\\/\\\/www.copealcoy.es\\\/es\\\/el-casal-propone-doble-escuadra-para-integrar-a-la-mujer-en-la-gloria\\\/#article\",\"isPartOf\":{\"@id\":\"https:\\\/\\\/www.copealcoy.es\\\/es\\\/el-casal-propone-doble-escuadra-para-integrar-a-la-mujer-en-la-gloria\\\/\"},\"author\":{\"name\":\"Cope Alcoy\",\"@id\":\"https:\\\/\\\/www.copealcoy.es\\\/es\\\/#\\\/schema\\\/person\\\/e777c87fa024e57d40170af9df39882c\"},\"headline\":\"El Casal propone doble escuadra para integrar a la mujer en La Gloria\",\"datePublished\":\"2016-03-04T16:52:14+00:00\",\"dateModified\":\"2016-03-04T16:55:15+00:00\",\"mainEntityOfPage\":{\"@id\":\"https:\\\/\\\/www.copealcoy.es\\\/es\\\/el-casal-propone-doble-escuadra-para-integrar-a-la-mujer-en-la-gloria\\\/\"},\"wordCount\":165,\"commentCount\":0,\"image\":{\"@id\":\"https:\\\/\\\/www.copealcoy.es\\\/es\\\/el-casal-propone-doble-escuadra-para-integrar-a-la-mujer-en-la-gloria\\\/#primaryimage\"},\"thumbnailUrl\":\"https:\\\/\\\/www.copealcoy.es\\\/wp-content\\\/uploads\\\/2016\\\/03\\\/Gloria.jpg\",\"keywords\":[\"Alcoy\",\"Casal\",\"Gloria\",\"Moros i Cristians\",\"Mujeres\"],\"articleSection\":[\"Alcoy\",\"Fiesta y Cultura\",\"Noticias\"],\"inLanguage\":\"es\"},{\"@type\":\"WebPage\",\"@id\":\"https:\\\/\\\/www.copealcoy.es\\\/es\\\/el-casal-propone-doble-escuadra-para-integrar-a-la-mujer-en-la-gloria\\\/\",\"url\":\"https:\\\/\\\/www.copealcoy.es\\\/es\\\/el-casal-propone-doble-escuadra-para-integrar-a-la-mujer-en-la-gloria\\\/\",\"name\":\"El Casal propone doble escuadra para integrar a la mujer en La Gloria - COPE Alcoy\",\"isPartOf\":{\"@id\":\"https:\\\/\\\/www.copealcoy.es\\\/es\\\/#website\"},\"primaryImageOfPage\":{\"@id\":\"https:\\\/\\\/www.copealcoy.es\\\/es\\\/el-casal-propone-doble-escuadra-para-integrar-a-la-mujer-en-la-gloria\\\/#primaryimage\"},\"image\":{\"@id\":\"https:\\\/\\\/www.copealcoy.es\\\/es\\\/el-casal-propone-doble-escuadra-para-integrar-a-la-mujer-en-la-gloria\\\/#primaryimage\"},\"thumbnailUrl\":\"https:\\\/\\\/www.copealcoy.es\\\/wp-content\\\/uploads\\\/2016\\\/03\\\/Gloria.jpg\",\"datePublished\":\"2016-03-04T16:52:14+00:00\",\"dateModified\":\"2016-03-04T16:55:15+00:00\",\"author\":{\"@id\":\"https:\\\/\\\/www.copealcoy.es\\\/es\\\/#\\\/schema\\\/person\\\/e777c87fa024e57d40170af9df39882c\"},\"breadcrumb\":{\"@id\":\"https:\\\/\\\/www.copealcoy.es\\\/es\\\/el-casal-propone-doble-escuadra-para-integrar-a-la-mujer-en-la-gloria\\\/#breadcrumb\"},\"inLanguage\":\"es\",\"potentialAction\":[{\"@type\":\"ReadAction\",\"target\":[\"https:\\\/\\\/www.copealcoy.es\\\/es\\\/el-casal-propone-doble-escuadra-para-integrar-a-la-mujer-en-la-gloria\\\/\"]}]},{\"@type\":\"ImageObject\",\"inLanguage\":\"es\",\"@id\":\"https:\\\/\\\/www.copealcoy.es\\\/es\\\/el-casal-propone-doble-escuadra-para-integrar-a-la-mujer-en-la-gloria\\\/#primaryimage\",\"url\":\"https:\\\/\\\/www.copealcoy.es\\\/wp-content\\\/uploads\\\/2016\\\/03\\\/Gloria.jpg\",\"contentUrl\":\"https:\\\/\\\/www.copealcoy.es\\\/wp-content\\\/uploads\\\/2016\\\/03\\\/Gloria.jpg\",\"width\":968,\"height\":648},{\"@type\":\"BreadcrumbList\",\"@id\":\"https:\\\/\\\/www.copealcoy.es\\\/es\\\/el-casal-propone-doble-escuadra-para-integrar-a-la-mujer-en-la-gloria\\\/#breadcrumb\",\"itemListElement\":[{\"@type\":\"ListItem\",\"position\":1,\"name\":\"Portada\",\"item\":\"https:\\\/\\\/www.copealcoy.es\\\/es\\\/\"},{\"@type\":\"ListItem\",\"position\":2,\"name\":\"El Casal propone doble escuadra para integrar a la mujer en La Gloria\"}]},{\"@type\":\"WebSite\",\"@id\":\"https:\\\/\\\/www.copealcoy.es\\\/es\\\/#website\",\"url\":\"https:\\\/\\\/www.copealcoy.es\\\/es\\\/\",\"name\":\"COPE Alcoy\",\"description\":\"Emisora COPE de radio local con emisi\u00f3n online. Pont de Sant Jordi 8-10 03803 Alcoy\",\"potentialAction\":[{\"@type\":\"SearchAction\",\"target\":{\"@type\":\"EntryPoint\",\"urlTemplate\":\"https:\\\/\\\/www.copealcoy.es\\\/es\\\/?s={search_term_string}\"},\"query-input\":{\"@type\":\"PropertyValueSpecification\",\"valueRequired\":true,\"valueName\":\"search_term_string\"}}],\"inLanguage\":\"es\"},{\"@type\":\"Person\",\"@id\":\"https:\\\/\\\/www.copealcoy.es\\\/es\\\/#\\\/schema\\\/person\\\/e777c87fa024e57d40170af9df39882c\",\"name\":\"Cope Alcoy\",\"image\":{\"@type\":\"ImageObject\",\"inLanguage\":\"es\",\"@id\":\"https:\\\/\\\/secure.gravatar.com\\\/avatar\\\/bb65d0283347e303893ba14f0692005417c1e0e690a325a4c5d8bb2b3943ee14?s=96&d=mm&r=g\",\"url\":\"https:\\\/\\\/secure.gravatar.com\\\/avatar\\\/bb65d0283347e303893ba14f0692005417c1e0e690a325a4c5d8bb2b3943ee14?s=96&d=mm&r=g\",\"contentUrl\":\"https:\\\/\\\/secure.gravatar.com\\\/avatar\\\/bb65d0283347e303893ba14f0692005417c1e0e690a325a4c5d8bb2b3943ee14?s=96&d=mm&r=g\",\"caption\":\"Cope Alcoy\"}}]}<\/script>\n<!-- \/ Yoast SEO plugin. -->","yoast_head_json":{"title":"El Casal propone doble escuadra para integrar a la mujer en La Gloria - COPE Alcoy","robots":{"index":"index","follow":"follow","max-snippet":"max-snippet:-1","max-image-preview":"max-image-preview:large","max-video-preview":"max-video-preview:-1"},"canonical":"https:\/\/www.copealcoy.es\/es\/el-casal-propone-doble-escuadra-para-integrar-a-la-mujer-en-la-gloria\/","og_locale":"es_ES","og_type":"article","og_title":"El Casal propone doble escuadra para integrar a la mujer en La Gloria - COPE Alcoy","og_description":"La Junta Directiva de la Asociaci\u00f3n de San Jorge propuso ayer a los Primers Trons y Mayorales\u00a0que el desfile de...","og_url":"https:\/\/www.copealcoy.es\/es\/el-casal-propone-doble-escuadra-para-integrar-a-la-mujer-en-la-gloria\/","og_site_name":"COPE Alcoy","article_published_time":"2016-03-04T16:52:14+00:00","article_modified_time":"2016-03-04T16:55:15+00:00","og_image":[{"width":968,"height":648,"url":"https:\/\/www.copealcoy.es\/wp-content\/uploads\/2016\/03\/Gloria.jpg","type":"image\/jpeg"}],"author":"Cope Alcoy","twitter_misc":{"Escrito por":"Cope Alcoy","Tiempo de lectura":"1 minuto"},"schema":{"@context":"https:\/\/schema.org","@graph":[{"@type":"Article","@id":"https:\/\/www.copealcoy.es\/es\/el-casal-propone-doble-escuadra-para-integrar-a-la-mujer-en-la-gloria\/#article","isPartOf":{"@id":"https:\/\/www.copealcoy.es\/es\/el-casal-propone-doble-escuadra-para-integrar-a-la-mujer-en-la-gloria\/"},"author":{"name":"Cope Alcoy","@id":"https:\/\/www.copealcoy.es\/es\/#\/schema\/person\/e777c87fa024e57d40170af9df39882c"},"headline":"El Casal propone doble escuadra para integrar a la mujer en La Gloria","datePublished":"2016-03-04T16:52:14+00:00","dateModified":"2016-03-04T16:55:15+00:00","mainEntityOfPage":{"@id":"https:\/\/www.copealcoy.es\/es\/el-casal-propone-doble-escuadra-para-integrar-a-la-mujer-en-la-gloria\/"},"wordCount":165,"commentCount":0,"image":{"@id":"https:\/\/www.copealcoy.es\/es\/el-casal-propone-doble-escuadra-para-integrar-a-la-mujer-en-la-gloria\/#primaryimage"},"thumbnailUrl":"https:\/\/www.copealcoy.es\/wp-content\/uploads\/2016\/03\/Gloria.jpg","keywords":["Alcoy","Casal","Gloria","Moros i Cristians","Mujeres"],"articleSection":["Alcoy","Fiesta y Cultura","Noticias"],"inLanguage":"es"},{"@type":"WebPage","@id":"https:\/\/www.copealcoy.es\/es\/el-casal-propone-doble-escuadra-para-integrar-a-la-mujer-en-la-gloria\/","url":"https:\/\/www.copealcoy.es\/es\/el-casal-propone-doble-escuadra-para-integrar-a-la-mujer-en-la-gloria\/","name":"El Casal propone doble escuadra para integrar a la mujer en La Gloria - COPE Alcoy","isPartOf":{"@id":"https:\/\/www.copealcoy.es\/es\/#website"},"primaryImageOfPage":{"@id":"https:\/\/www.copealcoy.es\/es\/el-casal-propone-doble-escuadra-para-integrar-a-la-mujer-en-la-gloria\/#primaryimage"},"image":{"@id":"https:\/\/www.copealcoy.es\/es\/el-casal-propone-doble-escuadra-para-integrar-a-la-mujer-en-la-gloria\/#primaryimage"},"thumbnailUrl":"https:\/\/www.copealcoy.es\/wp-content\/uploads\/2016\/03\/Gloria.jpg","datePublished":"2016-03-04T16:52:14+00:00","dateModified":"2016-03-04T16:55:15+00:00","author":{"@id":"https:\/\/www.copealcoy.es\/es\/#\/schema\/person\/e777c87fa024e57d40170af9df39882c"},"breadcrumb":{"@id":"https:\/\/www.copealcoy.es\/es\/el-casal-propone-doble-escuadra-para-integrar-a-la-mujer-en-la-gloria\/#breadcrumb"},"inLanguage":"es","potentialAction":[{"@type":"ReadAction","target":["https:\/\/www.copealcoy.es\/es\/el-casal-propone-doble-escuadra-para-integrar-a-la-mujer-en-la-gloria\/"]}]},{"@type":"ImageObject","inLanguage":"es","@id":"https:\/\/www.copealcoy.es\/es\/el-casal-propone-doble-escuadra-para-integrar-a-la-mujer-en-la-gloria\/#primaryimage","url":"https:\/\/www.copealcoy.es\/wp-content\/uploads\/2016\/03\/Gloria.jpg","contentUrl":"https:\/\/www.copealcoy.es\/wp-content\/uploads\/2016\/03\/Gloria.jpg","width":968,"height":648},{"@type":"BreadcrumbList","@id":"https:\/\/www.copealcoy.es\/es\/el-casal-propone-doble-escuadra-para-integrar-a-la-mujer-en-la-gloria\/#breadcrumb","itemListElement":[{"@type":"ListItem","position":1,"name":"Portada","item":"https:\/\/www.copealcoy.es\/es\/"},{"@type":"ListItem","position":2,"name":"El Casal propone doble escuadra para integrar a la mujer en La Gloria"}]},{"@type":"WebSite","@id":"https:\/\/www.copealcoy.es\/es\/#website","url":"https:\/\/www.copealcoy.es\/es\/","name":"COPE Alcoy","description":"Emisora COPE de radio local con emisi\u00f3n online. Pont de Sant Jordi 8-10 03803 Alcoy","potentialAction":[{"@type":"SearchAction","target":{"@type":"EntryPoint","urlTemplate":"https:\/\/www.copealcoy.es\/es\/?s={search_term_string}"},"query-input":{"@type":"PropertyValueSpecification","valueRequired":true,"valueName":"search_term_string"}}],"inLanguage":"es"},{"@type":"Person","@id":"https:\/\/www.copealcoy.es\/es\/#\/schema\/person\/e777c87fa024e57d40170af9df39882c","name":"Cope Alcoy","image":{"@type":"ImageObject","inLanguage":"es","@id":"https:\/\/secure.gravatar.com\/avatar\/bb65d0283347e303893ba14f0692005417c1e0e690a325a4c5d8bb2b3943ee14?s=96&d=mm&r=g","url":"https:\/\/secure.gravatar.com\/avatar\/bb65d0283347e303893ba14f0692005417c1e0e690a325a4c5d8bb2b3943ee14?s=96&d=mm&r=g","contentUrl":"https:\/\/secure.gravatar.com\/avatar\/bb65d0283347e303893ba14f0692005417c1e0e690a325a4c5d8bb2b3943ee14?s=96&d=mm&r=g","caption":"Cope Alcoy"}}]}},"_links":{"self":[{"href":"https:\/\/www.copealcoy.es\/es\/wp-json\/wp\/v2\/posts\/19446","targetHints":{"allow":["GET"]}}],"collection":[{"href":"https:\/\/www.copealcoy.es\/es\/wp-json\/wp\/v2\/posts"}],"about":[{"href":"https:\/\/www.copealcoy.es\/es\/wp-json\/wp\/v2\/types\/post"}],"author":[{"embeddable":true,"href":"https:\/\/www.copealcoy.es\/es\/wp-json\/wp\/v2\/users\/1"}],"replies":[{"embeddable":true,"href":"https:\/\/www.copealcoy.es\/es\/wp-json\/wp\/v2\/comments?post=19446"}],"version-history":[{"count":0,"href":"https:\/\/www.copealcoy.es\/es\/wp-json\/wp\/v2\/posts\/19446\/revisions"}],"wp:featuredmedia":[{"embeddable":true,"href":"https:\/\/www.copealcoy.es\/es\/wp-json\/wp\/v2\/media\/19447"}],"wp:attachment":[{"href":"https:\/\/www.copealcoy.es\/es\/wp-json\/wp\/v2\/media?parent=19446"}],"wp:term":[{"taxonomy":"category","embeddable":true,"href":"https:\/\/www.copealcoy.es\/es\/wp-json\/wp\/v2\/categories?post=19446"},{"taxonomy":"post_tag","embeddable":true,"href":"https:\/\/www.copealcoy.es\/es\/wp-json\/wp\/v2\/tags?post=19446"}],"curies":[{"name":"wp","href":"https:\/\/api.w.org\/{rel}","templated":true}]}}