{"id":19395,"date":"2016-03-03T06:00:17","date_gmt":"2016-03-03T06:00:17","guid":{"rendered":"http:\/\/copealcoi.es\/new\/?p=19395"},"modified":"2016-03-02T16:10:50","modified_gmt":"2016-03-02T16:10:50","slug":"19395-2","status":"publish","type":"post","link":"https:\/\/www.copealcoy.es\/es\/19395-2\/","title":{"rendered":"El Colegio Andreu Sempere rehabilitar\u00e1 su fachada y ventanales"},"content":{"rendered":"<p style=\"text-align: justify;\">La firma del acta de replanteo marca el inicio de las obras\u00a0que contemplan mejoras en ventanas, fachadas y otras actuaciones centradas en\u00a0la accesibilidad en el Instituto Andreu Sempere de Alcoy. El proyecto t\u00e9cnico ha sido redactado por el Ayuntamiento \u00a0mientras que la Conseller\u00eda de Educaci\u00f3n es la que asumir\u00e1 la inversi\u00f3n, que asciende a los 240.000 euros, seg\u00fan han explicado desde el propio Consistorio.<\/p>\n<p style=\"text-align: justify;\">El inicio de los trabajos supone una buena noticia para la comunidad educativa de este Centro ya que cumple con las demandas que se reclamaban desde hace a\u00f1os. Desde el \u00e1rea de Educaci\u00f3n del Ayuntamiento de\u00a0Alcoy\u00a0recuerdan que este proyecto fue aprobado por el anterior ejecutivo auton\u00f3mico del Partido Popular en 2011, cifrado en un presupuesto de 6 millones de euros, pero fue aplaz\u00e1ndose cada a\u00f1o sin llegar a ejecutarse nunca como consecuencia de la delicada situaci\u00f3n econ\u00f3mica.<\/p>\n<p style=\"text-align: justify;\">El concejal de Educaci\u00f3n, Alberto Belda,\u00a0se muestra satisfecho por el inicio inminente de estos trabajos\u00a0&#8220;creemos que son muy positivas estas primeras actuaciones porque mejorar\u00e1 la calidad ambiental del edificio, habr\u00e1 un ahorro importante de energ\u00eda, y adem\u00e1s se eliminar\u00e1n barreras arquitect\u00f3nicas&#8221; pero \u00a0al mismo tiempo advierte que &#8220;el hecho de llevar a cabo estas mejoras no quita que continuemos considerando absolutamente necesaria la reforma integral de la IES Andreu Sempere&#8221;, concluye.<\/p>\n<p>&nbsp;<\/p>\n","protected":false},"excerpt":{"rendered":"<p>La firma del acta de replanteo marca el inicio de las obras\u00a0que contemplan mejoras en ventanas, fachadas y otras actuaciones&#8230;<\/p>\n","protected":false},"author":1,"featured_media":13204,"comment_status":"open","ping_status":"open","sticky":false,"template":"","format":"standard","meta":{"footnotes":""},"categories":[97,75,125],"tags":[1032,424,1784,423],"class_list":["post-19395","post","type-post","status-publish","format-standard","has-post-thumbnail","hentry","category-alcoy","category-noticias","category-portada","tag-andreu-sempere","tag-colegio","tag-conselleria-de-educacion","tag-educacion"],"yoast_head":"<!-- This site is optimized with the Yoast SEO plugin v27.3 - https:\/\/yoast.com\/product\/yoast-seo-wordpress\/ -->\n<title>El Colegio Andreu Sempere rehabilitar\u00e1 su fachada y ventanales - COPE Alcoy<\/title>\n<meta name=\"robots\" content=\"index, follow, max-snippet:-1, max-image-preview:large, max-video-preview:-1\" \/>\n<link rel=\"canonical\" href=\"https:\/\/www.copealcoy.es\/es\/19395-2\/\" \/>\n<meta property=\"og:locale\" content=\"es_ES\" \/>\n<meta property=\"og:type\" content=\"article\" \/>\n<meta property=\"og:title\" content=\"El Colegio Andreu Sempere rehabilitar\u00e1 su fachada y ventanales - COPE Alcoy\" \/>\n<meta property=\"og:description\" content=\"La firma del acta de replanteo marca el inicio de las obras\u00a0que contemplan mejoras en ventanas, fachadas y otras actuaciones...\" \/>\n<meta property=\"og:url\" content=\"https:\/\/www.copealcoy.es\/es\/19395-2\/\" \/>\n<meta property=\"og:site_name\" content=\"COPE Alcoy\" \/>\n<meta property=\"article:published_time\" content=\"2016-03-03T06:00:17+00:00\" \/>\n<meta property=\"og:image\" content=\"https:\/\/www.copealcoy.es\/wp-content\/uploads\/2015\/05\/educacion-confirma.jpg\" \/>\n\t<meta property=\"og:image:width\" content=\"604\" \/>\n\t<meta property=\"og:image:height\" content=\"366\" \/>\n\t<meta property=\"og:image:type\" content=\"image\/jpeg\" \/>\n<meta name=\"author\" content=\"Cope Alcoy\" \/>\n<meta name=\"twitter:label1\" content=\"Escrito por\" \/>\n\t<meta name=\"twitter:data1\" content=\"Cope Alcoy\" \/>\n\t<meta name=\"twitter:label2\" content=\"Tiempo de lectura\" \/>\n\t<meta name=\"twitter:data2\" content=\"1 minuto\" \/>\n<script type=\"application\/ld+json\" class=\"yoast-schema-graph\">{\"@context\":\"https:\\\/\\\/schema.org\",\"@graph\":[{\"@type\":\"Article\",\"@id\":\"https:\\\/\\\/www.copealcoy.es\\\/es\\\/19395-2\\\/#article\",\"isPartOf\":{\"@id\":\"https:\\\/\\\/www.copealcoy.es\\\/es\\\/19395-2\\\/\"},\"author\":{\"name\":\"Cope Alcoy\",\"@id\":\"https:\\\/\\\/www.copealcoy.es\\\/es\\\/#\\\/schema\\\/person\\\/e777c87fa024e57d40170af9df39882c\"},\"headline\":\"El Colegio Andreu Sempere rehabilitar\u00e1 su fachada y ventanales\",\"datePublished\":\"2016-03-03T06:00:17+00:00\",\"mainEntityOfPage\":{\"@id\":\"https:\\\/\\\/www.copealcoy.es\\\/es\\\/19395-2\\\/\"},\"wordCount\":242,\"commentCount\":0,\"image\":{\"@id\":\"https:\\\/\\\/www.copealcoy.es\\\/es\\\/19395-2\\\/#primaryimage\"},\"thumbnailUrl\":\"https:\\\/\\\/www.copealcoy.es\\\/wp-content\\\/uploads\\\/2015\\\/05\\\/educacion-confirma.jpg\",\"keywords\":[\"Andreu Sempere\",\"Colegio\",\"Conseller\u00eda de Educaci\u00f3n\",\"Educaci\u00f3n\"],\"articleSection\":[\"Alcoy\",\"Noticias\",\"Portada\"],\"inLanguage\":\"es\"},{\"@type\":\"WebPage\",\"@id\":\"https:\\\/\\\/www.copealcoy.es\\\/es\\\/19395-2\\\/\",\"url\":\"https:\\\/\\\/www.copealcoy.es\\\/es\\\/19395-2\\\/\",\"name\":\"El Colegio Andreu Sempere rehabilitar\u00e1 su fachada y ventanales - COPE Alcoy\",\"isPartOf\":{\"@id\":\"https:\\\/\\\/www.copealcoy.es\\\/es\\\/#website\"},\"primaryImageOfPage\":{\"@id\":\"https:\\\/\\\/www.copealcoy.es\\\/es\\\/19395-2\\\/#primaryimage\"},\"image\":{\"@id\":\"https:\\\/\\\/www.copealcoy.es\\\/es\\\/19395-2\\\/#primaryimage\"},\"thumbnailUrl\":\"https:\\\/\\\/www.copealcoy.es\\\/wp-content\\\/uploads\\\/2015\\\/05\\\/educacion-confirma.jpg\",\"datePublished\":\"2016-03-03T06:00:17+00:00\",\"author\":{\"@id\":\"https:\\\/\\\/www.copealcoy.es\\\/es\\\/#\\\/schema\\\/person\\\/e777c87fa024e57d40170af9df39882c\"},\"breadcrumb\":{\"@id\":\"https:\\\/\\\/www.copealcoy.es\\\/es\\\/19395-2\\\/#breadcrumb\"},\"inLanguage\":\"es\",\"potentialAction\":[{\"@type\":\"ReadAction\",\"target\":[\"https:\\\/\\\/www.copealcoy.es\\\/es\\\/19395-2\\\/\"]}]},{\"@type\":\"ImageObject\",\"inLanguage\":\"es\",\"@id\":\"https:\\\/\\\/www.copealcoy.es\\\/es\\\/19395-2\\\/#primaryimage\",\"url\":\"https:\\\/\\\/www.copealcoy.es\\\/wp-content\\\/uploads\\\/2015\\\/05\\\/educacion-confirma.jpg\",\"contentUrl\":\"https:\\\/\\\/www.copealcoy.es\\\/wp-content\\\/uploads\\\/2015\\\/05\\\/educacion-confirma.jpg\",\"width\":604,\"height\":366,\"caption\":\"Instituto Andreu Sempere de Alcoy \\\/ Foto: NEBUR\"},{\"@type\":\"BreadcrumbList\",\"@id\":\"https:\\\/\\\/www.copealcoy.es\\\/es\\\/19395-2\\\/#breadcrumb\",\"itemListElement\":[{\"@type\":\"ListItem\",\"position\":1,\"name\":\"Portada\",\"item\":\"https:\\\/\\\/www.copealcoy.es\\\/es\\\/\"},{\"@type\":\"ListItem\",\"position\":2,\"name\":\"El Colegio Andreu Sempere rehabilitar\u00e1 su fachada y ventanales\"}]},{\"@type\":\"WebSite\",\"@id\":\"https:\\\/\\\/www.copealcoy.es\\\/es\\\/#website\",\"url\":\"https:\\\/\\\/www.copealcoy.es\\\/es\\\/\",\"name\":\"COPE Alcoy\",\"description\":\"Emisora COPE de radio local con emisi\u00f3n online. Pont de Sant Jordi 8-10 03803 Alcoy\",\"potentialAction\":[{\"@type\":\"SearchAction\",\"target\":{\"@type\":\"EntryPoint\",\"urlTemplate\":\"https:\\\/\\\/www.copealcoy.es\\\/es\\\/?s={search_term_string}\"},\"query-input\":{\"@type\":\"PropertyValueSpecification\",\"valueRequired\":true,\"valueName\":\"search_term_string\"}}],\"inLanguage\":\"es\"},{\"@type\":\"Person\",\"@id\":\"https:\\\/\\\/www.copealcoy.es\\\/es\\\/#\\\/schema\\\/person\\\/e777c87fa024e57d40170af9df39882c\",\"name\":\"Cope Alcoy\",\"image\":{\"@type\":\"ImageObject\",\"inLanguage\":\"es\",\"@id\":\"https:\\\/\\\/secure.gravatar.com\\\/avatar\\\/bb65d0283347e303893ba14f0692005417c1e0e690a325a4c5d8bb2b3943ee14?s=96&d=mm&r=g\",\"url\":\"https:\\\/\\\/secure.gravatar.com\\\/avatar\\\/bb65d0283347e303893ba14f0692005417c1e0e690a325a4c5d8bb2b3943ee14?s=96&d=mm&r=g\",\"contentUrl\":\"https:\\\/\\\/secure.gravatar.com\\\/avatar\\\/bb65d0283347e303893ba14f0692005417c1e0e690a325a4c5d8bb2b3943ee14?s=96&d=mm&r=g\",\"caption\":\"Cope Alcoy\"}}]}<\/script>\n<!-- \/ Yoast SEO plugin. -->","yoast_head_json":{"title":"El Colegio Andreu Sempere rehabilitar\u00e1 su fachada y ventanales - COPE Alcoy","robots":{"index":"index","follow":"follow","max-snippet":"max-snippet:-1","max-image-preview":"max-image-preview:large","max-video-preview":"max-video-preview:-1"},"canonical":"https:\/\/www.copealcoy.es\/es\/19395-2\/","og_locale":"es_ES","og_type":"article","og_title":"El Colegio Andreu Sempere rehabilitar\u00e1 su fachada y ventanales - COPE Alcoy","og_description":"La firma del acta de replanteo marca el inicio de las obras\u00a0que contemplan mejoras en ventanas, fachadas y otras actuaciones...","og_url":"https:\/\/www.copealcoy.es\/es\/19395-2\/","og_site_name":"COPE Alcoy","article_published_time":"2016-03-03T06:00:17+00:00","og_image":[{"width":604,"height":366,"url":"https:\/\/www.copealcoy.es\/wp-content\/uploads\/2015\/05\/educacion-confirma.jpg","type":"image\/jpeg"}],"author":"Cope Alcoy","twitter_misc":{"Escrito por":"Cope Alcoy","Tiempo de lectura":"1 minuto"},"schema":{"@context":"https:\/\/schema.org","@graph":[{"@type":"Article","@id":"https:\/\/www.copealcoy.es\/es\/19395-2\/#article","isPartOf":{"@id":"https:\/\/www.copealcoy.es\/es\/19395-2\/"},"author":{"name":"Cope Alcoy","@id":"https:\/\/www.copealcoy.es\/es\/#\/schema\/person\/e777c87fa024e57d40170af9df39882c"},"headline":"El Colegio Andreu Sempere rehabilitar\u00e1 su fachada y ventanales","datePublished":"2016-03-03T06:00:17+00:00","mainEntityOfPage":{"@id":"https:\/\/www.copealcoy.es\/es\/19395-2\/"},"wordCount":242,"commentCount":0,"image":{"@id":"https:\/\/www.copealcoy.es\/es\/19395-2\/#primaryimage"},"thumbnailUrl":"https:\/\/www.copealcoy.es\/wp-content\/uploads\/2015\/05\/educacion-confirma.jpg","keywords":["Andreu Sempere","Colegio","Conseller\u00eda de Educaci\u00f3n","Educaci\u00f3n"],"articleSection":["Alcoy","Noticias","Portada"],"inLanguage":"es"},{"@type":"WebPage","@id":"https:\/\/www.copealcoy.es\/es\/19395-2\/","url":"https:\/\/www.copealcoy.es\/es\/19395-2\/","name":"El Colegio Andreu Sempere rehabilitar\u00e1 su fachada y ventanales - COPE Alcoy","isPartOf":{"@id":"https:\/\/www.copealcoy.es\/es\/#website"},"primaryImageOfPage":{"@id":"https:\/\/www.copealcoy.es\/es\/19395-2\/#primaryimage"},"image":{"@id":"https:\/\/www.copealcoy.es\/es\/19395-2\/#primaryimage"},"thumbnailUrl":"https:\/\/www.copealcoy.es\/wp-content\/uploads\/2015\/05\/educacion-confirma.jpg","datePublished":"2016-03-03T06:00:17+00:00","author":{"@id":"https:\/\/www.copealcoy.es\/es\/#\/schema\/person\/e777c87fa024e57d40170af9df39882c"},"breadcrumb":{"@id":"https:\/\/www.copealcoy.es\/es\/19395-2\/#breadcrumb"},"inLanguage":"es","potentialAction":[{"@type":"ReadAction","target":["https:\/\/www.copealcoy.es\/es\/19395-2\/"]}]},{"@type":"ImageObject","inLanguage":"es","@id":"https:\/\/www.copealcoy.es\/es\/19395-2\/#primaryimage","url":"https:\/\/www.copealcoy.es\/wp-content\/uploads\/2015\/05\/educacion-confirma.jpg","contentUrl":"https:\/\/www.copealcoy.es\/wp-content\/uploads\/2015\/05\/educacion-confirma.jpg","width":604,"height":366,"caption":"Instituto Andreu Sempere de Alcoy \/ Foto: NEBUR"},{"@type":"BreadcrumbList","@id":"https:\/\/www.copealcoy.es\/es\/19395-2\/#breadcrumb","itemListElement":[{"@type":"ListItem","position":1,"name":"Portada","item":"https:\/\/www.copealcoy.es\/es\/"},{"@type":"ListItem","position":2,"name":"El Colegio Andreu Sempere rehabilitar\u00e1 su fachada y ventanales"}]},{"@type":"WebSite","@id":"https:\/\/www.copealcoy.es\/es\/#website","url":"https:\/\/www.copealcoy.es\/es\/","name":"COPE Alcoy","description":"Emisora COPE de radio local con emisi\u00f3n online. Pont de Sant Jordi 8-10 03803 Alcoy","potentialAction":[{"@type":"SearchAction","target":{"@type":"EntryPoint","urlTemplate":"https:\/\/www.copealcoy.es\/es\/?s={search_term_string}"},"query-input":{"@type":"PropertyValueSpecification","valueRequired":true,"valueName":"search_term_string"}}],"inLanguage":"es"},{"@type":"Person","@id":"https:\/\/www.copealcoy.es\/es\/#\/schema\/person\/e777c87fa024e57d40170af9df39882c","name":"Cope Alcoy","image":{"@type":"ImageObject","inLanguage":"es","@id":"https:\/\/secure.gravatar.com\/avatar\/bb65d0283347e303893ba14f0692005417c1e0e690a325a4c5d8bb2b3943ee14?s=96&d=mm&r=g","url":"https:\/\/secure.gravatar.com\/avatar\/bb65d0283347e303893ba14f0692005417c1e0e690a325a4c5d8bb2b3943ee14?s=96&d=mm&r=g","contentUrl":"https:\/\/secure.gravatar.com\/avatar\/bb65d0283347e303893ba14f0692005417c1e0e690a325a4c5d8bb2b3943ee14?s=96&d=mm&r=g","caption":"Cope Alcoy"}}]}},"_links":{"self":[{"href":"https:\/\/www.copealcoy.es\/es\/wp-json\/wp\/v2\/posts\/19395","targetHints":{"allow":["GET"]}}],"collection":[{"href":"https:\/\/www.copealcoy.es\/es\/wp-json\/wp\/v2\/posts"}],"about":[{"href":"https:\/\/www.copealcoy.es\/es\/wp-json\/wp\/v2\/types\/post"}],"author":[{"embeddable":true,"href":"https:\/\/www.copealcoy.es\/es\/wp-json\/wp\/v2\/users\/1"}],"replies":[{"embeddable":true,"href":"https:\/\/www.copealcoy.es\/es\/wp-json\/wp\/v2\/comments?post=19395"}],"version-history":[{"count":0,"href":"https:\/\/www.copealcoy.es\/es\/wp-json\/wp\/v2\/posts\/19395\/revisions"}],"wp:featuredmedia":[{"embeddable":true,"href":"https:\/\/www.copealcoy.es\/es\/wp-json\/wp\/v2\/media\/13204"}],"wp:attachment":[{"href":"https:\/\/www.copealcoy.es\/es\/wp-json\/wp\/v2\/media?parent=19395"}],"wp:term":[{"taxonomy":"category","embeddable":true,"href":"https:\/\/www.copealcoy.es\/es\/wp-json\/wp\/v2\/categories?post=19395"},{"taxonomy":"post_tag","embeddable":true,"href":"https:\/\/www.copealcoy.es\/es\/wp-json\/wp\/v2\/tags?post=19395"}],"curies":[{"name":"wp","href":"https:\/\/api.w.org\/{rel}","templated":true}]}}