{"id":19388,"date":"2016-03-02T11:44:56","date_gmt":"2016-03-02T11:44:56","guid":{"rendered":"http:\/\/copealcoi.es\/new\/?p=19388"},"modified":"2016-03-02T15:13:50","modified_gmt":"2016-03-02T15:13:50","slug":"paralisis-municipal","status":"publish","type":"post","link":"https:\/\/www.copealcoy.es\/es\/paralisis-municipal\/","title":{"rendered":"Par\u00e1lisis Municipal (II)"},"content":{"rendered":"<p><strong>Art\u00edculo de Opini\u00f3n de Edu Tormo, edil del Partido Popular en Alcoy<\/strong><\/p>\n<p style=\"text-align: justify;\">\u201cPostureo y ninguneo\u201d, dos vocablos de rabiosa actualidad que sirven perfectamente para definir la relaci\u00f3n entre el gobierno socialista de Alcoy y la oposici\u00f3n.<\/p>\n<p style=\"text-align: justify;\">Francamente no es plato de buen gusto ser tan duro, tan cr\u00edtico, con el gobierno, pero no puede ser que \u201cningunee a la oposici\u00f3n\u201d tan descaradamente. Y no es fijaci\u00f3n m\u00eda, tambi\u00e9n representantes de Guanyar han manifestado esta semana que: \u201c<em>El gobierno se ha encerrado en s\u00ed mismo<\/em>\u201d\u00a0 y Compromis dice que: \u201c<em>no entiende la actitud caciquildel gobierno<\/em>\u201d.<\/p>\n<p style=\"text-align: justify;\">El Partido Popular realiza m\u00e1s de cien preguntasen las \u00faltimas comisiones de enero y febrero, porque queremos que los alcoyanos conozcan un calendario real y comprometido de su ayuntamiento, de actuaciones b\u00e1sicas e irrenunciables para la ciudad. Y es que algunas de ellas, han sido\u00a0 anunciadas hace m\u00e1s de dos a\u00f1os por el gobierno municipal en la ya mencionada posici\u00f3n de \u201cpostureo\u201d. Es l\u00f3gico pensar que un gobierno establecido casi cinco a\u00f1os debe tener estas actuaciones bien programadas y planificadas. Perdonada m\u00e1s lejos de la realidad, a tenor de las respuestas recibidas, o \u00bflo que pretende es \u201cningunear a la oposici\u00f3n\u201d y con ello a la ciudad de Alcoy? O simplemente \u00bfmarear la perdiz?<\/p>\n<p style=\"text-align: justify;\"><em>\u201cNo lo sabemos, no hay proyecto, no tenemos fecha prevista de inicio pero no se preocupen que tengo dinero presupuestado para estos asuntos y me lo voy a gastar todo este a\u00f1o\u201d<\/em> son algunas de las respuestas peregrinas en preguntas relacionadas con:<\/p>\n<ul style=\"text-align: justify;\">\n<li>Rehabilitaci\u00f3n del Puente de San Jorge.<\/li>\n<li>Rotonda de Oliver- Collao y rotonda acceso Norte<\/li>\n<li>Asfaltado de la avenida de Elche<\/li>\n<li>Pasarela Alcoy -Cocentaina<\/li>\n<li>Ciudad Deportiva del Alcoyano<\/li>\n<li>Urbanizaci\u00f3n de la calle Verge del Pilar<\/li>\n<li>Acceso al Pol\u00edgono Santiago Paya<\/li>\n<li>Cubrici\u00f3n de la pista polideportiva del Francisco Laporta<\/li>\n<li>Y un largo suma y sigue\u2026<\/li>\n<\/ul>\n<p style=\"text-align: justify;\">A pesar de esto, y para que quede claro que no nos mueve la indignaci\u00f3n sino las ganas de ver crecer a Alcoy, seguiremos preguntando y aportando para que nuestra ciudad llegue a la altura que por derecho le corresponde.<\/p>\n<p style=\"text-align: justify;\">\u00a1Se\u00f1ores! \u00a1Tranquilos! Tienen tiempo, a\u00fan quedan 39 meses para las elecciones municipales.<\/p>\n<p style=\"text-align: justify;\">Seguiremos hablando de par\u00e1lisis municipal\u2026<\/p>\n","protected":false},"excerpt":{"rendered":"<p>Art\u00edculo de Opini\u00f3n de Edu Tormo, edil del Partido Popular en Alcoy \u201cPostureo y ninguneo\u201d, dos vocablos de rabiosa actualidad&#8230;<\/p>\n","protected":false},"author":1,"featured_media":12262,"comment_status":"open","ping_status":"open","sticky":false,"template":"","format":"standard","meta":{"footnotes":""},"categories":[87],"tags":[1814,1931,735,528],"class_list":["post-19388","post","type-post","status-publish","format-standard","has-post-thumbnail","hentry","category-opinion","tag-edu-tormo","tag-pasarela","tag-poligono","tag-puente"],"yoast_head":"<!-- This site is optimized with the Yoast SEO plugin v27.3 - https:\/\/yoast.com\/product\/yoast-seo-wordpress\/ -->\n<title>Par\u00e1lisis Municipal (II) - COPE Alcoy<\/title>\n<meta name=\"robots\" content=\"index, follow, max-snippet:-1, max-image-preview:large, max-video-preview:-1\" \/>\n<link rel=\"canonical\" href=\"https:\/\/www.copealcoy.es\/es\/paralisis-municipal\/\" \/>\n<meta property=\"og:locale\" content=\"es_ES\" \/>\n<meta property=\"og:type\" content=\"article\" \/>\n<meta property=\"og:title\" content=\"Par\u00e1lisis Municipal (II) - COPE Alcoy\" \/>\n<meta property=\"og:description\" content=\"Art\u00edculo de Opini\u00f3n de Edu Tormo, edil del Partido Popular en Alcoy \u201cPostureo y ninguneo\u201d, dos vocablos de rabiosa actualidad...\" \/>\n<meta property=\"og:url\" content=\"https:\/\/www.copealcoy.es\/es\/paralisis-municipal\/\" \/>\n<meta property=\"og:site_name\" content=\"COPE Alcoy\" \/>\n<meta property=\"article:published_time\" content=\"2016-03-02T11:44:56+00:00\" \/>\n<meta property=\"article:modified_time\" content=\"2016-03-02T15:13:50+00:00\" \/>\n<meta property=\"og:image\" content=\"https:\/\/www.copealcoy.es\/wp-content\/uploads\/2015\/04\/IMG_1719.jpg\" \/>\n\t<meta property=\"og:image:width\" content=\"447\" \/>\n\t<meta property=\"og:image:height\" content=\"447\" \/>\n\t<meta property=\"og:image:type\" content=\"image\/jpeg\" \/>\n<meta name=\"author\" content=\"Cope Alcoy\" \/>\n<meta name=\"twitter:label1\" content=\"Escrito por\" \/>\n\t<meta name=\"twitter:data1\" content=\"Cope Alcoy\" \/>\n\t<meta name=\"twitter:label2\" content=\"Tiempo de lectura\" \/>\n\t<meta name=\"twitter:data2\" content=\"2 minutos\" \/>\n<script type=\"application\/ld+json\" class=\"yoast-schema-graph\">{\"@context\":\"https:\\\/\\\/schema.org\",\"@graph\":[{\"@type\":\"Article\",\"@id\":\"https:\\\/\\\/www.copealcoy.es\\\/es\\\/paralisis-municipal\\\/#article\",\"isPartOf\":{\"@id\":\"https:\\\/\\\/www.copealcoy.es\\\/es\\\/paralisis-municipal\\\/\"},\"author\":{\"name\":\"Cope Alcoy\",\"@id\":\"https:\\\/\\\/www.copealcoy.es\\\/es\\\/#\\\/schema\\\/person\\\/e777c87fa024e57d40170af9df39882c\"},\"headline\":\"Par\u00e1lisis Municipal (II)\",\"datePublished\":\"2016-03-02T11:44:56+00:00\",\"dateModified\":\"2016-03-02T15:13:50+00:00\",\"mainEntityOfPage\":{\"@id\":\"https:\\\/\\\/www.copealcoy.es\\\/es\\\/paralisis-municipal\\\/\"},\"wordCount\":390,\"commentCount\":0,\"image\":{\"@id\":\"https:\\\/\\\/www.copealcoy.es\\\/es\\\/paralisis-municipal\\\/#primaryimage\"},\"thumbnailUrl\":\"https:\\\/\\\/www.copealcoy.es\\\/wp-content\\\/uploads\\\/2015\\\/04\\\/IMG_1719.jpg\",\"keywords\":[\"Edu Tormo\",\"Pasarela\",\"Pol\u00edgono\",\"Puente\"],\"articleSection\":[\"Opini\u00f3n\"],\"inLanguage\":\"es\"},{\"@type\":\"WebPage\",\"@id\":\"https:\\\/\\\/www.copealcoy.es\\\/es\\\/paralisis-municipal\\\/\",\"url\":\"https:\\\/\\\/www.copealcoy.es\\\/es\\\/paralisis-municipal\\\/\",\"name\":\"Par\u00e1lisis Municipal (II) - COPE Alcoy\",\"isPartOf\":{\"@id\":\"https:\\\/\\\/www.copealcoy.es\\\/es\\\/#website\"},\"primaryImageOfPage\":{\"@id\":\"https:\\\/\\\/www.copealcoy.es\\\/es\\\/paralisis-municipal\\\/#primaryimage\"},\"image\":{\"@id\":\"https:\\\/\\\/www.copealcoy.es\\\/es\\\/paralisis-municipal\\\/#primaryimage\"},\"thumbnailUrl\":\"https:\\\/\\\/www.copealcoy.es\\\/wp-content\\\/uploads\\\/2015\\\/04\\\/IMG_1719.jpg\",\"datePublished\":\"2016-03-02T11:44:56+00:00\",\"dateModified\":\"2016-03-02T15:13:50+00:00\",\"author\":{\"@id\":\"https:\\\/\\\/www.copealcoy.es\\\/es\\\/#\\\/schema\\\/person\\\/e777c87fa024e57d40170af9df39882c\"},\"breadcrumb\":{\"@id\":\"https:\\\/\\\/www.copealcoy.es\\\/es\\\/paralisis-municipal\\\/#breadcrumb\"},\"inLanguage\":\"es\",\"potentialAction\":[{\"@type\":\"ReadAction\",\"target\":[\"https:\\\/\\\/www.copealcoy.es\\\/es\\\/paralisis-municipal\\\/\"]}]},{\"@type\":\"ImageObject\",\"inLanguage\":\"es\",\"@id\":\"https:\\\/\\\/www.copealcoy.es\\\/es\\\/paralisis-municipal\\\/#primaryimage\",\"url\":\"https:\\\/\\\/www.copealcoy.es\\\/wp-content\\\/uploads\\\/2015\\\/04\\\/IMG_1719.jpg\",\"contentUrl\":\"https:\\\/\\\/www.copealcoy.es\\\/wp-content\\\/uploads\\\/2015\\\/04\\\/IMG_1719.jpg\",\"width\":447,\"height\":447,\"caption\":\"Edu Tormo es el n\u00famero 2 del PP\"},{\"@type\":\"BreadcrumbList\",\"@id\":\"https:\\\/\\\/www.copealcoy.es\\\/es\\\/paralisis-municipal\\\/#breadcrumb\",\"itemListElement\":[{\"@type\":\"ListItem\",\"position\":1,\"name\":\"Portada\",\"item\":\"https:\\\/\\\/www.copealcoy.es\\\/es\\\/\"},{\"@type\":\"ListItem\",\"position\":2,\"name\":\"Par\u00e1lisis Municipal (II)\"}]},{\"@type\":\"WebSite\",\"@id\":\"https:\\\/\\\/www.copealcoy.es\\\/es\\\/#website\",\"url\":\"https:\\\/\\\/www.copealcoy.es\\\/es\\\/\",\"name\":\"COPE Alcoy\",\"description\":\"Emisora COPE de radio local con emisi\u00f3n online. Pont de Sant Jordi 8-10 03803 Alcoy\",\"potentialAction\":[{\"@type\":\"SearchAction\",\"target\":{\"@type\":\"EntryPoint\",\"urlTemplate\":\"https:\\\/\\\/www.copealcoy.es\\\/es\\\/?s={search_term_string}\"},\"query-input\":{\"@type\":\"PropertyValueSpecification\",\"valueRequired\":true,\"valueName\":\"search_term_string\"}}],\"inLanguage\":\"es\"},{\"@type\":\"Person\",\"@id\":\"https:\\\/\\\/www.copealcoy.es\\\/es\\\/#\\\/schema\\\/person\\\/e777c87fa024e57d40170af9df39882c\",\"name\":\"Cope Alcoy\",\"image\":{\"@type\":\"ImageObject\",\"inLanguage\":\"es\",\"@id\":\"https:\\\/\\\/secure.gravatar.com\\\/avatar\\\/bb65d0283347e303893ba14f0692005417c1e0e690a325a4c5d8bb2b3943ee14?s=96&d=mm&r=g\",\"url\":\"https:\\\/\\\/secure.gravatar.com\\\/avatar\\\/bb65d0283347e303893ba14f0692005417c1e0e690a325a4c5d8bb2b3943ee14?s=96&d=mm&r=g\",\"contentUrl\":\"https:\\\/\\\/secure.gravatar.com\\\/avatar\\\/bb65d0283347e303893ba14f0692005417c1e0e690a325a4c5d8bb2b3943ee14?s=96&d=mm&r=g\",\"caption\":\"Cope Alcoy\"}}]}<\/script>\n<!-- \/ Yoast SEO plugin. -->","yoast_head_json":{"title":"Par\u00e1lisis Municipal (II) - COPE Alcoy","robots":{"index":"index","follow":"follow","max-snippet":"max-snippet:-1","max-image-preview":"max-image-preview:large","max-video-preview":"max-video-preview:-1"},"canonical":"https:\/\/www.copealcoy.es\/es\/paralisis-municipal\/","og_locale":"es_ES","og_type":"article","og_title":"Par\u00e1lisis Municipal (II) - COPE Alcoy","og_description":"Art\u00edculo de Opini\u00f3n de Edu Tormo, edil del Partido Popular en Alcoy \u201cPostureo y ninguneo\u201d, dos vocablos de rabiosa actualidad...","og_url":"https:\/\/www.copealcoy.es\/es\/paralisis-municipal\/","og_site_name":"COPE Alcoy","article_published_time":"2016-03-02T11:44:56+00:00","article_modified_time":"2016-03-02T15:13:50+00:00","og_image":[{"width":447,"height":447,"url":"https:\/\/www.copealcoy.es\/wp-content\/uploads\/2015\/04\/IMG_1719.jpg","type":"image\/jpeg"}],"author":"Cope Alcoy","twitter_misc":{"Escrito por":"Cope Alcoy","Tiempo de lectura":"2 minutos"},"schema":{"@context":"https:\/\/schema.org","@graph":[{"@type":"Article","@id":"https:\/\/www.copealcoy.es\/es\/paralisis-municipal\/#article","isPartOf":{"@id":"https:\/\/www.copealcoy.es\/es\/paralisis-municipal\/"},"author":{"name":"Cope Alcoy","@id":"https:\/\/www.copealcoy.es\/es\/#\/schema\/person\/e777c87fa024e57d40170af9df39882c"},"headline":"Par\u00e1lisis Municipal (II)","datePublished":"2016-03-02T11:44:56+00:00","dateModified":"2016-03-02T15:13:50+00:00","mainEntityOfPage":{"@id":"https:\/\/www.copealcoy.es\/es\/paralisis-municipal\/"},"wordCount":390,"commentCount":0,"image":{"@id":"https:\/\/www.copealcoy.es\/es\/paralisis-municipal\/#primaryimage"},"thumbnailUrl":"https:\/\/www.copealcoy.es\/wp-content\/uploads\/2015\/04\/IMG_1719.jpg","keywords":["Edu Tormo","Pasarela","Pol\u00edgono","Puente"],"articleSection":["Opini\u00f3n"],"inLanguage":"es"},{"@type":"WebPage","@id":"https:\/\/www.copealcoy.es\/es\/paralisis-municipal\/","url":"https:\/\/www.copealcoy.es\/es\/paralisis-municipal\/","name":"Par\u00e1lisis Municipal (II) - COPE Alcoy","isPartOf":{"@id":"https:\/\/www.copealcoy.es\/es\/#website"},"primaryImageOfPage":{"@id":"https:\/\/www.copealcoy.es\/es\/paralisis-municipal\/#primaryimage"},"image":{"@id":"https:\/\/www.copealcoy.es\/es\/paralisis-municipal\/#primaryimage"},"thumbnailUrl":"https:\/\/www.copealcoy.es\/wp-content\/uploads\/2015\/04\/IMG_1719.jpg","datePublished":"2016-03-02T11:44:56+00:00","dateModified":"2016-03-02T15:13:50+00:00","author":{"@id":"https:\/\/www.copealcoy.es\/es\/#\/schema\/person\/e777c87fa024e57d40170af9df39882c"},"breadcrumb":{"@id":"https:\/\/www.copealcoy.es\/es\/paralisis-municipal\/#breadcrumb"},"inLanguage":"es","potentialAction":[{"@type":"ReadAction","target":["https:\/\/www.copealcoy.es\/es\/paralisis-municipal\/"]}]},{"@type":"ImageObject","inLanguage":"es","@id":"https:\/\/www.copealcoy.es\/es\/paralisis-municipal\/#primaryimage","url":"https:\/\/www.copealcoy.es\/wp-content\/uploads\/2015\/04\/IMG_1719.jpg","contentUrl":"https:\/\/www.copealcoy.es\/wp-content\/uploads\/2015\/04\/IMG_1719.jpg","width":447,"height":447,"caption":"Edu Tormo es el n\u00famero 2 del PP"},{"@type":"BreadcrumbList","@id":"https:\/\/www.copealcoy.es\/es\/paralisis-municipal\/#breadcrumb","itemListElement":[{"@type":"ListItem","position":1,"name":"Portada","item":"https:\/\/www.copealcoy.es\/es\/"},{"@type":"ListItem","position":2,"name":"Par\u00e1lisis Municipal (II)"}]},{"@type":"WebSite","@id":"https:\/\/www.copealcoy.es\/es\/#website","url":"https:\/\/www.copealcoy.es\/es\/","name":"COPE Alcoy","description":"Emisora COPE de radio local con emisi\u00f3n online. Pont de Sant Jordi 8-10 03803 Alcoy","potentialAction":[{"@type":"SearchAction","target":{"@type":"EntryPoint","urlTemplate":"https:\/\/www.copealcoy.es\/es\/?s={search_term_string}"},"query-input":{"@type":"PropertyValueSpecification","valueRequired":true,"valueName":"search_term_string"}}],"inLanguage":"es"},{"@type":"Person","@id":"https:\/\/www.copealcoy.es\/es\/#\/schema\/person\/e777c87fa024e57d40170af9df39882c","name":"Cope Alcoy","image":{"@type":"ImageObject","inLanguage":"es","@id":"https:\/\/secure.gravatar.com\/avatar\/bb65d0283347e303893ba14f0692005417c1e0e690a325a4c5d8bb2b3943ee14?s=96&d=mm&r=g","url":"https:\/\/secure.gravatar.com\/avatar\/bb65d0283347e303893ba14f0692005417c1e0e690a325a4c5d8bb2b3943ee14?s=96&d=mm&r=g","contentUrl":"https:\/\/secure.gravatar.com\/avatar\/bb65d0283347e303893ba14f0692005417c1e0e690a325a4c5d8bb2b3943ee14?s=96&d=mm&r=g","caption":"Cope Alcoy"}}]}},"_links":{"self":[{"href":"https:\/\/www.copealcoy.es\/es\/wp-json\/wp\/v2\/posts\/19388","targetHints":{"allow":["GET"]}}],"collection":[{"href":"https:\/\/www.copealcoy.es\/es\/wp-json\/wp\/v2\/posts"}],"about":[{"href":"https:\/\/www.copealcoy.es\/es\/wp-json\/wp\/v2\/types\/post"}],"author":[{"embeddable":true,"href":"https:\/\/www.copealcoy.es\/es\/wp-json\/wp\/v2\/users\/1"}],"replies":[{"embeddable":true,"href":"https:\/\/www.copealcoy.es\/es\/wp-json\/wp\/v2\/comments?post=19388"}],"version-history":[{"count":0,"href":"https:\/\/www.copealcoy.es\/es\/wp-json\/wp\/v2\/posts\/19388\/revisions"}],"wp:featuredmedia":[{"embeddable":true,"href":"https:\/\/www.copealcoy.es\/es\/wp-json\/wp\/v2\/media\/12262"}],"wp:attachment":[{"href":"https:\/\/www.copealcoy.es\/es\/wp-json\/wp\/v2\/media?parent=19388"}],"wp:term":[{"taxonomy":"category","embeddable":true,"href":"https:\/\/www.copealcoy.es\/es\/wp-json\/wp\/v2\/categories?post=19388"},{"taxonomy":"post_tag","embeddable":true,"href":"https:\/\/www.copealcoy.es\/es\/wp-json\/wp\/v2\/tags?post=19388"}],"curies":[{"name":"wp","href":"https:\/\/api.w.org\/{rel}","templated":true}]}}