{"id":19361,"date":"2016-03-01T21:07:24","date_gmt":"2016-03-01T21:07:24","guid":{"rendered":"http:\/\/copealcoi.es\/new\/?p=19361"},"modified":"2016-03-05T09:46:30","modified_gmt":"2016-03-05T09:46:30","slug":"el-edil-de-muro-sergi-silvestre-renuncia-a-la-dedicacion-parcial","status":"publish","type":"post","link":"https:\/\/www.copealcoy.es\/es\/el-edil-de-muro-sergi-silvestre-renuncia-a-la-dedicacion-parcial\/","title":{"rendered":"El edil de Muro Sergi Silvestre renuncia a la dedicaci\u00f3n parcial"},"content":{"rendered":"<p style=\"text-align: justify;\">El edil Sergi Silvestre, que asume en el Ayuntamiento de Muro las concejal\u00edas de Fiestas, Cultura, Pedan\u00edas, tradiciones y comunicaci\u00f3n; present\u00f3 ayer lunes en el Pleno Extraordinario la renuncia a la dedicaci\u00f3n parcial que le fue asignada en la sesi\u00f3n plenaria celebrada a principios del mes de febrero. El alcalde, Francesc Valls ha explicado que esta decisi\u00f3n fue asumida por la Corporaci\u00f3n &#8220;al ser incompatible recibir esta retribuci\u00f3n con la beca que se le ha concedido al concejal&#8221;, afirma. De esta forma continuar\u00e1n con la citada dedicaci\u00f3n parcial los ediles Elicerio P\u00e9rez (Comprom\u00eds) y Enrique Pascual (Esquerra Unida) tal y como ya qued\u00f3 ratificado semanas atr\u00e1s.<\/p>\n<p style=\"text-align: justify;\">En el pleno, celebrado a las ocho de la ma\u00f1ana, tambi\u00e9n se aprobaron varias modificaciones de cr\u00e9dito y se propuso el cambio de denominaci\u00f3n del Sal\u00f3n de Actos de La Casa de Ferro que pasar\u00e1 a estar dedicado a Jos\u00e9 Prats El Nyac. De igual forma se trat\u00f3 la modificaci\u00f3n del contrato suscrito con la empresa encargada del mantenimiento del alumbrado p\u00fablico y de los sem\u00e1foros mientras que se adjudic\u00f3 el servicio de seguro de los veh\u00edculos de la flota municipal. Finalmente se dio cuenta de varios informes favorables de alcald\u00eda sobre la compatibilidad para realizar una segunda actividad en el sector p\u00fablico cuyos beneficiarios son un concejal y una trabajadora social.<\/p>\n","protected":false},"excerpt":{"rendered":"<p>El edil Sergi Silvestre, que asume en el Ayuntamiento de Muro las concejal\u00edas de Fiestas, Cultura, Pedan\u00edas, tradiciones y comunicaci\u00f3n;&#8230;<\/p>\n","protected":false},"author":1,"featured_media":13595,"comment_status":"open","ping_status":"open","sticky":false,"template":"","format":"standard","meta":{"footnotes":""},"categories":[98,75],"tags":[237,135,422,1919],"class_list":["post-19361","post","type-post","status-publish","format-standard","has-post-thumbnail","hentry","category-comarcas","category-noticias","tag-comtat","tag-muro","tag-politica","tag-sergi-silvestre"],"yoast_head":"<!-- This site is optimized with the Yoast SEO plugin v27.3 - https:\/\/yoast.com\/product\/yoast-seo-wordpress\/ -->\n<title>El edil de Muro Sergi Silvestre renuncia a la dedicaci\u00f3n parcial - COPE Alcoy<\/title>\n<meta name=\"robots\" content=\"index, follow, max-snippet:-1, max-image-preview:large, max-video-preview:-1\" \/>\n<link rel=\"canonical\" href=\"https:\/\/www.copealcoy.es\/es\/el-edil-de-muro-sergi-silvestre-renuncia-a-la-dedicacion-parcial\/\" \/>\n<meta property=\"og:locale\" content=\"es_ES\" \/>\n<meta property=\"og:type\" content=\"article\" \/>\n<meta property=\"og:title\" content=\"El edil de Muro Sergi Silvestre renuncia a la dedicaci\u00f3n parcial - COPE Alcoy\" \/>\n<meta property=\"og:description\" content=\"El edil Sergi Silvestre, que asume en el Ayuntamiento de Muro las concejal\u00edas de Fiestas, Cultura, Pedan\u00edas, tradiciones y comunicaci\u00f3n;...\" \/>\n<meta property=\"og:url\" content=\"https:\/\/www.copealcoy.es\/es\/el-edil-de-muro-sergi-silvestre-renuncia-a-la-dedicacion-parcial\/\" \/>\n<meta property=\"og:site_name\" content=\"COPE Alcoy\" \/>\n<meta property=\"article:published_time\" content=\"2016-03-01T21:07:24+00:00\" \/>\n<meta property=\"article:modified_time\" content=\"2016-03-05T09:46:30+00:00\" \/>\n<meta property=\"og:image\" content=\"https:\/\/www.copealcoy.es\/wp-content\/uploads\/2015\/05\/image13-660x330.jpg\" \/>\n\t<meta property=\"og:image:width\" content=\"660\" \/>\n\t<meta property=\"og:image:height\" content=\"330\" \/>\n\t<meta property=\"og:image:type\" content=\"image\/jpeg\" \/>\n<meta name=\"author\" content=\"Cope Alcoy\" \/>\n<meta name=\"twitter:label1\" content=\"Escrito por\" \/>\n\t<meta name=\"twitter:data1\" content=\"Cope Alcoy\" \/>\n\t<meta name=\"twitter:label2\" content=\"Tiempo de lectura\" \/>\n\t<meta name=\"twitter:data2\" content=\"1 minuto\" \/>\n<script type=\"application\/ld+json\" class=\"yoast-schema-graph\">{\"@context\":\"https:\\\/\\\/schema.org\",\"@graph\":[{\"@type\":\"Article\",\"@id\":\"https:\\\/\\\/www.copealcoy.es\\\/es\\\/el-edil-de-muro-sergi-silvestre-renuncia-a-la-dedicacion-parcial\\\/#article\",\"isPartOf\":{\"@id\":\"https:\\\/\\\/www.copealcoy.es\\\/es\\\/el-edil-de-muro-sergi-silvestre-renuncia-a-la-dedicacion-parcial\\\/\"},\"author\":{\"name\":\"Cope Alcoy\",\"@id\":\"https:\\\/\\\/www.copealcoy.es\\\/es\\\/#\\\/schema\\\/person\\\/e777c87fa024e57d40170af9df39882c\"},\"headline\":\"El edil de Muro Sergi Silvestre renuncia a la dedicaci\u00f3n parcial\",\"datePublished\":\"2016-03-01T21:07:24+00:00\",\"dateModified\":\"2016-03-05T09:46:30+00:00\",\"mainEntityOfPage\":{\"@id\":\"https:\\\/\\\/www.copealcoy.es\\\/es\\\/el-edil-de-muro-sergi-silvestre-renuncia-a-la-dedicacion-parcial\\\/\"},\"wordCount\":254,\"commentCount\":0,\"image\":{\"@id\":\"https:\\\/\\\/www.copealcoy.es\\\/es\\\/el-edil-de-muro-sergi-silvestre-renuncia-a-la-dedicacion-parcial\\\/#primaryimage\"},\"thumbnailUrl\":\"https:\\\/\\\/www.copealcoy.es\\\/wp-content\\\/uploads\\\/2015\\\/05\\\/image13-660x330.jpg\",\"keywords\":[\"Comtat\",\"Muro\",\"Pol\u00edtica\",\"Sergi Silvestre\"],\"articleSection\":[\"Comarcas\",\"Noticias\"],\"inLanguage\":\"es\"},{\"@type\":\"WebPage\",\"@id\":\"https:\\\/\\\/www.copealcoy.es\\\/es\\\/el-edil-de-muro-sergi-silvestre-renuncia-a-la-dedicacion-parcial\\\/\",\"url\":\"https:\\\/\\\/www.copealcoy.es\\\/es\\\/el-edil-de-muro-sergi-silvestre-renuncia-a-la-dedicacion-parcial\\\/\",\"name\":\"El edil de Muro Sergi Silvestre renuncia a la dedicaci\u00f3n parcial - COPE Alcoy\",\"isPartOf\":{\"@id\":\"https:\\\/\\\/www.copealcoy.es\\\/es\\\/#website\"},\"primaryImageOfPage\":{\"@id\":\"https:\\\/\\\/www.copealcoy.es\\\/es\\\/el-edil-de-muro-sergi-silvestre-renuncia-a-la-dedicacion-parcial\\\/#primaryimage\"},\"image\":{\"@id\":\"https:\\\/\\\/www.copealcoy.es\\\/es\\\/el-edil-de-muro-sergi-silvestre-renuncia-a-la-dedicacion-parcial\\\/#primaryimage\"},\"thumbnailUrl\":\"https:\\\/\\\/www.copealcoy.es\\\/wp-content\\\/uploads\\\/2015\\\/05\\\/image13-660x330.jpg\",\"datePublished\":\"2016-03-01T21:07:24+00:00\",\"dateModified\":\"2016-03-05T09:46:30+00:00\",\"author\":{\"@id\":\"https:\\\/\\\/www.copealcoy.es\\\/es\\\/#\\\/schema\\\/person\\\/e777c87fa024e57d40170af9df39882c\"},\"breadcrumb\":{\"@id\":\"https:\\\/\\\/www.copealcoy.es\\\/es\\\/el-edil-de-muro-sergi-silvestre-renuncia-a-la-dedicacion-parcial\\\/#breadcrumb\"},\"inLanguage\":\"es\",\"potentialAction\":[{\"@type\":\"ReadAction\",\"target\":[\"https:\\\/\\\/www.copealcoy.es\\\/es\\\/el-edil-de-muro-sergi-silvestre-renuncia-a-la-dedicacion-parcial\\\/\"]}]},{\"@type\":\"ImageObject\",\"inLanguage\":\"es\",\"@id\":\"https:\\\/\\\/www.copealcoy.es\\\/es\\\/el-edil-de-muro-sergi-silvestre-renuncia-a-la-dedicacion-parcial\\\/#primaryimage\",\"url\":\"https:\\\/\\\/www.copealcoy.es\\\/wp-content\\\/uploads\\\/2015\\\/05\\\/image13-660x330.jpg\",\"contentUrl\":\"https:\\\/\\\/www.copealcoy.es\\\/wp-content\\\/uploads\\\/2015\\\/05\\\/image13-660x330.jpg\",\"width\":660,\"height\":330,\"caption\":\"Ayuntamiento de Muro\"},{\"@type\":\"BreadcrumbList\",\"@id\":\"https:\\\/\\\/www.copealcoy.es\\\/es\\\/el-edil-de-muro-sergi-silvestre-renuncia-a-la-dedicacion-parcial\\\/#breadcrumb\",\"itemListElement\":[{\"@type\":\"ListItem\",\"position\":1,\"name\":\"Portada\",\"item\":\"https:\\\/\\\/www.copealcoy.es\\\/es\\\/\"},{\"@type\":\"ListItem\",\"position\":2,\"name\":\"El edil de Muro Sergi Silvestre renuncia a la dedicaci\u00f3n parcial\"}]},{\"@type\":\"WebSite\",\"@id\":\"https:\\\/\\\/www.copealcoy.es\\\/es\\\/#website\",\"url\":\"https:\\\/\\\/www.copealcoy.es\\\/es\\\/\",\"name\":\"COPE Alcoy\",\"description\":\"Emisora COPE de radio local con emisi\u00f3n online. Pont de Sant Jordi 8-10 03803 Alcoy\",\"potentialAction\":[{\"@type\":\"SearchAction\",\"target\":{\"@type\":\"EntryPoint\",\"urlTemplate\":\"https:\\\/\\\/www.copealcoy.es\\\/es\\\/?s={search_term_string}\"},\"query-input\":{\"@type\":\"PropertyValueSpecification\",\"valueRequired\":true,\"valueName\":\"search_term_string\"}}],\"inLanguage\":\"es\"},{\"@type\":\"Person\",\"@id\":\"https:\\\/\\\/www.copealcoy.es\\\/es\\\/#\\\/schema\\\/person\\\/e777c87fa024e57d40170af9df39882c\",\"name\":\"Cope Alcoy\",\"image\":{\"@type\":\"ImageObject\",\"inLanguage\":\"es\",\"@id\":\"https:\\\/\\\/secure.gravatar.com\\\/avatar\\\/bb65d0283347e303893ba14f0692005417c1e0e690a325a4c5d8bb2b3943ee14?s=96&d=mm&r=g\",\"url\":\"https:\\\/\\\/secure.gravatar.com\\\/avatar\\\/bb65d0283347e303893ba14f0692005417c1e0e690a325a4c5d8bb2b3943ee14?s=96&d=mm&r=g\",\"contentUrl\":\"https:\\\/\\\/secure.gravatar.com\\\/avatar\\\/bb65d0283347e303893ba14f0692005417c1e0e690a325a4c5d8bb2b3943ee14?s=96&d=mm&r=g\",\"caption\":\"Cope Alcoy\"}}]}<\/script>\n<!-- \/ Yoast SEO plugin. -->","yoast_head_json":{"title":"El edil de Muro Sergi Silvestre renuncia a la dedicaci\u00f3n parcial - COPE Alcoy","robots":{"index":"index","follow":"follow","max-snippet":"max-snippet:-1","max-image-preview":"max-image-preview:large","max-video-preview":"max-video-preview:-1"},"canonical":"https:\/\/www.copealcoy.es\/es\/el-edil-de-muro-sergi-silvestre-renuncia-a-la-dedicacion-parcial\/","og_locale":"es_ES","og_type":"article","og_title":"El edil de Muro Sergi Silvestre renuncia a la dedicaci\u00f3n parcial - COPE Alcoy","og_description":"El edil Sergi Silvestre, que asume en el Ayuntamiento de Muro las concejal\u00edas de Fiestas, Cultura, Pedan\u00edas, tradiciones y comunicaci\u00f3n;...","og_url":"https:\/\/www.copealcoy.es\/es\/el-edil-de-muro-sergi-silvestre-renuncia-a-la-dedicacion-parcial\/","og_site_name":"COPE Alcoy","article_published_time":"2016-03-01T21:07:24+00:00","article_modified_time":"2016-03-05T09:46:30+00:00","og_image":[{"width":660,"height":330,"url":"https:\/\/www.copealcoy.es\/wp-content\/uploads\/2015\/05\/image13-660x330.jpg","type":"image\/jpeg"}],"author":"Cope Alcoy","twitter_misc":{"Escrito por":"Cope Alcoy","Tiempo de lectura":"1 minuto"},"schema":{"@context":"https:\/\/schema.org","@graph":[{"@type":"Article","@id":"https:\/\/www.copealcoy.es\/es\/el-edil-de-muro-sergi-silvestre-renuncia-a-la-dedicacion-parcial\/#article","isPartOf":{"@id":"https:\/\/www.copealcoy.es\/es\/el-edil-de-muro-sergi-silvestre-renuncia-a-la-dedicacion-parcial\/"},"author":{"name":"Cope Alcoy","@id":"https:\/\/www.copealcoy.es\/es\/#\/schema\/person\/e777c87fa024e57d40170af9df39882c"},"headline":"El edil de Muro Sergi Silvestre renuncia a la dedicaci\u00f3n parcial","datePublished":"2016-03-01T21:07:24+00:00","dateModified":"2016-03-05T09:46:30+00:00","mainEntityOfPage":{"@id":"https:\/\/www.copealcoy.es\/es\/el-edil-de-muro-sergi-silvestre-renuncia-a-la-dedicacion-parcial\/"},"wordCount":254,"commentCount":0,"image":{"@id":"https:\/\/www.copealcoy.es\/es\/el-edil-de-muro-sergi-silvestre-renuncia-a-la-dedicacion-parcial\/#primaryimage"},"thumbnailUrl":"https:\/\/www.copealcoy.es\/wp-content\/uploads\/2015\/05\/image13-660x330.jpg","keywords":["Comtat","Muro","Pol\u00edtica","Sergi Silvestre"],"articleSection":["Comarcas","Noticias"],"inLanguage":"es"},{"@type":"WebPage","@id":"https:\/\/www.copealcoy.es\/es\/el-edil-de-muro-sergi-silvestre-renuncia-a-la-dedicacion-parcial\/","url":"https:\/\/www.copealcoy.es\/es\/el-edil-de-muro-sergi-silvestre-renuncia-a-la-dedicacion-parcial\/","name":"El edil de Muro Sergi Silvestre renuncia a la dedicaci\u00f3n parcial - COPE Alcoy","isPartOf":{"@id":"https:\/\/www.copealcoy.es\/es\/#website"},"primaryImageOfPage":{"@id":"https:\/\/www.copealcoy.es\/es\/el-edil-de-muro-sergi-silvestre-renuncia-a-la-dedicacion-parcial\/#primaryimage"},"image":{"@id":"https:\/\/www.copealcoy.es\/es\/el-edil-de-muro-sergi-silvestre-renuncia-a-la-dedicacion-parcial\/#primaryimage"},"thumbnailUrl":"https:\/\/www.copealcoy.es\/wp-content\/uploads\/2015\/05\/image13-660x330.jpg","datePublished":"2016-03-01T21:07:24+00:00","dateModified":"2016-03-05T09:46:30+00:00","author":{"@id":"https:\/\/www.copealcoy.es\/es\/#\/schema\/person\/e777c87fa024e57d40170af9df39882c"},"breadcrumb":{"@id":"https:\/\/www.copealcoy.es\/es\/el-edil-de-muro-sergi-silvestre-renuncia-a-la-dedicacion-parcial\/#breadcrumb"},"inLanguage":"es","potentialAction":[{"@type":"ReadAction","target":["https:\/\/www.copealcoy.es\/es\/el-edil-de-muro-sergi-silvestre-renuncia-a-la-dedicacion-parcial\/"]}]},{"@type":"ImageObject","inLanguage":"es","@id":"https:\/\/www.copealcoy.es\/es\/el-edil-de-muro-sergi-silvestre-renuncia-a-la-dedicacion-parcial\/#primaryimage","url":"https:\/\/www.copealcoy.es\/wp-content\/uploads\/2015\/05\/image13-660x330.jpg","contentUrl":"https:\/\/www.copealcoy.es\/wp-content\/uploads\/2015\/05\/image13-660x330.jpg","width":660,"height":330,"caption":"Ayuntamiento de Muro"},{"@type":"BreadcrumbList","@id":"https:\/\/www.copealcoy.es\/es\/el-edil-de-muro-sergi-silvestre-renuncia-a-la-dedicacion-parcial\/#breadcrumb","itemListElement":[{"@type":"ListItem","position":1,"name":"Portada","item":"https:\/\/www.copealcoy.es\/es\/"},{"@type":"ListItem","position":2,"name":"El edil de Muro Sergi Silvestre renuncia a la dedicaci\u00f3n parcial"}]},{"@type":"WebSite","@id":"https:\/\/www.copealcoy.es\/es\/#website","url":"https:\/\/www.copealcoy.es\/es\/","name":"COPE Alcoy","description":"Emisora COPE de radio local con emisi\u00f3n online. Pont de Sant Jordi 8-10 03803 Alcoy","potentialAction":[{"@type":"SearchAction","target":{"@type":"EntryPoint","urlTemplate":"https:\/\/www.copealcoy.es\/es\/?s={search_term_string}"},"query-input":{"@type":"PropertyValueSpecification","valueRequired":true,"valueName":"search_term_string"}}],"inLanguage":"es"},{"@type":"Person","@id":"https:\/\/www.copealcoy.es\/es\/#\/schema\/person\/e777c87fa024e57d40170af9df39882c","name":"Cope Alcoy","image":{"@type":"ImageObject","inLanguage":"es","@id":"https:\/\/secure.gravatar.com\/avatar\/bb65d0283347e303893ba14f0692005417c1e0e690a325a4c5d8bb2b3943ee14?s=96&d=mm&r=g","url":"https:\/\/secure.gravatar.com\/avatar\/bb65d0283347e303893ba14f0692005417c1e0e690a325a4c5d8bb2b3943ee14?s=96&d=mm&r=g","contentUrl":"https:\/\/secure.gravatar.com\/avatar\/bb65d0283347e303893ba14f0692005417c1e0e690a325a4c5d8bb2b3943ee14?s=96&d=mm&r=g","caption":"Cope Alcoy"}}]}},"_links":{"self":[{"href":"https:\/\/www.copealcoy.es\/es\/wp-json\/wp\/v2\/posts\/19361","targetHints":{"allow":["GET"]}}],"collection":[{"href":"https:\/\/www.copealcoy.es\/es\/wp-json\/wp\/v2\/posts"}],"about":[{"href":"https:\/\/www.copealcoy.es\/es\/wp-json\/wp\/v2\/types\/post"}],"author":[{"embeddable":true,"href":"https:\/\/www.copealcoy.es\/es\/wp-json\/wp\/v2\/users\/1"}],"replies":[{"embeddable":true,"href":"https:\/\/www.copealcoy.es\/es\/wp-json\/wp\/v2\/comments?post=19361"}],"version-history":[{"count":0,"href":"https:\/\/www.copealcoy.es\/es\/wp-json\/wp\/v2\/posts\/19361\/revisions"}],"wp:featuredmedia":[{"embeddable":true,"href":"https:\/\/www.copealcoy.es\/es\/wp-json\/wp\/v2\/media\/13595"}],"wp:attachment":[{"href":"https:\/\/www.copealcoy.es\/es\/wp-json\/wp\/v2\/media?parent=19361"}],"wp:term":[{"taxonomy":"category","embeddable":true,"href":"https:\/\/www.copealcoy.es\/es\/wp-json\/wp\/v2\/categories?post=19361"},{"taxonomy":"post_tag","embeddable":true,"href":"https:\/\/www.copealcoy.es\/es\/wp-json\/wp\/v2\/tags?post=19361"}],"curies":[{"name":"wp","href":"https:\/\/api.w.org\/{rel}","templated":true}]}}