{"id":19334,"date":"2016-03-01T12:30:01","date_gmt":"2016-03-01T12:30:01","guid":{"rendered":"http:\/\/copealcoi.es\/new\/?p=19334"},"modified":"2016-03-01T20:46:30","modified_gmt":"2016-03-01T20:46:30","slug":"las-congregaciones-religiosas-presentan-la-semana-santa-alcoyana","status":"publish","type":"post","link":"https:\/\/www.copealcoy.es\/es\/las-congregaciones-religiosas-presentan-la-semana-santa-alcoyana\/","title":{"rendered":"Presentados los actos de la Semana Santa Alcoyana"},"content":{"rendered":"<p style=\"text-align: justify;\">Las cofrad\u00edas de Alcoy han presentado el programa de actos de la Semana Santa de este a\u00f1o. Las actividades han sido organizadas por el Gremio de los Labradores, la cofrad\u00eda del Cristo Yacente y \u00a0la del Cristo Agonizante\u00a0con la colaboraci\u00f3n del \u00e1rea de fiestas del Ayuntamiento<\/p>\n<p style=\"text-align: justify;\">El primer acto tendr\u00e1 lugar\u00a0este viernes a partir de las siete y media de la tarde, con la colocaci\u00f3n del cartel anunciador en la base del campanario de la iglesia de Santa Mar\u00eda; y el siguiente, s\u00e1bado 12 de marzo,\u00a0se efectuar\u00e1\u00a0el preg\u00f3n en el Monasterio del Santo Sepulcro que correr\u00e1 a cargo de Javier Tortosa.<\/p>\n<p style=\"text-align: justify;\">El grueso de la programaci\u00f3n dar\u00e1 comienzo a partir del 20 de marzo, Domingo de Ramos,\u00a0con la bendici\u00f3n de palmas y las celebraciones habituales en cada templo de la ciudad. Adem\u00e1s se realizar\u00e1 la tradicional procesi\u00f3n de La Burreta desde la iglesia de San Vicente y por la noche la Virgen de los Dolores junto al Nazareno protagonizar\u00e1n el encuentro en el Cant\u00f3 Piny\u00f3.<\/p>\n<p style=\"text-align: justify;\">El V\u00eda Crucis del Mi\u00e9rcoles Santo &#8211; en el que como novedad las estampas ser\u00e1n portadas por fieles y no colgadas en los balcones como hasta ahora- as\u00ed como la procesi\u00f3n del silencio el Jueves Santo y la del entierro del Viernes Santo completan la recta final de la Semana Santa Alcoyana. Precisamente en esta \u00faltima participar\u00e1n todas las cofrad\u00edas con sus correspondientes pasos partiendo desde Santa Mar\u00eda y recorriendo gran parte de las calles del Centro.<\/p>\n<p style=\"text-align: justify;\">Apuntar que\u00a0las celebraciones acabar\u00e1n el Domingo de Resurrecci\u00f3n, con la habitual Procesi\u00f3n dels Xiulitets, \u00a0y en la que la que el Cristo Resucitado saldr\u00e1 desde San Mauro mientras que\u00a0la Virgen en veloz carrera subir\u00e1 desde el Cant\u00f2 Piny\u00f2 para su encuentro en la Plaza de Ram\u00f3n y Cajal. El acto cerrar\u00e1 los actos de la Semana Santa y dar\u00e1 paso a las fiestas de moros y cristianos puesto que horas despu\u00e9s La Gloria anunciar\u00e1 la llegada de los festejos en honor a Sant Jordi.<\/p>\n","protected":false},"excerpt":{"rendered":"<p>Las cofrad\u00edas de Alcoy han presentado el programa de actos de la Semana Santa de este a\u00f1o. Las actividades han&#8230;<\/p>\n","protected":false},"author":1,"featured_media":19350,"comment_status":"open","ping_status":"open","sticky":false,"template":"","format":"standard","meta":{"footnotes":""},"categories":[97,78,75],"tags":[1924,128,745],"class_list":["post-19334","post","type-post","status-publish","format-standard","has-post-thumbnail","hentry","category-alcoy","category-fiestaycultura","category-noticias","tag-cofradias","tag-religion","tag-semana-santa"],"yoast_head":"<!-- This site is optimized with the Yoast SEO plugin v27.3 - https:\/\/yoast.com\/product\/yoast-seo-wordpress\/ -->\n<title>Presentados los actos de la Semana Santa Alcoyana - COPE Alcoy<\/title>\n<meta name=\"robots\" content=\"index, follow, max-snippet:-1, max-image-preview:large, max-video-preview:-1\" \/>\n<link rel=\"canonical\" href=\"https:\/\/www.copealcoy.es\/es\/las-congregaciones-religiosas-presentan-la-semana-santa-alcoyana\/\" \/>\n<meta property=\"og:locale\" content=\"es_ES\" \/>\n<meta property=\"og:type\" content=\"article\" \/>\n<meta property=\"og:title\" content=\"Presentados los actos de la Semana Santa Alcoyana - COPE Alcoy\" \/>\n<meta property=\"og:description\" content=\"Las cofrad\u00edas de Alcoy han presentado el programa de actos de la Semana Santa de este a\u00f1o. Las actividades han...\" \/>\n<meta property=\"og:url\" content=\"https:\/\/www.copealcoy.es\/es\/las-congregaciones-religiosas-presentan-la-semana-santa-alcoyana\/\" \/>\n<meta property=\"og:site_name\" content=\"COPE Alcoy\" \/>\n<meta property=\"article:published_time\" content=\"2016-03-01T12:30:01+00:00\" \/>\n<meta property=\"article:modified_time\" content=\"2016-03-01T20:46:30+00:00\" \/>\n<meta property=\"og:image\" content=\"https:\/\/www.copealcoy.es\/wp-content\/uploads\/2016\/03\/12803261_10209130306242905_8603579616168889382_n.jpg\" \/>\n\t<meta property=\"og:image:width\" content=\"960\" \/>\n\t<meta property=\"og:image:height\" content=\"638\" \/>\n\t<meta property=\"og:image:type\" content=\"image\/jpeg\" \/>\n<meta name=\"author\" content=\"Cope Alcoy\" \/>\n<meta name=\"twitter:label1\" content=\"Escrito por\" \/>\n\t<meta name=\"twitter:data1\" content=\"Cope Alcoy\" \/>\n\t<meta name=\"twitter:label2\" content=\"Tiempo de lectura\" \/>\n\t<meta name=\"twitter:data2\" content=\"2 minutos\" \/>\n<script type=\"application\/ld+json\" class=\"yoast-schema-graph\">{\"@context\":\"https:\\\/\\\/schema.org\",\"@graph\":[{\"@type\":\"Article\",\"@id\":\"https:\\\/\\\/www.copealcoy.es\\\/es\\\/las-congregaciones-religiosas-presentan-la-semana-santa-alcoyana\\\/#article\",\"isPartOf\":{\"@id\":\"https:\\\/\\\/www.copealcoy.es\\\/es\\\/las-congregaciones-religiosas-presentan-la-semana-santa-alcoyana\\\/\"},\"author\":{\"name\":\"Cope Alcoy\",\"@id\":\"https:\\\/\\\/www.copealcoy.es\\\/es\\\/#\\\/schema\\\/person\\\/e777c87fa024e57d40170af9df39882c\"},\"headline\":\"Presentados los actos de la Semana Santa Alcoyana\",\"datePublished\":\"2016-03-01T12:30:01+00:00\",\"dateModified\":\"2016-03-01T20:46:30+00:00\",\"mainEntityOfPage\":{\"@id\":\"https:\\\/\\\/www.copealcoy.es\\\/es\\\/las-congregaciones-religiosas-presentan-la-semana-santa-alcoyana\\\/\"},\"wordCount\":364,\"commentCount\":0,\"image\":{\"@id\":\"https:\\\/\\\/www.copealcoy.es\\\/es\\\/las-congregaciones-religiosas-presentan-la-semana-santa-alcoyana\\\/#primaryimage\"},\"thumbnailUrl\":\"https:\\\/\\\/www.copealcoy.es\\\/wp-content\\\/uploads\\\/2016\\\/03\\\/12803261_10209130306242905_8603579616168889382_n.jpg\",\"keywords\":[\"Cofrad\u00edas\",\"religi\u00f3n\",\"Semana Santa\"],\"articleSection\":[\"Alcoy\",\"Fiesta y Cultura\",\"Noticias\"],\"inLanguage\":\"es\"},{\"@type\":\"WebPage\",\"@id\":\"https:\\\/\\\/www.copealcoy.es\\\/es\\\/las-congregaciones-religiosas-presentan-la-semana-santa-alcoyana\\\/\",\"url\":\"https:\\\/\\\/www.copealcoy.es\\\/es\\\/las-congregaciones-religiosas-presentan-la-semana-santa-alcoyana\\\/\",\"name\":\"Presentados los actos de la Semana Santa Alcoyana - COPE Alcoy\",\"isPartOf\":{\"@id\":\"https:\\\/\\\/www.copealcoy.es\\\/es\\\/#website\"},\"primaryImageOfPage\":{\"@id\":\"https:\\\/\\\/www.copealcoy.es\\\/es\\\/las-congregaciones-religiosas-presentan-la-semana-santa-alcoyana\\\/#primaryimage\"},\"image\":{\"@id\":\"https:\\\/\\\/www.copealcoy.es\\\/es\\\/las-congregaciones-religiosas-presentan-la-semana-santa-alcoyana\\\/#primaryimage\"},\"thumbnailUrl\":\"https:\\\/\\\/www.copealcoy.es\\\/wp-content\\\/uploads\\\/2016\\\/03\\\/12803261_10209130306242905_8603579616168889382_n.jpg\",\"datePublished\":\"2016-03-01T12:30:01+00:00\",\"dateModified\":\"2016-03-01T20:46:30+00:00\",\"author\":{\"@id\":\"https:\\\/\\\/www.copealcoy.es\\\/es\\\/#\\\/schema\\\/person\\\/e777c87fa024e57d40170af9df39882c\"},\"breadcrumb\":{\"@id\":\"https:\\\/\\\/www.copealcoy.es\\\/es\\\/las-congregaciones-religiosas-presentan-la-semana-santa-alcoyana\\\/#breadcrumb\"},\"inLanguage\":\"es\",\"potentialAction\":[{\"@type\":\"ReadAction\",\"target\":[\"https:\\\/\\\/www.copealcoy.es\\\/es\\\/las-congregaciones-religiosas-presentan-la-semana-santa-alcoyana\\\/\"]}]},{\"@type\":\"ImageObject\",\"inLanguage\":\"es\",\"@id\":\"https:\\\/\\\/www.copealcoy.es\\\/es\\\/las-congregaciones-religiosas-presentan-la-semana-santa-alcoyana\\\/#primaryimage\",\"url\":\"https:\\\/\\\/www.copealcoy.es\\\/wp-content\\\/uploads\\\/2016\\\/03\\\/12803261_10209130306242905_8603579616168889382_n.jpg\",\"contentUrl\":\"https:\\\/\\\/www.copealcoy.es\\\/wp-content\\\/uploads\\\/2016\\\/03\\\/12803261_10209130306242905_8603579616168889382_n.jpg\",\"width\":960,\"height\":638,\"caption\":\"Los representantes de las cofrad\u00edas presentaron los actos\"},{\"@type\":\"BreadcrumbList\",\"@id\":\"https:\\\/\\\/www.copealcoy.es\\\/es\\\/las-congregaciones-religiosas-presentan-la-semana-santa-alcoyana\\\/#breadcrumb\",\"itemListElement\":[{\"@type\":\"ListItem\",\"position\":1,\"name\":\"Portada\",\"item\":\"https:\\\/\\\/www.copealcoy.es\\\/es\\\/\"},{\"@type\":\"ListItem\",\"position\":2,\"name\":\"Presentados los actos de la Semana Santa Alcoyana\"}]},{\"@type\":\"WebSite\",\"@id\":\"https:\\\/\\\/www.copealcoy.es\\\/es\\\/#website\",\"url\":\"https:\\\/\\\/www.copealcoy.es\\\/es\\\/\",\"name\":\"COPE Alcoy\",\"description\":\"Emisora COPE de radio local con emisi\u00f3n online. Pont de Sant Jordi 8-10 03803 Alcoy\",\"potentialAction\":[{\"@type\":\"SearchAction\",\"target\":{\"@type\":\"EntryPoint\",\"urlTemplate\":\"https:\\\/\\\/www.copealcoy.es\\\/es\\\/?s={search_term_string}\"},\"query-input\":{\"@type\":\"PropertyValueSpecification\",\"valueRequired\":true,\"valueName\":\"search_term_string\"}}],\"inLanguage\":\"es\"},{\"@type\":\"Person\",\"@id\":\"https:\\\/\\\/www.copealcoy.es\\\/es\\\/#\\\/schema\\\/person\\\/e777c87fa024e57d40170af9df39882c\",\"name\":\"Cope Alcoy\",\"image\":{\"@type\":\"ImageObject\",\"inLanguage\":\"es\",\"@id\":\"https:\\\/\\\/secure.gravatar.com\\\/avatar\\\/bb65d0283347e303893ba14f0692005417c1e0e690a325a4c5d8bb2b3943ee14?s=96&d=mm&r=g\",\"url\":\"https:\\\/\\\/secure.gravatar.com\\\/avatar\\\/bb65d0283347e303893ba14f0692005417c1e0e690a325a4c5d8bb2b3943ee14?s=96&d=mm&r=g\",\"contentUrl\":\"https:\\\/\\\/secure.gravatar.com\\\/avatar\\\/bb65d0283347e303893ba14f0692005417c1e0e690a325a4c5d8bb2b3943ee14?s=96&d=mm&r=g\",\"caption\":\"Cope Alcoy\"}}]}<\/script>\n<!-- \/ Yoast SEO plugin. -->","yoast_head_json":{"title":"Presentados los actos de la Semana Santa Alcoyana - COPE Alcoy","robots":{"index":"index","follow":"follow","max-snippet":"max-snippet:-1","max-image-preview":"max-image-preview:large","max-video-preview":"max-video-preview:-1"},"canonical":"https:\/\/www.copealcoy.es\/es\/las-congregaciones-religiosas-presentan-la-semana-santa-alcoyana\/","og_locale":"es_ES","og_type":"article","og_title":"Presentados los actos de la Semana Santa Alcoyana - COPE Alcoy","og_description":"Las cofrad\u00edas de Alcoy han presentado el programa de actos de la Semana Santa de este a\u00f1o. Las actividades han...","og_url":"https:\/\/www.copealcoy.es\/es\/las-congregaciones-religiosas-presentan-la-semana-santa-alcoyana\/","og_site_name":"COPE Alcoy","article_published_time":"2016-03-01T12:30:01+00:00","article_modified_time":"2016-03-01T20:46:30+00:00","og_image":[{"width":960,"height":638,"url":"https:\/\/www.copealcoy.es\/wp-content\/uploads\/2016\/03\/12803261_10209130306242905_8603579616168889382_n.jpg","type":"image\/jpeg"}],"author":"Cope Alcoy","twitter_misc":{"Escrito por":"Cope Alcoy","Tiempo de lectura":"2 minutos"},"schema":{"@context":"https:\/\/schema.org","@graph":[{"@type":"Article","@id":"https:\/\/www.copealcoy.es\/es\/las-congregaciones-religiosas-presentan-la-semana-santa-alcoyana\/#article","isPartOf":{"@id":"https:\/\/www.copealcoy.es\/es\/las-congregaciones-religiosas-presentan-la-semana-santa-alcoyana\/"},"author":{"name":"Cope Alcoy","@id":"https:\/\/www.copealcoy.es\/es\/#\/schema\/person\/e777c87fa024e57d40170af9df39882c"},"headline":"Presentados los actos de la Semana Santa Alcoyana","datePublished":"2016-03-01T12:30:01+00:00","dateModified":"2016-03-01T20:46:30+00:00","mainEntityOfPage":{"@id":"https:\/\/www.copealcoy.es\/es\/las-congregaciones-religiosas-presentan-la-semana-santa-alcoyana\/"},"wordCount":364,"commentCount":0,"image":{"@id":"https:\/\/www.copealcoy.es\/es\/las-congregaciones-religiosas-presentan-la-semana-santa-alcoyana\/#primaryimage"},"thumbnailUrl":"https:\/\/www.copealcoy.es\/wp-content\/uploads\/2016\/03\/12803261_10209130306242905_8603579616168889382_n.jpg","keywords":["Cofrad\u00edas","religi\u00f3n","Semana Santa"],"articleSection":["Alcoy","Fiesta y Cultura","Noticias"],"inLanguage":"es"},{"@type":"WebPage","@id":"https:\/\/www.copealcoy.es\/es\/las-congregaciones-religiosas-presentan-la-semana-santa-alcoyana\/","url":"https:\/\/www.copealcoy.es\/es\/las-congregaciones-religiosas-presentan-la-semana-santa-alcoyana\/","name":"Presentados los actos de la Semana Santa Alcoyana - COPE Alcoy","isPartOf":{"@id":"https:\/\/www.copealcoy.es\/es\/#website"},"primaryImageOfPage":{"@id":"https:\/\/www.copealcoy.es\/es\/las-congregaciones-religiosas-presentan-la-semana-santa-alcoyana\/#primaryimage"},"image":{"@id":"https:\/\/www.copealcoy.es\/es\/las-congregaciones-religiosas-presentan-la-semana-santa-alcoyana\/#primaryimage"},"thumbnailUrl":"https:\/\/www.copealcoy.es\/wp-content\/uploads\/2016\/03\/12803261_10209130306242905_8603579616168889382_n.jpg","datePublished":"2016-03-01T12:30:01+00:00","dateModified":"2016-03-01T20:46:30+00:00","author":{"@id":"https:\/\/www.copealcoy.es\/es\/#\/schema\/person\/e777c87fa024e57d40170af9df39882c"},"breadcrumb":{"@id":"https:\/\/www.copealcoy.es\/es\/las-congregaciones-religiosas-presentan-la-semana-santa-alcoyana\/#breadcrumb"},"inLanguage":"es","potentialAction":[{"@type":"ReadAction","target":["https:\/\/www.copealcoy.es\/es\/las-congregaciones-religiosas-presentan-la-semana-santa-alcoyana\/"]}]},{"@type":"ImageObject","inLanguage":"es","@id":"https:\/\/www.copealcoy.es\/es\/las-congregaciones-religiosas-presentan-la-semana-santa-alcoyana\/#primaryimage","url":"https:\/\/www.copealcoy.es\/wp-content\/uploads\/2016\/03\/12803261_10209130306242905_8603579616168889382_n.jpg","contentUrl":"https:\/\/www.copealcoy.es\/wp-content\/uploads\/2016\/03\/12803261_10209130306242905_8603579616168889382_n.jpg","width":960,"height":638,"caption":"Los representantes de las cofrad\u00edas presentaron los actos"},{"@type":"BreadcrumbList","@id":"https:\/\/www.copealcoy.es\/es\/las-congregaciones-religiosas-presentan-la-semana-santa-alcoyana\/#breadcrumb","itemListElement":[{"@type":"ListItem","position":1,"name":"Portada","item":"https:\/\/www.copealcoy.es\/es\/"},{"@type":"ListItem","position":2,"name":"Presentados los actos de la Semana Santa Alcoyana"}]},{"@type":"WebSite","@id":"https:\/\/www.copealcoy.es\/es\/#website","url":"https:\/\/www.copealcoy.es\/es\/","name":"COPE Alcoy","description":"Emisora COPE de radio local con emisi\u00f3n online. Pont de Sant Jordi 8-10 03803 Alcoy","potentialAction":[{"@type":"SearchAction","target":{"@type":"EntryPoint","urlTemplate":"https:\/\/www.copealcoy.es\/es\/?s={search_term_string}"},"query-input":{"@type":"PropertyValueSpecification","valueRequired":true,"valueName":"search_term_string"}}],"inLanguage":"es"},{"@type":"Person","@id":"https:\/\/www.copealcoy.es\/es\/#\/schema\/person\/e777c87fa024e57d40170af9df39882c","name":"Cope Alcoy","image":{"@type":"ImageObject","inLanguage":"es","@id":"https:\/\/secure.gravatar.com\/avatar\/bb65d0283347e303893ba14f0692005417c1e0e690a325a4c5d8bb2b3943ee14?s=96&d=mm&r=g","url":"https:\/\/secure.gravatar.com\/avatar\/bb65d0283347e303893ba14f0692005417c1e0e690a325a4c5d8bb2b3943ee14?s=96&d=mm&r=g","contentUrl":"https:\/\/secure.gravatar.com\/avatar\/bb65d0283347e303893ba14f0692005417c1e0e690a325a4c5d8bb2b3943ee14?s=96&d=mm&r=g","caption":"Cope Alcoy"}}]}},"_links":{"self":[{"href":"https:\/\/www.copealcoy.es\/es\/wp-json\/wp\/v2\/posts\/19334","targetHints":{"allow":["GET"]}}],"collection":[{"href":"https:\/\/www.copealcoy.es\/es\/wp-json\/wp\/v2\/posts"}],"about":[{"href":"https:\/\/www.copealcoy.es\/es\/wp-json\/wp\/v2\/types\/post"}],"author":[{"embeddable":true,"href":"https:\/\/www.copealcoy.es\/es\/wp-json\/wp\/v2\/users\/1"}],"replies":[{"embeddable":true,"href":"https:\/\/www.copealcoy.es\/es\/wp-json\/wp\/v2\/comments?post=19334"}],"version-history":[{"count":0,"href":"https:\/\/www.copealcoy.es\/es\/wp-json\/wp\/v2\/posts\/19334\/revisions"}],"wp:featuredmedia":[{"embeddable":true,"href":"https:\/\/www.copealcoy.es\/es\/wp-json\/wp\/v2\/media\/19350"}],"wp:attachment":[{"href":"https:\/\/www.copealcoy.es\/es\/wp-json\/wp\/v2\/media?parent=19334"}],"wp:term":[{"taxonomy":"category","embeddable":true,"href":"https:\/\/www.copealcoy.es\/es\/wp-json\/wp\/v2\/categories?post=19334"},{"taxonomy":"post_tag","embeddable":true,"href":"https:\/\/www.copealcoy.es\/es\/wp-json\/wp\/v2\/tags?post=19334"}],"curies":[{"name":"wp","href":"https:\/\/api.w.org\/{rel}","templated":true}]}}