{"id":19250,"date":"2016-02-26T19:02:12","date_gmt":"2016-02-26T19:02:12","guid":{"rendered":"http:\/\/copealcoi.es\/new\/?p=19250"},"modified":"2016-03-05T09:47:04","modified_gmt":"2016-03-05T09:47:04","slug":"alcoy-y-el-consell-buscan-facilitar-la-apertura-de-comercios-en-el-centro","status":"publish","type":"post","link":"https:\/\/www.copealcoy.es\/es\/alcoy-y-el-consell-buscan-facilitar-la-apertura-de-comercios-en-el-centro\/","title":{"rendered":"Alcoy y el Consell buscan facilitar la apertura de comercios en el Centro"},"content":{"rendered":"<p style=\"text-align: justify;\">El Ayuntamiento de Alcoy y el Consell negocian una normativa que permita dar mayor flexibilidad a la apertura de establecimientos comerciales en el Centro de la ciudad. As\u00ed lo ha explicado este viernes el alcalde, Antonio Franc\u00e9s, en La Ma\u00f1ana de Cope Alcoy donde ha destacado que ayer la edil Vanesa Molt\u00f3 mantuvo un encuentro con el Director General de Comercio, Natxo Costa, en el marco de\u00a0la Jornada\u00a0de\u00a0la Red\u00a0de Agencias para el Fomento de\u00a0la Innovaci\u00f3n\u00a0(AFIC) y en la que se puso sobre la mesa la necesidad de suavizar la legislaci\u00f3n actual.<\/p>\n<p style=\"text-align: justify;\">Franc\u00e9s ha recordado que estas normativas no son municipales, sino auton\u00f3micas\u00a0y nacionales, y ha incidido en que se requiere de flexibilizaci\u00f3n para que se pueda instalar actividad econ\u00f3mica en el Centro &#8220;atendiendo a que los locales en la zona tienen que tener unas caracter\u00edsticas especiales&#8221;, afirma. En este sentido el primer edil ha remarcado que hay un compromiso de la Generalitat para poder trabajar la reforma de estas normativas &#8220;se ha acordado crear una mesa de trabajo que\u00a0contar\u00eda con Ayuntamientos afectados como Alcoy para buscar soluciones e intentar cambiar la ley de accesibilidad en la medida de sus competencias&#8221;, detalla.<\/p>\n<p style=\"text-align: justify;\">Por \u00faltimo el alcalde ha informado que la concejala de Comercio y el propio\u00a0Costa han acordado mantener una reuni\u00f3n en Alcoy pr\u00f3ximamente entre\u00a0la Conseller\u00eda, el Ayuntamiento y los comerciantes para tratar m\u00e1s concretamente el caso de la ciudad y poder plantear soluciones al respecto.<\/p>\n","protected":false},"excerpt":{"rendered":"<p>El Ayuntamiento de Alcoy y el Consell negocian una normativa que permita dar mayor flexibilidad a la apertura de establecimientos&#8230;<\/p>\n","protected":false},"author":1,"featured_media":17409,"comment_status":"open","ping_status":"open","sticky":false,"template":"","format":"standard","meta":{"footnotes":""},"categories":[97,75,125],"tags":[1494,1793,295,467,1908],"class_list":["post-19250","post","type-post","status-publish","format-standard","has-post-thumbnail","hentry","category-alcoy","category-noticias","category-portada","tag-alcoy","tag-antonio-frances","tag-centro","tag-comercio","tag-vanesa-molto"],"yoast_head":"<!-- This site is optimized with the Yoast SEO plugin v27.3 - https:\/\/yoast.com\/product\/yoast-seo-wordpress\/ -->\n<title>Alcoy y el Consell buscan facilitar la apertura de comercios en el Centro - COPE Alcoy<\/title>\n<meta name=\"robots\" content=\"index, follow, max-snippet:-1, max-image-preview:large, max-video-preview:-1\" \/>\n<link rel=\"canonical\" href=\"https:\/\/www.copealcoy.es\/es\/alcoy-y-el-consell-buscan-facilitar-la-apertura-de-comercios-en-el-centro\/\" \/>\n<meta property=\"og:locale\" content=\"es_ES\" \/>\n<meta property=\"og:type\" content=\"article\" \/>\n<meta property=\"og:title\" content=\"Alcoy y el Consell buscan facilitar la apertura de comercios en el Centro - COPE Alcoy\" \/>\n<meta property=\"og:description\" content=\"El Ayuntamiento de Alcoy y el Consell negocian una normativa que permita dar mayor flexibilidad a la apertura de establecimientos...\" \/>\n<meta property=\"og:url\" content=\"https:\/\/www.copealcoy.es\/es\/alcoy-y-el-consell-buscan-facilitar-la-apertura-de-comercios-en-el-centro\/\" \/>\n<meta property=\"og:site_name\" content=\"COPE Alcoy\" \/>\n<meta property=\"article:published_time\" content=\"2016-02-26T19:02:12+00:00\" \/>\n<meta property=\"article:modified_time\" content=\"2016-03-05T09:47:04+00:00\" \/>\n<meta property=\"og:image\" content=\"https:\/\/www.copealcoy.es\/wp-content\/uploads\/2015\/12\/IMG_20151014_110244.jpg\" \/>\n\t<meta property=\"og:image:width\" content=\"2592\" \/>\n\t<meta property=\"og:image:height\" content=\"1944\" \/>\n\t<meta property=\"og:image:type\" content=\"image\/jpeg\" \/>\n<meta name=\"author\" content=\"Cope Alcoy\" \/>\n<meta name=\"twitter:label1\" content=\"Escrito por\" \/>\n\t<meta name=\"twitter:data1\" content=\"Cope Alcoy\" \/>\n\t<meta name=\"twitter:label2\" content=\"Tiempo de lectura\" \/>\n\t<meta name=\"twitter:data2\" content=\"1 minuto\" \/>\n<script type=\"application\/ld+json\" class=\"yoast-schema-graph\">{\"@context\":\"https:\\\/\\\/schema.org\",\"@graph\":[{\"@type\":\"Article\",\"@id\":\"https:\\\/\\\/www.copealcoy.es\\\/es\\\/alcoy-y-el-consell-buscan-facilitar-la-apertura-de-comercios-en-el-centro\\\/#article\",\"isPartOf\":{\"@id\":\"https:\\\/\\\/www.copealcoy.es\\\/es\\\/alcoy-y-el-consell-buscan-facilitar-la-apertura-de-comercios-en-el-centro\\\/\"},\"author\":{\"name\":\"Cope Alcoy\",\"@id\":\"https:\\\/\\\/www.copealcoy.es\\\/es\\\/#\\\/schema\\\/person\\\/e777c87fa024e57d40170af9df39882c\"},\"headline\":\"Alcoy y el Consell buscan facilitar la apertura de comercios en el Centro\",\"datePublished\":\"2016-02-26T19:02:12+00:00\",\"dateModified\":\"2016-03-05T09:47:04+00:00\",\"mainEntityOfPage\":{\"@id\":\"https:\\\/\\\/www.copealcoy.es\\\/es\\\/alcoy-y-el-consell-buscan-facilitar-la-apertura-de-comercios-en-el-centro\\\/\"},\"wordCount\":272,\"commentCount\":0,\"image\":{\"@id\":\"https:\\\/\\\/www.copealcoy.es\\\/es\\\/alcoy-y-el-consell-buscan-facilitar-la-apertura-de-comercios-en-el-centro\\\/#primaryimage\"},\"thumbnailUrl\":\"https:\\\/\\\/www.copealcoy.es\\\/wp-content\\\/uploads\\\/2015\\\/12\\\/IMG_20151014_110244.jpg\",\"keywords\":[\"Alcoy\",\"Antonio Franc\u00e9s\",\"Centro\",\"Comercio\",\"Vanesa Molt\u00f3\"],\"articleSection\":[\"Alcoy\",\"Noticias\",\"Portada\"],\"inLanguage\":\"es\"},{\"@type\":\"WebPage\",\"@id\":\"https:\\\/\\\/www.copealcoy.es\\\/es\\\/alcoy-y-el-consell-buscan-facilitar-la-apertura-de-comercios-en-el-centro\\\/\",\"url\":\"https:\\\/\\\/www.copealcoy.es\\\/es\\\/alcoy-y-el-consell-buscan-facilitar-la-apertura-de-comercios-en-el-centro\\\/\",\"name\":\"Alcoy y el Consell buscan facilitar la apertura de comercios en el Centro - COPE Alcoy\",\"isPartOf\":{\"@id\":\"https:\\\/\\\/www.copealcoy.es\\\/es\\\/#website\"},\"primaryImageOfPage\":{\"@id\":\"https:\\\/\\\/www.copealcoy.es\\\/es\\\/alcoy-y-el-consell-buscan-facilitar-la-apertura-de-comercios-en-el-centro\\\/#primaryimage\"},\"image\":{\"@id\":\"https:\\\/\\\/www.copealcoy.es\\\/es\\\/alcoy-y-el-consell-buscan-facilitar-la-apertura-de-comercios-en-el-centro\\\/#primaryimage\"},\"thumbnailUrl\":\"https:\\\/\\\/www.copealcoy.es\\\/wp-content\\\/uploads\\\/2015\\\/12\\\/IMG_20151014_110244.jpg\",\"datePublished\":\"2016-02-26T19:02:12+00:00\",\"dateModified\":\"2016-03-05T09:47:04+00:00\",\"author\":{\"@id\":\"https:\\\/\\\/www.copealcoy.es\\\/es\\\/#\\\/schema\\\/person\\\/e777c87fa024e57d40170af9df39882c\"},\"breadcrumb\":{\"@id\":\"https:\\\/\\\/www.copealcoy.es\\\/es\\\/alcoy-y-el-consell-buscan-facilitar-la-apertura-de-comercios-en-el-centro\\\/#breadcrumb\"},\"inLanguage\":\"es\",\"potentialAction\":[{\"@type\":\"ReadAction\",\"target\":[\"https:\\\/\\\/www.copealcoy.es\\\/es\\\/alcoy-y-el-consell-buscan-facilitar-la-apertura-de-comercios-en-el-centro\\\/\"]}]},{\"@type\":\"ImageObject\",\"inLanguage\":\"es\",\"@id\":\"https:\\\/\\\/www.copealcoy.es\\\/es\\\/alcoy-y-el-consell-buscan-facilitar-la-apertura-de-comercios-en-el-centro\\\/#primaryimage\",\"url\":\"https:\\\/\\\/www.copealcoy.es\\\/wp-content\\\/uploads\\\/2015\\\/12\\\/IMG_20151014_110244.jpg\",\"contentUrl\":\"https:\\\/\\\/www.copealcoy.es\\\/wp-content\\\/uploads\\\/2015\\\/12\\\/IMG_20151014_110244.jpg\",\"width\":2592,\"height\":1944},{\"@type\":\"BreadcrumbList\",\"@id\":\"https:\\\/\\\/www.copealcoy.es\\\/es\\\/alcoy-y-el-consell-buscan-facilitar-la-apertura-de-comercios-en-el-centro\\\/#breadcrumb\",\"itemListElement\":[{\"@type\":\"ListItem\",\"position\":1,\"name\":\"Portada\",\"item\":\"https:\\\/\\\/www.copealcoy.es\\\/es\\\/\"},{\"@type\":\"ListItem\",\"position\":2,\"name\":\"Alcoy y el Consell buscan facilitar la apertura de comercios en el Centro\"}]},{\"@type\":\"WebSite\",\"@id\":\"https:\\\/\\\/www.copealcoy.es\\\/es\\\/#website\",\"url\":\"https:\\\/\\\/www.copealcoy.es\\\/es\\\/\",\"name\":\"COPE Alcoy\",\"description\":\"Emisora COPE de radio local con emisi\u00f3n online. Pont de Sant Jordi 8-10 03803 Alcoy\",\"potentialAction\":[{\"@type\":\"SearchAction\",\"target\":{\"@type\":\"EntryPoint\",\"urlTemplate\":\"https:\\\/\\\/www.copealcoy.es\\\/es\\\/?s={search_term_string}\"},\"query-input\":{\"@type\":\"PropertyValueSpecification\",\"valueRequired\":true,\"valueName\":\"search_term_string\"}}],\"inLanguage\":\"es\"},{\"@type\":\"Person\",\"@id\":\"https:\\\/\\\/www.copealcoy.es\\\/es\\\/#\\\/schema\\\/person\\\/e777c87fa024e57d40170af9df39882c\",\"name\":\"Cope Alcoy\",\"image\":{\"@type\":\"ImageObject\",\"inLanguage\":\"es\",\"@id\":\"https:\\\/\\\/secure.gravatar.com\\\/avatar\\\/bb65d0283347e303893ba14f0692005417c1e0e690a325a4c5d8bb2b3943ee14?s=96&d=mm&r=g\",\"url\":\"https:\\\/\\\/secure.gravatar.com\\\/avatar\\\/bb65d0283347e303893ba14f0692005417c1e0e690a325a4c5d8bb2b3943ee14?s=96&d=mm&r=g\",\"contentUrl\":\"https:\\\/\\\/secure.gravatar.com\\\/avatar\\\/bb65d0283347e303893ba14f0692005417c1e0e690a325a4c5d8bb2b3943ee14?s=96&d=mm&r=g\",\"caption\":\"Cope Alcoy\"}}]}<\/script>\n<!-- \/ Yoast SEO plugin. -->","yoast_head_json":{"title":"Alcoy y el Consell buscan facilitar la apertura de comercios en el Centro - COPE Alcoy","robots":{"index":"index","follow":"follow","max-snippet":"max-snippet:-1","max-image-preview":"max-image-preview:large","max-video-preview":"max-video-preview:-1"},"canonical":"https:\/\/www.copealcoy.es\/es\/alcoy-y-el-consell-buscan-facilitar-la-apertura-de-comercios-en-el-centro\/","og_locale":"es_ES","og_type":"article","og_title":"Alcoy y el Consell buscan facilitar la apertura de comercios en el Centro - COPE Alcoy","og_description":"El Ayuntamiento de Alcoy y el Consell negocian una normativa que permita dar mayor flexibilidad a la apertura de establecimientos...","og_url":"https:\/\/www.copealcoy.es\/es\/alcoy-y-el-consell-buscan-facilitar-la-apertura-de-comercios-en-el-centro\/","og_site_name":"COPE Alcoy","article_published_time":"2016-02-26T19:02:12+00:00","article_modified_time":"2016-03-05T09:47:04+00:00","og_image":[{"width":2592,"height":1944,"url":"https:\/\/www.copealcoy.es\/wp-content\/uploads\/2015\/12\/IMG_20151014_110244.jpg","type":"image\/jpeg"}],"author":"Cope Alcoy","twitter_misc":{"Escrito por":"Cope Alcoy","Tiempo de lectura":"1 minuto"},"schema":{"@context":"https:\/\/schema.org","@graph":[{"@type":"Article","@id":"https:\/\/www.copealcoy.es\/es\/alcoy-y-el-consell-buscan-facilitar-la-apertura-de-comercios-en-el-centro\/#article","isPartOf":{"@id":"https:\/\/www.copealcoy.es\/es\/alcoy-y-el-consell-buscan-facilitar-la-apertura-de-comercios-en-el-centro\/"},"author":{"name":"Cope Alcoy","@id":"https:\/\/www.copealcoy.es\/es\/#\/schema\/person\/e777c87fa024e57d40170af9df39882c"},"headline":"Alcoy y el Consell buscan facilitar la apertura de comercios en el Centro","datePublished":"2016-02-26T19:02:12+00:00","dateModified":"2016-03-05T09:47:04+00:00","mainEntityOfPage":{"@id":"https:\/\/www.copealcoy.es\/es\/alcoy-y-el-consell-buscan-facilitar-la-apertura-de-comercios-en-el-centro\/"},"wordCount":272,"commentCount":0,"image":{"@id":"https:\/\/www.copealcoy.es\/es\/alcoy-y-el-consell-buscan-facilitar-la-apertura-de-comercios-en-el-centro\/#primaryimage"},"thumbnailUrl":"https:\/\/www.copealcoy.es\/wp-content\/uploads\/2015\/12\/IMG_20151014_110244.jpg","keywords":["Alcoy","Antonio Franc\u00e9s","Centro","Comercio","Vanesa Molt\u00f3"],"articleSection":["Alcoy","Noticias","Portada"],"inLanguage":"es"},{"@type":"WebPage","@id":"https:\/\/www.copealcoy.es\/es\/alcoy-y-el-consell-buscan-facilitar-la-apertura-de-comercios-en-el-centro\/","url":"https:\/\/www.copealcoy.es\/es\/alcoy-y-el-consell-buscan-facilitar-la-apertura-de-comercios-en-el-centro\/","name":"Alcoy y el Consell buscan facilitar la apertura de comercios en el Centro - COPE Alcoy","isPartOf":{"@id":"https:\/\/www.copealcoy.es\/es\/#website"},"primaryImageOfPage":{"@id":"https:\/\/www.copealcoy.es\/es\/alcoy-y-el-consell-buscan-facilitar-la-apertura-de-comercios-en-el-centro\/#primaryimage"},"image":{"@id":"https:\/\/www.copealcoy.es\/es\/alcoy-y-el-consell-buscan-facilitar-la-apertura-de-comercios-en-el-centro\/#primaryimage"},"thumbnailUrl":"https:\/\/www.copealcoy.es\/wp-content\/uploads\/2015\/12\/IMG_20151014_110244.jpg","datePublished":"2016-02-26T19:02:12+00:00","dateModified":"2016-03-05T09:47:04+00:00","author":{"@id":"https:\/\/www.copealcoy.es\/es\/#\/schema\/person\/e777c87fa024e57d40170af9df39882c"},"breadcrumb":{"@id":"https:\/\/www.copealcoy.es\/es\/alcoy-y-el-consell-buscan-facilitar-la-apertura-de-comercios-en-el-centro\/#breadcrumb"},"inLanguage":"es","potentialAction":[{"@type":"ReadAction","target":["https:\/\/www.copealcoy.es\/es\/alcoy-y-el-consell-buscan-facilitar-la-apertura-de-comercios-en-el-centro\/"]}]},{"@type":"ImageObject","inLanguage":"es","@id":"https:\/\/www.copealcoy.es\/es\/alcoy-y-el-consell-buscan-facilitar-la-apertura-de-comercios-en-el-centro\/#primaryimage","url":"https:\/\/www.copealcoy.es\/wp-content\/uploads\/2015\/12\/IMG_20151014_110244.jpg","contentUrl":"https:\/\/www.copealcoy.es\/wp-content\/uploads\/2015\/12\/IMG_20151014_110244.jpg","width":2592,"height":1944},{"@type":"BreadcrumbList","@id":"https:\/\/www.copealcoy.es\/es\/alcoy-y-el-consell-buscan-facilitar-la-apertura-de-comercios-en-el-centro\/#breadcrumb","itemListElement":[{"@type":"ListItem","position":1,"name":"Portada","item":"https:\/\/www.copealcoy.es\/es\/"},{"@type":"ListItem","position":2,"name":"Alcoy y el Consell buscan facilitar la apertura de comercios en el Centro"}]},{"@type":"WebSite","@id":"https:\/\/www.copealcoy.es\/es\/#website","url":"https:\/\/www.copealcoy.es\/es\/","name":"COPE Alcoy","description":"Emisora COPE de radio local con emisi\u00f3n online. Pont de Sant Jordi 8-10 03803 Alcoy","potentialAction":[{"@type":"SearchAction","target":{"@type":"EntryPoint","urlTemplate":"https:\/\/www.copealcoy.es\/es\/?s={search_term_string}"},"query-input":{"@type":"PropertyValueSpecification","valueRequired":true,"valueName":"search_term_string"}}],"inLanguage":"es"},{"@type":"Person","@id":"https:\/\/www.copealcoy.es\/es\/#\/schema\/person\/e777c87fa024e57d40170af9df39882c","name":"Cope Alcoy","image":{"@type":"ImageObject","inLanguage":"es","@id":"https:\/\/secure.gravatar.com\/avatar\/bb65d0283347e303893ba14f0692005417c1e0e690a325a4c5d8bb2b3943ee14?s=96&d=mm&r=g","url":"https:\/\/secure.gravatar.com\/avatar\/bb65d0283347e303893ba14f0692005417c1e0e690a325a4c5d8bb2b3943ee14?s=96&d=mm&r=g","contentUrl":"https:\/\/secure.gravatar.com\/avatar\/bb65d0283347e303893ba14f0692005417c1e0e690a325a4c5d8bb2b3943ee14?s=96&d=mm&r=g","caption":"Cope Alcoy"}}]}},"_links":{"self":[{"href":"https:\/\/www.copealcoy.es\/es\/wp-json\/wp\/v2\/posts\/19250","targetHints":{"allow":["GET"]}}],"collection":[{"href":"https:\/\/www.copealcoy.es\/es\/wp-json\/wp\/v2\/posts"}],"about":[{"href":"https:\/\/www.copealcoy.es\/es\/wp-json\/wp\/v2\/types\/post"}],"author":[{"embeddable":true,"href":"https:\/\/www.copealcoy.es\/es\/wp-json\/wp\/v2\/users\/1"}],"replies":[{"embeddable":true,"href":"https:\/\/www.copealcoy.es\/es\/wp-json\/wp\/v2\/comments?post=19250"}],"version-history":[{"count":0,"href":"https:\/\/www.copealcoy.es\/es\/wp-json\/wp\/v2\/posts\/19250\/revisions"}],"wp:featuredmedia":[{"embeddable":true,"href":"https:\/\/www.copealcoy.es\/es\/wp-json\/wp\/v2\/media\/17409"}],"wp:attachment":[{"href":"https:\/\/www.copealcoy.es\/es\/wp-json\/wp\/v2\/media?parent=19250"}],"wp:term":[{"taxonomy":"category","embeddable":true,"href":"https:\/\/www.copealcoy.es\/es\/wp-json\/wp\/v2\/categories?post=19250"},{"taxonomy":"post_tag","embeddable":true,"href":"https:\/\/www.copealcoy.es\/es\/wp-json\/wp\/v2\/tags?post=19250"}],"curies":[{"name":"wp","href":"https:\/\/api.w.org\/{rel}","templated":true}]}}