{"id":19161,"date":"2016-02-24T09:14:12","date_gmt":"2016-02-24T09:14:12","guid":{"rendered":"http:\/\/copealcoi.es\/new\/?p=19161"},"modified":"2016-02-24T15:33:49","modified_gmt":"2016-02-24T15:33:49","slug":"guanyar-alcoy-no-ve-claras-las-condiciones-para-el-traslado-de-los-juzgados","status":"publish","type":"post","link":"https:\/\/www.copealcoy.es\/es\/guanyar-alcoy-no-ve-claras-las-condiciones-para-el-traslado-de-los-juzgados\/","title":{"rendered":"Guanyar Alcoy no ve claras las condiciones para el traslado de los Juzgados"},"content":{"rendered":"<p style=\"text-align: justify;\">Guanyar Alcoi sigue sin ver claro el acuerdo para\u00a0el traslado del Palacio de Justicia al Centro de la ciudad. Para la plataforma, el convenio firmado entre la Generalitat\u00a0y el Gobierno local\u00a0carece de transparencia y de seguir adelante, se\u00f1alan, se perpetuar\u00eda una irregularidad.<\/p>\n<p style=\"text-align: justify;\">Las cr\u00edticas que\u00a0giran en torno a este acuerdo se centra en que, seg\u00fan la formaci\u00f3n, ni se han fijado compensaciones econ\u00f3micas por la inversi\u00f3n inicial que hizo en d\u00eda el Ayuntamiento &#8211; a d\u00eda de hoy se cifra en 3,5 millones -,ni tampoco, si el compromiso que la Conseller\u00eda de Justicia con la\u00a0ejecutiva municipal es firme.<\/p>\n<p style=\"text-align: justify;\">La resoluci\u00f3n fijada establece que en menos de 4 meses se iniciar\u00e1 este traslado y de momento el Gobierno Auton\u00f3mico pagar\u00e1 un alquiler anual de 32.000 al Ayuntamiento. Este arrendamiento se realizar\u00e1 al mismo tiempo que desde el Consell se estudie una f\u00f3rmula jur\u00eddica que permita adecuar el estado de las nuevas\u00a0\u00a0instalaciones judiciales a la legalidad.<\/p>\n<p style=\"text-align: justify;\">Finalmente la portavoz de Guanyar Alcoi, Estefan\u00eda Blanes, insiste en que el actual Ejecutivo Municipal ampara las decisiones que tom\u00f3 en su d\u00eda Jorge Sedano para solucionar las deficiencias de los Juzgados de Al &#8211; Azraq &#8220;despu\u00e9s de este traslado, el Ayuntamiento a\u00fan estar\u00e1 en una posici\u00f3n m\u00e1s d\u00e9bil para negociar con el edificio ya ocupado, sin que haya marcha atr\u00e1s, por lo que los ciudadanos seremos los perjudicados que hemos pagado una obra ilegal perpetrada por Sedano como alcalde y Peralta de Conseller de Justicia&#8221;, apunta.<\/p>\n","protected":false},"excerpt":{"rendered":"<p>Guanyar Alcoi sigue sin ver claro el acuerdo para\u00a0el traslado del Palacio de Justicia al Centro de la ciudad. Para&#8230;<\/p>\n","protected":false},"author":1,"featured_media":18999,"comment_status":"open","ping_status":"open","sticky":false,"template":"","format":"standard","meta":{"footnotes":""},"categories":[97,75,79],"tags":[1494,1325,245],"class_list":["post-19161","post","type-post","status-publish","format-standard","has-post-thumbnail","hentry","category-alcoy","category-noticias","category-politicayeconomia","tag-alcoy","tag-guanyar-alcoi","tag-juzgados"],"yoast_head":"<!-- This site is optimized with the Yoast SEO plugin v27.3 - https:\/\/yoast.com\/product\/yoast-seo-wordpress\/ -->\n<title>Guanyar Alcoy no ve claras las condiciones para el traslado de los Juzgados - COPE Alcoy<\/title>\n<meta name=\"robots\" content=\"index, follow, max-snippet:-1, max-image-preview:large, max-video-preview:-1\" \/>\n<link rel=\"canonical\" href=\"https:\/\/www.copealcoy.es\/es\/guanyar-alcoy-no-ve-claras-las-condiciones-para-el-traslado-de-los-juzgados\/\" \/>\n<meta property=\"og:locale\" content=\"es_ES\" \/>\n<meta property=\"og:type\" content=\"article\" \/>\n<meta property=\"og:title\" content=\"Guanyar Alcoy no ve claras las condiciones para el traslado de los Juzgados - COPE Alcoy\" \/>\n<meta property=\"og:description\" content=\"Guanyar Alcoi sigue sin ver claro el acuerdo para\u00a0el traslado del Palacio de Justicia al Centro de la ciudad. Para...\" \/>\n<meta property=\"og:url\" content=\"https:\/\/www.copealcoy.es\/es\/guanyar-alcoy-no-ve-claras-las-condiciones-para-el-traslado-de-los-juzgados\/\" \/>\n<meta property=\"og:site_name\" content=\"COPE Alcoy\" \/>\n<meta property=\"article:published_time\" content=\"2016-02-24T09:14:12+00:00\" \/>\n<meta property=\"article:modified_time\" content=\"2016-02-24T15:33:49+00:00\" \/>\n<meta property=\"og:image\" content=\"https:\/\/www.copealcoy.es\/wp-content\/uploads\/2016\/02\/CbaVqZfWAAArbYI.jpg\" \/>\n\t<meta property=\"og:image:width\" content=\"600\" \/>\n\t<meta property=\"og:image:height\" content=\"450\" \/>\n\t<meta property=\"og:image:type\" content=\"image\/jpeg\" \/>\n<meta name=\"author\" content=\"Cope Alcoy\" \/>\n<meta name=\"twitter:label1\" content=\"Escrito por\" \/>\n\t<meta name=\"twitter:data1\" content=\"Cope Alcoy\" \/>\n\t<meta name=\"twitter:label2\" content=\"Tiempo de lectura\" \/>\n\t<meta name=\"twitter:data2\" content=\"1 minuto\" \/>\n<script type=\"application\/ld+json\" class=\"yoast-schema-graph\">{\"@context\":\"https:\\\/\\\/schema.org\",\"@graph\":[{\"@type\":\"Article\",\"@id\":\"https:\\\/\\\/www.copealcoy.es\\\/es\\\/guanyar-alcoy-no-ve-claras-las-condiciones-para-el-traslado-de-los-juzgados\\\/#article\",\"isPartOf\":{\"@id\":\"https:\\\/\\\/www.copealcoy.es\\\/es\\\/guanyar-alcoy-no-ve-claras-las-condiciones-para-el-traslado-de-los-juzgados\\\/\"},\"author\":{\"name\":\"Cope Alcoy\",\"@id\":\"https:\\\/\\\/www.copealcoy.es\\\/es\\\/#\\\/schema\\\/person\\\/e777c87fa024e57d40170af9df39882c\"},\"headline\":\"Guanyar Alcoy no ve claras las condiciones para el traslado de los Juzgados\",\"datePublished\":\"2016-02-24T09:14:12+00:00\",\"dateModified\":\"2016-02-24T15:33:49+00:00\",\"mainEntityOfPage\":{\"@id\":\"https:\\\/\\\/www.copealcoy.es\\\/es\\\/guanyar-alcoy-no-ve-claras-las-condiciones-para-el-traslado-de-los-juzgados\\\/\"},\"wordCount\":280,\"commentCount\":0,\"image\":{\"@id\":\"https:\\\/\\\/www.copealcoy.es\\\/es\\\/guanyar-alcoy-no-ve-claras-las-condiciones-para-el-traslado-de-los-juzgados\\\/#primaryimage\"},\"thumbnailUrl\":\"https:\\\/\\\/www.copealcoy.es\\\/wp-content\\\/uploads\\\/2016\\\/02\\\/CbaVqZfWAAArbYI.jpg\",\"keywords\":[\"Alcoy\",\"Guanyar Alcoi\",\"Juzgados\"],\"articleSection\":[\"Alcoy\",\"Noticias\",\"Pol\u00edtica y Econom\u00eda\"],\"inLanguage\":\"es\"},{\"@type\":\"WebPage\",\"@id\":\"https:\\\/\\\/www.copealcoy.es\\\/es\\\/guanyar-alcoy-no-ve-claras-las-condiciones-para-el-traslado-de-los-juzgados\\\/\",\"url\":\"https:\\\/\\\/www.copealcoy.es\\\/es\\\/guanyar-alcoy-no-ve-claras-las-condiciones-para-el-traslado-de-los-juzgados\\\/\",\"name\":\"Guanyar Alcoy no ve claras las condiciones para el traslado de los Juzgados - COPE Alcoy\",\"isPartOf\":{\"@id\":\"https:\\\/\\\/www.copealcoy.es\\\/es\\\/#website\"},\"primaryImageOfPage\":{\"@id\":\"https:\\\/\\\/www.copealcoy.es\\\/es\\\/guanyar-alcoy-no-ve-claras-las-condiciones-para-el-traslado-de-los-juzgados\\\/#primaryimage\"},\"image\":{\"@id\":\"https:\\\/\\\/www.copealcoy.es\\\/es\\\/guanyar-alcoy-no-ve-claras-las-condiciones-para-el-traslado-de-los-juzgados\\\/#primaryimage\"},\"thumbnailUrl\":\"https:\\\/\\\/www.copealcoy.es\\\/wp-content\\\/uploads\\\/2016\\\/02\\\/CbaVqZfWAAArbYI.jpg\",\"datePublished\":\"2016-02-24T09:14:12+00:00\",\"dateModified\":\"2016-02-24T15:33:49+00:00\",\"author\":{\"@id\":\"https:\\\/\\\/www.copealcoy.es\\\/es\\\/#\\\/schema\\\/person\\\/e777c87fa024e57d40170af9df39882c\"},\"breadcrumb\":{\"@id\":\"https:\\\/\\\/www.copealcoy.es\\\/es\\\/guanyar-alcoy-no-ve-claras-las-condiciones-para-el-traslado-de-los-juzgados\\\/#breadcrumb\"},\"inLanguage\":\"es\",\"potentialAction\":[{\"@type\":\"ReadAction\",\"target\":[\"https:\\\/\\\/www.copealcoy.es\\\/es\\\/guanyar-alcoy-no-ve-claras-las-condiciones-para-el-traslado-de-los-juzgados\\\/\"]}]},{\"@type\":\"ImageObject\",\"inLanguage\":\"es\",\"@id\":\"https:\\\/\\\/www.copealcoy.es\\\/es\\\/guanyar-alcoy-no-ve-claras-las-condiciones-para-el-traslado-de-los-juzgados\\\/#primaryimage\",\"url\":\"https:\\\/\\\/www.copealcoy.es\\\/wp-content\\\/uploads\\\/2016\\\/02\\\/CbaVqZfWAAArbYI.jpg\",\"contentUrl\":\"https:\\\/\\\/www.copealcoy.es\\\/wp-content\\\/uploads\\\/2016\\\/02\\\/CbaVqZfWAAArbYI.jpg\",\"width\":600,\"height\":450,\"caption\":\"Estefan\u00eda Blanes y Cristian Santiago han comparecido en rueda de prensa\"},{\"@type\":\"BreadcrumbList\",\"@id\":\"https:\\\/\\\/www.copealcoy.es\\\/es\\\/guanyar-alcoy-no-ve-claras-las-condiciones-para-el-traslado-de-los-juzgados\\\/#breadcrumb\",\"itemListElement\":[{\"@type\":\"ListItem\",\"position\":1,\"name\":\"Portada\",\"item\":\"https:\\\/\\\/www.copealcoy.es\\\/es\\\/\"},{\"@type\":\"ListItem\",\"position\":2,\"name\":\"Guanyar Alcoy no ve claras las condiciones para el traslado de los Juzgados\"}]},{\"@type\":\"WebSite\",\"@id\":\"https:\\\/\\\/www.copealcoy.es\\\/es\\\/#website\",\"url\":\"https:\\\/\\\/www.copealcoy.es\\\/es\\\/\",\"name\":\"COPE Alcoy\",\"description\":\"Emisora COPE de radio local con emisi\u00f3n online. Pont de Sant Jordi 8-10 03803 Alcoy\",\"potentialAction\":[{\"@type\":\"SearchAction\",\"target\":{\"@type\":\"EntryPoint\",\"urlTemplate\":\"https:\\\/\\\/www.copealcoy.es\\\/es\\\/?s={search_term_string}\"},\"query-input\":{\"@type\":\"PropertyValueSpecification\",\"valueRequired\":true,\"valueName\":\"search_term_string\"}}],\"inLanguage\":\"es\"},{\"@type\":\"Person\",\"@id\":\"https:\\\/\\\/www.copealcoy.es\\\/es\\\/#\\\/schema\\\/person\\\/e777c87fa024e57d40170af9df39882c\",\"name\":\"Cope Alcoy\",\"image\":{\"@type\":\"ImageObject\",\"inLanguage\":\"es\",\"@id\":\"https:\\\/\\\/secure.gravatar.com\\\/avatar\\\/bb65d0283347e303893ba14f0692005417c1e0e690a325a4c5d8bb2b3943ee14?s=96&d=mm&r=g\",\"url\":\"https:\\\/\\\/secure.gravatar.com\\\/avatar\\\/bb65d0283347e303893ba14f0692005417c1e0e690a325a4c5d8bb2b3943ee14?s=96&d=mm&r=g\",\"contentUrl\":\"https:\\\/\\\/secure.gravatar.com\\\/avatar\\\/bb65d0283347e303893ba14f0692005417c1e0e690a325a4c5d8bb2b3943ee14?s=96&d=mm&r=g\",\"caption\":\"Cope Alcoy\"}}]}<\/script>\n<!-- \/ Yoast SEO plugin. -->","yoast_head_json":{"title":"Guanyar Alcoy no ve claras las condiciones para el traslado de los Juzgados - COPE Alcoy","robots":{"index":"index","follow":"follow","max-snippet":"max-snippet:-1","max-image-preview":"max-image-preview:large","max-video-preview":"max-video-preview:-1"},"canonical":"https:\/\/www.copealcoy.es\/es\/guanyar-alcoy-no-ve-claras-las-condiciones-para-el-traslado-de-los-juzgados\/","og_locale":"es_ES","og_type":"article","og_title":"Guanyar Alcoy no ve claras las condiciones para el traslado de los Juzgados - COPE Alcoy","og_description":"Guanyar Alcoi sigue sin ver claro el acuerdo para\u00a0el traslado del Palacio de Justicia al Centro de la ciudad. Para...","og_url":"https:\/\/www.copealcoy.es\/es\/guanyar-alcoy-no-ve-claras-las-condiciones-para-el-traslado-de-los-juzgados\/","og_site_name":"COPE Alcoy","article_published_time":"2016-02-24T09:14:12+00:00","article_modified_time":"2016-02-24T15:33:49+00:00","og_image":[{"width":600,"height":450,"url":"https:\/\/www.copealcoy.es\/wp-content\/uploads\/2016\/02\/CbaVqZfWAAArbYI.jpg","type":"image\/jpeg"}],"author":"Cope Alcoy","twitter_misc":{"Escrito por":"Cope Alcoy","Tiempo de lectura":"1 minuto"},"schema":{"@context":"https:\/\/schema.org","@graph":[{"@type":"Article","@id":"https:\/\/www.copealcoy.es\/es\/guanyar-alcoy-no-ve-claras-las-condiciones-para-el-traslado-de-los-juzgados\/#article","isPartOf":{"@id":"https:\/\/www.copealcoy.es\/es\/guanyar-alcoy-no-ve-claras-las-condiciones-para-el-traslado-de-los-juzgados\/"},"author":{"name":"Cope Alcoy","@id":"https:\/\/www.copealcoy.es\/es\/#\/schema\/person\/e777c87fa024e57d40170af9df39882c"},"headline":"Guanyar Alcoy no ve claras las condiciones para el traslado de los Juzgados","datePublished":"2016-02-24T09:14:12+00:00","dateModified":"2016-02-24T15:33:49+00:00","mainEntityOfPage":{"@id":"https:\/\/www.copealcoy.es\/es\/guanyar-alcoy-no-ve-claras-las-condiciones-para-el-traslado-de-los-juzgados\/"},"wordCount":280,"commentCount":0,"image":{"@id":"https:\/\/www.copealcoy.es\/es\/guanyar-alcoy-no-ve-claras-las-condiciones-para-el-traslado-de-los-juzgados\/#primaryimage"},"thumbnailUrl":"https:\/\/www.copealcoy.es\/wp-content\/uploads\/2016\/02\/CbaVqZfWAAArbYI.jpg","keywords":["Alcoy","Guanyar Alcoi","Juzgados"],"articleSection":["Alcoy","Noticias","Pol\u00edtica y Econom\u00eda"],"inLanguage":"es"},{"@type":"WebPage","@id":"https:\/\/www.copealcoy.es\/es\/guanyar-alcoy-no-ve-claras-las-condiciones-para-el-traslado-de-los-juzgados\/","url":"https:\/\/www.copealcoy.es\/es\/guanyar-alcoy-no-ve-claras-las-condiciones-para-el-traslado-de-los-juzgados\/","name":"Guanyar Alcoy no ve claras las condiciones para el traslado de los Juzgados - COPE Alcoy","isPartOf":{"@id":"https:\/\/www.copealcoy.es\/es\/#website"},"primaryImageOfPage":{"@id":"https:\/\/www.copealcoy.es\/es\/guanyar-alcoy-no-ve-claras-las-condiciones-para-el-traslado-de-los-juzgados\/#primaryimage"},"image":{"@id":"https:\/\/www.copealcoy.es\/es\/guanyar-alcoy-no-ve-claras-las-condiciones-para-el-traslado-de-los-juzgados\/#primaryimage"},"thumbnailUrl":"https:\/\/www.copealcoy.es\/wp-content\/uploads\/2016\/02\/CbaVqZfWAAArbYI.jpg","datePublished":"2016-02-24T09:14:12+00:00","dateModified":"2016-02-24T15:33:49+00:00","author":{"@id":"https:\/\/www.copealcoy.es\/es\/#\/schema\/person\/e777c87fa024e57d40170af9df39882c"},"breadcrumb":{"@id":"https:\/\/www.copealcoy.es\/es\/guanyar-alcoy-no-ve-claras-las-condiciones-para-el-traslado-de-los-juzgados\/#breadcrumb"},"inLanguage":"es","potentialAction":[{"@type":"ReadAction","target":["https:\/\/www.copealcoy.es\/es\/guanyar-alcoy-no-ve-claras-las-condiciones-para-el-traslado-de-los-juzgados\/"]}]},{"@type":"ImageObject","inLanguage":"es","@id":"https:\/\/www.copealcoy.es\/es\/guanyar-alcoy-no-ve-claras-las-condiciones-para-el-traslado-de-los-juzgados\/#primaryimage","url":"https:\/\/www.copealcoy.es\/wp-content\/uploads\/2016\/02\/CbaVqZfWAAArbYI.jpg","contentUrl":"https:\/\/www.copealcoy.es\/wp-content\/uploads\/2016\/02\/CbaVqZfWAAArbYI.jpg","width":600,"height":450,"caption":"Estefan\u00eda Blanes y Cristian Santiago han comparecido en rueda de prensa"},{"@type":"BreadcrumbList","@id":"https:\/\/www.copealcoy.es\/es\/guanyar-alcoy-no-ve-claras-las-condiciones-para-el-traslado-de-los-juzgados\/#breadcrumb","itemListElement":[{"@type":"ListItem","position":1,"name":"Portada","item":"https:\/\/www.copealcoy.es\/es\/"},{"@type":"ListItem","position":2,"name":"Guanyar Alcoy no ve claras las condiciones para el traslado de los Juzgados"}]},{"@type":"WebSite","@id":"https:\/\/www.copealcoy.es\/es\/#website","url":"https:\/\/www.copealcoy.es\/es\/","name":"COPE Alcoy","description":"Emisora COPE de radio local con emisi\u00f3n online. Pont de Sant Jordi 8-10 03803 Alcoy","potentialAction":[{"@type":"SearchAction","target":{"@type":"EntryPoint","urlTemplate":"https:\/\/www.copealcoy.es\/es\/?s={search_term_string}"},"query-input":{"@type":"PropertyValueSpecification","valueRequired":true,"valueName":"search_term_string"}}],"inLanguage":"es"},{"@type":"Person","@id":"https:\/\/www.copealcoy.es\/es\/#\/schema\/person\/e777c87fa024e57d40170af9df39882c","name":"Cope Alcoy","image":{"@type":"ImageObject","inLanguage":"es","@id":"https:\/\/secure.gravatar.com\/avatar\/bb65d0283347e303893ba14f0692005417c1e0e690a325a4c5d8bb2b3943ee14?s=96&d=mm&r=g","url":"https:\/\/secure.gravatar.com\/avatar\/bb65d0283347e303893ba14f0692005417c1e0e690a325a4c5d8bb2b3943ee14?s=96&d=mm&r=g","contentUrl":"https:\/\/secure.gravatar.com\/avatar\/bb65d0283347e303893ba14f0692005417c1e0e690a325a4c5d8bb2b3943ee14?s=96&d=mm&r=g","caption":"Cope Alcoy"}}]}},"_links":{"self":[{"href":"https:\/\/www.copealcoy.es\/es\/wp-json\/wp\/v2\/posts\/19161","targetHints":{"allow":["GET"]}}],"collection":[{"href":"https:\/\/www.copealcoy.es\/es\/wp-json\/wp\/v2\/posts"}],"about":[{"href":"https:\/\/www.copealcoy.es\/es\/wp-json\/wp\/v2\/types\/post"}],"author":[{"embeddable":true,"href":"https:\/\/www.copealcoy.es\/es\/wp-json\/wp\/v2\/users\/1"}],"replies":[{"embeddable":true,"href":"https:\/\/www.copealcoy.es\/es\/wp-json\/wp\/v2\/comments?post=19161"}],"version-history":[{"count":0,"href":"https:\/\/www.copealcoy.es\/es\/wp-json\/wp\/v2\/posts\/19161\/revisions"}],"wp:featuredmedia":[{"embeddable":true,"href":"https:\/\/www.copealcoy.es\/es\/wp-json\/wp\/v2\/media\/18999"}],"wp:attachment":[{"href":"https:\/\/www.copealcoy.es\/es\/wp-json\/wp\/v2\/media?parent=19161"}],"wp:term":[{"taxonomy":"category","embeddable":true,"href":"https:\/\/www.copealcoy.es\/es\/wp-json\/wp\/v2\/categories?post=19161"},{"taxonomy":"post_tag","embeddable":true,"href":"https:\/\/www.copealcoy.es\/es\/wp-json\/wp\/v2\/tags?post=19161"}],"curies":[{"name":"wp","href":"https:\/\/api.w.org\/{rel}","templated":true}]}}