{"id":19062,"date":"2016-02-20T09:24:48","date_gmt":"2016-02-20T09:24:48","guid":{"rendered":"http:\/\/copealcoi.es\/new\/?p=19062"},"modified":"2016-02-20T09:24:48","modified_gmt":"2016-02-20T09:24:48","slug":"los-comerciantes-del-centro-reclaman-mas-seguridad","status":"publish","type":"post","link":"https:\/\/www.copealcoy.es\/es\/los-comerciantes-del-centro-reclaman-mas-seguridad\/","title":{"rendered":"Los comerciantes del Centro reclaman m\u00e1s seguridad"},"content":{"rendered":"<p style=\"text-align: justify;\">Los comerciantes del Centro de Alcoy han reclamado mayor presencia policial en la zona en el transcurso de una reuni\u00f3n que han mantenido durante esta semana con efectivos de la Polic\u00eda Nacional y Local. Adem\u00e1s de la vigilancia han manifestado su preocupaci\u00f3n por el funcionamiento de las zonas de carga y descarga al mismo tiempo que han propuesto la creaci\u00f3n de un aparcamiento para motos en la calle San Lorenzo. En esta reuni\u00f3n tambi\u00e9n estuvieron presentes los ediles de Seguridad, Ra\u00fcl Llopis, y de Comercio, Vanesa Molt\u00f3.<\/p>\n<p style=\"text-align: justify;\"><strong>Preocupaci\u00f3n por la desaparici\u00f3n de comercios<\/strong><\/p>\n<p style=\"text-align: justify;\">Desde el Centro de Alcoy sus comerciantes tambi\u00e9n se han mostrado preocupados por el cierre de establecimientos en la zona y apuntan que en los \u00faltimos treinta a\u00f1os han desaparecido un total de 170 comercios. En este sentido el presidente de Alcentro, \u00c1lex Cerradelo, ha destacado que su asociaci\u00f3n reclama m\u00e1s implicaci\u00f3n a la administraci\u00f3n local y a los organismos competentes\u00a0&#8220;para que impulsen medidas que eviten m\u00e1s cierres porque ya vemos como hay calles en las que no existe ni un solo comercio&#8221;, afirma. Adem\u00e1s ha anunciado que est\u00e1n perfilando una campa\u00f1a con el fin de dinamizar el comercio del Centro y ponerlo en valor. \u00a0Finalmente desde Alcentro temen que esta tendencia se extienda a otras v\u00edas c\u00e9ntricas como San Lorenzo, Santo Tom\u00e1s o San Nicol\u00e1s.<\/p>\n<p>&nbsp;<\/p>\n","protected":false},"excerpt":{"rendered":"<p>Los comerciantes del Centro de Alcoy han reclamado mayor presencia policial en la zona en el transcurso de una reuni\u00f3n&#8230;<\/p>\n","protected":false},"author":1,"featured_media":10977,"comment_status":"open","ping_status":"open","sticky":false,"template":"","format":"standard","meta":{"footnotes":""},"categories":[97,75,125],"tags":[1494,295,1889,367],"class_list":["post-19062","post","type-post","status-publish","format-standard","has-post-thumbnail","hentry","category-alcoy","category-noticias","category-portada","tag-alcoy","tag-centro","tag-pagina-66","tag-seguridad"],"yoast_head":"<!-- This site is optimized with the Yoast SEO plugin v27.3 - https:\/\/yoast.com\/product\/yoast-seo-wordpress\/ -->\n<title>Los comerciantes del Centro reclaman m\u00e1s seguridad - COPE Alcoy<\/title>\n<meta name=\"robots\" content=\"index, follow, max-snippet:-1, max-image-preview:large, max-video-preview:-1\" \/>\n<link rel=\"canonical\" href=\"https:\/\/www.copealcoy.es\/es\/los-comerciantes-del-centro-reclaman-mas-seguridad\/\" \/>\n<meta property=\"og:locale\" content=\"es_ES\" \/>\n<meta property=\"og:type\" content=\"article\" \/>\n<meta property=\"og:title\" content=\"Los comerciantes del Centro reclaman m\u00e1s seguridad - COPE Alcoy\" \/>\n<meta property=\"og:description\" content=\"Los comerciantes del Centro de Alcoy han reclamado mayor presencia policial en la zona en el transcurso de una reuni\u00f3n...\" \/>\n<meta property=\"og:url\" content=\"https:\/\/www.copealcoy.es\/es\/los-comerciantes-del-centro-reclaman-mas-seguridad\/\" \/>\n<meta property=\"og:site_name\" content=\"COPE Alcoy\" \/>\n<meta property=\"article:published_time\" content=\"2016-02-20T09:24:48+00:00\" \/>\n<meta property=\"og:image\" content=\"https:\/\/www.copealcoy.es\/wp-content\/uploads\/2015\/03\/image4.jpg\" \/>\n\t<meta property=\"og:image:width\" content=\"460\" \/>\n\t<meta property=\"og:image:height\" content=\"345\" \/>\n\t<meta property=\"og:image:type\" content=\"image\/jpeg\" \/>\n<meta name=\"author\" content=\"Cope Alcoy\" \/>\n<meta name=\"twitter:label1\" content=\"Escrito por\" \/>\n\t<meta name=\"twitter:data1\" content=\"Cope Alcoy\" \/>\n\t<meta name=\"twitter:label2\" content=\"Tiempo de lectura\" \/>\n\t<meta name=\"twitter:data2\" content=\"1 minuto\" \/>\n<script type=\"application\/ld+json\" class=\"yoast-schema-graph\">{\"@context\":\"https:\\\/\\\/schema.org\",\"@graph\":[{\"@type\":\"Article\",\"@id\":\"https:\\\/\\\/www.copealcoy.es\\\/es\\\/los-comerciantes-del-centro-reclaman-mas-seguridad\\\/#article\",\"isPartOf\":{\"@id\":\"https:\\\/\\\/www.copealcoy.es\\\/es\\\/los-comerciantes-del-centro-reclaman-mas-seguridad\\\/\"},\"author\":{\"name\":\"Cope Alcoy\",\"@id\":\"https:\\\/\\\/www.copealcoy.es\\\/es\\\/#\\\/schema\\\/person\\\/e777c87fa024e57d40170af9df39882c\"},\"headline\":\"Los comerciantes del Centro reclaman m\u00e1s seguridad\",\"datePublished\":\"2016-02-20T09:24:48+00:00\",\"mainEntityOfPage\":{\"@id\":\"https:\\\/\\\/www.copealcoy.es\\\/es\\\/los-comerciantes-del-centro-reclaman-mas-seguridad\\\/\"},\"wordCount\":252,\"commentCount\":0,\"image\":{\"@id\":\"https:\\\/\\\/www.copealcoy.es\\\/es\\\/los-comerciantes-del-centro-reclaman-mas-seguridad\\\/#primaryimage\"},\"thumbnailUrl\":\"https:\\\/\\\/www.copealcoy.es\\\/wp-content\\\/uploads\\\/2015\\\/03\\\/image4.jpg\",\"keywords\":[\"Alcoy\",\"Centro\",\"P\u00e1gina 66\",\"Seguridad\"],\"articleSection\":[\"Alcoy\",\"Noticias\",\"Portada\"],\"inLanguage\":\"es\"},{\"@type\":\"WebPage\",\"@id\":\"https:\\\/\\\/www.copealcoy.es\\\/es\\\/los-comerciantes-del-centro-reclaman-mas-seguridad\\\/\",\"url\":\"https:\\\/\\\/www.copealcoy.es\\\/es\\\/los-comerciantes-del-centro-reclaman-mas-seguridad\\\/\",\"name\":\"Los comerciantes del Centro reclaman m\u00e1s seguridad - COPE Alcoy\",\"isPartOf\":{\"@id\":\"https:\\\/\\\/www.copealcoy.es\\\/es\\\/#website\"},\"primaryImageOfPage\":{\"@id\":\"https:\\\/\\\/www.copealcoy.es\\\/es\\\/los-comerciantes-del-centro-reclaman-mas-seguridad\\\/#primaryimage\"},\"image\":{\"@id\":\"https:\\\/\\\/www.copealcoy.es\\\/es\\\/los-comerciantes-del-centro-reclaman-mas-seguridad\\\/#primaryimage\"},\"thumbnailUrl\":\"https:\\\/\\\/www.copealcoy.es\\\/wp-content\\\/uploads\\\/2015\\\/03\\\/image4.jpg\",\"datePublished\":\"2016-02-20T09:24:48+00:00\",\"author\":{\"@id\":\"https:\\\/\\\/www.copealcoy.es\\\/es\\\/#\\\/schema\\\/person\\\/e777c87fa024e57d40170af9df39882c\"},\"breadcrumb\":{\"@id\":\"https:\\\/\\\/www.copealcoy.es\\\/es\\\/los-comerciantes-del-centro-reclaman-mas-seguridad\\\/#breadcrumb\"},\"inLanguage\":\"es\",\"potentialAction\":[{\"@type\":\"ReadAction\",\"target\":[\"https:\\\/\\\/www.copealcoy.es\\\/es\\\/los-comerciantes-del-centro-reclaman-mas-seguridad\\\/\"]}]},{\"@type\":\"ImageObject\",\"inLanguage\":\"es\",\"@id\":\"https:\\\/\\\/www.copealcoy.es\\\/es\\\/los-comerciantes-del-centro-reclaman-mas-seguridad\\\/#primaryimage\",\"url\":\"https:\\\/\\\/www.copealcoy.es\\\/wp-content\\\/uploads\\\/2015\\\/03\\\/image4.jpg\",\"contentUrl\":\"https:\\\/\\\/www.copealcoy.es\\\/wp-content\\\/uploads\\\/2015\\\/03\\\/image4.jpg\",\"width\":460,\"height\":345,\"caption\":\"El Centro es una de las zonas con locales m\u00e1s vac\u00edos\"},{\"@type\":\"BreadcrumbList\",\"@id\":\"https:\\\/\\\/www.copealcoy.es\\\/es\\\/los-comerciantes-del-centro-reclaman-mas-seguridad\\\/#breadcrumb\",\"itemListElement\":[{\"@type\":\"ListItem\",\"position\":1,\"name\":\"Portada\",\"item\":\"https:\\\/\\\/www.copealcoy.es\\\/es\\\/\"},{\"@type\":\"ListItem\",\"position\":2,\"name\":\"Los comerciantes del Centro reclaman m\u00e1s seguridad\"}]},{\"@type\":\"WebSite\",\"@id\":\"https:\\\/\\\/www.copealcoy.es\\\/es\\\/#website\",\"url\":\"https:\\\/\\\/www.copealcoy.es\\\/es\\\/\",\"name\":\"COPE Alcoy\",\"description\":\"Emisora COPE de radio local con emisi\u00f3n online. Pont de Sant Jordi 8-10 03803 Alcoy\",\"potentialAction\":[{\"@type\":\"SearchAction\",\"target\":{\"@type\":\"EntryPoint\",\"urlTemplate\":\"https:\\\/\\\/www.copealcoy.es\\\/es\\\/?s={search_term_string}\"},\"query-input\":{\"@type\":\"PropertyValueSpecification\",\"valueRequired\":true,\"valueName\":\"search_term_string\"}}],\"inLanguage\":\"es\"},{\"@type\":\"Person\",\"@id\":\"https:\\\/\\\/www.copealcoy.es\\\/es\\\/#\\\/schema\\\/person\\\/e777c87fa024e57d40170af9df39882c\",\"name\":\"Cope Alcoy\",\"image\":{\"@type\":\"ImageObject\",\"inLanguage\":\"es\",\"@id\":\"https:\\\/\\\/secure.gravatar.com\\\/avatar\\\/bb65d0283347e303893ba14f0692005417c1e0e690a325a4c5d8bb2b3943ee14?s=96&d=mm&r=g\",\"url\":\"https:\\\/\\\/secure.gravatar.com\\\/avatar\\\/bb65d0283347e303893ba14f0692005417c1e0e690a325a4c5d8bb2b3943ee14?s=96&d=mm&r=g\",\"contentUrl\":\"https:\\\/\\\/secure.gravatar.com\\\/avatar\\\/bb65d0283347e303893ba14f0692005417c1e0e690a325a4c5d8bb2b3943ee14?s=96&d=mm&r=g\",\"caption\":\"Cope Alcoy\"}}]}<\/script>\n<!-- \/ Yoast SEO plugin. -->","yoast_head_json":{"title":"Los comerciantes del Centro reclaman m\u00e1s seguridad - COPE Alcoy","robots":{"index":"index","follow":"follow","max-snippet":"max-snippet:-1","max-image-preview":"max-image-preview:large","max-video-preview":"max-video-preview:-1"},"canonical":"https:\/\/www.copealcoy.es\/es\/los-comerciantes-del-centro-reclaman-mas-seguridad\/","og_locale":"es_ES","og_type":"article","og_title":"Los comerciantes del Centro reclaman m\u00e1s seguridad - COPE Alcoy","og_description":"Los comerciantes del Centro de Alcoy han reclamado mayor presencia policial en la zona en el transcurso de una reuni\u00f3n...","og_url":"https:\/\/www.copealcoy.es\/es\/los-comerciantes-del-centro-reclaman-mas-seguridad\/","og_site_name":"COPE Alcoy","article_published_time":"2016-02-20T09:24:48+00:00","og_image":[{"width":460,"height":345,"url":"https:\/\/www.copealcoy.es\/wp-content\/uploads\/2015\/03\/image4.jpg","type":"image\/jpeg"}],"author":"Cope Alcoy","twitter_misc":{"Escrito por":"Cope Alcoy","Tiempo de lectura":"1 minuto"},"schema":{"@context":"https:\/\/schema.org","@graph":[{"@type":"Article","@id":"https:\/\/www.copealcoy.es\/es\/los-comerciantes-del-centro-reclaman-mas-seguridad\/#article","isPartOf":{"@id":"https:\/\/www.copealcoy.es\/es\/los-comerciantes-del-centro-reclaman-mas-seguridad\/"},"author":{"name":"Cope Alcoy","@id":"https:\/\/www.copealcoy.es\/es\/#\/schema\/person\/e777c87fa024e57d40170af9df39882c"},"headline":"Los comerciantes del Centro reclaman m\u00e1s seguridad","datePublished":"2016-02-20T09:24:48+00:00","mainEntityOfPage":{"@id":"https:\/\/www.copealcoy.es\/es\/los-comerciantes-del-centro-reclaman-mas-seguridad\/"},"wordCount":252,"commentCount":0,"image":{"@id":"https:\/\/www.copealcoy.es\/es\/los-comerciantes-del-centro-reclaman-mas-seguridad\/#primaryimage"},"thumbnailUrl":"https:\/\/www.copealcoy.es\/wp-content\/uploads\/2015\/03\/image4.jpg","keywords":["Alcoy","Centro","P\u00e1gina 66","Seguridad"],"articleSection":["Alcoy","Noticias","Portada"],"inLanguage":"es"},{"@type":"WebPage","@id":"https:\/\/www.copealcoy.es\/es\/los-comerciantes-del-centro-reclaman-mas-seguridad\/","url":"https:\/\/www.copealcoy.es\/es\/los-comerciantes-del-centro-reclaman-mas-seguridad\/","name":"Los comerciantes del Centro reclaman m\u00e1s seguridad - COPE Alcoy","isPartOf":{"@id":"https:\/\/www.copealcoy.es\/es\/#website"},"primaryImageOfPage":{"@id":"https:\/\/www.copealcoy.es\/es\/los-comerciantes-del-centro-reclaman-mas-seguridad\/#primaryimage"},"image":{"@id":"https:\/\/www.copealcoy.es\/es\/los-comerciantes-del-centro-reclaman-mas-seguridad\/#primaryimage"},"thumbnailUrl":"https:\/\/www.copealcoy.es\/wp-content\/uploads\/2015\/03\/image4.jpg","datePublished":"2016-02-20T09:24:48+00:00","author":{"@id":"https:\/\/www.copealcoy.es\/es\/#\/schema\/person\/e777c87fa024e57d40170af9df39882c"},"breadcrumb":{"@id":"https:\/\/www.copealcoy.es\/es\/los-comerciantes-del-centro-reclaman-mas-seguridad\/#breadcrumb"},"inLanguage":"es","potentialAction":[{"@type":"ReadAction","target":["https:\/\/www.copealcoy.es\/es\/los-comerciantes-del-centro-reclaman-mas-seguridad\/"]}]},{"@type":"ImageObject","inLanguage":"es","@id":"https:\/\/www.copealcoy.es\/es\/los-comerciantes-del-centro-reclaman-mas-seguridad\/#primaryimage","url":"https:\/\/www.copealcoy.es\/wp-content\/uploads\/2015\/03\/image4.jpg","contentUrl":"https:\/\/www.copealcoy.es\/wp-content\/uploads\/2015\/03\/image4.jpg","width":460,"height":345,"caption":"El Centro es una de las zonas con locales m\u00e1s vac\u00edos"},{"@type":"BreadcrumbList","@id":"https:\/\/www.copealcoy.es\/es\/los-comerciantes-del-centro-reclaman-mas-seguridad\/#breadcrumb","itemListElement":[{"@type":"ListItem","position":1,"name":"Portada","item":"https:\/\/www.copealcoy.es\/es\/"},{"@type":"ListItem","position":2,"name":"Los comerciantes del Centro reclaman m\u00e1s seguridad"}]},{"@type":"WebSite","@id":"https:\/\/www.copealcoy.es\/es\/#website","url":"https:\/\/www.copealcoy.es\/es\/","name":"COPE Alcoy","description":"Emisora COPE de radio local con emisi\u00f3n online. Pont de Sant Jordi 8-10 03803 Alcoy","potentialAction":[{"@type":"SearchAction","target":{"@type":"EntryPoint","urlTemplate":"https:\/\/www.copealcoy.es\/es\/?s={search_term_string}"},"query-input":{"@type":"PropertyValueSpecification","valueRequired":true,"valueName":"search_term_string"}}],"inLanguage":"es"},{"@type":"Person","@id":"https:\/\/www.copealcoy.es\/es\/#\/schema\/person\/e777c87fa024e57d40170af9df39882c","name":"Cope Alcoy","image":{"@type":"ImageObject","inLanguage":"es","@id":"https:\/\/secure.gravatar.com\/avatar\/bb65d0283347e303893ba14f0692005417c1e0e690a325a4c5d8bb2b3943ee14?s=96&d=mm&r=g","url":"https:\/\/secure.gravatar.com\/avatar\/bb65d0283347e303893ba14f0692005417c1e0e690a325a4c5d8bb2b3943ee14?s=96&d=mm&r=g","contentUrl":"https:\/\/secure.gravatar.com\/avatar\/bb65d0283347e303893ba14f0692005417c1e0e690a325a4c5d8bb2b3943ee14?s=96&d=mm&r=g","caption":"Cope Alcoy"}}]}},"_links":{"self":[{"href":"https:\/\/www.copealcoy.es\/es\/wp-json\/wp\/v2\/posts\/19062","targetHints":{"allow":["GET"]}}],"collection":[{"href":"https:\/\/www.copealcoy.es\/es\/wp-json\/wp\/v2\/posts"}],"about":[{"href":"https:\/\/www.copealcoy.es\/es\/wp-json\/wp\/v2\/types\/post"}],"author":[{"embeddable":true,"href":"https:\/\/www.copealcoy.es\/es\/wp-json\/wp\/v2\/users\/1"}],"replies":[{"embeddable":true,"href":"https:\/\/www.copealcoy.es\/es\/wp-json\/wp\/v2\/comments?post=19062"}],"version-history":[{"count":0,"href":"https:\/\/www.copealcoy.es\/es\/wp-json\/wp\/v2\/posts\/19062\/revisions"}],"wp:featuredmedia":[{"embeddable":true,"href":"https:\/\/www.copealcoy.es\/es\/wp-json\/wp\/v2\/media\/10977"}],"wp:attachment":[{"href":"https:\/\/www.copealcoy.es\/es\/wp-json\/wp\/v2\/media?parent=19062"}],"wp:term":[{"taxonomy":"category","embeddable":true,"href":"https:\/\/www.copealcoy.es\/es\/wp-json\/wp\/v2\/categories?post=19062"},{"taxonomy":"post_tag","embeddable":true,"href":"https:\/\/www.copealcoy.es\/es\/wp-json\/wp\/v2\/tags?post=19062"}],"curies":[{"name":"wp","href":"https:\/\/api.w.org\/{rel}","templated":true}]}}