{"id":18996,"date":"2016-02-17T11:55:15","date_gmt":"2016-02-17T11:55:15","guid":{"rendered":"http:\/\/copealcoi.es\/new\/?p=18996"},"modified":"2016-02-17T16:05:16","modified_gmt":"2016-02-17T16:05:16","slug":"el-tribunal-de-cuentas-cita-a-sedano-y-parte-de-su-gobierno","status":"publish","type":"post","link":"https:\/\/www.copealcoy.es\/es\/el-tribunal-de-cuentas-cita-a-sedano-y-parte-de-su-gobierno\/","title":{"rendered":"El Tribunal de Cuentas cita a Sedano y parte de su gobierno"},"content":{"rendered":"<p style=\"text-align: justify;\"><span style=\"text-decoration: underline;\"><\/span>El Tribunal de Cuentas ha citado para el pr\u00f3ximo 4 de abril a parte de los componentes del anterior gobierno local del Partido Popular as\u00ed como al exalcalde Jorge Sedano por los supuestos sobrecostes del Teatro Calder\u00f3n. Seg\u00fan publica este mi\u00e9rcoles el diario Informaci\u00f3n la entidad fiscalizadora, encargada de juzgar la regularidad y gesti\u00f3n de las cuentas p\u00fablicas, ha pedido la comparecencia de antiguos miembros del gobierno popular de Alcoy. Entre los ex componentes citados a declarar est\u00e1n \u00a0el propio Jorge Sedano as\u00ed como tambi\u00e9n Amparo Ferrando, Rafa Sanus, Fernando Pastor, \u00a0Javier Casta\u00f1er, Santi Botella e Ignacio Palmer. Estas actuaciones previas se han puesto en marcha debido a la aprobaci\u00f3n en su d\u00eda en Junta de Gobierno el abono de 1.070.000 euros en supuestos sobrecostes al constructor Enrique Ortiz por las obras del Teatro Calder\u00f3n. Recordar que esta cantidad se corresponde con el informe pericial que tiene el Juzgado de Instrucci\u00f3n n\u00famero 2 de Alcoy y que investiga presuntos delitos de estafa, y falsedad documental en el pago de las certificaciones de obra del teatro. La investigaci\u00f3n trata de resolver si los pagos al empresario fueron o no il\u00edcitos ya que el presupuesto inicial del Calder\u00f3n fue de 1,6 millones y termin\u00f3 siendo de 12.<\/p>\n<p style=\"text-align: justify;\">\n","protected":false},"excerpt":{"rendered":"<p>El Tribunal de Cuentas ha citado para el pr\u00f3ximo 4 de abril a parte de los componentes del anterior gobierno&#8230;<\/p>\n","protected":false},"author":1,"featured_media":11108,"comment_status":"open","ping_status":"open","sticky":false,"template":"","format":"standard","meta":{"footnotes":""},"categories":[97,75,79],"tags":[1494,217,448,872],"class_list":["post-18996","post","type-post","status-publish","format-standard","has-post-thumbnail","hentry","category-alcoy","category-noticias","category-politicayeconomia","tag-alcoy","tag-gobierno","tag-partido-popular","tag-sedano"],"yoast_head":"<!-- This site is optimized with the Yoast SEO plugin v27.3 - https:\/\/yoast.com\/product\/yoast-seo-wordpress\/ -->\n<title>El Tribunal de Cuentas cita a Sedano y parte de su gobierno - COPE Alcoy<\/title>\n<meta name=\"robots\" content=\"index, follow, max-snippet:-1, max-image-preview:large, max-video-preview:-1\" \/>\n<link rel=\"canonical\" href=\"https:\/\/www.copealcoy.es\/es\/el-tribunal-de-cuentas-cita-a-sedano-y-parte-de-su-gobierno\/\" \/>\n<meta property=\"og:locale\" content=\"es_ES\" \/>\n<meta property=\"og:type\" content=\"article\" \/>\n<meta property=\"og:title\" content=\"El Tribunal de Cuentas cita a Sedano y parte de su gobierno - COPE Alcoy\" \/>\n<meta property=\"og:description\" content=\"El Tribunal de Cuentas ha citado para el pr\u00f3ximo 4 de abril a parte de los componentes del anterior gobierno...\" \/>\n<meta property=\"og:url\" content=\"https:\/\/www.copealcoy.es\/es\/el-tribunal-de-cuentas-cita-a-sedano-y-parte-de-su-gobierno\/\" \/>\n<meta property=\"og:site_name\" content=\"COPE Alcoy\" \/>\n<meta property=\"article:published_time\" content=\"2016-02-17T11:55:15+00:00\" \/>\n<meta property=\"article:modified_time\" content=\"2016-02-17T16:05:16+00:00\" \/>\n<meta property=\"og:image\" content=\"https:\/\/www.copealcoy.es\/wp-content\/uploads\/2015\/03\/image20.jpg\" \/>\n\t<meta property=\"og:image:width\" content=\"559\" \/>\n\t<meta property=\"og:image:height\" content=\"366\" \/>\n\t<meta property=\"og:image:type\" content=\"image\/jpeg\" \/>\n<meta name=\"author\" content=\"Cope Alcoy\" \/>\n<meta name=\"twitter:label1\" content=\"Escrito por\" \/>\n\t<meta name=\"twitter:data1\" content=\"Cope Alcoy\" \/>\n\t<meta name=\"twitter:label2\" content=\"Tiempo de lectura\" \/>\n\t<meta name=\"twitter:data2\" content=\"1 minuto\" \/>\n<script type=\"application\/ld+json\" class=\"yoast-schema-graph\">{\"@context\":\"https:\\\/\\\/schema.org\",\"@graph\":[{\"@type\":\"Article\",\"@id\":\"https:\\\/\\\/www.copealcoy.es\\\/es\\\/el-tribunal-de-cuentas-cita-a-sedano-y-parte-de-su-gobierno\\\/#article\",\"isPartOf\":{\"@id\":\"https:\\\/\\\/www.copealcoy.es\\\/es\\\/el-tribunal-de-cuentas-cita-a-sedano-y-parte-de-su-gobierno\\\/\"},\"author\":{\"name\":\"Cope Alcoy\",\"@id\":\"https:\\\/\\\/www.copealcoy.es\\\/es\\\/#\\\/schema\\\/person\\\/e777c87fa024e57d40170af9df39882c\"},\"headline\":\"El Tribunal de Cuentas cita a Sedano y parte de su gobierno\",\"datePublished\":\"2016-02-17T11:55:15+00:00\",\"dateModified\":\"2016-02-17T16:05:16+00:00\",\"mainEntityOfPage\":{\"@id\":\"https:\\\/\\\/www.copealcoy.es\\\/es\\\/el-tribunal-de-cuentas-cita-a-sedano-y-parte-de-su-gobierno\\\/\"},\"wordCount\":230,\"commentCount\":0,\"image\":{\"@id\":\"https:\\\/\\\/www.copealcoy.es\\\/es\\\/el-tribunal-de-cuentas-cita-a-sedano-y-parte-de-su-gobierno\\\/#primaryimage\"},\"thumbnailUrl\":\"https:\\\/\\\/www.copealcoy.es\\\/wp-content\\\/uploads\\\/2015\\\/03\\\/image20.jpg\",\"keywords\":[\"Alcoy\",\"Gobierno\",\"Partido Popular\",\"Sedano\"],\"articleSection\":[\"Alcoy\",\"Noticias\",\"Pol\u00edtica y Econom\u00eda\"],\"inLanguage\":\"es\"},{\"@type\":\"WebPage\",\"@id\":\"https:\\\/\\\/www.copealcoy.es\\\/es\\\/el-tribunal-de-cuentas-cita-a-sedano-y-parte-de-su-gobierno\\\/\",\"url\":\"https:\\\/\\\/www.copealcoy.es\\\/es\\\/el-tribunal-de-cuentas-cita-a-sedano-y-parte-de-su-gobierno\\\/\",\"name\":\"El Tribunal de Cuentas cita a Sedano y parte de su gobierno - COPE Alcoy\",\"isPartOf\":{\"@id\":\"https:\\\/\\\/www.copealcoy.es\\\/es\\\/#website\"},\"primaryImageOfPage\":{\"@id\":\"https:\\\/\\\/www.copealcoy.es\\\/es\\\/el-tribunal-de-cuentas-cita-a-sedano-y-parte-de-su-gobierno\\\/#primaryimage\"},\"image\":{\"@id\":\"https:\\\/\\\/www.copealcoy.es\\\/es\\\/el-tribunal-de-cuentas-cita-a-sedano-y-parte-de-su-gobierno\\\/#primaryimage\"},\"thumbnailUrl\":\"https:\\\/\\\/www.copealcoy.es\\\/wp-content\\\/uploads\\\/2015\\\/03\\\/image20.jpg\",\"datePublished\":\"2016-02-17T11:55:15+00:00\",\"dateModified\":\"2016-02-17T16:05:16+00:00\",\"author\":{\"@id\":\"https:\\\/\\\/www.copealcoy.es\\\/es\\\/#\\\/schema\\\/person\\\/e777c87fa024e57d40170af9df39882c\"},\"breadcrumb\":{\"@id\":\"https:\\\/\\\/www.copealcoy.es\\\/es\\\/el-tribunal-de-cuentas-cita-a-sedano-y-parte-de-su-gobierno\\\/#breadcrumb\"},\"inLanguage\":\"es\",\"potentialAction\":[{\"@type\":\"ReadAction\",\"target\":[\"https:\\\/\\\/www.copealcoy.es\\\/es\\\/el-tribunal-de-cuentas-cita-a-sedano-y-parte-de-su-gobierno\\\/\"]}]},{\"@type\":\"ImageObject\",\"inLanguage\":\"es\",\"@id\":\"https:\\\/\\\/www.copealcoy.es\\\/es\\\/el-tribunal-de-cuentas-cita-a-sedano-y-parte-de-su-gobierno\\\/#primaryimage\",\"url\":\"https:\\\/\\\/www.copealcoy.es\\\/wp-content\\\/uploads\\\/2015\\\/03\\\/image20.jpg\",\"contentUrl\":\"https:\\\/\\\/www.copealcoy.es\\\/wp-content\\\/uploads\\\/2015\\\/03\\\/image20.jpg\",\"width\":559,\"height\":366},{\"@type\":\"BreadcrumbList\",\"@id\":\"https:\\\/\\\/www.copealcoy.es\\\/es\\\/el-tribunal-de-cuentas-cita-a-sedano-y-parte-de-su-gobierno\\\/#breadcrumb\",\"itemListElement\":[{\"@type\":\"ListItem\",\"position\":1,\"name\":\"Portada\",\"item\":\"https:\\\/\\\/www.copealcoy.es\\\/es\\\/\"},{\"@type\":\"ListItem\",\"position\":2,\"name\":\"El Tribunal de Cuentas cita a Sedano y parte de su gobierno\"}]},{\"@type\":\"WebSite\",\"@id\":\"https:\\\/\\\/www.copealcoy.es\\\/es\\\/#website\",\"url\":\"https:\\\/\\\/www.copealcoy.es\\\/es\\\/\",\"name\":\"COPE Alcoy\",\"description\":\"Emisora COPE de radio local con emisi\u00f3n online. Pont de Sant Jordi 8-10 03803 Alcoy\",\"potentialAction\":[{\"@type\":\"SearchAction\",\"target\":{\"@type\":\"EntryPoint\",\"urlTemplate\":\"https:\\\/\\\/www.copealcoy.es\\\/es\\\/?s={search_term_string}\"},\"query-input\":{\"@type\":\"PropertyValueSpecification\",\"valueRequired\":true,\"valueName\":\"search_term_string\"}}],\"inLanguage\":\"es\"},{\"@type\":\"Person\",\"@id\":\"https:\\\/\\\/www.copealcoy.es\\\/es\\\/#\\\/schema\\\/person\\\/e777c87fa024e57d40170af9df39882c\",\"name\":\"Cope Alcoy\",\"image\":{\"@type\":\"ImageObject\",\"inLanguage\":\"es\",\"@id\":\"https:\\\/\\\/secure.gravatar.com\\\/avatar\\\/bb65d0283347e303893ba14f0692005417c1e0e690a325a4c5d8bb2b3943ee14?s=96&d=mm&r=g\",\"url\":\"https:\\\/\\\/secure.gravatar.com\\\/avatar\\\/bb65d0283347e303893ba14f0692005417c1e0e690a325a4c5d8bb2b3943ee14?s=96&d=mm&r=g\",\"contentUrl\":\"https:\\\/\\\/secure.gravatar.com\\\/avatar\\\/bb65d0283347e303893ba14f0692005417c1e0e690a325a4c5d8bb2b3943ee14?s=96&d=mm&r=g\",\"caption\":\"Cope Alcoy\"}}]}<\/script>\n<!-- \/ Yoast SEO plugin. -->","yoast_head_json":{"title":"El Tribunal de Cuentas cita a Sedano y parte de su gobierno - COPE Alcoy","robots":{"index":"index","follow":"follow","max-snippet":"max-snippet:-1","max-image-preview":"max-image-preview:large","max-video-preview":"max-video-preview:-1"},"canonical":"https:\/\/www.copealcoy.es\/es\/el-tribunal-de-cuentas-cita-a-sedano-y-parte-de-su-gobierno\/","og_locale":"es_ES","og_type":"article","og_title":"El Tribunal de Cuentas cita a Sedano y parte de su gobierno - COPE Alcoy","og_description":"El Tribunal de Cuentas ha citado para el pr\u00f3ximo 4 de abril a parte de los componentes del anterior gobierno...","og_url":"https:\/\/www.copealcoy.es\/es\/el-tribunal-de-cuentas-cita-a-sedano-y-parte-de-su-gobierno\/","og_site_name":"COPE Alcoy","article_published_time":"2016-02-17T11:55:15+00:00","article_modified_time":"2016-02-17T16:05:16+00:00","og_image":[{"width":559,"height":366,"url":"https:\/\/www.copealcoy.es\/wp-content\/uploads\/2015\/03\/image20.jpg","type":"image\/jpeg"}],"author":"Cope Alcoy","twitter_misc":{"Escrito por":"Cope Alcoy","Tiempo de lectura":"1 minuto"},"schema":{"@context":"https:\/\/schema.org","@graph":[{"@type":"Article","@id":"https:\/\/www.copealcoy.es\/es\/el-tribunal-de-cuentas-cita-a-sedano-y-parte-de-su-gobierno\/#article","isPartOf":{"@id":"https:\/\/www.copealcoy.es\/es\/el-tribunal-de-cuentas-cita-a-sedano-y-parte-de-su-gobierno\/"},"author":{"name":"Cope Alcoy","@id":"https:\/\/www.copealcoy.es\/es\/#\/schema\/person\/e777c87fa024e57d40170af9df39882c"},"headline":"El Tribunal de Cuentas cita a Sedano y parte de su gobierno","datePublished":"2016-02-17T11:55:15+00:00","dateModified":"2016-02-17T16:05:16+00:00","mainEntityOfPage":{"@id":"https:\/\/www.copealcoy.es\/es\/el-tribunal-de-cuentas-cita-a-sedano-y-parte-de-su-gobierno\/"},"wordCount":230,"commentCount":0,"image":{"@id":"https:\/\/www.copealcoy.es\/es\/el-tribunal-de-cuentas-cita-a-sedano-y-parte-de-su-gobierno\/#primaryimage"},"thumbnailUrl":"https:\/\/www.copealcoy.es\/wp-content\/uploads\/2015\/03\/image20.jpg","keywords":["Alcoy","Gobierno","Partido Popular","Sedano"],"articleSection":["Alcoy","Noticias","Pol\u00edtica y Econom\u00eda"],"inLanguage":"es"},{"@type":"WebPage","@id":"https:\/\/www.copealcoy.es\/es\/el-tribunal-de-cuentas-cita-a-sedano-y-parte-de-su-gobierno\/","url":"https:\/\/www.copealcoy.es\/es\/el-tribunal-de-cuentas-cita-a-sedano-y-parte-de-su-gobierno\/","name":"El Tribunal de Cuentas cita a Sedano y parte de su gobierno - COPE Alcoy","isPartOf":{"@id":"https:\/\/www.copealcoy.es\/es\/#website"},"primaryImageOfPage":{"@id":"https:\/\/www.copealcoy.es\/es\/el-tribunal-de-cuentas-cita-a-sedano-y-parte-de-su-gobierno\/#primaryimage"},"image":{"@id":"https:\/\/www.copealcoy.es\/es\/el-tribunal-de-cuentas-cita-a-sedano-y-parte-de-su-gobierno\/#primaryimage"},"thumbnailUrl":"https:\/\/www.copealcoy.es\/wp-content\/uploads\/2015\/03\/image20.jpg","datePublished":"2016-02-17T11:55:15+00:00","dateModified":"2016-02-17T16:05:16+00:00","author":{"@id":"https:\/\/www.copealcoy.es\/es\/#\/schema\/person\/e777c87fa024e57d40170af9df39882c"},"breadcrumb":{"@id":"https:\/\/www.copealcoy.es\/es\/el-tribunal-de-cuentas-cita-a-sedano-y-parte-de-su-gobierno\/#breadcrumb"},"inLanguage":"es","potentialAction":[{"@type":"ReadAction","target":["https:\/\/www.copealcoy.es\/es\/el-tribunal-de-cuentas-cita-a-sedano-y-parte-de-su-gobierno\/"]}]},{"@type":"ImageObject","inLanguage":"es","@id":"https:\/\/www.copealcoy.es\/es\/el-tribunal-de-cuentas-cita-a-sedano-y-parte-de-su-gobierno\/#primaryimage","url":"https:\/\/www.copealcoy.es\/wp-content\/uploads\/2015\/03\/image20.jpg","contentUrl":"https:\/\/www.copealcoy.es\/wp-content\/uploads\/2015\/03\/image20.jpg","width":559,"height":366},{"@type":"BreadcrumbList","@id":"https:\/\/www.copealcoy.es\/es\/el-tribunal-de-cuentas-cita-a-sedano-y-parte-de-su-gobierno\/#breadcrumb","itemListElement":[{"@type":"ListItem","position":1,"name":"Portada","item":"https:\/\/www.copealcoy.es\/es\/"},{"@type":"ListItem","position":2,"name":"El Tribunal de Cuentas cita a Sedano y parte de su gobierno"}]},{"@type":"WebSite","@id":"https:\/\/www.copealcoy.es\/es\/#website","url":"https:\/\/www.copealcoy.es\/es\/","name":"COPE Alcoy","description":"Emisora COPE de radio local con emisi\u00f3n online. Pont de Sant Jordi 8-10 03803 Alcoy","potentialAction":[{"@type":"SearchAction","target":{"@type":"EntryPoint","urlTemplate":"https:\/\/www.copealcoy.es\/es\/?s={search_term_string}"},"query-input":{"@type":"PropertyValueSpecification","valueRequired":true,"valueName":"search_term_string"}}],"inLanguage":"es"},{"@type":"Person","@id":"https:\/\/www.copealcoy.es\/es\/#\/schema\/person\/e777c87fa024e57d40170af9df39882c","name":"Cope Alcoy","image":{"@type":"ImageObject","inLanguage":"es","@id":"https:\/\/secure.gravatar.com\/avatar\/bb65d0283347e303893ba14f0692005417c1e0e690a325a4c5d8bb2b3943ee14?s=96&d=mm&r=g","url":"https:\/\/secure.gravatar.com\/avatar\/bb65d0283347e303893ba14f0692005417c1e0e690a325a4c5d8bb2b3943ee14?s=96&d=mm&r=g","contentUrl":"https:\/\/secure.gravatar.com\/avatar\/bb65d0283347e303893ba14f0692005417c1e0e690a325a4c5d8bb2b3943ee14?s=96&d=mm&r=g","caption":"Cope Alcoy"}}]}},"_links":{"self":[{"href":"https:\/\/www.copealcoy.es\/es\/wp-json\/wp\/v2\/posts\/18996","targetHints":{"allow":["GET"]}}],"collection":[{"href":"https:\/\/www.copealcoy.es\/es\/wp-json\/wp\/v2\/posts"}],"about":[{"href":"https:\/\/www.copealcoy.es\/es\/wp-json\/wp\/v2\/types\/post"}],"author":[{"embeddable":true,"href":"https:\/\/www.copealcoy.es\/es\/wp-json\/wp\/v2\/users\/1"}],"replies":[{"embeddable":true,"href":"https:\/\/www.copealcoy.es\/es\/wp-json\/wp\/v2\/comments?post=18996"}],"version-history":[{"count":0,"href":"https:\/\/www.copealcoy.es\/es\/wp-json\/wp\/v2\/posts\/18996\/revisions"}],"wp:featuredmedia":[{"embeddable":true,"href":"https:\/\/www.copealcoy.es\/es\/wp-json\/wp\/v2\/media\/11108"}],"wp:attachment":[{"href":"https:\/\/www.copealcoy.es\/es\/wp-json\/wp\/v2\/media?parent=18996"}],"wp:term":[{"taxonomy":"category","embeddable":true,"href":"https:\/\/www.copealcoy.es\/es\/wp-json\/wp\/v2\/categories?post=18996"},{"taxonomy":"post_tag","embeddable":true,"href":"https:\/\/www.copealcoy.es\/es\/wp-json\/wp\/v2\/tags?post=18996"}],"curies":[{"name":"wp","href":"https:\/\/api.w.org\/{rel}","templated":true}]}}