{"id":18951,"date":"2016-02-16T12:57:09","date_gmt":"2016-02-16T12:57:09","guid":{"rendered":"http:\/\/copealcoi.es\/new\/?p=18951"},"modified":"2016-02-16T20:15:52","modified_gmt":"2016-02-16T20:15:52","slug":"avanzar-lamenta-la-falta-de-sensibilidad-hacia-las-personas-con-discapacidad","status":"publish","type":"post","link":"https:\/\/www.copealcoy.es\/es\/avanzar-lamenta-la-falta-de-sensibilidad-hacia-las-personas-con-discapacidad\/","title":{"rendered":"Avanzar lamenta la falta de sensibilidad hacia las personas con discapacidad"},"content":{"rendered":"<p>La Asociaci\u00f3n de\u00a0las personas con diversidad funcional de Alcoy , Avanzar, han criticado la postura del Ayuntamiento de Alcoy, por desconsiderar todas sus propuestas en materia de mobilidad y no tener ning\u00fan proyecto para mejorar la\u00a0accesibilidad de la ciudad.<\/p>\n<p>En la rueda de prensa en la que han presentado su informe anual, han recordado que el objetivo de lograr la autonom\u00eda de las personas es una exigencia marcada desde la legislaci\u00f3n. Adem\u00e1s, estos problemas trasciende a personas discapacitadas ya que, seg\u00fan ellos, las dificultades se extienden en el transporte, la comunicaci\u00f3n y los establecimientos comerciales.<\/p>\n<p>Durante la presentaci\u00f3n se ha dado cuenta de los problemas existentes en edificios p\u00fablicos y en calles importantes de Alcoy. &#8220;Lo m\u00e1s preocupante de esto es que algunas de las zonas que est\u00e1n en mal estado se encuentran muy cerca del ayuntamiento&#8221;, denuncia Pep Fuster, miembro de Avanzar.<\/p>\n<p><strong>Sin respuesta\u00a0<\/strong><\/p>\n<p>Desde Avanzar han documentado las veces que se han realizado peticiones al Ayuntamiento y han sido deso\u00eddas. Esta situaci\u00f3n se ha llegado a producir hasta en cuatro\u00a0ocasiones: marzo y septiembre de 2014 y marzo y junio de 2015. Adem\u00e1s tambi\u00e9n se han paralizado el Plan de Accesibilidad que se aprob\u00f3 hace dos a\u00f1os y el programa que preven\u00eda el\u00a0antideslizamiento en las aceras de la ciudad.<\/p>\n","protected":false},"excerpt":{"rendered":"<p>La Asociaci\u00f3n de\u00a0las personas con diversidad funcional de Alcoy , Avanzar, han criticado la postura del Ayuntamiento de Alcoy, por&#8230;<\/p>\n","protected":false},"author":1,"featured_media":18957,"comment_status":"open","ping_status":"open","sticky":false,"template":"","format":"standard","meta":{"footnotes":""},"categories":[97,75,79],"tags":[1494,709,940,1874],"class_list":["post-18951","post","type-post","status-publish","format-standard","has-post-thumbnail","hentry","category-alcoy","category-noticias","category-politicayeconomia","tag-alcoy","tag-avanzar","tag-discapacidad","tag-diversidad-funcional"],"yoast_head":"<!-- This site is optimized with the Yoast SEO plugin v27.3 - https:\/\/yoast.com\/product\/yoast-seo-wordpress\/ -->\n<title>Avanzar lamenta la falta de sensibilidad hacia las personas con discapacidad - COPE Alcoy<\/title>\n<meta name=\"robots\" content=\"index, follow, max-snippet:-1, max-image-preview:large, max-video-preview:-1\" \/>\n<link rel=\"canonical\" href=\"https:\/\/www.copealcoy.es\/es\/avanzar-lamenta-la-falta-de-sensibilidad-hacia-las-personas-con-discapacidad\/\" \/>\n<meta property=\"og:locale\" content=\"es_ES\" \/>\n<meta property=\"og:type\" content=\"article\" \/>\n<meta property=\"og:title\" content=\"Avanzar lamenta la falta de sensibilidad hacia las personas con discapacidad - COPE Alcoy\" \/>\n<meta property=\"og:description\" content=\"La Asociaci\u00f3n de\u00a0las personas con diversidad funcional de Alcoy , Avanzar, han criticado la postura del Ayuntamiento de Alcoy, por...\" \/>\n<meta property=\"og:url\" content=\"https:\/\/www.copealcoy.es\/es\/avanzar-lamenta-la-falta-de-sensibilidad-hacia-las-personas-con-discapacidad\/\" \/>\n<meta property=\"og:site_name\" content=\"COPE Alcoy\" \/>\n<meta property=\"article:published_time\" content=\"2016-02-16T12:57:09+00:00\" \/>\n<meta property=\"article:modified_time\" content=\"2016-02-16T20:15:52+00:00\" \/>\n<meta property=\"og:image\" content=\"https:\/\/www.copealcoy.es\/wp-content\/uploads\/2016\/02\/IMG_1378.jpg\" \/>\n\t<meta property=\"og:image:width\" content=\"2592\" \/>\n\t<meta property=\"og:image:height\" content=\"1936\" \/>\n\t<meta property=\"og:image:type\" content=\"image\/jpeg\" \/>\n<meta name=\"author\" content=\"Cope Alcoy\" \/>\n<meta name=\"twitter:label1\" content=\"Escrito por\" \/>\n\t<meta name=\"twitter:data1\" content=\"Cope Alcoy\" \/>\n\t<meta name=\"twitter:label2\" content=\"Tiempo de lectura\" \/>\n\t<meta name=\"twitter:data2\" content=\"1 minuto\" \/>\n<script type=\"application\/ld+json\" class=\"yoast-schema-graph\">{\"@context\":\"https:\\\/\\\/schema.org\",\"@graph\":[{\"@type\":\"Article\",\"@id\":\"https:\\\/\\\/www.copealcoy.es\\\/es\\\/avanzar-lamenta-la-falta-de-sensibilidad-hacia-las-personas-con-discapacidad\\\/#article\",\"isPartOf\":{\"@id\":\"https:\\\/\\\/www.copealcoy.es\\\/es\\\/avanzar-lamenta-la-falta-de-sensibilidad-hacia-las-personas-con-discapacidad\\\/\"},\"author\":{\"name\":\"Cope Alcoy\",\"@id\":\"https:\\\/\\\/www.copealcoy.es\\\/es\\\/#\\\/schema\\\/person\\\/e777c87fa024e57d40170af9df39882c\"},\"headline\":\"Avanzar lamenta la falta de sensibilidad hacia las personas con discapacidad\",\"datePublished\":\"2016-02-16T12:57:09+00:00\",\"dateModified\":\"2016-02-16T20:15:52+00:00\",\"mainEntityOfPage\":{\"@id\":\"https:\\\/\\\/www.copealcoy.es\\\/es\\\/avanzar-lamenta-la-falta-de-sensibilidad-hacia-las-personas-con-discapacidad\\\/\"},\"wordCount\":239,\"commentCount\":0,\"image\":{\"@id\":\"https:\\\/\\\/www.copealcoy.es\\\/es\\\/avanzar-lamenta-la-falta-de-sensibilidad-hacia-las-personas-con-discapacidad\\\/#primaryimage\"},\"thumbnailUrl\":\"https:\\\/\\\/www.copealcoy.es\\\/wp-content\\\/uploads\\\/2016\\\/02\\\/IMG_1378.jpg\",\"keywords\":[\"Alcoy\",\"Avanzar\",\"Discapacidad\",\"diversidad funcional\"],\"articleSection\":[\"Alcoy\",\"Noticias\",\"Pol\u00edtica y Econom\u00eda\"],\"inLanguage\":\"es\"},{\"@type\":\"WebPage\",\"@id\":\"https:\\\/\\\/www.copealcoy.es\\\/es\\\/avanzar-lamenta-la-falta-de-sensibilidad-hacia-las-personas-con-discapacidad\\\/\",\"url\":\"https:\\\/\\\/www.copealcoy.es\\\/es\\\/avanzar-lamenta-la-falta-de-sensibilidad-hacia-las-personas-con-discapacidad\\\/\",\"name\":\"Avanzar lamenta la falta de sensibilidad hacia las personas con discapacidad - COPE Alcoy\",\"isPartOf\":{\"@id\":\"https:\\\/\\\/www.copealcoy.es\\\/es\\\/#website\"},\"primaryImageOfPage\":{\"@id\":\"https:\\\/\\\/www.copealcoy.es\\\/es\\\/avanzar-lamenta-la-falta-de-sensibilidad-hacia-las-personas-con-discapacidad\\\/#primaryimage\"},\"image\":{\"@id\":\"https:\\\/\\\/www.copealcoy.es\\\/es\\\/avanzar-lamenta-la-falta-de-sensibilidad-hacia-las-personas-con-discapacidad\\\/#primaryimage\"},\"thumbnailUrl\":\"https:\\\/\\\/www.copealcoy.es\\\/wp-content\\\/uploads\\\/2016\\\/02\\\/IMG_1378.jpg\",\"datePublished\":\"2016-02-16T12:57:09+00:00\",\"dateModified\":\"2016-02-16T20:15:52+00:00\",\"author\":{\"@id\":\"https:\\\/\\\/www.copealcoy.es\\\/es\\\/#\\\/schema\\\/person\\\/e777c87fa024e57d40170af9df39882c\"},\"breadcrumb\":{\"@id\":\"https:\\\/\\\/www.copealcoy.es\\\/es\\\/avanzar-lamenta-la-falta-de-sensibilidad-hacia-las-personas-con-discapacidad\\\/#breadcrumb\"},\"inLanguage\":\"es\",\"potentialAction\":[{\"@type\":\"ReadAction\",\"target\":[\"https:\\\/\\\/www.copealcoy.es\\\/es\\\/avanzar-lamenta-la-falta-de-sensibilidad-hacia-las-personas-con-discapacidad\\\/\"]}]},{\"@type\":\"ImageObject\",\"inLanguage\":\"es\",\"@id\":\"https:\\\/\\\/www.copealcoy.es\\\/es\\\/avanzar-lamenta-la-falta-de-sensibilidad-hacia-las-personas-con-discapacidad\\\/#primaryimage\",\"url\":\"https:\\\/\\\/www.copealcoy.es\\\/wp-content\\\/uploads\\\/2016\\\/02\\\/IMG_1378.jpg\",\"contentUrl\":\"https:\\\/\\\/www.copealcoy.es\\\/wp-content\\\/uploads\\\/2016\\\/02\\\/IMG_1378.jpg\",\"width\":2592,\"height\":1936},{\"@type\":\"BreadcrumbList\",\"@id\":\"https:\\\/\\\/www.copealcoy.es\\\/es\\\/avanzar-lamenta-la-falta-de-sensibilidad-hacia-las-personas-con-discapacidad\\\/#breadcrumb\",\"itemListElement\":[{\"@type\":\"ListItem\",\"position\":1,\"name\":\"Portada\",\"item\":\"https:\\\/\\\/www.copealcoy.es\\\/es\\\/\"},{\"@type\":\"ListItem\",\"position\":2,\"name\":\"Avanzar lamenta la falta de sensibilidad hacia las personas con discapacidad\"}]},{\"@type\":\"WebSite\",\"@id\":\"https:\\\/\\\/www.copealcoy.es\\\/es\\\/#website\",\"url\":\"https:\\\/\\\/www.copealcoy.es\\\/es\\\/\",\"name\":\"COPE Alcoy\",\"description\":\"Emisora COPE de radio local con emisi\u00f3n online. Pont de Sant Jordi 8-10 03803 Alcoy\",\"potentialAction\":[{\"@type\":\"SearchAction\",\"target\":{\"@type\":\"EntryPoint\",\"urlTemplate\":\"https:\\\/\\\/www.copealcoy.es\\\/es\\\/?s={search_term_string}\"},\"query-input\":{\"@type\":\"PropertyValueSpecification\",\"valueRequired\":true,\"valueName\":\"search_term_string\"}}],\"inLanguage\":\"es\"},{\"@type\":\"Person\",\"@id\":\"https:\\\/\\\/www.copealcoy.es\\\/es\\\/#\\\/schema\\\/person\\\/e777c87fa024e57d40170af9df39882c\",\"name\":\"Cope Alcoy\",\"image\":{\"@type\":\"ImageObject\",\"inLanguage\":\"es\",\"@id\":\"https:\\\/\\\/secure.gravatar.com\\\/avatar\\\/bb65d0283347e303893ba14f0692005417c1e0e690a325a4c5d8bb2b3943ee14?s=96&d=mm&r=g\",\"url\":\"https:\\\/\\\/secure.gravatar.com\\\/avatar\\\/bb65d0283347e303893ba14f0692005417c1e0e690a325a4c5d8bb2b3943ee14?s=96&d=mm&r=g\",\"contentUrl\":\"https:\\\/\\\/secure.gravatar.com\\\/avatar\\\/bb65d0283347e303893ba14f0692005417c1e0e690a325a4c5d8bb2b3943ee14?s=96&d=mm&r=g\",\"caption\":\"Cope Alcoy\"}}]}<\/script>\n<!-- \/ Yoast SEO plugin. -->","yoast_head_json":{"title":"Avanzar lamenta la falta de sensibilidad hacia las personas con discapacidad - COPE Alcoy","robots":{"index":"index","follow":"follow","max-snippet":"max-snippet:-1","max-image-preview":"max-image-preview:large","max-video-preview":"max-video-preview:-1"},"canonical":"https:\/\/www.copealcoy.es\/es\/avanzar-lamenta-la-falta-de-sensibilidad-hacia-las-personas-con-discapacidad\/","og_locale":"es_ES","og_type":"article","og_title":"Avanzar lamenta la falta de sensibilidad hacia las personas con discapacidad - COPE Alcoy","og_description":"La Asociaci\u00f3n de\u00a0las personas con diversidad funcional de Alcoy , Avanzar, han criticado la postura del Ayuntamiento de Alcoy, por...","og_url":"https:\/\/www.copealcoy.es\/es\/avanzar-lamenta-la-falta-de-sensibilidad-hacia-las-personas-con-discapacidad\/","og_site_name":"COPE Alcoy","article_published_time":"2016-02-16T12:57:09+00:00","article_modified_time":"2016-02-16T20:15:52+00:00","og_image":[{"width":2592,"height":1936,"url":"https:\/\/www.copealcoy.es\/wp-content\/uploads\/2016\/02\/IMG_1378.jpg","type":"image\/jpeg"}],"author":"Cope Alcoy","twitter_misc":{"Escrito por":"Cope Alcoy","Tiempo de lectura":"1 minuto"},"schema":{"@context":"https:\/\/schema.org","@graph":[{"@type":"Article","@id":"https:\/\/www.copealcoy.es\/es\/avanzar-lamenta-la-falta-de-sensibilidad-hacia-las-personas-con-discapacidad\/#article","isPartOf":{"@id":"https:\/\/www.copealcoy.es\/es\/avanzar-lamenta-la-falta-de-sensibilidad-hacia-las-personas-con-discapacidad\/"},"author":{"name":"Cope Alcoy","@id":"https:\/\/www.copealcoy.es\/es\/#\/schema\/person\/e777c87fa024e57d40170af9df39882c"},"headline":"Avanzar lamenta la falta de sensibilidad hacia las personas con discapacidad","datePublished":"2016-02-16T12:57:09+00:00","dateModified":"2016-02-16T20:15:52+00:00","mainEntityOfPage":{"@id":"https:\/\/www.copealcoy.es\/es\/avanzar-lamenta-la-falta-de-sensibilidad-hacia-las-personas-con-discapacidad\/"},"wordCount":239,"commentCount":0,"image":{"@id":"https:\/\/www.copealcoy.es\/es\/avanzar-lamenta-la-falta-de-sensibilidad-hacia-las-personas-con-discapacidad\/#primaryimage"},"thumbnailUrl":"https:\/\/www.copealcoy.es\/wp-content\/uploads\/2016\/02\/IMG_1378.jpg","keywords":["Alcoy","Avanzar","Discapacidad","diversidad funcional"],"articleSection":["Alcoy","Noticias","Pol\u00edtica y Econom\u00eda"],"inLanguage":"es"},{"@type":"WebPage","@id":"https:\/\/www.copealcoy.es\/es\/avanzar-lamenta-la-falta-de-sensibilidad-hacia-las-personas-con-discapacidad\/","url":"https:\/\/www.copealcoy.es\/es\/avanzar-lamenta-la-falta-de-sensibilidad-hacia-las-personas-con-discapacidad\/","name":"Avanzar lamenta la falta de sensibilidad hacia las personas con discapacidad - COPE Alcoy","isPartOf":{"@id":"https:\/\/www.copealcoy.es\/es\/#website"},"primaryImageOfPage":{"@id":"https:\/\/www.copealcoy.es\/es\/avanzar-lamenta-la-falta-de-sensibilidad-hacia-las-personas-con-discapacidad\/#primaryimage"},"image":{"@id":"https:\/\/www.copealcoy.es\/es\/avanzar-lamenta-la-falta-de-sensibilidad-hacia-las-personas-con-discapacidad\/#primaryimage"},"thumbnailUrl":"https:\/\/www.copealcoy.es\/wp-content\/uploads\/2016\/02\/IMG_1378.jpg","datePublished":"2016-02-16T12:57:09+00:00","dateModified":"2016-02-16T20:15:52+00:00","author":{"@id":"https:\/\/www.copealcoy.es\/es\/#\/schema\/person\/e777c87fa024e57d40170af9df39882c"},"breadcrumb":{"@id":"https:\/\/www.copealcoy.es\/es\/avanzar-lamenta-la-falta-de-sensibilidad-hacia-las-personas-con-discapacidad\/#breadcrumb"},"inLanguage":"es","potentialAction":[{"@type":"ReadAction","target":["https:\/\/www.copealcoy.es\/es\/avanzar-lamenta-la-falta-de-sensibilidad-hacia-las-personas-con-discapacidad\/"]}]},{"@type":"ImageObject","inLanguage":"es","@id":"https:\/\/www.copealcoy.es\/es\/avanzar-lamenta-la-falta-de-sensibilidad-hacia-las-personas-con-discapacidad\/#primaryimage","url":"https:\/\/www.copealcoy.es\/wp-content\/uploads\/2016\/02\/IMG_1378.jpg","contentUrl":"https:\/\/www.copealcoy.es\/wp-content\/uploads\/2016\/02\/IMG_1378.jpg","width":2592,"height":1936},{"@type":"BreadcrumbList","@id":"https:\/\/www.copealcoy.es\/es\/avanzar-lamenta-la-falta-de-sensibilidad-hacia-las-personas-con-discapacidad\/#breadcrumb","itemListElement":[{"@type":"ListItem","position":1,"name":"Portada","item":"https:\/\/www.copealcoy.es\/es\/"},{"@type":"ListItem","position":2,"name":"Avanzar lamenta la falta de sensibilidad hacia las personas con discapacidad"}]},{"@type":"WebSite","@id":"https:\/\/www.copealcoy.es\/es\/#website","url":"https:\/\/www.copealcoy.es\/es\/","name":"COPE Alcoy","description":"Emisora COPE de radio local con emisi\u00f3n online. Pont de Sant Jordi 8-10 03803 Alcoy","potentialAction":[{"@type":"SearchAction","target":{"@type":"EntryPoint","urlTemplate":"https:\/\/www.copealcoy.es\/es\/?s={search_term_string}"},"query-input":{"@type":"PropertyValueSpecification","valueRequired":true,"valueName":"search_term_string"}}],"inLanguage":"es"},{"@type":"Person","@id":"https:\/\/www.copealcoy.es\/es\/#\/schema\/person\/e777c87fa024e57d40170af9df39882c","name":"Cope Alcoy","image":{"@type":"ImageObject","inLanguage":"es","@id":"https:\/\/secure.gravatar.com\/avatar\/bb65d0283347e303893ba14f0692005417c1e0e690a325a4c5d8bb2b3943ee14?s=96&d=mm&r=g","url":"https:\/\/secure.gravatar.com\/avatar\/bb65d0283347e303893ba14f0692005417c1e0e690a325a4c5d8bb2b3943ee14?s=96&d=mm&r=g","contentUrl":"https:\/\/secure.gravatar.com\/avatar\/bb65d0283347e303893ba14f0692005417c1e0e690a325a4c5d8bb2b3943ee14?s=96&d=mm&r=g","caption":"Cope Alcoy"}}]}},"_links":{"self":[{"href":"https:\/\/www.copealcoy.es\/es\/wp-json\/wp\/v2\/posts\/18951","targetHints":{"allow":["GET"]}}],"collection":[{"href":"https:\/\/www.copealcoy.es\/es\/wp-json\/wp\/v2\/posts"}],"about":[{"href":"https:\/\/www.copealcoy.es\/es\/wp-json\/wp\/v2\/types\/post"}],"author":[{"embeddable":true,"href":"https:\/\/www.copealcoy.es\/es\/wp-json\/wp\/v2\/users\/1"}],"replies":[{"embeddable":true,"href":"https:\/\/www.copealcoy.es\/es\/wp-json\/wp\/v2\/comments?post=18951"}],"version-history":[{"count":0,"href":"https:\/\/www.copealcoy.es\/es\/wp-json\/wp\/v2\/posts\/18951\/revisions"}],"wp:featuredmedia":[{"embeddable":true,"href":"https:\/\/www.copealcoy.es\/es\/wp-json\/wp\/v2\/media\/18957"}],"wp:attachment":[{"href":"https:\/\/www.copealcoy.es\/es\/wp-json\/wp\/v2\/media?parent=18951"}],"wp:term":[{"taxonomy":"category","embeddable":true,"href":"https:\/\/www.copealcoy.es\/es\/wp-json\/wp\/v2\/categories?post=18951"},{"taxonomy":"post_tag","embeddable":true,"href":"https:\/\/www.copealcoy.es\/es\/wp-json\/wp\/v2\/tags?post=18951"}],"curies":[{"name":"wp","href":"https:\/\/api.w.org\/{rel}","templated":true}]}}