{"id":18933,"date":"2016-02-15T15:50:54","date_gmt":"2016-02-15T15:50:54","guid":{"rendered":"http:\/\/copealcoi.es\/new\/?p=18933"},"modified":"2016-02-15T15:57:31","modified_gmt":"2016-02-15T15:57:31","slug":"avanza-el-proceso-para-la-reurbanizacion-de-entenza","status":"publish","type":"post","link":"https:\/\/www.copealcoy.es\/es\/avanza-el-proceso-para-la-reurbanizacion-de-entenza\/","title":{"rendered":"Avanza el proceso para la reurbanizaci\u00f3n de Entenza"},"content":{"rendered":"<p style=\"text-align: justify;\">La Junta de Gobierno del Ayuntamiento de Alcoy del pasado viernes aprob\u00f3 la clasificaci\u00f3n de las empresas que optar\u00e1n a la reforma y reurbanizaci\u00f3n de la calle Entenza. El edil de Urbanismo, Manolo Gomicia, ha explicado este lunes en Cope Alcoy que el siguiente paso ser\u00e1 solicitar a la empresa que ha quedado en primer lugar toda la documentaci\u00f3n &#8221; y si toda est\u00e1 correcta se proceder\u00e1 a la adjudicaci\u00f3n de la redacci\u00f3n del proyecto de reforma&#8221;, explica. En este sentido Gomicia conf\u00eda en que los plazos se cumpla con el fin de poder iniciar cuanto antes los trabajos &#8220;es muy complicado hablar de fechas en una obra de estas caracter\u00edsticas pero lo que si que est\u00e1 claro es que el proyecto se har\u00e1 seguro y si pudiera empezar a realizarse a finales de a\u00f1o ser\u00eda mejor&#8221;, detalla.<\/p>\n<p style=\"text-align: justify;\">Finalmente el concejal indica que la empresa que ha quedado primera para la redacci\u00f3n del proyecto de Entenza ha hecho una rebaja hasta los 90.000 euros despu\u00e9s de que estos trabajos\u00a0\u00a0junto a la direcci\u00f3n de obra y el estudio de seguridad, partieran de un presupuesto superior a los\u00a0150.000 euros. Recordar tambi\u00e9n que la intervenci\u00f3n, presupuestada en 1\u00b48 millones de euros, permitir\u00e1 que la calle cuente con aceras m\u00e1s grandes, mayor vegetaci\u00f3n y mejoras en la iluminaci\u00f3n as\u00ed como en el pavimento. Tambi\u00e9n est\u00e1 previsto aplicar varias medidas para regular el tr\u00e1fico.<\/p>\n<p style=\"text-align: justify;\">\n","protected":false},"excerpt":{"rendered":"<p>La Junta de Gobierno del Ayuntamiento de Alcoy del pasado viernes aprob\u00f3 la clasificaci\u00f3n de las empresas que optar\u00e1n a&#8230;<\/p>\n","protected":false},"author":1,"featured_media":9751,"comment_status":"open","ping_status":"open","sticky":false,"template":"","format":"standard","meta":{"footnotes":""},"categories":[97,75,125],"tags":[1494,1870,1871,145],"class_list":["post-18933","post","type-post","status-publish","format-standard","has-post-thumbnail","hentry","category-alcoy","category-noticias","category-portada","tag-alcoy","tag-calle-entenza","tag-manolo-gomicia","tag-obras"],"yoast_head":"<!-- This site is optimized with the Yoast SEO plugin v27.3 - https:\/\/yoast.com\/product\/yoast-seo-wordpress\/ -->\n<title>Avanza el proceso para la reurbanizaci\u00f3n de Entenza - COPE Alcoy<\/title>\n<meta name=\"robots\" content=\"index, follow, max-snippet:-1, max-image-preview:large, max-video-preview:-1\" \/>\n<link rel=\"canonical\" href=\"https:\/\/www.copealcoy.es\/es\/avanza-el-proceso-para-la-reurbanizacion-de-entenza\/\" \/>\n<meta property=\"og:locale\" content=\"es_ES\" \/>\n<meta property=\"og:type\" content=\"article\" \/>\n<meta property=\"og:title\" content=\"Avanza el proceso para la reurbanizaci\u00f3n de Entenza - COPE Alcoy\" \/>\n<meta property=\"og:description\" content=\"La Junta de Gobierno del Ayuntamiento de Alcoy del pasado viernes aprob\u00f3 la clasificaci\u00f3n de las empresas que optar\u00e1n a...\" \/>\n<meta property=\"og:url\" content=\"https:\/\/www.copealcoy.es\/es\/avanza-el-proceso-para-la-reurbanizacion-de-entenza\/\" \/>\n<meta property=\"og:site_name\" content=\"COPE Alcoy\" \/>\n<meta property=\"article:published_time\" content=\"2016-02-15T15:50:54+00:00\" \/>\n<meta property=\"article:modified_time\" content=\"2016-02-15T15:57:31+00:00\" \/>\n<meta property=\"og:image\" content=\"https:\/\/www.copealcoy.es\/wp-content\/uploads\/2015\/01\/image70.jpg\" \/>\n\t<meta property=\"og:image:width\" content=\"2592\" \/>\n\t<meta property=\"og:image:height\" content=\"1944\" \/>\n\t<meta property=\"og:image:type\" content=\"image\/jpeg\" \/>\n<meta name=\"author\" content=\"Cope Alcoy\" \/>\n<meta name=\"twitter:label1\" content=\"Escrito por\" \/>\n\t<meta name=\"twitter:data1\" content=\"Cope Alcoy\" \/>\n\t<meta name=\"twitter:label2\" content=\"Tiempo de lectura\" \/>\n\t<meta name=\"twitter:data2\" content=\"1 minuto\" \/>\n<script type=\"application\/ld+json\" class=\"yoast-schema-graph\">{\"@context\":\"https:\\\/\\\/schema.org\",\"@graph\":[{\"@type\":\"Article\",\"@id\":\"https:\\\/\\\/www.copealcoy.es\\\/es\\\/avanza-el-proceso-para-la-reurbanizacion-de-entenza\\\/#article\",\"isPartOf\":{\"@id\":\"https:\\\/\\\/www.copealcoy.es\\\/es\\\/avanza-el-proceso-para-la-reurbanizacion-de-entenza\\\/\"},\"author\":{\"name\":\"Cope Alcoy\",\"@id\":\"https:\\\/\\\/www.copealcoy.es\\\/es\\\/#\\\/schema\\\/person\\\/e777c87fa024e57d40170af9df39882c\"},\"headline\":\"Avanza el proceso para la reurbanizaci\u00f3n de Entenza\",\"datePublished\":\"2016-02-15T15:50:54+00:00\",\"dateModified\":\"2016-02-15T15:57:31+00:00\",\"mainEntityOfPage\":{\"@id\":\"https:\\\/\\\/www.copealcoy.es\\\/es\\\/avanza-el-proceso-para-la-reurbanizacion-de-entenza\\\/\"},\"wordCount\":256,\"commentCount\":0,\"image\":{\"@id\":\"https:\\\/\\\/www.copealcoy.es\\\/es\\\/avanza-el-proceso-para-la-reurbanizacion-de-entenza\\\/#primaryimage\"},\"thumbnailUrl\":\"https:\\\/\\\/www.copealcoy.es\\\/wp-content\\\/uploads\\\/2015\\\/01\\\/image70.jpg\",\"keywords\":[\"Alcoy\",\"calle Entenza\",\"Manolo Gomicia\",\"Obras\"],\"articleSection\":[\"Alcoy\",\"Noticias\",\"Portada\"],\"inLanguage\":\"es\"},{\"@type\":\"WebPage\",\"@id\":\"https:\\\/\\\/www.copealcoy.es\\\/es\\\/avanza-el-proceso-para-la-reurbanizacion-de-entenza\\\/\",\"url\":\"https:\\\/\\\/www.copealcoy.es\\\/es\\\/avanza-el-proceso-para-la-reurbanizacion-de-entenza\\\/\",\"name\":\"Avanza el proceso para la reurbanizaci\u00f3n de Entenza - COPE Alcoy\",\"isPartOf\":{\"@id\":\"https:\\\/\\\/www.copealcoy.es\\\/es\\\/#website\"},\"primaryImageOfPage\":{\"@id\":\"https:\\\/\\\/www.copealcoy.es\\\/es\\\/avanza-el-proceso-para-la-reurbanizacion-de-entenza\\\/#primaryimage\"},\"image\":{\"@id\":\"https:\\\/\\\/www.copealcoy.es\\\/es\\\/avanza-el-proceso-para-la-reurbanizacion-de-entenza\\\/#primaryimage\"},\"thumbnailUrl\":\"https:\\\/\\\/www.copealcoy.es\\\/wp-content\\\/uploads\\\/2015\\\/01\\\/image70.jpg\",\"datePublished\":\"2016-02-15T15:50:54+00:00\",\"dateModified\":\"2016-02-15T15:57:31+00:00\",\"author\":{\"@id\":\"https:\\\/\\\/www.copealcoy.es\\\/es\\\/#\\\/schema\\\/person\\\/e777c87fa024e57d40170af9df39882c\"},\"breadcrumb\":{\"@id\":\"https:\\\/\\\/www.copealcoy.es\\\/es\\\/avanza-el-proceso-para-la-reurbanizacion-de-entenza\\\/#breadcrumb\"},\"inLanguage\":\"es\",\"potentialAction\":[{\"@type\":\"ReadAction\",\"target\":[\"https:\\\/\\\/www.copealcoy.es\\\/es\\\/avanza-el-proceso-para-la-reurbanizacion-de-entenza\\\/\"]}]},{\"@type\":\"ImageObject\",\"inLanguage\":\"es\",\"@id\":\"https:\\\/\\\/www.copealcoy.es\\\/es\\\/avanza-el-proceso-para-la-reurbanizacion-de-entenza\\\/#primaryimage\",\"url\":\"https:\\\/\\\/www.copealcoy.es\\\/wp-content\\\/uploads\\\/2015\\\/01\\\/image70.jpg\",\"contentUrl\":\"https:\\\/\\\/www.copealcoy.es\\\/wp-content\\\/uploads\\\/2015\\\/01\\\/image70.jpg\",\"width\":1440,\"height\":1080,\"caption\":\"Uno de los tramos de la calle Entenza que sufrir\u00e1 la esperada remodelaci\u00f3n\"},{\"@type\":\"BreadcrumbList\",\"@id\":\"https:\\\/\\\/www.copealcoy.es\\\/es\\\/avanza-el-proceso-para-la-reurbanizacion-de-entenza\\\/#breadcrumb\",\"itemListElement\":[{\"@type\":\"ListItem\",\"position\":1,\"name\":\"Portada\",\"item\":\"https:\\\/\\\/www.copealcoy.es\\\/es\\\/\"},{\"@type\":\"ListItem\",\"position\":2,\"name\":\"Avanza el proceso para la reurbanizaci\u00f3n de Entenza\"}]},{\"@type\":\"WebSite\",\"@id\":\"https:\\\/\\\/www.copealcoy.es\\\/es\\\/#website\",\"url\":\"https:\\\/\\\/www.copealcoy.es\\\/es\\\/\",\"name\":\"COPE Alcoy\",\"description\":\"Emisora COPE de radio local con emisi\u00f3n online. Pont de Sant Jordi 8-10 03803 Alcoy\",\"potentialAction\":[{\"@type\":\"SearchAction\",\"target\":{\"@type\":\"EntryPoint\",\"urlTemplate\":\"https:\\\/\\\/www.copealcoy.es\\\/es\\\/?s={search_term_string}\"},\"query-input\":{\"@type\":\"PropertyValueSpecification\",\"valueRequired\":true,\"valueName\":\"search_term_string\"}}],\"inLanguage\":\"es\"},{\"@type\":\"Person\",\"@id\":\"https:\\\/\\\/www.copealcoy.es\\\/es\\\/#\\\/schema\\\/person\\\/e777c87fa024e57d40170af9df39882c\",\"name\":\"Cope Alcoy\",\"image\":{\"@type\":\"ImageObject\",\"inLanguage\":\"es\",\"@id\":\"https:\\\/\\\/secure.gravatar.com\\\/avatar\\\/bb65d0283347e303893ba14f0692005417c1e0e690a325a4c5d8bb2b3943ee14?s=96&d=mm&r=g\",\"url\":\"https:\\\/\\\/secure.gravatar.com\\\/avatar\\\/bb65d0283347e303893ba14f0692005417c1e0e690a325a4c5d8bb2b3943ee14?s=96&d=mm&r=g\",\"contentUrl\":\"https:\\\/\\\/secure.gravatar.com\\\/avatar\\\/bb65d0283347e303893ba14f0692005417c1e0e690a325a4c5d8bb2b3943ee14?s=96&d=mm&r=g\",\"caption\":\"Cope Alcoy\"}}]}<\/script>\n<!-- \/ Yoast SEO plugin. -->","yoast_head_json":{"title":"Avanza el proceso para la reurbanizaci\u00f3n de Entenza - COPE Alcoy","robots":{"index":"index","follow":"follow","max-snippet":"max-snippet:-1","max-image-preview":"max-image-preview:large","max-video-preview":"max-video-preview:-1"},"canonical":"https:\/\/www.copealcoy.es\/es\/avanza-el-proceso-para-la-reurbanizacion-de-entenza\/","og_locale":"es_ES","og_type":"article","og_title":"Avanza el proceso para la reurbanizaci\u00f3n de Entenza - COPE Alcoy","og_description":"La Junta de Gobierno del Ayuntamiento de Alcoy del pasado viernes aprob\u00f3 la clasificaci\u00f3n de las empresas que optar\u00e1n a...","og_url":"https:\/\/www.copealcoy.es\/es\/avanza-el-proceso-para-la-reurbanizacion-de-entenza\/","og_site_name":"COPE Alcoy","article_published_time":"2016-02-15T15:50:54+00:00","article_modified_time":"2016-02-15T15:57:31+00:00","og_image":[{"width":2592,"height":1944,"url":"https:\/\/www.copealcoy.es\/wp-content\/uploads\/2015\/01\/image70.jpg","type":"image\/jpeg"}],"author":"Cope Alcoy","twitter_misc":{"Escrito por":"Cope Alcoy","Tiempo de lectura":"1 minuto"},"schema":{"@context":"https:\/\/schema.org","@graph":[{"@type":"Article","@id":"https:\/\/www.copealcoy.es\/es\/avanza-el-proceso-para-la-reurbanizacion-de-entenza\/#article","isPartOf":{"@id":"https:\/\/www.copealcoy.es\/es\/avanza-el-proceso-para-la-reurbanizacion-de-entenza\/"},"author":{"name":"Cope Alcoy","@id":"https:\/\/www.copealcoy.es\/es\/#\/schema\/person\/e777c87fa024e57d40170af9df39882c"},"headline":"Avanza el proceso para la reurbanizaci\u00f3n de Entenza","datePublished":"2016-02-15T15:50:54+00:00","dateModified":"2016-02-15T15:57:31+00:00","mainEntityOfPage":{"@id":"https:\/\/www.copealcoy.es\/es\/avanza-el-proceso-para-la-reurbanizacion-de-entenza\/"},"wordCount":256,"commentCount":0,"image":{"@id":"https:\/\/www.copealcoy.es\/es\/avanza-el-proceso-para-la-reurbanizacion-de-entenza\/#primaryimage"},"thumbnailUrl":"https:\/\/www.copealcoy.es\/wp-content\/uploads\/2015\/01\/image70.jpg","keywords":["Alcoy","calle Entenza","Manolo Gomicia","Obras"],"articleSection":["Alcoy","Noticias","Portada"],"inLanguage":"es"},{"@type":"WebPage","@id":"https:\/\/www.copealcoy.es\/es\/avanza-el-proceso-para-la-reurbanizacion-de-entenza\/","url":"https:\/\/www.copealcoy.es\/es\/avanza-el-proceso-para-la-reurbanizacion-de-entenza\/","name":"Avanza el proceso para la reurbanizaci\u00f3n de Entenza - COPE Alcoy","isPartOf":{"@id":"https:\/\/www.copealcoy.es\/es\/#website"},"primaryImageOfPage":{"@id":"https:\/\/www.copealcoy.es\/es\/avanza-el-proceso-para-la-reurbanizacion-de-entenza\/#primaryimage"},"image":{"@id":"https:\/\/www.copealcoy.es\/es\/avanza-el-proceso-para-la-reurbanizacion-de-entenza\/#primaryimage"},"thumbnailUrl":"https:\/\/www.copealcoy.es\/wp-content\/uploads\/2015\/01\/image70.jpg","datePublished":"2016-02-15T15:50:54+00:00","dateModified":"2016-02-15T15:57:31+00:00","author":{"@id":"https:\/\/www.copealcoy.es\/es\/#\/schema\/person\/e777c87fa024e57d40170af9df39882c"},"breadcrumb":{"@id":"https:\/\/www.copealcoy.es\/es\/avanza-el-proceso-para-la-reurbanizacion-de-entenza\/#breadcrumb"},"inLanguage":"es","potentialAction":[{"@type":"ReadAction","target":["https:\/\/www.copealcoy.es\/es\/avanza-el-proceso-para-la-reurbanizacion-de-entenza\/"]}]},{"@type":"ImageObject","inLanguage":"es","@id":"https:\/\/www.copealcoy.es\/es\/avanza-el-proceso-para-la-reurbanizacion-de-entenza\/#primaryimage","url":"https:\/\/www.copealcoy.es\/wp-content\/uploads\/2015\/01\/image70.jpg","contentUrl":"https:\/\/www.copealcoy.es\/wp-content\/uploads\/2015\/01\/image70.jpg","width":1440,"height":1080,"caption":"Uno de los tramos de la calle Entenza que sufrir\u00e1 la esperada remodelaci\u00f3n"},{"@type":"BreadcrumbList","@id":"https:\/\/www.copealcoy.es\/es\/avanza-el-proceso-para-la-reurbanizacion-de-entenza\/#breadcrumb","itemListElement":[{"@type":"ListItem","position":1,"name":"Portada","item":"https:\/\/www.copealcoy.es\/es\/"},{"@type":"ListItem","position":2,"name":"Avanza el proceso para la reurbanizaci\u00f3n de Entenza"}]},{"@type":"WebSite","@id":"https:\/\/www.copealcoy.es\/es\/#website","url":"https:\/\/www.copealcoy.es\/es\/","name":"COPE Alcoy","description":"Emisora COPE de radio local con emisi\u00f3n online. Pont de Sant Jordi 8-10 03803 Alcoy","potentialAction":[{"@type":"SearchAction","target":{"@type":"EntryPoint","urlTemplate":"https:\/\/www.copealcoy.es\/es\/?s={search_term_string}"},"query-input":{"@type":"PropertyValueSpecification","valueRequired":true,"valueName":"search_term_string"}}],"inLanguage":"es"},{"@type":"Person","@id":"https:\/\/www.copealcoy.es\/es\/#\/schema\/person\/e777c87fa024e57d40170af9df39882c","name":"Cope Alcoy","image":{"@type":"ImageObject","inLanguage":"es","@id":"https:\/\/secure.gravatar.com\/avatar\/bb65d0283347e303893ba14f0692005417c1e0e690a325a4c5d8bb2b3943ee14?s=96&d=mm&r=g","url":"https:\/\/secure.gravatar.com\/avatar\/bb65d0283347e303893ba14f0692005417c1e0e690a325a4c5d8bb2b3943ee14?s=96&d=mm&r=g","contentUrl":"https:\/\/secure.gravatar.com\/avatar\/bb65d0283347e303893ba14f0692005417c1e0e690a325a4c5d8bb2b3943ee14?s=96&d=mm&r=g","caption":"Cope Alcoy"}}]}},"_links":{"self":[{"href":"https:\/\/www.copealcoy.es\/es\/wp-json\/wp\/v2\/posts\/18933","targetHints":{"allow":["GET"]}}],"collection":[{"href":"https:\/\/www.copealcoy.es\/es\/wp-json\/wp\/v2\/posts"}],"about":[{"href":"https:\/\/www.copealcoy.es\/es\/wp-json\/wp\/v2\/types\/post"}],"author":[{"embeddable":true,"href":"https:\/\/www.copealcoy.es\/es\/wp-json\/wp\/v2\/users\/1"}],"replies":[{"embeddable":true,"href":"https:\/\/www.copealcoy.es\/es\/wp-json\/wp\/v2\/comments?post=18933"}],"version-history":[{"count":0,"href":"https:\/\/www.copealcoy.es\/es\/wp-json\/wp\/v2\/posts\/18933\/revisions"}],"wp:featuredmedia":[{"embeddable":true,"href":"https:\/\/www.copealcoy.es\/es\/wp-json\/wp\/v2\/media\/9751"}],"wp:attachment":[{"href":"https:\/\/www.copealcoy.es\/es\/wp-json\/wp\/v2\/media?parent=18933"}],"wp:term":[{"taxonomy":"category","embeddable":true,"href":"https:\/\/www.copealcoy.es\/es\/wp-json\/wp\/v2\/categories?post=18933"},{"taxonomy":"post_tag","embeddable":true,"href":"https:\/\/www.copealcoy.es\/es\/wp-json\/wp\/v2\/tags?post=18933"}],"curies":[{"name":"wp","href":"https:\/\/api.w.org\/{rel}","templated":true}]}}